{"id":182680,"date":"2026-01-29T06:05:00","date_gmt":"2026-01-29T09:05:00","guid":{"rendered":"https:\/\/www.correiobraziliense.com.br\/cbradar\/?p=182680"},"modified":"2026-01-27T09:50:41","modified_gmt":"2026-01-27T12:50:41","slug":"o-erro-diario-que-enfraquece-as-unhas-sem-perceber","status":"publish","type":"post","link":"https:\/\/www.correiobraziliense.com.br\/cbradar\/o-erro-diario-que-enfraquece-as-unhas-sem-perceber\/","title":{"rendered":"O erro di\u00e1rio que enfraquece as unhas sem perceber"},"content":{"rendered":"\n<p>As <strong>Unhas Fr\u00e1geis<\/strong> e quebradi\u00e7as representam uma preocupa\u00e7\u00e3o comum para muitas pessoas, podendo ser causadas por uma variedade de fatores. O contato excessivo com produtos qu\u00edmicos, como detergentes e removedores de esmalte \u00e0 base de acetona, pode causar ressecamento e fragilidade das unhas. Al\u00e9m disso, o h\u00e1bito de roer unhas contribui significativamente para esse problema, causando microtraumas e elevando o risco de infec\u00e7\u00f5es.<\/p>\n\n\n\n<p>A fragilidade das unhas tamb\u00e9m pode ser um indicador de problemas de sa\u00fade subjacentes. Defici\u00eancias nutricionais, como a falta de ferro, \u00e1cido f\u00f3lico e vitaminas A, B12 ou C, podem enfraquec\u00ea-las, assim como condi\u00e7\u00f5es m\u00e9dicas, como anemia e dist\u00farbios da tireoide, que afetam diretamente a circula\u00e7\u00e3o e o fornecimento de nutrientes essenciais ao corpo.<\/p>\n\n\n\n<h2 class=\"wp-block-heading\">Como o Estado Nutricional Afeta as Unhas?<\/h2>\n\n\n\n<p>Defici\u00eancias nutricionais desempenham um papel crucial na sa\u00fade das unhas. Nutrientes como ferro, \u00e1cido f\u00f3lico e v\u00e1rias vitaminas s\u00e3o fundamentais na s\u00edntese de queratina, a prote\u00edna que comp\u00f5e a estrutura das unhas. Dietas pobres em alimentos ricos em nutrientes, como carnes e ovos, ou pr\u00e1ticas como cirurgias bari\u00e1tricas, podem levar a uma defici\u00eancia nutricional severa.<\/p>\n\n\n\n<p>Consultas a m\u00e9dicos e nutricionistas s\u00e3o importantes para diagnosticar e corrigir essas defici\u00eancias. Um plano alimentar ajustado com base em exames de sangue pode ajudar a reverter os efeitos negativos nas unhas.<\/p>\n\n\n<div class=\"wp-block-image\">\n<figure class=\"aligncenter size-large\"><img decoding=\"async\" width=\"1024\" height=\"576\" src=\"https:\/\/www.correiobraziliense.com.br\/cbradar\/wp-content\/uploads\/2026\/01\/Unhas-Frageis_1769518184874-1024x576.jpg\" alt=\"\" class=\"wp-image-182682\" srcset=\"https:\/\/www.correiobraziliense.com.br\/cbradar\/wp-content\/uploads\/2026\/01\/Unhas-Frageis_1769518184874-1024x576.jpg 1024w, https:\/\/www.correiobraziliense.com.br\/cbradar\/wp-content\/uploads\/2026\/01\/Unhas-Frageis_1769518184874-300x169.jpg 300w, https:\/\/www.correiobraziliense.com.br\/cbradar\/wp-content\/uploads\/2026\/01\/Unhas-Frageis_1769518184874-768x432.jpg 768w, https:\/\/www.correiobraziliense.com.br\/cbradar\/wp-content\/uploads\/2026\/01\/Unhas-Frageis_1769518184874-750x422.jpg 750w, https:\/\/www.correiobraziliense.com.br\/cbradar\/wp-content\/uploads\/2026\/01\/Unhas-Frageis_1769518184874-1140x641.jpg 1140w, https:\/\/www.correiobraziliense.com.br\/cbradar\/wp-content\/uploads\/2026\/01\/Unhas-Frageis_1769518184874.jpg 1280w\" sizes=\"(max-width: 1024px) 100vw, 1024px\" \/><figcaption class=\"wp-element-caption\">Unhas Fr\u00e1geis &#8211; Cr\u00e9ditos: depositphotos.com \/ Magryt_Artur<\/figcaption><\/figure><\/div>\n\n\n<h2 class=\"wp-block-heading\">Quais Outras Condi\u00e7\u00f5es de Sa\u00fade Influenciam as Unhas?<\/h2>\n\n\n\n<p>A anemia \u00e9 frequentemente vinculada \u00e0 fragilidade das unhas devido \u00e0 redu\u00e7\u00e3o da hemoglobina e, consequentemente, do oxig\u00eanio nos tecidos corporais. Os sintomas de anemia incluem fadiga, palidez e fraqueza. Al\u00e9m disso, problemas na tireoide, como hipotireoidismo e hipertireoidismo, afetam diretamente o metabolismo e a nutri\u00e7\u00e3o das unhas. No hipotireoidismo, o metabolismo lento reduz a absor\u00e7\u00e3o de nutrientes, enquanto o hipertireoidismo acelera o crescimento das unhas, mas de forma fr\u00e1gil.<\/p>\n\n\n\n<p>Infec\u00e7\u00f5es f\u00fangicas e bacterianas tamb\u00e9m alteram a sa\u00fade das unhas, requerendo medicamentos t\u00f3picos espec\u00edficos, geralmente prescritos por dermatologistas. A exposi\u00e7\u00e3o ao frio intenso ou a problemas circulat\u00f3rios, como a s\u00edndrome de Raynaud, pode levar a uma menor oxigena\u00e7\u00e3o das extremidades, corroborando para o enfraquecimento das unhas.<\/p>\n\n\n\n<h2 class=\"wp-block-heading\">Como Manter as Unhas Saud\u00e1veis?<\/h2>\n\n\n\n<p>Para evitar fragilidades, \u00e9 essencial adotar cuidados adequados. Proteger as m\u00e3os com luvas ao usar produtos qu\u00edmicos dom\u00e9sticos e preferir removedores de esmalte sem acetona s\u00e3o medidas preventivas valiosas. Manter um dieta equilibrada, rica em ferro, prote\u00ednas e vitaminas, apoia a sa\u00fade geral e, especificamente, das unhas. Al\u00e9m disso, evitar h\u00e1bitos como roer unhas e retirar cut\u00edculas profundamente preserva a integridade das unhas.<\/p>\n\n\n\n<p>A manuten\u00e7\u00e3o frequente em manicures, especialmente para usu\u00e1rias de unhas em gel, \u00e9 fundamental. Esses servi\u00e7os profissionais garantem que a remo\u00e7\u00e3o e aplica\u00e7\u00e3o de produtos n\u00e3o danifiquem a unha natural. Em casa, manter cut\u00edculas e unhas hidratadas com cremes espec\u00edficos e uma rigorosa higiene contribui significativamente para a sua <a href=\"https:\/\/www.correiobraziliense.com.br\/cbradar\/a-proteina-vegetal-que-pode-desafiar-o-whey-protein\/\" target=\"_blank\" rel=\"noreferrer noopener\">sa\u00fade<\/a>.<\/p>\n\n\n\n<h2 class=\"wp-block-heading\">Cuidando das Unhas com Produtos Naturais<\/h2>\n\n\n\n<p>Hidrata\u00e7\u00e3o cont\u00ednua \u00e9 crucial, especialmente ap\u00f3s o contato com \u00e1gua e produtos de limpeza. \u00d3leo de semente de uva, por exemplo, tem sido recomendado para hidratar e fortalecer as unhas naturalmente. Beber \u00e1gua em quantidade adequada di\u00e1ria \u00e9 outra forma de assegurar uma boa hidrata\u00e7\u00e3o e, consequentemente, a sa\u00fade das unhas. Finalmente, utilizar bases fortalecedoras ajuda a proteger as unhas e proporcionar um tratamento cont\u00ednuo.<\/p>\n\n\n\n<p>Portanto, um cuidado especial com a alimenta\u00e7\u00e3o e uma rotina de cuidados pessoais podem prevenir muitos dos problemas relacionados \u00e0s Unhas Fr\u00e1geis, promovendo n\u00e3o apenas a beleza, mas tamb\u00e9m a sa\u00fade das unhas ao longo do tempo.<\/p>\n\n\n<a href=\"https:\/\/www.instagram.com\/dra.annaluisabf\/\" target=\"_blank\" rel=\"noopener\" style=\"text-decoration: none; color: inherit;\">\n    <span style=\"display: inline-block; border: 1px solid #ccc; border-radius: 10px; padding: 15px; max-width: 550px; font-family: sans-serif; box-shadow: 0 2px 5px rgba(0,0,0,0.1); width: 100%;\">\n\n      <!-- T\u00edtulo -->\n      <span style=\"display: block; margin: 0 0 15px 0; font-weight: bold; color: #2c3e50; text-align: center;\">\n        Entre em contato:\n      <\/span>\n\n      <!-- Linha do perfil -->\n      <span style=\"display: flex; align-items: center; gap: 15px;\">\n        <img decoding=\"async\"\n          src=\"https:\/\/www.correiobraziliense.com.br\/cbradar\/wp-content\/uploads\/2025\/08\/dra_anna_luisa.jpeg\"\n          alt=\"Foto da Dra. Anna Lu\u00edsa\"\n          style=\"border-radius: 50%; width: 80px; height: 80px; object-fit: cover;\"\n        \/>\n        <span style=\"display: flex; flex-direction: column;\">\n          <span style=\"font-size: 18px; font-weight: 700; color: #2c3e50;\">Dra. Anna Lu\u00edsa Barbosa Fernandes<\/span>\n          <span style=\"color: #555;\">CRM-GO 33.271<\/span>\n        <\/span>\n      <\/span>\n\n      <!-- Redes -->\n      <span style=\"display: flex; align-items: center; gap: 10px; margin-top: 12px;\">\n        <img decoding=\"async\" src=\"https:\/\/cdn-icons-png.flaticon.com\/24\/1384\/1384063.png\" alt=\"Instagram\" width=\"24\" height=\"24\" \/>\n        <span style=\"text-decoration: underline; color: #2c3e50;\">@dra.annaluisabf<\/span>\n      <\/span>\n\n    <\/span>\n  <\/a>","protected":false},"excerpt":{"rendered":"<p>As Unhas Fr\u00e1geis e quebradi\u00e7as representam uma preocupa\u00e7\u00e3o comum para muitas pessoas, podendo ser causadas por uma variedade de fatores. O contato excessivo com produtos qu\u00edmicos, como detergentes e removedores de esmalte \u00e0 base de acetona, pode causar ressecamento e fragilidade das unhas. Al\u00e9m disso, o h\u00e1bito de roer unhas contribui significativamente para esse problema, [&hellip;]<\/p>\n","protected":false},"author":14,"featured_media":182681,"comment_status":"open","ping_status":"open","sticky":false,"template":"","format":"standard","meta":{"_yoast_wpseo_focuskw":"Unhas Fr\u00e1geis","_yoast_wpseo_title":"","_yoast_wpseo_metadesc":"As unhas fr\u00e1geis v\u00e3o al\u00e9m da est\u00e9tica e podem indicar defici\u00eancias nutricionais. Saiba como cuidar corretamente.","jnews-multi-image_gallery":[],"jnews_single_post":{"format":"standard"},"jnews_primary_category":[],"jnews_social_meta":[],"jnews_override_counter":[],"footnotes":""},"categories":[4404],"tags":[120,247,507],"class_list":["post-182680","post","type-post","status-publish","format-standard","has-post-thumbnail","hentry","category-saude","tag-bem-estar","tag-qualidade-de-vida","tag-unhas"],"yoast_head":"<!-- This site is optimized with the Yoast SEO plugin v24.6 - https:\/\/yoast.com\/wordpress\/plugins\/seo\/ -->\n<title>O erro di\u00e1rio que enfraquece as unhas sem perceber - Correio Braziliense - Radar<\/title>\n<meta name=\"description\" content=\"As unhas fr\u00e1geis v\u00e3o al\u00e9m da est\u00e9tica e podem indicar defici\u00eancias nutricionais. Saiba como cuidar corretamente.\" \/>\n<meta name=\"robots\" content=\"index, follow, max-snippet:-1, max-image-preview:large, max-video-preview:-1\" \/>\n<link rel=\"canonical\" href=\"https:\/\/www.correiobraziliense.com.br\/cbradar\/o-erro-diario-que-enfraquece-as-unhas-sem-perceber\/\" \/>\n<meta property=\"og:locale\" content=\"pt_BR\" \/>\n<meta property=\"og:type\" content=\"article\" \/>\n<meta property=\"og:title\" content=\"O erro di\u00e1rio que enfraquece as unhas sem perceber - Correio Braziliense - Radar\" \/>\n<meta property=\"og:description\" content=\"As unhas fr\u00e1geis v\u00e3o al\u00e9m da est\u00e9tica e podem indicar defici\u00eancias nutricionais. Saiba como cuidar corretamente.\" \/>\n<meta property=\"og:url\" content=\"https:\/\/www.correiobraziliense.com.br\/cbradar\/o-erro-diario-que-enfraquece-as-unhas-sem-perceber\/\" \/>\n<meta property=\"og:site_name\" content=\"Correio Braziliense - Radar\" \/>\n<meta property=\"article:published_time\" content=\"2026-01-29T09:05:00+00:00\" \/>\n<meta property=\"og:image\" content=\"https:\/\/www.correiobraziliense.com.br\/cbradar\/wp-content\/uploads\/2026\/01\/Unhas-Frageis_1769518154937.jpg\" \/>\n\t<meta property=\"og:image:width\" content=\"1280\" \/>\n\t<meta property=\"og:image:height\" content=\"720\" \/>\n\t<meta property=\"og:image:type\" content=\"image\/jpeg\" \/>\n<meta name=\"author\" content=\"guilherme_saude\" \/>\n<meta name=\"twitter:card\" content=\"summary_large_image\" \/>\n<meta name=\"twitter:label1\" content=\"Escrito por\" \/>\n\t<meta name=\"twitter:data1\" content=\"guilherme_saude\" \/>\n\t<meta name=\"twitter:label2\" content=\"Est. tempo de leitura\" \/>\n\t<meta name=\"twitter:data2\" content=\"4 minutos\" \/>\n<!-- \/ Yoast SEO plugin. -->","yoast_head_json":{"title":"O erro di\u00e1rio que enfraquece as unhas sem perceber - Correio Braziliense - Radar","description":"As unhas fr\u00e1geis v\u00e3o al\u00e9m da est\u00e9tica e podem indicar defici\u00eancias nutricionais. Saiba como cuidar corretamente.","robots":{"index":"index","follow":"follow","max-snippet":"max-snippet:-1","max-image-preview":"max-image-preview:large","max-video-preview":"max-video-preview:-1"},"canonical":"https:\/\/www.correiobraziliense.com.br\/cbradar\/o-erro-diario-que-enfraquece-as-unhas-sem-perceber\/","og_locale":"pt_BR","og_type":"article","og_title":"O erro di\u00e1rio que enfraquece as unhas sem perceber - Correio Braziliense - Radar","og_description":"As unhas fr\u00e1geis v\u00e3o al\u00e9m da est\u00e9tica e podem indicar defici\u00eancias nutricionais. Saiba como cuidar corretamente.","og_url":"https:\/\/www.correiobraziliense.com.br\/cbradar\/o-erro-diario-que-enfraquece-as-unhas-sem-perceber\/","og_site_name":"Correio Braziliense - Radar","article_published_time":"2026-01-29T09:05:00+00:00","og_image":[{"width":1280,"height":720,"url":"https:\/\/www.correiobraziliense.com.br\/cbradar\/wp-content\/uploads\/2026\/01\/Unhas-Frageis_1769518154937.jpg","type":"image\/jpeg"}],"author":"guilherme_saude","twitter_card":"summary_large_image","twitter_misc":{"Escrito por":"guilherme_saude","Est. tempo de leitura":"4 minutos"},"schema":{"@context":"https:\/\/schema.org","@graph":[{"@type":"WebPage","@id":"https:\/\/www.correiobraziliense.com.br\/cbradar\/o-erro-diario-que-enfraquece-as-unhas-sem-perceber\/","url":"https:\/\/www.correiobraziliense.com.br\/cbradar\/o-erro-diario-que-enfraquece-as-unhas-sem-perceber\/","name":"O erro di\u00e1rio que enfraquece as unhas sem perceber - Correio Braziliense - Radar","isPartOf":{"@id":"https:\/\/www.correiobraziliense.com.br\/cbradar\/#website"},"primaryImageOfPage":{"@id":"https:\/\/www.correiobraziliense.com.br\/cbradar\/o-erro-diario-que-enfraquece-as-unhas-sem-perceber\/#primaryimage"},"image":{"@id":"https:\/\/www.correiobraziliense.com.br\/cbradar\/o-erro-diario-que-enfraquece-as-unhas-sem-perceber\/#primaryimage"},"thumbnailUrl":"https:\/\/www.correiobraziliense.com.br\/cbradar\/wp-content\/uploads\/2026\/01\/Unhas-Frageis_1769518154937.jpg","datePublished":"2026-01-29T09:05:00+00:00","author":{"@id":"https:\/\/www.correiobraziliense.com.br\/cbradar\/#\/schema\/person\/5aa4bf3c8fa699c267933611de12978b"},"description":"As unhas fr\u00e1geis v\u00e3o al\u00e9m da est\u00e9tica e podem indicar defici\u00eancias nutricionais. Saiba como cuidar corretamente.","breadcrumb":{"@id":"https:\/\/www.correiobraziliense.com.br\/cbradar\/o-erro-diario-que-enfraquece-as-unhas-sem-perceber\/#breadcrumb"},"inLanguage":"pt-BR","potentialAction":[{"@type":"ReadAction","target":["https:\/\/www.correiobraziliense.com.br\/cbradar\/o-erro-diario-que-enfraquece-as-unhas-sem-perceber\/"]}]},{"@type":"ImageObject","inLanguage":"pt-BR","@id":"https:\/\/www.correiobraziliense.com.br\/cbradar\/o-erro-diario-que-enfraquece-as-unhas-sem-perceber\/#primaryimage","url":"https:\/\/www.correiobraziliense.com.br\/cbradar\/wp-content\/uploads\/2026\/01\/Unhas-Frageis_1769518154937.jpg","contentUrl":"https:\/\/www.correiobraziliense.com.br\/cbradar\/wp-content\/uploads\/2026\/01\/Unhas-Frageis_1769518154937.jpg","width":1280,"height":720,"caption":"Unhas Fr\u00e1geis - Cr\u00e9ditos: depositphotos.com \/ FotoPrivet"},{"@type":"BreadcrumbList","@id":"https:\/\/www.correiobraziliense.com.br\/cbradar\/o-erro-diario-que-enfraquece-as-unhas-sem-perceber\/#breadcrumb","itemListElement":[{"@type":"ListItem","position":1,"name":"In\u00edcio","item":"https:\/\/www.correiobraziliense.com.br\/cbradar\/"},{"@type":"ListItem","position":2,"name":"O erro di\u00e1rio que enfraquece as unhas sem perceber"}]},{"@type":"WebSite","@id":"https:\/\/www.correiobraziliense.com.br\/cbradar\/#website","url":"https:\/\/www.correiobraziliense.com.br\/cbradar\/","name":"Correio Braziliense - Radar","description":"Acompanhe as \u00faltimas not\u00edcias e fique bem informado sobre tudo o que acontece no Brasil e no mundo.","potentialAction":[{"@type":"SearchAction","target":{"@type":"EntryPoint","urlTemplate":"https:\/\/www.correiobraziliense.com.br\/cbradar\/?s={search_term_string}"},"query-input":{"@type":"PropertyValueSpecification","valueRequired":true,"valueName":"search_term_string"}}],"inLanguage":"pt-BR"},{"@type":"Person","@id":"https:\/\/www.correiobraziliense.com.br\/cbradar\/#\/schema\/person\/5aa4bf3c8fa699c267933611de12978b","name":"guilherme_saude","image":{"@type":"ImageObject","inLanguage":"pt-BR","@id":"https:\/\/www.correiobraziliense.com.br\/cbradar\/#\/schema\/person\/image\/","url":"https:\/\/secure.gravatar.com\/avatar\/df9adfb835d344bc0af109d41756253f?s=96&d=mm&r=g","contentUrl":"https:\/\/secure.gravatar.com\/avatar\/df9adfb835d344bc0af109d41756253f?s=96&d=mm&r=g","caption":"guilherme_saude"},"url":"https:\/\/www.correiobraziliense.com.br\/cbradar\/author\/guilherme_saude\/"}]}},"_links":{"self":[{"href":"https:\/\/www.correiobraziliense.com.br\/cbradar\/wp-json\/wp\/v2\/posts\/182680","targetHints":{"allow":["GET"]}}],"collection":[{"href":"https:\/\/www.correiobraziliense.com.br\/cbradar\/wp-json\/wp\/v2\/posts"}],"about":[{"href":"https:\/\/www.correiobraziliense.com.br\/cbradar\/wp-json\/wp\/v2\/types\/post"}],"author":[{"embeddable":true,"href":"https:\/\/www.correiobraziliense.com.br\/cbradar\/wp-json\/wp\/v2\/users\/14"}],"replies":[{"embeddable":true,"href":"https:\/\/www.correiobraziliense.com.br\/cbradar\/wp-json\/wp\/v2\/comments?post=182680"}],"version-history":[{"count":1,"href":"https:\/\/www.correiobraziliense.com.br\/cbradar\/wp-json\/wp\/v2\/posts\/182680\/revisions"}],"predecessor-version":[{"id":182683,"href":"https:\/\/www.correiobraziliense.com.br\/cbradar\/wp-json\/wp\/v2\/posts\/182680\/revisions\/182683"}],"wp:featuredmedia":[{"embeddable":true,"href":"https:\/\/www.correiobraziliense.com.br\/cbradar\/wp-json\/wp\/v2\/media\/182681"}],"wp:attachment":[{"href":"https:\/\/www.correiobraziliense.com.br\/cbradar\/wp-json\/wp\/v2\/media?parent=182680"}],"wp:term":[{"taxonomy":"category","embeddable":true,"href":"https:\/\/www.correiobraziliense.com.br\/cbradar\/wp-json\/wp\/v2\/categories?post=182680"},{"taxonomy":"post_tag","embeddable":true,"href":"https:\/\/www.correiobraziliense.com.br\/cbradar\/wp-json\/wp\/v2\/tags?post=182680"}],"curies":[{"name":"wp","href":"https:\/\/api.w.org\/{rel}","templated":true}]}}