{"id":182810,"date":"2026-01-27T16:18:54","date_gmt":"2026-01-27T19:18:54","guid":{"rendered":"https:\/\/www.correiobraziliense.com.br\/cbradar\/?p=182810"},"modified":"2026-01-27T16:20:43","modified_gmt":"2026-01-27T19:20:43","slug":"espanha-abre-portas-na-europa-nova-medida-historica-promete-regularizar-500-mil-migrantes","status":"publish","type":"post","link":"https:\/\/www.correiobraziliense.com.br\/cbradar\/espanha-abre-portas-na-europa-nova-medida-historica-promete-regularizar-500-mil-migrantes\/","title":{"rendered":"Espanha abre portas na Europa: nova medida hist\u00f3rica promete regularizar 500 mil migrantes"},"content":{"rendered":"\n<p>A Espanha acaba de sinalizar uma das maiores oportunidades da d\u00e9cada para estrangeiros que buscam estabilidade jur\u00eddica e qualidade de vida na Europa, com o an\u00fancio de um novo decreto que visa regularizar cerca de meio milh\u00e3o de pessoas que hoje vivem sem documenta\u00e7\u00e3o no pa\u00eds. Essa medida representa um avan\u00e7o significativo para a comunidade internacional residente em territ\u00f3rio espanhol, oferecendo um caminho claro para a obten\u00e7\u00e3o de resid\u00eancia legal e direitos trabalhistas plenos, em um movimento que contrasta com as pol\u00edticas restritivas de outras na\u00e7\u00f5es do continente.<\/p>\n\n\n\n<h2 class=\"wp-block-heading\">Como funcionar\u00e1 o novo processo de regulariza\u00e7\u00e3o?<\/h2>\n\n\n\n<p>O governo sediado em Madrid oficializou a inten\u00e7\u00e3o de implementar um decreto que simplifica a burocracia para quem j\u00e1 se encontra no pa\u00eds. A proposta visa integrar trabalhadores \u00e0 economia formal de maneira \u00e1gil.<\/p>\n\n\n\n<p>Fontes oficiais indicam que o gabinete poder\u00e1 colocar a medida em pr\u00e1tica em poucas semanas. A grande vantagem deste formato \u00e9 que ele dispensa a necessidade de uma longa aprova\u00e7\u00e3o parlamentar inicial.<\/p>\n\n\n<div class=\"wp-block-image\">\n<figure class=\"aligncenter size-large\"><img decoding=\"async\" width=\"1024\" height=\"585\" src=\"https:\/\/www.correiobraziliense.com.br\/cbradar\/wp-content\/uploads\/2026\/01\/freepik__famlia-estrangeira-caminhando-por-uma-rua-urbana-o__89715-1024x585.png\" alt=\"Espanha abre portas na Europa: nova medida hist\u00f3rica promete regularizar 500 mil migrantes\" class=\"wp-image-182816\" srcset=\"https:\/\/www.correiobraziliense.com.br\/cbradar\/wp-content\/uploads\/2026\/01\/freepik__famlia-estrangeira-caminhando-por-uma-rua-urbana-o__89715-1024x585.png 1024w, https:\/\/www.correiobraziliense.com.br\/cbradar\/wp-content\/uploads\/2026\/01\/freepik__famlia-estrangeira-caminhando-por-uma-rua-urbana-o__89715-300x171.png 300w, https:\/\/www.correiobraziliense.com.br\/cbradar\/wp-content\/uploads\/2026\/01\/freepik__famlia-estrangeira-caminhando-por-uma-rua-urbana-o__89715-768x439.png 768w, https:\/\/www.correiobraziliense.com.br\/cbradar\/wp-content\/uploads\/2026\/01\/freepik__famlia-estrangeira-caminhando-por-uma-rua-urbana-o__89715-750x428.png 750w, https:\/\/www.correiobraziliense.com.br\/cbradar\/wp-content\/uploads\/2026\/01\/freepik__famlia-estrangeira-caminhando-por-uma-rua-urbana-o__89715-1140x651.png 1140w, https:\/\/www.correiobraziliense.com.br\/cbradar\/wp-content\/uploads\/2026\/01\/freepik__famlia-estrangeira-caminhando-por-uma-rua-urbana-o__89715.png 1280w\" sizes=\"(max-width: 1024px) 100vw, 1024px\" \/><figcaption class=\"wp-element-caption\">Fontes oficiais indicam que o gabinete poder\u00e1 colocar a medida em pr\u00e1tica em poucas semanas<\/figcaption><\/figure><\/div>\n\n\n<h2 class=\"wp-block-heading\">Quais s\u00e3o os crit\u00e9rios essenciais para obter a documenta\u00e7\u00e3o?<\/h2>\n\n\n\n<p>Para os brasileiros e demais estrangeiros que aguardam uma chance de legaliza\u00e7\u00e3o, \u00e9 fundamental compreender as exig\u00eancias estipuladas pelo Minist\u00e9rio da Migra\u00e7\u00e3o. O foco est\u00e1 naqueles que j\u00e1 criaram v\u00ednculos com a Espanha.<\/p>\n\n\n\n<p>O texto base do decreto estabelece condi\u00e7\u00f5es espec\u00edficas de tempo de perman\u00eancia e conduta social para que o solicitante seja eleg\u00edvel ao benef\u00edcio. Os principais requisitos incluem:<\/p>\n\n\n\n<ul class=\"wp-block-list\">\n<li>Comprova\u00e7\u00e3o de resid\u00eancia no pa\u00eds por pelo menos cinco meses at\u00e9 o final de 2025.<\/li>\n\n\n\n<li>Aus\u00eancia total de registro criminal, garantindo a idoneidade do solicitante.<\/li>\n\n\n\n<li>Status de solicitante de asilo realizado at\u00e9 o final deste ano vigente.<\/li>\n<\/ul>\n\n\n\n<h2 class=\"wp-block-heading\">Qual \u00e9 o caminho para a cidadania definitiva?<\/h2>\n\n\n\n<p>A concess\u00e3o da autoriza\u00e7\u00e3o de resid\u00eancia \u00e9 apenas o primeiro passo de uma jornada que pode levar ao passaporte europeu. O benef\u00edcio inicial ter\u00e1 validade de um ano, sendo totalmente renov\u00e1vel.<\/p>\n\n\n\n<p>Para crian\u00e7as, a situa\u00e7\u00e3o \u00e9 ainda mais favor\u00e1vel, com documentos v\u00e1lidos por cinco anos. O objetivo \u00e9 garantir a estabilidade das fam\u00edlias que escolheram a na\u00e7\u00e3o ib\u00e9rica para criar seus filhos.<\/p>\n\n\n\n<p>Ap\u00f3s dez anos de resid\u00eancia legal, o migrante pode solicitar a cidadania. Vale lembrar que, conforme a legisla\u00e7\u00e3o vigente e o texto do decreto, cidad\u00e3os latino-americanos possuem prazos diferenciados e mais r\u00e1pidos para essa conquista.<\/p>\n\n\n<div class=\"wp-block-image\">\n<figure class=\"aligncenter size-large\"><img decoding=\"async\" width=\"1024\" height=\"585\" src=\"https:\/\/www.correiobraziliense.com.br\/cbradar\/wp-content\/uploads\/2026\/01\/freepik__pessoa-estrangeira-adulta-segurando-documento-de-r__89717-1024x585.png\" alt=\"Espanha abre portas na Europa: nova medida hist\u00f3rica promete regularizar 500 mil migrantes\" class=\"wp-image-182817\" srcset=\"https:\/\/www.correiobraziliense.com.br\/cbradar\/wp-content\/uploads\/2026\/01\/freepik__pessoa-estrangeira-adulta-segurando-documento-de-r__89717-1024x585.png 1024w, https:\/\/www.correiobraziliense.com.br\/cbradar\/wp-content\/uploads\/2026\/01\/freepik__pessoa-estrangeira-adulta-segurando-documento-de-r__89717-300x171.png 300w, https:\/\/www.correiobraziliense.com.br\/cbradar\/wp-content\/uploads\/2026\/01\/freepik__pessoa-estrangeira-adulta-segurando-documento-de-r__89717-768x439.png 768w, https:\/\/www.correiobraziliense.com.br\/cbradar\/wp-content\/uploads\/2026\/01\/freepik__pessoa-estrangeira-adulta-segurando-documento-de-r__89717-750x428.png 750w, https:\/\/www.correiobraziliense.com.br\/cbradar\/wp-content\/uploads\/2026\/01\/freepik__pessoa-estrangeira-adulta-segurando-documento-de-r__89717-1140x651.png 1140w, https:\/\/www.correiobraziliense.com.br\/cbradar\/wp-content\/uploads\/2026\/01\/freepik__pessoa-estrangeira-adulta-segurando-documento-de-r__89717.png 1280w\" sizes=\"(max-width: 1024px) 100vw, 1024px\" \/><figcaption class=\"wp-element-caption\">Fontes oficiais indicam que o gabinete poder\u00e1 colocar a medida em pr\u00e1tica em poucas semanas<\/figcaption><\/figure><\/div>\n\n\n<h2 class=\"wp-block-heading\">Por que o governo decidiu implementar essa medida agora?<\/h2>\n\n\n\n<p>A decis\u00e3o n\u00e3o \u00e9 apenas humanit\u00e1ria, mas tamb\u00e9m uma estrat\u00e9gia econ\u00f4mica calculada para sustentar o crescimento do pa\u00eds. A falta de m\u00e3o de obra em \u00e1reas cr\u00edticas motivou essa ofensiva de integra\u00e7\u00e3o.<\/p>\n\n\n\n<p>Ao analisar o cen\u00e1rio atual, as autoridades identificaram que a regulariza\u00e7\u00e3o trar\u00e1 impactos positivos imediatos para o mercado de trabalho. Os setores que mais demandam essa for\u00e7a de trabalho incluem:<\/p>\n\n\n\n<ul class=\"wp-block-list\">\n<li>O setor de hospitalidade, que sofre com a escassez sazonal de funcion\u00e1rios.<\/li>\n\n\n\n<li>A \u00e1rea de assist\u00eancia social e cuidados, fundamental para a popula\u00e7\u00e3o idosa.<\/li>\n\n\n\n<li>Servi\u00e7os gerais que sustentam a base da economia local e o turismo.<\/li>\n<\/ul>\n\n\n\n<h2 class=\"wp-block-heading\">O que fazer enquanto o decreto n\u00e3o \u00e9 publicado?<\/h2>\n\n\n\n<p>Diante desta oportunidade hist\u00f3rica, a recomenda\u00e7\u00e3o para quem se enquadra nos requisitos \u00e9 iniciar a organiza\u00e7\u00e3o e a revis\u00e3o documental o quanto antes. Acompanhar a publica\u00e7\u00e3o oficial das regras ser\u00e1 determinante para garantir a regulariza\u00e7\u00e3o e aproveitar o momento favor\u00e1vel para consolidar uma trajet\u00f3ria de estabilidade e novos horizontes em solo espanhol.<\/p>\n","protected":false},"excerpt":{"rendered":"<p>A Espanha acaba de sinalizar uma das maiores oportunidades da d\u00e9cada para estrangeiros que buscam estabilidade jur\u00eddica e qualidade de vida na Europa, com o an\u00fancio de um novo decreto que visa regularizar cerca de meio milh\u00e3o de pessoas que hoje vivem sem documenta\u00e7\u00e3o no pa\u00eds. Essa medida representa um avan\u00e7o significativo para a comunidade [&hellip;]<\/p>\n","protected":false},"author":12,"featured_media":182815,"comment_status":"open","ping_status":"open","sticky":false,"template":"","format":"standard","meta":{"_yoast_wpseo_focuskw":"Espanha","_yoast_wpseo_title":"","_yoast_wpseo_metadesc":"Espanha vai regularizar 500 mil migrantes com novo decreto. Confira os requisitos, prazos e como obter sua resid\u00eancia legal no pa\u00eds","jnews-multi-image_gallery":[],"jnews_single_post":{"format":"standard"},"jnews_primary_category":[],"jnews_social_meta":[],"jnews_override_counter":[],"footnotes":""},"categories":[128],"tags":[1084,795,14482],"class_list":["post-182810","post","type-post","status-publish","format-standard","has-post-thumbnail","hentry","category-economia","tag-espanha","tag-europa","tag-migrante"],"yoast_head":"<!-- This site is optimized with the Yoast SEO plugin v24.6 - https:\/\/yoast.com\/wordpress\/plugins\/seo\/ -->\n<title>Espanha abre portas na Europa: nova medida hist\u00f3rica promete regularizar 500 mil migrantes - Correio Braziliense - Radar<\/title>\n<meta name=\"description\" content=\"Espanha vai regularizar 500 mil migrantes com novo decreto. Confira os requisitos, prazos e como obter sua resid\u00eancia legal no pa\u00eds\" \/>\n<meta name=\"robots\" content=\"index, follow, max-snippet:-1, max-image-preview:large, max-video-preview:-1\" \/>\n<link rel=\"canonical\" href=\"https:\/\/www.correiobraziliense.com.br\/cbradar\/espanha-abre-portas-na-europa-nova-medida-historica-promete-regularizar-500-mil-migrantes\/\" \/>\n<meta property=\"og:locale\" content=\"pt_BR\" \/>\n<meta property=\"og:type\" content=\"article\" \/>\n<meta property=\"og:title\" content=\"Espanha abre portas na Europa: nova medida hist\u00f3rica promete regularizar 500 mil migrantes - Correio Braziliense - Radar\" \/>\n<meta property=\"og:description\" content=\"Espanha vai regularizar 500 mil migrantes com novo decreto. Confira os requisitos, prazos e como obter sua resid\u00eancia legal no pa\u00eds\" \/>\n<meta property=\"og:url\" content=\"https:\/\/www.correiobraziliense.com.br\/cbradar\/espanha-abre-portas-na-europa-nova-medida-historica-promete-regularizar-500-mil-migrantes\/\" \/>\n<meta property=\"og:site_name\" content=\"Correio Braziliense - Radar\" \/>\n<meta property=\"article:published_time\" content=\"2026-01-27T19:18:54+00:00\" \/>\n<meta property=\"article:modified_time\" content=\"2026-01-27T19:20:43+00:00\" \/>\n<meta property=\"og:image\" content=\"https:\/\/www.correiobraziliense.com.br\/cbradar\/wp-content\/uploads\/2026\/01\/freepik__pessoa-estrangeira-adulta-segurando-documento-de-r__89716.png\" \/>\n\t<meta property=\"og:image:width\" content=\"1280\" \/>\n\t<meta property=\"og:image:height\" content=\"731\" \/>\n\t<meta property=\"og:image:type\" content=\"image\/png\" \/>\n<meta name=\"author\" content=\"Gabriel Leme\" \/>\n<meta name=\"twitter:card\" content=\"summary_large_image\" \/>\n<meta name=\"twitter:label1\" content=\"Escrito por\" \/>\n\t<meta name=\"twitter:data1\" content=\"Gabriel Leme\" \/>\n\t<meta name=\"twitter:label2\" content=\"Est. tempo de leitura\" \/>\n\t<meta name=\"twitter:data2\" content=\"4 minutos\" \/>\n<!-- \/ Yoast SEO plugin. -->","yoast_head_json":{"title":"Espanha abre portas na Europa: nova medida hist\u00f3rica promete regularizar 500 mil migrantes - Correio Braziliense - Radar","description":"Espanha vai regularizar 500 mil migrantes com novo decreto. Confira os requisitos, prazos e como obter sua resid\u00eancia legal no pa\u00eds","robots":{"index":"index","follow":"follow","max-snippet":"max-snippet:-1","max-image-preview":"max-image-preview:large","max-video-preview":"max-video-preview:-1"},"canonical":"https:\/\/www.correiobraziliense.com.br\/cbradar\/espanha-abre-portas-na-europa-nova-medida-historica-promete-regularizar-500-mil-migrantes\/","og_locale":"pt_BR","og_type":"article","og_title":"Espanha abre portas na Europa: nova medida hist\u00f3rica promete regularizar 500 mil migrantes - Correio Braziliense - Radar","og_description":"Espanha vai regularizar 500 mil migrantes com novo decreto. Confira os requisitos, prazos e como obter sua resid\u00eancia legal no pa\u00eds","og_url":"https:\/\/www.correiobraziliense.com.br\/cbradar\/espanha-abre-portas-na-europa-nova-medida-historica-promete-regularizar-500-mil-migrantes\/","og_site_name":"Correio Braziliense - Radar","article_published_time":"2026-01-27T19:18:54+00:00","article_modified_time":"2026-01-27T19:20:43+00:00","og_image":[{"width":1280,"height":731,"url":"https:\/\/www.correiobraziliense.com.br\/cbradar\/wp-content\/uploads\/2026\/01\/freepik__pessoa-estrangeira-adulta-segurando-documento-de-r__89716.png","type":"image\/png"}],"author":"Gabriel Leme","twitter_card":"summary_large_image","twitter_misc":{"Escrito por":"Gabriel Leme","Est. tempo de leitura":"4 minutos"},"schema":{"@context":"https:\/\/schema.org","@graph":[{"@type":"WebPage","@id":"https:\/\/www.correiobraziliense.com.br\/cbradar\/espanha-abre-portas-na-europa-nova-medida-historica-promete-regularizar-500-mil-migrantes\/","url":"https:\/\/www.correiobraziliense.com.br\/cbradar\/espanha-abre-portas-na-europa-nova-medida-historica-promete-regularizar-500-mil-migrantes\/","name":"Espanha abre portas na Europa: nova medida hist\u00f3rica promete regularizar 500 mil migrantes - Correio Braziliense - Radar","isPartOf":{"@id":"https:\/\/www.correiobraziliense.com.br\/cbradar\/#website"},"primaryImageOfPage":{"@id":"https:\/\/www.correiobraziliense.com.br\/cbradar\/espanha-abre-portas-na-europa-nova-medida-historica-promete-regularizar-500-mil-migrantes\/#primaryimage"},"image":{"@id":"https:\/\/www.correiobraziliense.com.br\/cbradar\/espanha-abre-portas-na-europa-nova-medida-historica-promete-regularizar-500-mil-migrantes\/#primaryimage"},"thumbnailUrl":"https:\/\/www.correiobraziliense.com.br\/cbradar\/wp-content\/uploads\/2026\/01\/freepik__pessoa-estrangeira-adulta-segurando-documento-de-r__89716.png","datePublished":"2026-01-27T19:18:54+00:00","dateModified":"2026-01-27T19:20:43+00:00","author":{"@id":"https:\/\/www.correiobraziliense.com.br\/cbradar\/#\/schema\/person\/67a081d63a0fe55fb267145a7be2f7c1"},"description":"Espanha vai regularizar 500 mil migrantes com novo decreto. Confira os requisitos, prazos e como obter sua resid\u00eancia legal no pa\u00eds","breadcrumb":{"@id":"https:\/\/www.correiobraziliense.com.br\/cbradar\/espanha-abre-portas-na-europa-nova-medida-historica-promete-regularizar-500-mil-migrantes\/#breadcrumb"},"inLanguage":"pt-BR","potentialAction":[{"@type":"ReadAction","target":["https:\/\/www.correiobraziliense.com.br\/cbradar\/espanha-abre-portas-na-europa-nova-medida-historica-promete-regularizar-500-mil-migrantes\/"]}]},{"@type":"ImageObject","inLanguage":"pt-BR","@id":"https:\/\/www.correiobraziliense.com.br\/cbradar\/espanha-abre-portas-na-europa-nova-medida-historica-promete-regularizar-500-mil-migrantes\/#primaryimage","url":"https:\/\/www.correiobraziliense.com.br\/cbradar\/wp-content\/uploads\/2026\/01\/freepik__pessoa-estrangeira-adulta-segurando-documento-de-r__89716.png","contentUrl":"https:\/\/www.correiobraziliense.com.br\/cbradar\/wp-content\/uploads\/2026\/01\/freepik__pessoa-estrangeira-adulta-segurando-documento-de-r__89716.png","width":1280,"height":731,"caption":"Fontes oficiais indicam que o gabinete poder\u00e1 colocar a medida em pr\u00e1tica em poucas semanas"},{"@type":"BreadcrumbList","@id":"https:\/\/www.correiobraziliense.com.br\/cbradar\/espanha-abre-portas-na-europa-nova-medida-historica-promete-regularizar-500-mil-migrantes\/#breadcrumb","itemListElement":[{"@type":"ListItem","position":1,"name":"In\u00edcio","item":"https:\/\/www.correiobraziliense.com.br\/cbradar\/"},{"@type":"ListItem","position":2,"name":"Espanha abre portas na Europa: nova medida hist\u00f3rica promete regularizar 500 mil migrantes"}]},{"@type":"WebSite","@id":"https:\/\/www.correiobraziliense.com.br\/cbradar\/#website","url":"https:\/\/www.correiobraziliense.com.br\/cbradar\/","name":"Correio Braziliense - Radar","description":"Acompanhe as \u00faltimas not\u00edcias e fique bem informado sobre tudo o que acontece no Brasil e no mundo.","potentialAction":[{"@type":"SearchAction","target":{"@type":"EntryPoint","urlTemplate":"https:\/\/www.correiobraziliense.com.br\/cbradar\/?s={search_term_string}"},"query-input":{"@type":"PropertyValueSpecification","valueRequired":true,"valueName":"search_term_string"}}],"inLanguage":"pt-BR"},{"@type":"Person","@id":"https:\/\/www.correiobraziliense.com.br\/cbradar\/#\/schema\/person\/67a081d63a0fe55fb267145a7be2f7c1","name":"Gabriel Leme","image":{"@type":"ImageObject","inLanguage":"pt-BR","@id":"https:\/\/www.correiobraziliense.com.br\/cbradar\/#\/schema\/person\/image\/","url":"https:\/\/secure.gravatar.com\/avatar\/85bf2e3517d27149969b72412b460c20?s=96&d=mm&r=g","contentUrl":"https:\/\/secure.gravatar.com\/avatar\/85bf2e3517d27149969b72412b460c20?s=96&d=mm&r=g","caption":"Gabriel Leme"},"sameAs":["https:\/\/www.correiobraziliense.com.br\/"],"url":"https:\/\/www.correiobraziliense.com.br\/cbradar\/author\/gabrielmyth\/"}]}},"_links":{"self":[{"href":"https:\/\/www.correiobraziliense.com.br\/cbradar\/wp-json\/wp\/v2\/posts\/182810","targetHints":{"allow":["GET"]}}],"collection":[{"href":"https:\/\/www.correiobraziliense.com.br\/cbradar\/wp-json\/wp\/v2\/posts"}],"about":[{"href":"https:\/\/www.correiobraziliense.com.br\/cbradar\/wp-json\/wp\/v2\/types\/post"}],"author":[{"embeddable":true,"href":"https:\/\/www.correiobraziliense.com.br\/cbradar\/wp-json\/wp\/v2\/users\/12"}],"replies":[{"embeddable":true,"href":"https:\/\/www.correiobraziliense.com.br\/cbradar\/wp-json\/wp\/v2\/comments?post=182810"}],"version-history":[{"count":3,"href":"https:\/\/www.correiobraziliense.com.br\/cbradar\/wp-json\/wp\/v2\/posts\/182810\/revisions"}],"predecessor-version":[{"id":182818,"href":"https:\/\/www.correiobraziliense.com.br\/cbradar\/wp-json\/wp\/v2\/posts\/182810\/revisions\/182818"}],"wp:featuredmedia":[{"embeddable":true,"href":"https:\/\/www.correiobraziliense.com.br\/cbradar\/wp-json\/wp\/v2\/media\/182815"}],"wp:attachment":[{"href":"https:\/\/www.correiobraziliense.com.br\/cbradar\/wp-json\/wp\/v2\/media?parent=182810"}],"wp:term":[{"taxonomy":"category","embeddable":true,"href":"https:\/\/www.correiobraziliense.com.br\/cbradar\/wp-json\/wp\/v2\/categories?post=182810"},{"taxonomy":"post_tag","embeddable":true,"href":"https:\/\/www.correiobraziliense.com.br\/cbradar\/wp-json\/wp\/v2\/tags?post=182810"}],"curies":[{"name":"wp","href":"https:\/\/api.w.org\/{rel}","templated":true}]}}