{"id":182823,"date":"2026-01-29T00:45:00","date_gmt":"2026-01-29T03:45:00","guid":{"rendered":"https:\/\/www.correiobraziliense.com.br\/cbradar\/?p=182823"},"modified":"2026-01-28T22:53:47","modified_gmt":"2026-01-29T01:53:47","slug":"nem-cozido-e-nem-refogado-a-melhor-maneira-de-preparar-o-brocolis-sem-perder-nutrientes","status":"publish","type":"post","link":"https:\/\/www.correiobraziliense.com.br\/cbradar\/nem-cozido-e-nem-refogado-a-melhor-maneira-de-preparar-o-brocolis-sem-perder-nutrientes\/","title":{"rendered":"Nem cozido e nem refogado: a melhor maneira de preparar o br\u00f3colis sem perder nutrientes"},"content":{"rendered":"\n<p>Encontrar o <strong>melhor m\u00e9todo para preparar br\u00f3colis<\/strong> \u00e9 fundamental para garantir que este vegetal cruc\u00edfero entregue todo o seu potencial de vitaminas e compostos bioativos ao organismo. Embora t\u00e9cnicas tradicionais sejam populares pelo sabor ou praticidade, muitas delas acabam destruindo as propriedades mais valiosas do alimento.<\/p>\n\n\n\n<h2 class=\"wp-block-heading\">Um escudo natural para o organismo<\/h2>\n\n\n\n<p>Este<strong> vegetal atua como um poderoso multivitam\u00ednico<\/strong>, oferecendo doses elevadas de <strong>vitamina C<\/strong>, essencial para o fortalecimento do sistema imunol\u00f3gico, e<a href=\"https:\/\/pmc.ncbi.nlm.nih.gov\/articles\/PMC11631259\/\" target=\"_blank\" rel=\"noreferrer noopener\"> <strong>vitamina K<\/strong>, crucial para a sa\u00fade \u00f3ssea<\/a> e a coagula\u00e7\u00e3o sangu\u00ednea. Al\u00e9m disso, seu alto teor de fibras promove a saciedade e auxilia no funcionamento regular do intestino, tornando-o um aliado indispens\u00e1vel para o controle de peso e a sa\u00fade digestiva.<\/p>\n\n\n\n<p>O grande diferencial do br\u00f3colis, contudo, reside na presen\u00e7a de <strong>sulforafano<\/strong>, um composto <strong>bioativo <\/strong>com potente a\u00e7\u00e3o antioxidante e anti-inflamat\u00f3ria. Ao proteger as c\u00e9lulas contra os danos causados pelos radicais livres, o consumo regular deste alimento contribui para a preven\u00e7\u00e3o de doen\u00e7as cr\u00f4nicas e ajuda a manter o corpo desintoxicado e eficiente.<\/p>\n\n\n\n<p>Conhe\u00e7a essa iguaria, no v\u00eddeo a seguir, o <strong>Dr. Roque Marcos Savioli<\/strong>, com mais de 400 mil inscritos, fala um pouco dos benef\u00edcios do br\u00f3colis:<\/p>\n\n\n\n<iframe loading=\"lazy\" width=\"342\" height=\"608\" src=\"https:\/\/www.youtube.com\/embed\/tbROLWJnCMw\" title=\"Br\u00f3colis: o superalimento que traz for\u00e7a e longevidade\" frameborder=\"0\" allow=\"accelerometer; autoplay; clipboard-write; encrypted-media; gyroscope; picture-in-picture; web-share\" referrerpolicy=\"strict-origin-when-cross-origin\" allowfullscreen><\/iframe>\n\n\n\n<h2 class=\"wp-block-heading\">Por que evitar o cozimento direto na \u00e1gua?<\/h2>\n\n\n\n<p>O m\u00e9todo mais comum nas cozinhas brasileiras \u00e9 a imers\u00e3o dos floretes em \u00e1gua fervente. Apesar de r\u00e1pido, esse processo causa uma <strong>lixivia\u00e7\u00e3o severa<\/strong>, onde as vitaminas hidrossol\u00faveis (como a vitamina C e as do complexo B) migram do vegetal para a \u00e1gua do cozimento, que geralmente \u00e9 descartada.<\/p>\n\n\n\n<p>Al\u00e9m da perda nutricional, que pode chegar a 50% dos compostos ben\u00e9ficos, a textura tamb\u00e9m \u00e9 prejudicada. O br\u00f3colis tende a ficar <strong>mole e encharcado<\/strong>, perdendo a cor verde vibrante e tornando-se menos apetitoso para o consumo di\u00e1rio.<\/p>\n\n\n<div class=\"wp-block-image\">\n<figure class=\"aligncenter size-large\"><img decoding=\"async\" width=\"1024\" height=\"576\" src=\"https:\/\/www.correiobraziliense.com.br\/cbradar\/wp-content\/uploads\/2025\/10\/brocolis_1760622649107-1024x576.jpg\" alt=\"Cinco vegetais que podem ajudar a curar o f\u00edgado naturalmente e melhorar os sintomas\" class=\"wp-image-120359\" srcset=\"https:\/\/www.correiobraziliense.com.br\/cbradar\/wp-content\/uploads\/2025\/10\/brocolis_1760622649107-1024x576.jpg 1024w, https:\/\/www.correiobraziliense.com.br\/cbradar\/wp-content\/uploads\/2025\/10\/brocolis_1760622649107-300x169.jpg 300w, https:\/\/www.correiobraziliense.com.br\/cbradar\/wp-content\/uploads\/2025\/10\/brocolis_1760622649107-768x432.jpg 768w, https:\/\/www.correiobraziliense.com.br\/cbradar\/wp-content\/uploads\/2025\/10\/brocolis_1760622649107-750x422.jpg 750w, https:\/\/www.correiobraziliense.com.br\/cbradar\/wp-content\/uploads\/2025\/10\/brocolis_1760622649107-1140x641.jpg 1140w, https:\/\/www.correiobraziliense.com.br\/cbradar\/wp-content\/uploads\/2025\/10\/brocolis_1760622649107.jpg 1280w\" sizes=\"(max-width: 1024px) 100vw, 1024px\" \/><figcaption class=\"wp-element-caption\">Forma de preparo do br\u00f3colis que preserva melhor os nutrientes e o valor nutricional &#8211; Cr\u00e9ditos: depositphotos.com \/ VitalikRadko<\/figcaption><\/figure><\/div>\n\n\n<h2 class=\"wp-block-heading\">Assar ou refogar mant\u00e9m as propriedades?<\/h2>\n\n\n\n<p><a href=\"https:\/\/www.correiobraziliense.com.br\/cbradar\/o-jeito-certo-de-lavar-brocolis-que-poucos-conhecem\/\">Levar o br\u00f3colis <\/a>ao forno ou refog\u00e1-lo na frigideira com azeite s\u00e3o op\u00e7\u00f5es excelentes para o paladar. O calor seco carameliza os a\u00e7\u00facares naturais do vegetal, criando uma textura crocante e um sabor amendoado que agrada at\u00e9 quem n\u00e3o gosta de verduras.<\/p>\n\n\n\n<p>No entanto, o problema aqui \u00e9 a <strong>alta temperatura<\/strong>. O calor excessivo e prolongado degrada enzimas importantes e antioxidantes sens\u00edveis, reduzindo a efic\u00e1cia do sulforafano, um composto potente associado \u00e0 preven\u00e7\u00e3o de doen\u00e7as.<\/p>\n\n\n\n<h2 class=\"wp-block-heading\">Qual \u00e9 a t\u00e9cnica ideal para a sa\u00fade?<\/h2>\n\n\n\n<p>A ci\u00eancia da nutri\u00e7\u00e3o aponta que o <strong>cozimento a vapor<\/strong> \u00e9 a estrat\u00e9gia superior para preparar este vegetal. Ao evitar o contato direto com a \u00e1gua e cozinhar por um tempo curto, o vapor preserva quase a totalidade da vitamina C, da clorofila e dos glucosinolatos.<\/p>\n\n\n\n<p>Esse m\u00e9todo mant\u00e9m a estrutura celular do br\u00f3colis intacta, garantindo que ele fique <strong>al dente<\/strong>. O resultado \u00e9 um alimento que exige mastiga\u00e7\u00e3o, o que aumenta a saciedade e preserva o sabor original e fresco da planta.<\/p>\n\n\n\n<p>A tabela abaixo compara o impacto de cada m\u00e9todo na qualidade final do prato:<\/p>\n\n\n\n<div class=\"google-auto-ads-ignore\" style=\"box-sizing: border-box; display: flex; flex-direction: column; width: 100%; max-width: 800px; margin: 30px auto; background-color: #F4F4F2; color: #000000; border-radius: 16px; overflow: hidden; font-family: 'Segoe UI', Roboto, Helvetica, Arial, sans-serif; box-shadow: 0 6px 18px rgba(10, 35, 71, 0.12); border: 1px solid rgba(10, 35, 71, 0.08); position: relative; z-index: 5;\">\n\n  <div style=\"background-color: #F4F4F2; padding: 30px 25px; border-bottom: 4px solid #38A169; text-align: center;\">\n    <h2 style=\"margin: 0; color: #0A2347; font-size: 1.6rem; letter-spacing: -0.5px; line-height: 1.3;\">\ud83e\udd66 Impacto do m\u00e9todo de preparo<\/h2>\n    <div style=\"font-size: 1rem; margin-top: 12px; color: #7F838C; font-weight: 500;\">Comparativo de perdas nutricionais e textura<\/div>\n  <\/div>\n\n  <div style=\"padding: 30px 25px; display: flex; flex-wrap: wrap; gap: 20px; background: linear-gradient(to bottom, #F4F4F2, rgba(255,255,255,0.5)); padding-bottom: 40px;\">\n    \n    <div style=\"flex: 1 1 250px; background-color: #FFFFFF; border-radius: 12px; padding: 25px; border: 1px solid rgba(0,0,0,0.06); box-shadow: 0 4px 8px rgba(0,0,0,0.03);\">\n      <h3 style=\"margin: 0 0 20px 0; color: #0A2347; font-size: 1.15rem; font-weight: 700; display: flex; align-items: center;\">\n        <span style=\"margin-right: 10px; font-size: 1.4rem;\">\ud83d\udca7<\/span> Cozimento em \u00e1gua\n      <\/h3>\n      \n      <div style=\"margin-bottom: 15px; border-left: 3px solid #e53e3e; padding-left: 15px;\"> <div style=\"display: block; font-size: 0.85rem; color: #7F838C; margin-bottom: 4px; font-weight: 600; text-transform: uppercase;\">Perda de nutrientes<\/div>\n        <div style=\"font-size: 1.1rem; font-weight: 600; color: #0A2347;\">Alta (at\u00e9 50%)<\/div>\n      <\/div>\n\n      <div style=\"margin-bottom: 15px; border-left: 3px solid #e53e3e; padding-left: 15px;\">\n        <div style=\"display: block; font-size: 0.85rem; color: #7F838C; margin-bottom: 4px; font-weight: 600; text-transform: uppercase;\">Textura final<\/div>\n        <div style=\"font-size: 1.1rem; font-weight: 600; color: #0A2347;\">Mole e encharcada<\/div>\n      <\/div>\n    <\/div>\n\n    <div style=\"flex: 1 1 250px; background-color: #FFFFFF; border-radius: 12px; padding: 25px; border: 1px solid rgba(0,0,0,0.06); box-shadow: 0 4px 8px rgba(0,0,0,0.03);\">\n      <h3 style=\"margin: 0 0 20px 0; color: #0A2347; font-size: 1.15rem; font-weight: 700; display: flex; align-items: center;\">\n        <span style=\"margin-right: 10px; font-size: 1.4rem;\">\ud83d\udd25<\/span> Forno ou refogado\n      <\/h3>\n      \n      <div style=\"margin-bottom: 15px; border-left: 3px solid #dd6b20; padding-left: 15px;\"> <div style=\"display: block; font-size: 0.85rem; color: #7F838C; margin-bottom: 4px; font-weight: 600; text-transform: uppercase;\">Perda de nutrientes<\/div>\n        <div style=\"font-size: 1.1rem; font-weight: 600; color: #0A2347;\">M\u00e9dia (calor)<\/div>\n      <\/div>\n\n      <div style=\"margin-bottom: 15px; border-left: 3px solid #dd6b20; padding-left: 15px;\">\n        <div style=\"display: block; font-size: 0.85rem; color: #7F838C; margin-bottom: 4px; font-weight: 600; text-transform: uppercase;\">Textura final<\/div>\n        <div style=\"font-size: 1.1rem; font-weight: 600; color: #0A2347;\">Crocante e tostada<\/div>\n      <\/div>\n    <\/div>\n\n    <div style=\"flex: 1 1 250px; background-color: #FFFFFF; border-radius: 12px; padding: 25px; border: 2px solid #38A169; box-shadow: 0 6px 12px rgba(56, 161, 105, 0.15); position: relative;\">\n       <div style=\"position: absolute; top: -12px; right: 20px; background-color: #38A169; color: white; padding: 4px 12px; border-radius: 20px; font-size: 0.75rem; font-weight: bold; text-transform: uppercase;\">Recomendado<\/div>\n\n      <h3 style=\"margin: 0 0 20px 0; color: #0A2347; font-size: 1.15rem; font-weight: 700; display: flex; align-items: center;\">\n        <span style=\"margin-right: 10px; font-size: 1.4rem;\">\u2668\ufe0f<\/span> Cozimento a vapor\n      <\/h3>\n      \n      <div style=\"margin-bottom: 15px; border-left: 3px solid #38A169; padding-left: 15px;\">\n        <div style=\"display: block; font-size: 0.85rem; color: #7F838C; margin-bottom: 4px; font-weight: 600; text-transform: uppercase;\">Perda de nutrientes<\/div>\n        <div style=\"font-size: 1.1rem; font-weight: 600; color: #0A2347;\">M\u00ednima (preserva\u00e7\u00e3o)<\/div>\n      <\/div>\n\n      <div style=\"margin-bottom: 15px; border-left: 3px solid #38A169; padding-left: 15px;\">\n        <div style=\"display: block; font-size: 0.85rem; color: #7F838C; margin-bottom: 4px; font-weight: 600; text-transform: uppercase;\">Textura final<\/div>\n        <div style=\"font-size: 1.1rem; font-weight: 600; color: #0A2347;\">Firme e vibrante<\/div>\n      <\/div>\n    <\/div>\n\n  <\/div>\n<\/div>\n\n\n\n<h2 class=\"wp-block-heading\">Quais s\u00e3o as vantagens pr\u00e1ticas do vapor?<\/h2>\n\n\n\n<p>Adotar o vapor n\u00e3o \u00e9 apenas uma decis\u00e3o nutricional, mas tamb\u00e9m gastron\u00f4mica. A t\u00e9cnica permite um controle muito maior sobre o ponto de cozimento, evitando que o vegetal passe do ponto e se desfa\u00e7a no prato.<\/p>\n\n\n\n<p>Confira os principais benef\u00edcios de optar por essa t\u00e9cnica:<\/p>\n\n\n\n<ul class=\"wp-block-list\">\n<li><strong>Cor Intensa:<\/strong> O br\u00f3colis permanece com um verde brilhante e atrativo.<\/li>\n\n\n\n<li><strong>Sabor Real:<\/strong> N\u00e3o h\u00e1 dilui\u00e7\u00e3o do gosto na \u00e1gua, mantendo o sabor terroso e suave.<\/li>\n\n\n\n<li><strong>Rapidez:<\/strong> Em cerca de 3 a 5 minutos, o vegetal est\u00e1 pronto para servir.<\/li>\n\n\n\n<li><strong>Economia:<\/strong> Dispensa o uso excessivo de \u00f3leo ou grandes volumes de \u00e1gua.<\/li>\n<\/ul>\n\n\n\n<h2 class=\"wp-block-heading\">Como executar o processo perfeitamente?<\/h2>\n\n\n\n<p>Para obter o m\u00e1ximo de benef\u00edcios, corte o br\u00f3colis em peda\u00e7os uniformes para que cozinhem por igual. Utilize uma cesta de vapor sobre uma panela com \u00e1gua fervente, garantindo que o l\u00edquido n\u00e3o toque nos vegetais, e tampe bem para criar uma estufa.<\/p>\n\n\n\n<p>O tempo \u00e9 crucial: deixe cozinhar por <strong>apenas 3 a 4 minutos<\/strong>. Assim que atingir a cor verde-esmeralda, retire imediatamente e, se poss\u00edvel, d\u00ea um choque t\u00e9rmico em \u00e1gua gelada para interromper o cozimento e fixar os nutrientes.<\/p>\n","protected":false},"excerpt":{"rendered":"<p>Encontrar o melhor m\u00e9todo para preparar br\u00f3colis \u00e9 fundamental para garantir que este vegetal cruc\u00edfero entregue todo o seu potencial de vitaminas e compostos bioativos ao organismo. Embora t\u00e9cnicas tradicionais sejam populares pelo sabor ou praticidade, muitas delas acabam destruindo as propriedades mais valiosas do alimento. Um escudo natural para o organismo Este vegetal atua [&hellip;]<\/p>\n","protected":false},"author":11,"featured_media":183357,"comment_status":"open","ping_status":"open","sticky":false,"template":"","format":"standard","meta":{"_yoast_wpseo_focuskw":"preparar br\u00f3colis","_yoast_wpseo_title":"","_yoast_wpseo_metadesc":"Forma alternativa de preparar br\u00f3colis preserva nutrientes essenciais e real\u00e7a sabor sem cozimento tradicional ou refogado excessivo","jnews-multi-image_gallery":[],"jnews_single_post":{"format":"standard"},"jnews_primary_category":[],"jnews_social_meta":[],"jnews_override_counter":[],"footnotes":""},"categories":[119],"tags":[12339,14484],"class_list":["post-182823","post","type-post","status-publish","format-standard","has-post-thumbnail","hentry","category-bem-estar","tag-brocolis-2","tag-vitamina-k"],"yoast_head":"<!-- This site is optimized with the Yoast SEO plugin v24.6 - https:\/\/yoast.com\/wordpress\/plugins\/seo\/ -->\n<title>Nem cozido e nem refogado: a melhor maneira de preparar o br\u00f3colis sem perder nutrientes - Correio Braziliense - Radar<\/title>\n<meta name=\"description\" content=\"Forma alternativa de preparar br\u00f3colis preserva nutrientes essenciais e real\u00e7a sabor sem cozimento tradicional ou refogado excessivo\" \/>\n<meta name=\"robots\" content=\"index, follow, max-snippet:-1, max-image-preview:large, max-video-preview:-1\" \/>\n<link rel=\"canonical\" href=\"https:\/\/www.correiobraziliense.com.br\/cbradar\/nem-cozido-e-nem-refogado-a-melhor-maneira-de-preparar-o-brocolis-sem-perder-nutrientes\/\" \/>\n<meta property=\"og:locale\" content=\"pt_BR\" \/>\n<meta property=\"og:type\" content=\"article\" \/>\n<meta property=\"og:title\" content=\"Nem cozido e nem refogado: a melhor maneira de preparar o br\u00f3colis sem perder nutrientes - Correio Braziliense - Radar\" \/>\n<meta property=\"og:description\" content=\"Forma alternativa de preparar br\u00f3colis preserva nutrientes essenciais e real\u00e7a sabor sem cozimento tradicional ou refogado excessivo\" \/>\n<meta property=\"og:url\" content=\"https:\/\/www.correiobraziliense.com.br\/cbradar\/nem-cozido-e-nem-refogado-a-melhor-maneira-de-preparar-o-brocolis-sem-perder-nutrientes\/\" \/>\n<meta property=\"og:site_name\" content=\"Correio Braziliense - Radar\" \/>\n<meta property=\"article:published_time\" content=\"2026-01-29T03:45:00+00:00\" \/>\n<meta property=\"og:image\" content=\"https:\/\/www.correiobraziliense.com.br\/cbradar\/wp-content\/uploads\/2026\/01\/freepik__brcolis-fresco-sendo-cozido-no-vapor-em-panela-sim__46981.jpeg\" \/>\n\t<meta property=\"og:image:width\" content=\"1280\" \/>\n\t<meta property=\"og:image:height\" content=\"720\" \/>\n\t<meta property=\"og:image:type\" content=\"image\/jpeg\" \/>\n<meta name=\"author\" content=\"Paulo Custodio\" \/>\n<meta name=\"twitter:card\" content=\"summary_large_image\" \/>\n<meta name=\"twitter:label1\" content=\"Escrito por\" \/>\n\t<meta name=\"twitter:data1\" content=\"Paulo Custodio\" \/>\n\t<meta name=\"twitter:label2\" content=\"Est. tempo de leitura\" \/>\n\t<meta name=\"twitter:data2\" content=\"5 minutos\" \/>\n<!-- \/ Yoast SEO plugin. -->","yoast_head_json":{"title":"Nem cozido e nem refogado: a melhor maneira de preparar o br\u00f3colis sem perder nutrientes - Correio Braziliense - Radar","description":"Forma alternativa de preparar br\u00f3colis preserva nutrientes essenciais e real\u00e7a sabor sem cozimento tradicional ou refogado excessivo","robots":{"index":"index","follow":"follow","max-snippet":"max-snippet:-1","max-image-preview":"max-image-preview:large","max-video-preview":"max-video-preview:-1"},"canonical":"https:\/\/www.correiobraziliense.com.br\/cbradar\/nem-cozido-e-nem-refogado-a-melhor-maneira-de-preparar-o-brocolis-sem-perder-nutrientes\/","og_locale":"pt_BR","og_type":"article","og_title":"Nem cozido e nem refogado: a melhor maneira de preparar o br\u00f3colis sem perder nutrientes - Correio Braziliense - Radar","og_description":"Forma alternativa de preparar br\u00f3colis preserva nutrientes essenciais e real\u00e7a sabor sem cozimento tradicional ou refogado excessivo","og_url":"https:\/\/www.correiobraziliense.com.br\/cbradar\/nem-cozido-e-nem-refogado-a-melhor-maneira-de-preparar-o-brocolis-sem-perder-nutrientes\/","og_site_name":"Correio Braziliense - Radar","article_published_time":"2026-01-29T03:45:00+00:00","og_image":[{"width":1280,"height":720,"url":"https:\/\/www.correiobraziliense.com.br\/cbradar\/wp-content\/uploads\/2026\/01\/freepik__brcolis-fresco-sendo-cozido-no-vapor-em-panela-sim__46981.jpeg","type":"image\/jpeg"}],"author":"Paulo Custodio","twitter_card":"summary_large_image","twitter_misc":{"Escrito por":"Paulo Custodio","Est. tempo de leitura":"5 minutos"},"schema":{"@context":"https:\/\/schema.org","@graph":[{"@type":"WebPage","@id":"https:\/\/www.correiobraziliense.com.br\/cbradar\/nem-cozido-e-nem-refogado-a-melhor-maneira-de-preparar-o-brocolis-sem-perder-nutrientes\/","url":"https:\/\/www.correiobraziliense.com.br\/cbradar\/nem-cozido-e-nem-refogado-a-melhor-maneira-de-preparar-o-brocolis-sem-perder-nutrientes\/","name":"Nem cozido e nem refogado: a melhor maneira de preparar o br\u00f3colis sem perder nutrientes - Correio Braziliense - Radar","isPartOf":{"@id":"https:\/\/www.correiobraziliense.com.br\/cbradar\/#website"},"primaryImageOfPage":{"@id":"https:\/\/www.correiobraziliense.com.br\/cbradar\/nem-cozido-e-nem-refogado-a-melhor-maneira-de-preparar-o-brocolis-sem-perder-nutrientes\/#primaryimage"},"image":{"@id":"https:\/\/www.correiobraziliense.com.br\/cbradar\/nem-cozido-e-nem-refogado-a-melhor-maneira-de-preparar-o-brocolis-sem-perder-nutrientes\/#primaryimage"},"thumbnailUrl":"https:\/\/www.correiobraziliense.com.br\/cbradar\/wp-content\/uploads\/2026\/01\/freepik__brcolis-fresco-sendo-cozido-no-vapor-em-panela-sim__46981.jpeg","datePublished":"2026-01-29T03:45:00+00:00","author":{"@id":"https:\/\/www.correiobraziliense.com.br\/cbradar\/#\/schema\/person\/4cec7857301a9a1a2ef249893cd908d3"},"description":"Forma alternativa de preparar br\u00f3colis preserva nutrientes essenciais e real\u00e7a sabor sem cozimento tradicional ou refogado excessivo","breadcrumb":{"@id":"https:\/\/www.correiobraziliense.com.br\/cbradar\/nem-cozido-e-nem-refogado-a-melhor-maneira-de-preparar-o-brocolis-sem-perder-nutrientes\/#breadcrumb"},"inLanguage":"pt-BR","potentialAction":[{"@type":"ReadAction","target":["https:\/\/www.correiobraziliense.com.br\/cbradar\/nem-cozido-e-nem-refogado-a-melhor-maneira-de-preparar-o-brocolis-sem-perder-nutrientes\/"]}]},{"@type":"ImageObject","inLanguage":"pt-BR","@id":"https:\/\/www.correiobraziliense.com.br\/cbradar\/nem-cozido-e-nem-refogado-a-melhor-maneira-de-preparar-o-brocolis-sem-perder-nutrientes\/#primaryimage","url":"https:\/\/www.correiobraziliense.com.br\/cbradar\/wp-content\/uploads\/2026\/01\/freepik__brcolis-fresco-sendo-cozido-no-vapor-em-panela-sim__46981.jpeg","contentUrl":"https:\/\/www.correiobraziliense.com.br\/cbradar\/wp-content\/uploads\/2026\/01\/freepik__brcolis-fresco-sendo-cozido-no-vapor-em-panela-sim__46981.jpeg","width":1280,"height":720,"caption":"O br\u00f3colis \u00e9 rico em vitamina C e compostos antioxidantes"},{"@type":"BreadcrumbList","@id":"https:\/\/www.correiobraziliense.com.br\/cbradar\/nem-cozido-e-nem-refogado-a-melhor-maneira-de-preparar-o-brocolis-sem-perder-nutrientes\/#breadcrumb","itemListElement":[{"@type":"ListItem","position":1,"name":"In\u00edcio","item":"https:\/\/www.correiobraziliense.com.br\/cbradar\/"},{"@type":"ListItem","position":2,"name":"Nem cozido e nem refogado: a melhor maneira de preparar o br\u00f3colis sem perder nutrientes"}]},{"@type":"WebSite","@id":"https:\/\/www.correiobraziliense.com.br\/cbradar\/#website","url":"https:\/\/www.correiobraziliense.com.br\/cbradar\/","name":"Correio Braziliense - Radar","description":"Acompanhe as \u00faltimas not\u00edcias e fique bem informado sobre tudo o que acontece no Brasil e no mundo.","potentialAction":[{"@type":"SearchAction","target":{"@type":"EntryPoint","urlTemplate":"https:\/\/www.correiobraziliense.com.br\/cbradar\/?s={search_term_string}"},"query-input":{"@type":"PropertyValueSpecification","valueRequired":true,"valueName":"search_term_string"}}],"inLanguage":"pt-BR"},{"@type":"Person","@id":"https:\/\/www.correiobraziliense.com.br\/cbradar\/#\/schema\/person\/4cec7857301a9a1a2ef249893cd908d3","name":"Paulo Custodio","image":{"@type":"ImageObject","inLanguage":"pt-BR","@id":"https:\/\/www.correiobraziliense.com.br\/cbradar\/#\/schema\/person\/image\/","url":"https:\/\/secure.gravatar.com\/avatar\/bcd67168d1534e8fcf4f45c726a87cea?s=96&d=mm&r=g","contentUrl":"https:\/\/secure.gravatar.com\/avatar\/bcd67168d1534e8fcf4f45c726a87cea?s=96&d=mm&r=g","caption":"Paulo Custodio"},"sameAs":["https:\/\/www.correiobraziliense.com.br\/cbradar"],"url":"https:\/\/www.correiobraziliense.com.br\/cbradar\/author\/paulomyth\/"}]}},"_links":{"self":[{"href":"https:\/\/www.correiobraziliense.com.br\/cbradar\/wp-json\/wp\/v2\/posts\/182823","targetHints":{"allow":["GET"]}}],"collection":[{"href":"https:\/\/www.correiobraziliense.com.br\/cbradar\/wp-json\/wp\/v2\/posts"}],"about":[{"href":"https:\/\/www.correiobraziliense.com.br\/cbradar\/wp-json\/wp\/v2\/types\/post"}],"author":[{"embeddable":true,"href":"https:\/\/www.correiobraziliense.com.br\/cbradar\/wp-json\/wp\/v2\/users\/11"}],"replies":[{"embeddable":true,"href":"https:\/\/www.correiobraziliense.com.br\/cbradar\/wp-json\/wp\/v2\/comments?post=182823"}],"version-history":[{"count":1,"href":"https:\/\/www.correiobraziliense.com.br\/cbradar\/wp-json\/wp\/v2\/posts\/182823\/revisions"}],"predecessor-version":[{"id":182824,"href":"https:\/\/www.correiobraziliense.com.br\/cbradar\/wp-json\/wp\/v2\/posts\/182823\/revisions\/182824"}],"wp:featuredmedia":[{"embeddable":true,"href":"https:\/\/www.correiobraziliense.com.br\/cbradar\/wp-json\/wp\/v2\/media\/183357"}],"wp:attachment":[{"href":"https:\/\/www.correiobraziliense.com.br\/cbradar\/wp-json\/wp\/v2\/media?parent=182823"}],"wp:term":[{"taxonomy":"category","embeddable":true,"href":"https:\/\/www.correiobraziliense.com.br\/cbradar\/wp-json\/wp\/v2\/categories?post=182823"},{"taxonomy":"post_tag","embeddable":true,"href":"https:\/\/www.correiobraziliense.com.br\/cbradar\/wp-json\/wp\/v2\/tags?post=182823"}],"curies":[{"name":"wp","href":"https:\/\/api.w.org\/{rel}","templated":true}]}}