{"id":182861,"date":"2026-01-27T20:02:54","date_gmt":"2026-01-27T23:02:54","guid":{"rendered":"https:\/\/www.correiobraziliense.com.br\/cbradar\/?p=182861"},"modified":"2026-01-27T20:02:58","modified_gmt":"2026-01-27T23:02:58","slug":"o-que-significa-sentir-fome-quando-estamos-sem-dormir-segundo-estudos","status":"publish","type":"post","link":"https:\/\/www.correiobraziliense.com.br\/cbradar\/o-que-significa-sentir-fome-quando-estamos-sem-dormir-segundo-estudos\/","title":{"rendered":"O que significa sentir fome quando estamos sem dormir, segundo estudos"},"content":{"rendered":"\n<p>A priva\u00e7\u00e3o de repouso altera profundamente os mecanismos biol\u00f3gicos que controlam a ingest\u00e3o cal\u00f3rica e a percep\u00e7\u00e3o de saciedade no c\u00e9rebro. Cientistas observam que a aus\u00eancia de sono gera uma tempestade hormonal, impulsionando o desejo por alimentos densos. Entender essa conex\u00e3o \u00e9 vital para manter a sa\u00fade metab\u00f3lica e o peso ideal.<\/p>\n\n\n\n<h2 class=\"wp-block-heading\">Qual \u00e9 o gatilho hormonal que desperta o apetite noturno?<\/h2>\n\n\n\n<p>Quando voc\u00ea ignora o descanso, os n\u00edveis de grelina, o horm\u00f4nio da fome, sobem drasticamente na corrente sangu\u00ednea. Simultaneamente, a leptina, respons\u00e1vel por avisar que o corpo est\u00e1 satisfeito, sofre uma queda acentuada. Esse desequil\u00edbrio qu\u00edmico cria uma necessidade fisiol\u00f3gica de comer.<\/p>\n\n\n\n<p>Estudos da <strong>Harvard Medical School<\/strong> indicam que dormir pouco aumenta a busca por carboidratos refinados e a\u00e7\u00facares. Segundo pesquisas da <a target=\"_blank\" rel=\"noreferrer noopener\" href=\"https:\/\/www.sleepfoundation.org\/\">National Sleep Foundation<\/a>, a mente cansada perde a capacidade de julgar corretamente as por\u00e7\u00f5es alimentares necess\u00e1rias para a sobreviv\u00eancia di\u00e1ria em 2026.<\/p>\n\n\n<div class=\"wp-block-image\">\n<figure class=\"aligncenter size-large\"><img decoding=\"async\" width=\"1024\" height=\"576\" src=\"https:\/\/www.correiobraziliense.com.br\/cbradar\/wp-content\/uploads\/2026\/01\/Gemini_Generated_Image_yraoieyraoieyrao-1-1-1024x576.png\" alt=\"O que significa sentir fome quando estamos sem dormir, segundo estudos\" class=\"wp-image-182865\" srcset=\"https:\/\/www.correiobraziliense.com.br\/cbradar\/wp-content\/uploads\/2026\/01\/Gemini_Generated_Image_yraoieyraoieyrao-1-1-1024x576.png 1024w, https:\/\/www.correiobraziliense.com.br\/cbradar\/wp-content\/uploads\/2026\/01\/Gemini_Generated_Image_yraoieyraoieyrao-1-1-300x169.png 300w, https:\/\/www.correiobraziliense.com.br\/cbradar\/wp-content\/uploads\/2026\/01\/Gemini_Generated_Image_yraoieyraoieyrao-1-1-768x432.png 768w, https:\/\/www.correiobraziliense.com.br\/cbradar\/wp-content\/uploads\/2026\/01\/Gemini_Generated_Image_yraoieyraoieyrao-1-1-750x422.png 750w, https:\/\/www.correiobraziliense.com.br\/cbradar\/wp-content\/uploads\/2026\/01\/Gemini_Generated_Image_yraoieyraoieyrao-1-1-1140x641.png 1140w, https:\/\/www.correiobraziliense.com.br\/cbradar\/wp-content\/uploads\/2026\/01\/Gemini_Generated_Image_yraoieyraoieyrao-1-1.png 1280w\" sizes=\"(max-width: 1024px) 100vw, 1024px\" \/><figcaption class=\"wp-element-caption\">Como o sono influencia a fome, o metabolismo e as escolhas alimentares.<\/figcaption><\/figure><\/div>\n\n\n<h2 class=\"wp-block-heading\">Por que o c\u00e9rebro exausto prioriza alimentos hipercal\u00f3ricos?<\/h2>\n\n\n\n<p>O sistema de recompensa cerebral torna-se mais sens\u00edvel a est\u00edmulos visuais de comidas gorduras quando estamos em vig\u00edlia for\u00e7ada. A falta de sono reduz o controle do c\u00f3rtex pr\u00e9-frontal, facilitando escolhas impulsivas. <strong>Decis\u00f5es conscientes<\/strong> tornam-se dif\u00edceis diante de uma vitrine de doces atrativa.<\/p>\n\n\n\n<p>Veja a tabela abaixo:<\/p>\n\n\n\n<figure class=\"wp-block-table\"><table class=\"has-fixed-layout\"><thead><tr><td><strong>Horm\u00f4nio<\/strong><\/td><td><strong>Fun\u00e7\u00e3o Original<\/strong><\/td><td><strong>Efeito na Ins\u00f4nia<\/strong><\/td><\/tr><\/thead><tbody><tr><td>Grelina<\/td><td>Estimular apetite<\/td><td>Aumento excessivo<\/td><\/tr><tr><td>Leptina<\/td><td>Gerar saciedade<\/td><td>Redu\u00e7\u00e3o dr\u00e1stica<\/td><\/tr><tr><td>Cortisol<\/td><td>Gerir estresse<\/td><td>Eleva\u00e7\u00e3o cal\u00f3rica<\/td><\/tr><\/tbody><\/table><\/figure>\n\n\n\n<h2 class=\"wp-block-heading\">Como a priva\u00e7\u00e3o de sono afeta o metabolismo basal?<\/h2>\n\n\n\n<p>Corpos <strong><a href=\"https:\/\/www.correiobraziliense.com.br\/cbradar\/o-que-significa-ver-libelulas-circulando-voce-perto-da-agua\/\" target=\"_blank\" rel=\"noreferrer noopener\">cansados <\/a><\/strong>tendem a economizar energia de forma instintiva, reduzindo a taxa metab\u00f3lica durante o dia seguinte. Essa economia for\u00e7ada, somada ao aumento da fome, cria o cen\u00e1rio ideal para o ganho de peso. O organismo armazena gordura como <strong>mecanismo de defesa<\/strong>.<\/p>\n\n\n\n<p>Confira a lista abaixo:<\/p>\n\n\n\n<ul class=\"wp-block-list\">\n<li>Aumento da resist\u00eancia insul\u00ednica.<\/li>\n\n\n\n<li>Maior reten\u00e7\u00e3o de l\u00edquidos corporais.<\/li>\n\n\n\n<li>Redu\u00e7\u00e3o da disposi\u00e7\u00e3o f\u00edsica aer\u00f3bica.<\/li>\n\n\n\n<li>Escolhas alimentares menos nutritivas.<\/li>\n<\/ul>\n\n\n\n<h2 class=\"wp-block-heading\">Existe uma rela\u00e7\u00e3o direta entre ins\u00f4nia e obesidade?<\/h2>\n\n\n\n<p>Dados epidemiol\u00f3gicos sugerem que pessoas que dormem menos de seis horas possuem maior risco de desenvolver doen\u00e7as metab\u00f3licas. O impacto cr\u00f4nico da vig\u00edlia altera a microbiota intestinal, favorecendo processos inflamat\u00f3rios. Manter o ciclo circadiano regulado \u00e9 uma <strong>estrat\u00e9gia preventiva<\/strong> indispens\u00e1vel hoje.<\/p>\n\n\n\n<p>A regula\u00e7\u00e3o do peso n\u00e3o depende apenas de dietas restritivas, mas da qualidade do descanso noturno. Sem dormir, o corpo perde a sincronia necess\u00e1ria para queimar gordura eficientemente. Priorizar o sono \u00e9 o primeiro passo para o <strong>sucesso metab\u00f3lico<\/strong> real em nossa rotina.<\/p>\n\n\n<div class=\"wp-block-image\">\n<figure class=\"aligncenter size-large\"><img decoding=\"async\" width=\"1024\" height=\"576\" src=\"https:\/\/www.correiobraziliense.com.br\/cbradar\/wp-content\/uploads\/2026\/01\/Gemini_Generated_Image_no22u0no22u0no22-1-1-1024x576.png\" alt=\"O que significa sentir fome quando estamos sem dormir, segundo estudos\" class=\"wp-image-182866\" srcset=\"https:\/\/www.correiobraziliense.com.br\/cbradar\/wp-content\/uploads\/2026\/01\/Gemini_Generated_Image_no22u0no22u0no22-1-1-1024x576.png 1024w, https:\/\/www.correiobraziliense.com.br\/cbradar\/wp-content\/uploads\/2026\/01\/Gemini_Generated_Image_no22u0no22u0no22-1-1-300x169.png 300w, https:\/\/www.correiobraziliense.com.br\/cbradar\/wp-content\/uploads\/2026\/01\/Gemini_Generated_Image_no22u0no22u0no22-1-1-768x432.png 768w, https:\/\/www.correiobraziliense.com.br\/cbradar\/wp-content\/uploads\/2026\/01\/Gemini_Generated_Image_no22u0no22u0no22-1-1-750x422.png 750w, https:\/\/www.correiobraziliense.com.br\/cbradar\/wp-content\/uploads\/2026\/01\/Gemini_Generated_Image_no22u0no22u0no22-1-1-1140x641.png 1140w, https:\/\/www.correiobraziliense.com.br\/cbradar\/wp-content\/uploads\/2026\/01\/Gemini_Generated_Image_no22u0no22u0no22-1-1.png 1280w\" sizes=\"(max-width: 1024px) 100vw, 1024px\" \/><figcaption class=\"wp-element-caption\">Como o sono influencia a fome, o metabolismo e as escolhas alimentares.<\/figcaption><\/figure><\/div>\n\n\n<h2 class=\"wp-block-heading\">Quais estrat\u00e9gias minimizam a fome ap\u00f3s uma noite em claro?<\/h2>\n\n\n\n<p>Optar por refei\u00e7\u00f5es ricas em prote\u00ednas e fibras ajuda a estabilizar os n\u00edveis de a\u00e7\u00facar no sangue. Evitar o consumo exagerado de cafe\u00edna impede que o sistema nervoso fique ainda mais estressado. Manter a hidrata\u00e7\u00e3o constante \u00e9 uma <strong>t\u00e1tica simples<\/strong> e eficiente para todos.<\/p>\n\n\n\n<p>Expor-se \u00e0 luz natural logo cedo auxilia na regula\u00e7\u00e3o do ritmo biol\u00f3gico, sinalizando ao c\u00e9rebro o in\u00edcio do dia. Cochilos breves de vinte minutos podem reduzir a ansiedade alimentar sem prejudicar o sono da noite seguinte. Equilibre sua <strong>rotina biol\u00f3gica<\/strong> com sabedoria absoluta sempre.<\/p>\n","protected":false},"excerpt":{"rendered":"<p>A priva\u00e7\u00e3o de repouso altera profundamente os mecanismos biol\u00f3gicos que controlam a ingest\u00e3o cal\u00f3rica e a percep\u00e7\u00e3o de saciedade no c\u00e9rebro. Cientistas observam que a aus\u00eancia de sono gera uma tempestade hormonal, impulsionando o desejo por alimentos densos. Entender essa conex\u00e3o \u00e9 vital para manter a sa\u00fade metab\u00f3lica e o peso ideal. Qual \u00e9 o [&hellip;]<\/p>\n","protected":false},"author":21,"featured_media":182864,"comment_status":"open","ping_status":"open","sticky":false,"template":"","format":"standard","meta":{"_yoast_wpseo_focuskw":"falta de sono e fome","_yoast_wpseo_title":"","_yoast_wpseo_metadesc":"A falta de sono altera horm\u00f4nios ligados \u00e0 fome, aumenta o desejo por alimentos cal\u00f3ricos e dificulta o controle do peso.","jnews-multi-image_gallery":[],"jnews_single_post":{"format":"standard"},"jnews_primary_category":[],"jnews_social_meta":[],"jnews_override_counter":[],"footnotes":""},"categories":[112],"tags":[14485,3287,6361],"class_list":["post-182861","post","type-post","status-publish","format-standard","has-post-thumbnail","hentry","category-curiosidades","tag-dormi","tag-estudos","tag-fome"],"yoast_head":"<!-- This site is optimized with the Yoast SEO plugin v24.6 - https:\/\/yoast.com\/wordpress\/plugins\/seo\/ -->\n<title>O que significa sentir fome quando estamos sem dormir, segundo estudos - Correio Braziliense - Radar<\/title>\n<meta name=\"description\" content=\"A falta de sono altera horm\u00f4nios ligados \u00e0 fome, aumenta o desejo por alimentos cal\u00f3ricos e dificulta o controle do peso.\" \/>\n<meta name=\"robots\" content=\"index, follow, max-snippet:-1, max-image-preview:large, max-video-preview:-1\" \/>\n<link rel=\"canonical\" href=\"https:\/\/www.correiobraziliense.com.br\/cbradar\/o-que-significa-sentir-fome-quando-estamos-sem-dormir-segundo-estudos\/\" \/>\n<meta property=\"og:locale\" content=\"pt_BR\" \/>\n<meta property=\"og:type\" content=\"article\" \/>\n<meta property=\"og:title\" content=\"O que significa sentir fome quando estamos sem dormir, segundo estudos - Correio Braziliense - Radar\" \/>\n<meta property=\"og:description\" content=\"A falta de sono altera horm\u00f4nios ligados \u00e0 fome, aumenta o desejo por alimentos cal\u00f3ricos e dificulta o controle do peso.\" \/>\n<meta property=\"og:url\" content=\"https:\/\/www.correiobraziliense.com.br\/cbradar\/o-que-significa-sentir-fome-quando-estamos-sem-dormir-segundo-estudos\/\" \/>\n<meta property=\"og:site_name\" content=\"Correio Braziliense - Radar\" \/>\n<meta property=\"article:published_time\" content=\"2026-01-27T23:02:54+00:00\" \/>\n<meta property=\"article:modified_time\" content=\"2026-01-27T23:02:58+00:00\" \/>\n<meta property=\"og:image\" content=\"https:\/\/www.correiobraziliense.com.br\/cbradar\/wp-content\/uploads\/2026\/01\/Gemini_Generated_Image_27mg1b27mg1b27mg-1-1.png\" \/>\n\t<meta property=\"og:image:width\" content=\"1280\" \/>\n\t<meta property=\"og:image:height\" content=\"720\" \/>\n\t<meta property=\"og:image:type\" content=\"image\/png\" \/>\n<meta name=\"author\" content=\"Patrick Silva\" \/>\n<meta name=\"twitter:card\" content=\"summary_large_image\" \/>\n<meta name=\"twitter:label1\" content=\"Escrito por\" \/>\n\t<meta name=\"twitter:data1\" content=\"Patrick Silva\" \/>\n\t<meta name=\"twitter:label2\" content=\"Est. tempo de leitura\" \/>\n\t<meta name=\"twitter:data2\" content=\"4 minutos\" \/>\n<!-- \/ Yoast SEO plugin. -->","yoast_head_json":{"title":"O que significa sentir fome quando estamos sem dormir, segundo estudos - Correio Braziliense - Radar","description":"A falta de sono altera horm\u00f4nios ligados \u00e0 fome, aumenta o desejo por alimentos cal\u00f3ricos e dificulta o controle do peso.","robots":{"index":"index","follow":"follow","max-snippet":"max-snippet:-1","max-image-preview":"max-image-preview:large","max-video-preview":"max-video-preview:-1"},"canonical":"https:\/\/www.correiobraziliense.com.br\/cbradar\/o-que-significa-sentir-fome-quando-estamos-sem-dormir-segundo-estudos\/","og_locale":"pt_BR","og_type":"article","og_title":"O que significa sentir fome quando estamos sem dormir, segundo estudos - Correio Braziliense - Radar","og_description":"A falta de sono altera horm\u00f4nios ligados \u00e0 fome, aumenta o desejo por alimentos cal\u00f3ricos e dificulta o controle do peso.","og_url":"https:\/\/www.correiobraziliense.com.br\/cbradar\/o-que-significa-sentir-fome-quando-estamos-sem-dormir-segundo-estudos\/","og_site_name":"Correio Braziliense - Radar","article_published_time":"2026-01-27T23:02:54+00:00","article_modified_time":"2026-01-27T23:02:58+00:00","og_image":[{"width":1280,"height":720,"url":"https:\/\/www.correiobraziliense.com.br\/cbradar\/wp-content\/uploads\/2026\/01\/Gemini_Generated_Image_27mg1b27mg1b27mg-1-1.png","type":"image\/png"}],"author":"Patrick Silva","twitter_card":"summary_large_image","twitter_misc":{"Escrito por":"Patrick Silva","Est. tempo de leitura":"4 minutos"},"schema":{"@context":"https:\/\/schema.org","@graph":[{"@type":"WebPage","@id":"https:\/\/www.correiobraziliense.com.br\/cbradar\/o-que-significa-sentir-fome-quando-estamos-sem-dormir-segundo-estudos\/","url":"https:\/\/www.correiobraziliense.com.br\/cbradar\/o-que-significa-sentir-fome-quando-estamos-sem-dormir-segundo-estudos\/","name":"O que significa sentir fome quando estamos sem dormir, segundo estudos - Correio Braziliense - Radar","isPartOf":{"@id":"https:\/\/www.correiobraziliense.com.br\/cbradar\/#website"},"primaryImageOfPage":{"@id":"https:\/\/www.correiobraziliense.com.br\/cbradar\/o-que-significa-sentir-fome-quando-estamos-sem-dormir-segundo-estudos\/#primaryimage"},"image":{"@id":"https:\/\/www.correiobraziliense.com.br\/cbradar\/o-que-significa-sentir-fome-quando-estamos-sem-dormir-segundo-estudos\/#primaryimage"},"thumbnailUrl":"https:\/\/www.correiobraziliense.com.br\/cbradar\/wp-content\/uploads\/2026\/01\/Gemini_Generated_Image_27mg1b27mg1b27mg-1-1.png","datePublished":"2026-01-27T23:02:54+00:00","dateModified":"2026-01-27T23:02:58+00:00","author":{"@id":"https:\/\/www.correiobraziliense.com.br\/cbradar\/#\/schema\/person\/5440b72be9c7eb74f446c846479dc4da"},"description":"A falta de sono altera horm\u00f4nios ligados \u00e0 fome, aumenta o desejo por alimentos cal\u00f3ricos e dificulta o controle do peso.","breadcrumb":{"@id":"https:\/\/www.correiobraziliense.com.br\/cbradar\/o-que-significa-sentir-fome-quando-estamos-sem-dormir-segundo-estudos\/#breadcrumb"},"inLanguage":"pt-BR","potentialAction":[{"@type":"ReadAction","target":["https:\/\/www.correiobraziliense.com.br\/cbradar\/o-que-significa-sentir-fome-quando-estamos-sem-dormir-segundo-estudos\/"]}]},{"@type":"ImageObject","inLanguage":"pt-BR","@id":"https:\/\/www.correiobraziliense.com.br\/cbradar\/o-que-significa-sentir-fome-quando-estamos-sem-dormir-segundo-estudos\/#primaryimage","url":"https:\/\/www.correiobraziliense.com.br\/cbradar\/wp-content\/uploads\/2026\/01\/Gemini_Generated_Image_27mg1b27mg1b27mg-1-1.png","contentUrl":"https:\/\/www.correiobraziliense.com.br\/cbradar\/wp-content\/uploads\/2026\/01\/Gemini_Generated_Image_27mg1b27mg1b27mg-1-1.png","width":1280,"height":720,"caption":"Como o sono influencia a fome, o metabolismo e as escolhas alimentares."},{"@type":"BreadcrumbList","@id":"https:\/\/www.correiobraziliense.com.br\/cbradar\/o-que-significa-sentir-fome-quando-estamos-sem-dormir-segundo-estudos\/#breadcrumb","itemListElement":[{"@type":"ListItem","position":1,"name":"In\u00edcio","item":"https:\/\/www.correiobraziliense.com.br\/cbradar\/"},{"@type":"ListItem","position":2,"name":"O que significa sentir fome quando estamos sem dormir, segundo estudos"}]},{"@type":"WebSite","@id":"https:\/\/www.correiobraziliense.com.br\/cbradar\/#website","url":"https:\/\/www.correiobraziliense.com.br\/cbradar\/","name":"Correio Braziliense - Radar","description":"Acompanhe as \u00faltimas not\u00edcias e fique bem informado sobre tudo o que acontece no Brasil e no mundo.","potentialAction":[{"@type":"SearchAction","target":{"@type":"EntryPoint","urlTemplate":"https:\/\/www.correiobraziliense.com.br\/cbradar\/?s={search_term_string}"},"query-input":{"@type":"PropertyValueSpecification","valueRequired":true,"valueName":"search_term_string"}}],"inLanguage":"pt-BR"},{"@type":"Person","@id":"https:\/\/www.correiobraziliense.com.br\/cbradar\/#\/schema\/person\/5440b72be9c7eb74f446c846479dc4da","name":"Patrick Silva","image":{"@type":"ImageObject","inLanguage":"pt-BR","@id":"https:\/\/www.correiobraziliense.com.br\/cbradar\/#\/schema\/person\/image\/","url":"https:\/\/secure.gravatar.com\/avatar\/944109df296fc087785c9715fd5f80b2?s=96&d=mm&r=g","contentUrl":"https:\/\/secure.gravatar.com\/avatar\/944109df296fc087785c9715fd5f80b2?s=96&d=mm&r=g","caption":"Patrick Silva"},"sameAs":["https:\/\/www.correiobraziliense.com.br\/cbradar\/"],"url":"https:\/\/www.correiobraziliense.com.br\/cbradar\/author\/patrick-silva\/"}]}},"_links":{"self":[{"href":"https:\/\/www.correiobraziliense.com.br\/cbradar\/wp-json\/wp\/v2\/posts\/182861","targetHints":{"allow":["GET"]}}],"collection":[{"href":"https:\/\/www.correiobraziliense.com.br\/cbradar\/wp-json\/wp\/v2\/posts"}],"about":[{"href":"https:\/\/www.correiobraziliense.com.br\/cbradar\/wp-json\/wp\/v2\/types\/post"}],"author":[{"embeddable":true,"href":"https:\/\/www.correiobraziliense.com.br\/cbradar\/wp-json\/wp\/v2\/users\/21"}],"replies":[{"embeddable":true,"href":"https:\/\/www.correiobraziliense.com.br\/cbradar\/wp-json\/wp\/v2\/comments?post=182861"}],"version-history":[{"count":3,"href":"https:\/\/www.correiobraziliense.com.br\/cbradar\/wp-json\/wp\/v2\/posts\/182861\/revisions"}],"predecessor-version":[{"id":182867,"href":"https:\/\/www.correiobraziliense.com.br\/cbradar\/wp-json\/wp\/v2\/posts\/182861\/revisions\/182867"}],"wp:featuredmedia":[{"embeddable":true,"href":"https:\/\/www.correiobraziliense.com.br\/cbradar\/wp-json\/wp\/v2\/media\/182864"}],"wp:attachment":[{"href":"https:\/\/www.correiobraziliense.com.br\/cbradar\/wp-json\/wp\/v2\/media?parent=182861"}],"wp:term":[{"taxonomy":"category","embeddable":true,"href":"https:\/\/www.correiobraziliense.com.br\/cbradar\/wp-json\/wp\/v2\/categories?post=182861"},{"taxonomy":"post_tag","embeddable":true,"href":"https:\/\/www.correiobraziliense.com.br\/cbradar\/wp-json\/wp\/v2\/tags?post=182861"}],"curies":[{"name":"wp","href":"https:\/\/api.w.org\/{rel}","templated":true}]}}