{"id":182871,"date":"2026-01-28T06:25:00","date_gmt":"2026-01-28T09:25:00","guid":{"rendered":"https:\/\/www.correiobraziliense.com.br\/cbradar\/?p=182871"},"modified":"2026-01-27T22:15:43","modified_gmt":"2026-01-28T01:15:43","slug":"a-pequena-cidade-no-sul-com-apenas-2-600-moradores-com-um-idioma-proprio-e-cultura-rara-no-brasil","status":"publish","type":"post","link":"https:\/\/www.correiobraziliense.com.br\/cbradar\/a-pequena-cidade-no-sul-com-apenas-2-600-moradores-com-um-idioma-proprio-e-cultura-rara-no-brasil\/","title":{"rendered":"A pequena cidade no Sul com apenas 2.600 moradores com um idioma pr\u00f3prio e cultura rara no Brasil"},"content":{"rendered":"\n<p>A cidade de <strong>Monte Belo do Sul<\/strong> localiza-se na <strong>Serra Ga\u00facha<\/strong>, a cerca de 120 km da capital <strong>Porto Alegre<\/strong>. Vizinha tranquila da badalada <strong>Bento Gon\u00e7alves<\/strong>, o munic\u00edpio se destaca por manter a autenticidade da imigra\u00e7\u00e3o italiana quase intocada, oferecendo uma experi\u00eancia de turismo rural genu\u00edna e silenciosa.<\/p>\n\n\n\n<h2 class=\"wp-block-heading\">Por que a cidade det\u00e9m o t\u00edtulo de maior produtora per capita?<\/h2>\n\n\n\n<p><strong>A dedica\u00e7\u00e3o \u00e0 vitivinicultura define a geografia econ\u00f4mica local, onde a propor\u00e7\u00e3o de parreirais por habitante \u00e9 uma das maiores da regi\u00e3o da Serra Ga\u00facha. <\/strong>Quase todas as fam\u00edlias possuem alguma liga\u00e7\u00e3o com o cultivo da videira, transformando as encostas dos vales em um mosaico verde que muda de cor conforme as esta\u00e7\u00f5es.<\/p>\n\n\n\n<p>Essa voca\u00e7\u00e3o agr\u00edcola n\u00e3o apenas sustenta a economia, mas molda a paisagem. A produ\u00e7\u00e3o \u00e9 majoritariamente destinada a vin\u00edcolas renomadas da regi\u00e3o, embora o movimento de produtores locais engarrafando seus pr\u00f3prios r\u00f3tulos de vinhos finos e espumantes tenha crescido exponencialmente nos \u00faltimos anos.<\/p>\n\n\n<div class=\"wp-block-image\">\n<figure class=\"aligncenter size-large\"><img decoding=\"async\" width=\"1024\" height=\"576\" src=\"https:\/\/www.correiobraziliense.com.br\/cbradar\/wp-content\/uploads\/2026\/01\/Monte-Belo-do-Sul_1769561306596-1024x576.jpg\" alt=\"Uma pequena cidade no Sul com apenas 2.600 moradores preserva at\u00e9 mesmo um idioma pr\u00f3prio e cultura rara no Brasil\" class=\"wp-image-182932\" srcset=\"https:\/\/www.correiobraziliense.com.br\/cbradar\/wp-content\/uploads\/2026\/01\/Monte-Belo-do-Sul_1769561306596-1024x576.jpg 1024w, https:\/\/www.correiobraziliense.com.br\/cbradar\/wp-content\/uploads\/2026\/01\/Monte-Belo-do-Sul_1769561306596-300x169.jpg 300w, https:\/\/www.correiobraziliense.com.br\/cbradar\/wp-content\/uploads\/2026\/01\/Monte-Belo-do-Sul_1769561306596-768x432.jpg 768w, https:\/\/www.correiobraziliense.com.br\/cbradar\/wp-content\/uploads\/2026\/01\/Monte-Belo-do-Sul_1769561306596-750x422.jpg 750w, https:\/\/www.correiobraziliense.com.br\/cbradar\/wp-content\/uploads\/2026\/01\/Monte-Belo-do-Sul_1769561306596-1140x641.jpg 1140w, https:\/\/www.correiobraziliense.com.br\/cbradar\/wp-content\/uploads\/2026\/01\/Monte-Belo-do-Sul_1769561306596.jpg 1280w\" sizes=\"(max-width: 1024px) 100vw, 1024px\" \/><figcaption class=\"wp-element-caption\">Visite vin\u00edcolas, Piazza Schiavon e trilhas em Monte Belo do Sul: um ref\u00fagio sereno na rota dos vinhos italianos. \/ Cr\u00e9ditos: depositphotos.com \/ lltrarbach<\/figcaption><\/figure><\/div>\n\n\n<h2 class=\"wp-block-heading\">Como o dialeto Talian resiste ao tempo na rotina dos moradores?<\/h2>\n\n\n\n<p>Caminhar pelas ruas de <strong>Monte Belo do Sul<\/strong> \u00e9 ouvir o <strong>Talian<\/strong>, um dialeto v\u00eaneto-brasileiro falado fluentemente entre os vizinhos na pra\u00e7a central. A preserva\u00e7\u00e3o lingu\u00edstica \u00e9 um patrim\u00f4nio imaterial que refor\u00e7a o sentimento de comunidade e atrai estudiosos interessados na hist\u00f3ria da coloniza\u00e7\u00e3o.<\/p>\n\n\n\n<p>O estilo de vida segue o ritmo do &#8220;slow living&#8221;, onde a pressa das metr\u00f3poles n\u00e3o encontra espa\u00e7o. As refei\u00e7\u00f5es s\u00e3o longas, celebradas com polenta e vinho, e a sesta ap\u00f3s o almo\u00e7o ainda \u00e9 um h\u00e1bito respeitado por muitos comerciantes locais.<\/p>\n\n\n\n<p><strong>Mergulhe na alma italiana da Serra Ga\u00facha numa vila onde o tempo corre sem pressa e as tradi\u00e7\u00f5es s\u00e3o vividas em cada esquina. <\/strong>O v\u00eddeo \u00e9 do canal <strong>Diogo Elzinga<\/strong>, que conta com mais de <strong>1 milh\u00e3o de subscritos<\/strong>, e apresenta um document\u00e1rio profundo sobre Monte Belo do Sul, revelando os segredos da sua cultura, gastronomia e hospitalidade:<\/p>\n\n\n\n<figure class=\"wp-block-embed aligncenter is-type-video is-provider-youtube wp-block-embed-youtube wp-embed-aspect-16-9 wp-has-aspect-ratio\"><div class=\"wp-block-embed__wrapper\">\n<div class=\"jeg_video_container jeg_video_content\"><iframe loading=\"lazy\" title=\"A ALMA ITALIANA da Serra Ga\u00facha | Monte Belo do Sul [DOCUMENT\u00c1RIO]\" width=\"500\" height=\"281\" src=\"https:\/\/www.youtube.com\/embed\/VZxqF9h79d8?feature=oembed\" frameborder=\"0\" allow=\"accelerometer; autoplay; clipboard-write; encrypted-media; gyroscope; picture-in-picture; web-share\" referrerpolicy=\"strict-origin-when-cross-origin\" allowfullscreen><\/iframe><\/div>\n<\/div><\/figure>\n\n\n\n<h2 class=\"wp-block-heading\">Qual a rela\u00e7\u00e3o entre vida pacata e \u00edndices de desenvolvimento?<\/h2>\n\n\n\n<p>O munic\u00edpio conta com uma popula\u00e7\u00e3o pequena de aproximadamente 2.600 habitantes, estimativa <strong>IBGE<\/strong> 2024, o que facilita uma gest\u00e3o p\u00fablica pr\u00f3xima e eficiente. Dados<a href=\"https:\/\/cidades.ibge.gov.br\/brasil\/rs\/monte-belo-do-sul\/panorama\" target=\"_blank\" rel=\"noreferrer noopener\"> <strong>Instituto Brasileiro de Geografia e Estat\u00edstica (IBGE)<\/strong> <\/a>apontam um <strong>IDH<\/strong> de 0,752, refletindo a excel\u00eancia na sa\u00fade preventiva e na educa\u00e7\u00e3o b\u00e1sica.<\/p>\n\n\n\n<p>A seguran\u00e7a \u00e9 um dos pilares da qualidade de vida, permitindo que casas permane\u00e7am sem muros altos e crian\u00e7as brinquem nas ruas. A longevidade da popula\u00e7\u00e3o \u00e9 not\u00e1vel, atribu\u00edda frequentemente \u00e0 dieta mediterr\u00e2nea adaptada e \u00e0 atividade f\u00edsica constante nas ladeiras da cidade.<\/p>\n\n\n<div class=\"wp-block-image\">\n<figure class=\"aligncenter size-large\"><img decoding=\"async\" width=\"1024\" height=\"576\" src=\"https:\/\/www.correiobraziliense.com.br\/cbradar\/wp-content\/uploads\/2026\/01\/Monte-Belo-do-Sul_1769561355770-1024x576.jpg\" alt=\"Uma pequena cidade no Sul com apenas 2.600 moradores preserva at\u00e9 mesmo um idioma pr\u00f3prio e cultura rara no Brasil\" class=\"wp-image-182934\" srcset=\"https:\/\/www.correiobraziliense.com.br\/cbradar\/wp-content\/uploads\/2026\/01\/Monte-Belo-do-Sul_1769561355770-1024x576.jpg 1024w, https:\/\/www.correiobraziliense.com.br\/cbradar\/wp-content\/uploads\/2026\/01\/Monte-Belo-do-Sul_1769561355770-300x169.jpg 300w, https:\/\/www.correiobraziliense.com.br\/cbradar\/wp-content\/uploads\/2026\/01\/Monte-Belo-do-Sul_1769561355770-768x432.jpg 768w, https:\/\/www.correiobraziliense.com.br\/cbradar\/wp-content\/uploads\/2026\/01\/Monte-Belo-do-Sul_1769561355770-750x422.jpg 750w, https:\/\/www.correiobraziliense.com.br\/cbradar\/wp-content\/uploads\/2026\/01\/Monte-Belo-do-Sul_1769561355770-1140x641.jpg 1140w, https:\/\/www.correiobraziliense.com.br\/cbradar\/wp-content\/uploads\/2026\/01\/Monte-Belo-do-Sul_1769561355770.jpg 1280w\" sizes=\"(max-width: 1024px) 100vw, 1024px\" \/><figcaption class=\"wp-element-caption\">Monte Belo do Sul, RS, Vale dos Vinhedos com parreirais, mirante Dal Castel e coloniza\u00e7\u00e3o italiana preservada. \/ Cr\u00e9ditos: depositphotos.com \/ lltrarbach<\/figcaption><\/figure><\/div>\n\n\n<h2 class=\"wp-block-heading\">Qual o roteiro de charme entre vales e parreirais?<\/h2>\n\n\n\n<p>O turismo em <strong>Monte Belo do Sul<\/strong> foca na contempla\u00e7\u00e3o e na enogastronomia de boutique. Diferente dos grandes parques tem\u00e1ticos da serra, aqui a atra\u00e7\u00e3o \u00e9 a visita intimista a cantinas familiares e a aprecia\u00e7\u00e3o da arquitetura sacra que domina o horizonte.<\/p>\n\n\n\n<p>Abaixo est\u00e3o os locais imperd\u00edveis para vivenciar a atmosfera toscana do sul do <strong>Brasil<\/strong>:<\/p>\n\n\n\n<ul class=\"wp-block-list\">\n<li><strong>Igreja Matriz S\u00e3o Francisco de Assis<\/strong>: possui duas torres imponentes de 65 metros e bel\u00edssimos afrescos internos.<\/li>\n\n\n\n<li><strong>Pra\u00e7a Padre Jos\u00e9 Ferlin<\/strong>: cora\u00e7\u00e3o da cidade, cercada por casar\u00f5es hist\u00f3ricos e ideal para descanso.<\/li>\n\n\n\n<li><strong>Vin\u00edcolas Familiares<\/strong>: diversas pequenas propriedades oferecem degusta\u00e7\u00f5es personalizadas direto com os donos.<\/li>\n\n\n\n<li><strong>Mirante do Vale dos Vinhedos<\/strong>: ponto estrat\u00e9gico que oferece uma vista panor\u00e2mica deslumbrante das colinas.<\/li>\n\n\n\n<li><strong>Casa Fantin<\/strong>: resid\u00eancia hist\u00f3rica que preserva a arquitetura t\u00edpica dos primeiros imigrantes italianos.<\/li>\n<\/ul>\n\n\n<div class=\"wp-block-image\">\n<figure class=\"aligncenter size-large\"><img decoding=\"async\" width=\"1024\" height=\"576\" src=\"https:\/\/www.correiobraziliense.com.br\/cbradar\/wp-content\/uploads\/2026\/01\/Monte-Belo-do-Sul_1769561262424-1024x576.jpg\" alt=\"Uma pequena cidade no Sul com apenas 2.600 moradores preserva at\u00e9 mesmo um idioma pr\u00f3prio e cultura rara no Brasil\" class=\"wp-image-182930\" srcset=\"https:\/\/www.correiobraziliense.com.br\/cbradar\/wp-content\/uploads\/2026\/01\/Monte-Belo-do-Sul_1769561262424-1024x576.jpg 1024w, https:\/\/www.correiobraziliense.com.br\/cbradar\/wp-content\/uploads\/2026\/01\/Monte-Belo-do-Sul_1769561262424-300x169.jpg 300w, https:\/\/www.correiobraziliense.com.br\/cbradar\/wp-content\/uploads\/2026\/01\/Monte-Belo-do-Sul_1769561262424-768x432.jpg 768w, https:\/\/www.correiobraziliense.com.br\/cbradar\/wp-content\/uploads\/2026\/01\/Monte-Belo-do-Sul_1769561262424-750x422.jpg 750w, https:\/\/www.correiobraziliense.com.br\/cbradar\/wp-content\/uploads\/2026\/01\/Monte-Belo-do-Sul_1769561262424-1140x641.jpg 1140w, https:\/\/www.correiobraziliense.com.br\/cbradar\/wp-content\/uploads\/2026\/01\/Monte-Belo-do-Sul_1769561262424.jpg 1280w\" sizes=\"(max-width: 1024px) 100vw, 1024px\" \/><figcaption class=\"wp-element-caption\"> Monte Belo do Sul, RS, Vale dos Vinhedos com parreirais, mirante Dal Castel e coloniza\u00e7\u00e3o italiana preservada. \/ Cr\u00e9ditos: depositphotos.com \/ lltrarbach<\/figcaption><\/figure><\/div>\n\n\n<p><strong>Leia tamb\u00e9m: <a href=\"https:\/\/www.correiobraziliense.com.br\/cbradar\/os-nomes-de-bebes-inspirados-em-paises-que-podem-ganhar-forca-em-2026\/\" target=\"_blank\" rel=\"noreferrer noopener\">Os nomes de beb\u00eas inspirados em pa\u00edses que podem ganhar for\u00e7a em 2026<\/a>.<\/strong><\/p>\n\n\n\n<h2 class=\"wp-block-heading\">O comportamento do inverno nos vales da serra<\/h2>\n\n\n\n<p>O clima em <strong>Monte Belo do Sul<\/strong> \u00e9 subtropical \u00famido, com invernos rigorosos acentuados pela altitude e ventos constantes. As geadas s\u00e3o espet\u00e1culos frequentes que cobrem os vinhedos de branco, enquanto o ver\u00e3o oferece dias quentes ideais para a matura\u00e7\u00e3o da uva.<\/p>\n\n\n\n<p>Para aproveitar o melhor de cada \u00e9poca na regi\u00e3o uvaleira, consulte a tabela clim\u00e1tica a seguir:<\/p>\n\n\n\n<figure class=\"wp-block-table\"><table class=\"has-fixed-layout\"><thead><tr><th>Per\u00edodo (meses)<\/th><th>Temperatura m\u00e9dia<\/th><th>Clima<\/th><th>Atividades recomendadas<\/th><\/tr><\/thead><tbody><tr><td>Junho a Agosto<\/td><td>11\u00b0C<\/td><td>Frio intenso<\/td><td>Vinhos tintos e lareira<\/td><\/tr><tr><td>Setembro a Novembro<\/td><td>19\u00b0C<\/td><td>Ameno<\/td><td>Caminhadas e fotografia<\/td><\/tr><tr><td>Dezembro a Fevereiro<\/td><td>24\u00b0C<\/td><td>Quente<\/td><td>Vindima (colheita da uva)<\/td><\/tr><tr><td>Mar\u00e7o a Maio<\/td><td>17\u00b0C<\/td><td>Outono dourado<\/td><td>Piqueniques nos parreirais<\/td><\/tr><\/tbody><\/table><\/figure>\n\n\n\n<p><em>Baseado em valores m\u00e9dios aproximados<\/em> <em>do portal <strong><a href=\"https:\/\/www.climatempo.com.br\/previsao-do-tempo\/cidade\/2756\/montebelo-mg\" target=\"_blank\" rel=\"noreferrer noopener\">Climatempo<\/a><\/strong>.<\/em><\/p>\n\n\n\n<h2 class=\"wp-block-heading\">Motivos para se refugiar em Monte Belo do Sul<\/h2>\n\n\n\n<p><strong>A cidade oferece um ant\u00eddoto ao estresse moderno, combinando paisagens de tirar o f\u00f4lego com uma hospitalidade acolhedora.<\/strong> \u00c9 o destino perfeito para quem busca desconex\u00e3o digital e reconex\u00e3o com a terra e a boa mesa.<\/p>\n\n\n\n<ul class=\"wp-block-list\">\n<li>Gastronomia colonial farta servida em ambientes familiares e hist\u00f3ricos.<\/li>\n\n\n\n<li>Produ\u00e7\u00e3o de vinhos de autor premiados e exclusivos da regi\u00e3o.<\/li>\n\n\n\n<li>Cen\u00e1rio arquitet\u00f4nico preservado que remete \u00e0s vilas do norte da <strong>It\u00e1lia<\/strong>.<\/li>\n<\/ul>\n\n\n\n<p>Venha visitar este peda\u00e7o da <strong>It\u00e1lia<\/strong> escondido nas colinas ga\u00fachas.<\/p>\n","protected":false},"excerpt":{"rendered":"<p>A cidade de Monte Belo do Sul localiza-se na Serra Ga\u00facha, a cerca de 120 km da capital Porto Alegre. Vizinha tranquila da badalada Bento Gon\u00e7alves, o munic\u00edpio se destaca por manter a autenticidade da imigra\u00e7\u00e3o italiana quase intocada, oferecendo uma experi\u00eancia de turismo rural genu\u00edna e silenciosa. Por que a cidade det\u00e9m o t\u00edtulo [&hellip;]<\/p>\n","protected":false},"author":8,"featured_media":182956,"comment_status":"open","ping_status":"open","sticky":false,"template":"","format":"standard","meta":{"_yoast_wpseo_focuskw":"cidade no sul","_yoast_wpseo_title":"","_yoast_wpseo_metadesc":"Com poucos moradores e muita identidade, essa \u00e9 a cidade no Sul onde um idioma pr\u00f3prio ainda faz parte do cotidiano.","jnews-multi-image_gallery":[],"jnews_single_post":{"format":"standard"},"jnews_primary_category":[],"jnews_social_meta":[],"jnews_override_counter":[],"footnotes":""},"categories":[108,111],"tags":[14487,217,327],"class_list":["post-182871","post","type-post","status-publish","format-standard","has-post-thumbnail","hentry","category-cidades","category-turismo","tag-monte-belo-do-sul","tag-rio-grande-do-sul","tag-serra-gaucha"],"yoast_head":"<!-- This site is optimized with the Yoast SEO plugin v24.6 - https:\/\/yoast.com\/wordpress\/plugins\/seo\/ -->\n<title>A pequena cidade no Sul com apenas 2.600 moradores com um idioma pr\u00f3prio e cultura rara no Brasil - Correio Braziliense - Radar<\/title>\n<meta name=\"description\" content=\"Com poucos moradores e muita identidade, essa \u00e9 a cidade no Sul onde um idioma pr\u00f3prio ainda faz parte do cotidiano.\" \/>\n<meta name=\"robots\" content=\"index, follow, max-snippet:-1, max-image-preview:large, max-video-preview:-1\" \/>\n<link rel=\"canonical\" href=\"https:\/\/www.correiobraziliense.com.br\/cbradar\/a-pequena-cidade-no-sul-com-apenas-2-600-moradores-com-um-idioma-proprio-e-cultura-rara-no-brasil\/\" \/>\n<meta property=\"og:locale\" content=\"pt_BR\" \/>\n<meta property=\"og:type\" content=\"article\" \/>\n<meta property=\"og:title\" content=\"A pequena cidade no Sul com apenas 2.600 moradores com um idioma pr\u00f3prio e cultura rara no Brasil - Correio Braziliense - Radar\" \/>\n<meta property=\"og:description\" content=\"Com poucos moradores e muita identidade, essa \u00e9 a cidade no Sul onde um idioma pr\u00f3prio ainda faz parte do cotidiano.\" \/>\n<meta property=\"og:url\" content=\"https:\/\/www.correiobraziliense.com.br\/cbradar\/a-pequena-cidade-no-sul-com-apenas-2-600-moradores-com-um-idioma-proprio-e-cultura-rara-no-brasil\/\" \/>\n<meta property=\"og:site_name\" content=\"Correio Braziliense - Radar\" \/>\n<meta property=\"article:published_time\" content=\"2026-01-28T09:25:00+00:00\" \/>\n<meta property=\"og:image\" content=\"https:\/\/www.correiobraziliense.com.br\/cbradar\/wp-content\/uploads\/2026\/01\/aaa-2026-01-27T221122.952.png\" \/>\n\t<meta property=\"og:image:width\" content=\"1280\" \/>\n\t<meta property=\"og:image:height\" content=\"720\" \/>\n\t<meta property=\"og:image:type\" content=\"image\/png\" \/>\n<meta name=\"author\" content=\"Maura Pereira\" \/>\n<meta name=\"twitter:card\" content=\"summary_large_image\" \/>\n<meta name=\"twitter:label1\" content=\"Escrito por\" \/>\n\t<meta name=\"twitter:data1\" content=\"Maura Pereira\" \/>\n\t<meta name=\"twitter:label2\" content=\"Est. tempo de leitura\" \/>\n\t<meta name=\"twitter:data2\" content=\"6 minutos\" \/>\n<!-- \/ Yoast SEO plugin. -->","yoast_head_json":{"title":"A pequena cidade no Sul com apenas 2.600 moradores com um idioma pr\u00f3prio e cultura rara no Brasil - Correio Braziliense - Radar","description":"Com poucos moradores e muita identidade, essa \u00e9 a cidade no Sul onde um idioma pr\u00f3prio ainda faz parte do cotidiano.","robots":{"index":"index","follow":"follow","max-snippet":"max-snippet:-1","max-image-preview":"max-image-preview:large","max-video-preview":"max-video-preview:-1"},"canonical":"https:\/\/www.correiobraziliense.com.br\/cbradar\/a-pequena-cidade-no-sul-com-apenas-2-600-moradores-com-um-idioma-proprio-e-cultura-rara-no-brasil\/","og_locale":"pt_BR","og_type":"article","og_title":"A pequena cidade no Sul com apenas 2.600 moradores com um idioma pr\u00f3prio e cultura rara no Brasil - Correio Braziliense - Radar","og_description":"Com poucos moradores e muita identidade, essa \u00e9 a cidade no Sul onde um idioma pr\u00f3prio ainda faz parte do cotidiano.","og_url":"https:\/\/www.correiobraziliense.com.br\/cbradar\/a-pequena-cidade-no-sul-com-apenas-2-600-moradores-com-um-idioma-proprio-e-cultura-rara-no-brasil\/","og_site_name":"Correio Braziliense - Radar","article_published_time":"2026-01-28T09:25:00+00:00","og_image":[{"width":1280,"height":720,"url":"https:\/\/www.correiobraziliense.com.br\/cbradar\/wp-content\/uploads\/2026\/01\/aaa-2026-01-27T221122.952.png","type":"image\/png"}],"author":"Maura Pereira","twitter_card":"summary_large_image","twitter_misc":{"Escrito por":"Maura Pereira","Est. tempo de leitura":"6 minutos"},"schema":{"@context":"https:\/\/schema.org","@graph":[{"@type":"WebPage","@id":"https:\/\/www.correiobraziliense.com.br\/cbradar\/a-pequena-cidade-no-sul-com-apenas-2-600-moradores-com-um-idioma-proprio-e-cultura-rara-no-brasil\/","url":"https:\/\/www.correiobraziliense.com.br\/cbradar\/a-pequena-cidade-no-sul-com-apenas-2-600-moradores-com-um-idioma-proprio-e-cultura-rara-no-brasil\/","name":"A pequena cidade no Sul com apenas 2.600 moradores com um idioma pr\u00f3prio e cultura rara no Brasil - Correio Braziliense - Radar","isPartOf":{"@id":"https:\/\/www.correiobraziliense.com.br\/cbradar\/#website"},"primaryImageOfPage":{"@id":"https:\/\/www.correiobraziliense.com.br\/cbradar\/a-pequena-cidade-no-sul-com-apenas-2-600-moradores-com-um-idioma-proprio-e-cultura-rara-no-brasil\/#primaryimage"},"image":{"@id":"https:\/\/www.correiobraziliense.com.br\/cbradar\/a-pequena-cidade-no-sul-com-apenas-2-600-moradores-com-um-idioma-proprio-e-cultura-rara-no-brasil\/#primaryimage"},"thumbnailUrl":"https:\/\/www.correiobraziliense.com.br\/cbradar\/wp-content\/uploads\/2026\/01\/aaa-2026-01-27T221122.952.png","datePublished":"2026-01-28T09:25:00+00:00","author":{"@id":"https:\/\/www.correiobraziliense.com.br\/cbradar\/#\/schema\/person\/4053c651a9bfc785afc6f4cbc9032fd3"},"description":"Com poucos moradores e muita identidade, essa \u00e9 a cidade no Sul onde um idioma pr\u00f3prio ainda faz parte do cotidiano.","breadcrumb":{"@id":"https:\/\/www.correiobraziliense.com.br\/cbradar\/a-pequena-cidade-no-sul-com-apenas-2-600-moradores-com-um-idioma-proprio-e-cultura-rara-no-brasil\/#breadcrumb"},"inLanguage":"pt-BR","potentialAction":[{"@type":"ReadAction","target":["https:\/\/www.correiobraziliense.com.br\/cbradar\/a-pequena-cidade-no-sul-com-apenas-2-600-moradores-com-um-idioma-proprio-e-cultura-rara-no-brasil\/"]}]},{"@type":"ImageObject","inLanguage":"pt-BR","@id":"https:\/\/www.correiobraziliense.com.br\/cbradar\/a-pequena-cidade-no-sul-com-apenas-2-600-moradores-com-um-idioma-proprio-e-cultura-rara-no-brasil\/#primaryimage","url":"https:\/\/www.correiobraziliense.com.br\/cbradar\/wp-content\/uploads\/2026\/01\/aaa-2026-01-27T221122.952.png","contentUrl":"https:\/\/www.correiobraziliense.com.br\/cbradar\/wp-content\/uploads\/2026\/01\/aaa-2026-01-27T221122.952.png","width":1280,"height":720,"caption":"A cidade de Monte Belo do Sul localiza-se na Serra Ga\u00facha, a cerca de 120 km da capital Porto Alegre."},{"@type":"BreadcrumbList","@id":"https:\/\/www.correiobraziliense.com.br\/cbradar\/a-pequena-cidade-no-sul-com-apenas-2-600-moradores-com-um-idioma-proprio-e-cultura-rara-no-brasil\/#breadcrumb","itemListElement":[{"@type":"ListItem","position":1,"name":"In\u00edcio","item":"https:\/\/www.correiobraziliense.com.br\/cbradar\/"},{"@type":"ListItem","position":2,"name":"A pequena cidade no Sul com apenas 2.600 moradores com um idioma pr\u00f3prio e cultura rara no Brasil"}]},{"@type":"WebSite","@id":"https:\/\/www.correiobraziliense.com.br\/cbradar\/#website","url":"https:\/\/www.correiobraziliense.com.br\/cbradar\/","name":"Correio Braziliense - Radar","description":"Acompanhe as \u00faltimas not\u00edcias e fique bem informado sobre tudo o que acontece no Brasil e no mundo.","potentialAction":[{"@type":"SearchAction","target":{"@type":"EntryPoint","urlTemplate":"https:\/\/www.correiobraziliense.com.br\/cbradar\/?s={search_term_string}"},"query-input":{"@type":"PropertyValueSpecification","valueRequired":true,"valueName":"search_term_string"}}],"inLanguage":"pt-BR"},{"@type":"Person","@id":"https:\/\/www.correiobraziliense.com.br\/cbradar\/#\/schema\/person\/4053c651a9bfc785afc6f4cbc9032fd3","name":"Maura Pereira","image":{"@type":"ImageObject","inLanguage":"pt-BR","@id":"https:\/\/www.correiobraziliense.com.br\/cbradar\/#\/schema\/person\/image\/","url":"https:\/\/secure.gravatar.com\/avatar\/3effd6bdadfa447f15089c7f7144eaa6?s=96&d=mm&r=g","contentUrl":"https:\/\/secure.gravatar.com\/avatar\/3effd6bdadfa447f15089c7f7144eaa6?s=96&d=mm&r=g","caption":"Maura Pereira"},"sameAs":["https:\/\/www.correiobraziliense.com.br\/"],"url":"https:\/\/www.correiobraziliense.com.br\/cbradar\/author\/mauramyth\/"}]}},"_links":{"self":[{"href":"https:\/\/www.correiobraziliense.com.br\/cbradar\/wp-json\/wp\/v2\/posts\/182871","targetHints":{"allow":["GET"]}}],"collection":[{"href":"https:\/\/www.correiobraziliense.com.br\/cbradar\/wp-json\/wp\/v2\/posts"}],"about":[{"href":"https:\/\/www.correiobraziliense.com.br\/cbradar\/wp-json\/wp\/v2\/types\/post"}],"author":[{"embeddable":true,"href":"https:\/\/www.correiobraziliense.com.br\/cbradar\/wp-json\/wp\/v2\/users\/8"}],"replies":[{"embeddable":true,"href":"https:\/\/www.correiobraziliense.com.br\/cbradar\/wp-json\/wp\/v2\/comments?post=182871"}],"version-history":[{"count":23,"href":"https:\/\/www.correiobraziliense.com.br\/cbradar\/wp-json\/wp\/v2\/posts\/182871\/revisions"}],"predecessor-version":[{"id":182960,"href":"https:\/\/www.correiobraziliense.com.br\/cbradar\/wp-json\/wp\/v2\/posts\/182871\/revisions\/182960"}],"wp:featuredmedia":[{"embeddable":true,"href":"https:\/\/www.correiobraziliense.com.br\/cbradar\/wp-json\/wp\/v2\/media\/182956"}],"wp:attachment":[{"href":"https:\/\/www.correiobraziliense.com.br\/cbradar\/wp-json\/wp\/v2\/media?parent=182871"}],"wp:term":[{"taxonomy":"category","embeddable":true,"href":"https:\/\/www.correiobraziliense.com.br\/cbradar\/wp-json\/wp\/v2\/categories?post=182871"},{"taxonomy":"post_tag","embeddable":true,"href":"https:\/\/www.correiobraziliense.com.br\/cbradar\/wp-json\/wp\/v2\/tags?post=182871"}],"curies":[{"name":"wp","href":"https:\/\/api.w.org\/{rel}","templated":true}]}}