{"id":18296,"date":"2025-04-03T20:30:00","date_gmt":"2025-04-03T23:30:00","guid":{"rendered":"https:\/\/www.correiobraziliense.com.br\/cbradar\/?p=18296"},"modified":"2025-04-02T14:13:09","modified_gmt":"2025-04-02T17:13:09","slug":"tudo-sobre-como-plantar-manjericao-em-casa-de-uma-forma-pratica","status":"publish","type":"post","link":"https:\/\/www.correiobraziliense.com.br\/cbradar\/tudo-sobre-como-plantar-manjericao-em-casa-de-uma-forma-pratica\/","title":{"rendered":"Tudo sobre como plantar manjeric\u00e3o em casa de uma forma pr\u00e1tica"},"content":{"rendered":"\n<p>O <strong>manjeric\u00e3o<\/strong>, conhecido cientificamente como&nbsp;<em><strong>Ocimum basilicum<\/strong><\/em>, \u00e9 uma erva arom\u00e1tica amplamente utilizada na culin\u00e1ria e na medicina tradicional. Origin\u00e1rio da <strong>\u00cdndia<\/strong>, o manjeric\u00e3o \u00e9 cultivado h\u00e1 s\u00e9culos e \u00e9 um ingrediente essencial em diversas cozinhas ao redor do mundo, especialmente na italiana e em pa\u00edses tropicais da <strong>\u00c1sia<\/strong>. Al\u00e9m de seu uso culin\u00e1rio, o manjeric\u00e3o \u00e9 valorizado por suas propriedades medicinais, que incluem efeitos antibacterianos, antioxidantes e digestivos.<\/p>\n\n\n\n<p>As folhas de manjeric\u00e3o s\u00e3o frequentemente utilizadas para temperar pratos como saladas, massas e sopas. O famoso molho pesto genovese, por exemplo, tem o manjeric\u00e3o como ingrediente principal. A erva \u00e9 rica em vitaminas A, C e K, al\u00e9m de minerais como magn\u00e9sio, ferro e pot\u00e1ssio. Essas caracter\u00edsticas nutricionais fazem do manjeric\u00e3o um aliado na manuten\u00e7\u00e3o da sa\u00fade \u00f3ssea e na regula\u00e7\u00e3o da press\u00e3o sangu\u00ednea.<\/p>\n\n\n\n<h2 class=\"wp-block-heading\"><strong>Quais s\u00e3o os benef\u00edcios do manjeric\u00e3o?<\/strong><\/h2>\n\n\n\n<p>Estudos indicam que o manjeric\u00e3o possui propriedades terap\u00eauticas significativas. A presen\u00e7a de compostos como o beta-cariofileno confere \u00e0 erva propriedades anti-inflamat\u00f3rias, \u00fateis no tratamento de condi\u00e7\u00f5es como a artrite. Al\u00e9m disso, o manjeric\u00e3o pode ajudar a reduzir os n\u00edveis de a\u00e7\u00facar no sangue, sendo ben\u00e9fico para pessoas com diabetes.<\/p>\n\n\n\n<p>Outro benef\u00edcio importante do manjeric\u00e3o \u00e9 sua capacidade de atuar como repelente natural de insetos, gra\u00e7as ao seu aroma forte. Essa caracter\u00edstica \u00e9 especialmente \u00fatil em regi\u00f5es tropicais, onde mosquitos e outros insetos s\u00e3o comuns. O manjeric\u00e3o tamb\u00e9m \u00e9 utilizado na medicina tradicional para tratar tosse, disfun\u00e7\u00f5es renais e dores de est\u00f4mago.<\/p>\n\n\n\n<figure class=\"wp-block-image size-large\"><img decoding=\"async\" width=\"1024\" height=\"576\" src=\"https:\/\/www.correiobraziliense.com.br\/cbradar\/wp-content\/uploads\/2025\/04\/plantacao-de-manjericao_1743597661880-1024x576.jpg\" alt=\"Tudo sobre como plantar manjeric\u00e3o em casa de uma forma pr\u00e1tica\" class=\"wp-image-18306\" srcset=\"https:\/\/www.correiobraziliense.com.br\/cbradar\/wp-content\/uploads\/2025\/04\/plantacao-de-manjericao_1743597661880-1024x576.jpg 1024w, https:\/\/www.correiobraziliense.com.br\/cbradar\/wp-content\/uploads\/2025\/04\/plantacao-de-manjericao_1743597661880-300x169.jpg 300w, https:\/\/www.correiobraziliense.com.br\/cbradar\/wp-content\/uploads\/2025\/04\/plantacao-de-manjericao_1743597661880-768x432.jpg 768w, https:\/\/www.correiobraziliense.com.br\/cbradar\/wp-content\/uploads\/2025\/04\/plantacao-de-manjericao_1743597661880-750x422.jpg 750w, https:\/\/www.correiobraziliense.com.br\/cbradar\/wp-content\/uploads\/2025\/04\/plantacao-de-manjericao_1743597661880-1140x641.jpg 1140w, https:\/\/www.correiobraziliense.com.br\/cbradar\/wp-content\/uploads\/2025\/04\/plantacao-de-manjericao_1743597661880.jpg 1280w\" sizes=\"(max-width: 1024px) 100vw, 1024px\" \/><figcaption class=\"wp-element-caption\">Planta\u00e7\u00e3o de manjeric\u00e3o\nCr\u00e9ditos: depositphotos.com \/ ViktoriiaDyachenko<\/figcaption><\/figure>\n\n\n\n<h2 class=\"wp-block-heading\"><strong>Como plantar manjeric\u00e3o?<\/strong><\/h2>\n\n\n\n<p>O cultivo do manjeric\u00e3o \u00e9 relativamente simples, desde que algumas condi\u00e7\u00f5es sejam respeitadas. A planta prefere climas quentes e n\u00e3o tolera baixas temperaturas. \u00c9 importante que o manjeric\u00e3o receba luz solar direta por algumas horas diariamente. O solo deve ser bem drenado, leve e rico em mat\u00e9ria org\u00e2nica, e a irriga\u00e7\u00e3o deve ser frequente, mas moderada, para manter o solo levemente \u00famido.<\/p>\n\n\n\n<p>O manjeric\u00e3o pode ser cultivado em vasos ou jardineiras, mas \u00e9 importante evitar a competi\u00e7\u00e3o com plantas invasoras. A colheita das folhas pode come\u00e7ar quando a planta estiver bem desenvolvida, geralmente entre 60 a 90 dias ap\u00f3s a semeadura. As flores do manjeric\u00e3o tamb\u00e9m s\u00e3o comest\u00edveis e sua remo\u00e7\u00e3o pode estimular o crescimento de mais folhas.<\/p>\n\n\n\n<h2 class=\"wp-block-heading\"><strong>Quais s\u00e3o os tipos de manjeric\u00e3o?<\/strong><\/h2>\n\n\n\n<p>A diversidade gen\u00e9tica do manjeric\u00e3o resulta em uma ampla variedade de subesp\u00e9cies e formas. Entre as mais conhecidas est\u00e3o o <strong>manjeric\u00e3o-toscano<\/strong>, o <strong>manjeric\u00e3o-doce<\/strong> e o <strong>manjeric\u00e3o-santo<\/strong>. Cada tipo possui caracter\u00edsticas distintas, tanto em termos de aroma quanto de uso culin\u00e1rio e medicinal.<\/p>\n\n\n\n<p>O manjeric\u00e3o-toscano, por exemplo, \u00e9 amplamente utilizado na culin\u00e1ria italiana, enquanto o manjeric\u00e3o-santo \u00e9 valorizado por suas propriedades antimicrobianas e antioxidantes. J\u00e1 o manjeric\u00e3o-doce \u00e9 conhecido por suas propriedades sudor\u00edparas e diur\u00e9ticas, sendo utilizado em ch\u00e1s para tratar c\u00f3licas e problemas digestivos.<\/p>\n\n\n\n<h2 class=\"wp-block-heading\"><strong>Como consumir o manjeric\u00e3o?<\/strong><\/h2>\n\n\n\n<p>O manjeric\u00e3o pode ser consumido de diversas formas, sendo o molho pesto uma das mais populares. Para preparar o pesto, basta bater no liquidificador ou processador de alimentos duas x\u00edcaras de folhas de manjeric\u00e3o, meia x\u00edcara de azeite de oliva, dois dentes de alho e sal a gosto. O resultado \u00e9 um molho suave e arom\u00e1tico, perfeito para acompanhar massas e saladas.<\/p>\n\n\n\n<p>Al\u00e9m do pesto, o manjeric\u00e3o pode ser utilizado fresco em saladas ou como tempero em pratos quentes, adicionando-o no final do cozimento para preservar seu aroma. Seu uso n\u00e3o se limita \u00e0 culin\u00e1ria; o manjeric\u00e3o tamb\u00e9m \u00e9 empregado na fabrica\u00e7\u00e3o de produtos cosm\u00e9ticos, como sabonetes e hidratantes, devido \u00e0s suas propriedades antioxidantes.<\/p>\n","protected":false},"excerpt":{"rendered":"<p>Descubra os benef\u00edcios do manjeric\u00e3o para sa\u00fade e culin\u00e1ria. Aprenda como cultiv\u00e1-lo em casa com nossas dicas simples.<\/p>\n","protected":false},"author":3,"featured_media":18300,"comment_status":"open","ping_status":"open","sticky":false,"template":"","format":"standard","meta":{"_yoast_wpseo_focuskw":"como cultivar manjeric\u00e3o","_yoast_wpseo_title":"%%title%%","_yoast_wpseo_metadesc":"Descubra os benef\u00edcios do manjeric\u00e3o para sa\u00fade e culin\u00e1ria. Aprenda como cultiv\u00e1-lo em casa com nossas dicas simples.","jnews-multi-image_gallery":[],"jnews_single_post":{"format":"standard"},"jnews_primary_category":[],"jnews_social_meta":[],"jnews_override_counter":[],"footnotes":""},"categories":[136],"post_tag":[137,2080],"class_list":["post-18296","post","type-post","status-publish","format-standard","has-post-thumbnail","hentry","category-jardinagem","tag-como-plantar","tag-manjericao"],"yoast_head":"<!-- This site is optimized with the Yoast SEO plugin v24.6 - https:\/\/yoast.com\/wordpress\/plugins\/seo\/ -->\n<title>Tudo sobre como plantar manjeric\u00e3o em casa de uma forma pr\u00e1tica<\/title>\n<meta name=\"description\" content=\"Descubra os benef\u00edcios do manjeric\u00e3o para sa\u00fade e culin\u00e1ria. Aprenda como cultiv\u00e1-lo em casa com nossas dicas simples.\" \/>\n<meta name=\"robots\" content=\"index, follow, max-snippet:-1, max-image-preview:large, max-video-preview:-1\" \/>\n<link rel=\"canonical\" href=\"https:\/\/www.correiobraziliense.com.br\/cbradar\/tudo-sobre-como-plantar-manjericao-em-casa-de-uma-forma-pratica\/\" \/>\n<meta property=\"og:locale\" content=\"pt_BR\" \/>\n<meta property=\"og:type\" content=\"article\" \/>\n<meta property=\"og:title\" content=\"Tudo sobre como plantar manjeric\u00e3o em casa de uma forma pr\u00e1tica\" \/>\n<meta property=\"og:description\" content=\"Descubra os benef\u00edcios do manjeric\u00e3o para sa\u00fade e culin\u00e1ria. Aprenda como cultiv\u00e1-lo em casa com nossas dicas simples.\" \/>\n<meta property=\"og:url\" content=\"https:\/\/www.correiobraziliense.com.br\/cbradar\/tudo-sobre-como-plantar-manjericao-em-casa-de-uma-forma-pratica\/\" \/>\n<meta property=\"og:site_name\" content=\"Correio Braziliense - Radar\" \/>\n<meta property=\"article:published_time\" content=\"2025-04-03T23:30:00+00:00\" \/>\n<meta property=\"og:image\" content=\"https:\/\/www.correiobraziliense.com.br\/cbradar\/wp-content\/uploads\/2025\/04\/manjericao_1743597587631.jpg\" \/>\n\t<meta property=\"og:image:width\" content=\"1280\" \/>\n\t<meta property=\"og:image:height\" content=\"720\" \/>\n\t<meta property=\"og:image:type\" content=\"image\/jpeg\" \/>\n<meta name=\"author\" content=\"Larissa Carvalho\" \/>\n<meta name=\"twitter:card\" content=\"summary_large_image\" \/>\n<meta name=\"twitter:label1\" content=\"Escrito por\" \/>\n\t<meta name=\"twitter:data1\" content=\"Larissa Carvalho\" \/>\n\t<meta name=\"twitter:label2\" content=\"Est. tempo de leitura\" \/>\n\t<meta name=\"twitter:data2\" content=\"4 minutos\" \/>\n<!-- \/ Yoast SEO plugin. -->","yoast_head_json":{"title":"Tudo sobre como plantar manjeric\u00e3o em casa de uma forma pr\u00e1tica","description":"Descubra os benef\u00edcios do manjeric\u00e3o para sa\u00fade e culin\u00e1ria. Aprenda como cultiv\u00e1-lo em casa com nossas dicas simples.","robots":{"index":"index","follow":"follow","max-snippet":"max-snippet:-1","max-image-preview":"max-image-preview:large","max-video-preview":"max-video-preview:-1"},"canonical":"https:\/\/www.correiobraziliense.com.br\/cbradar\/tudo-sobre-como-plantar-manjericao-em-casa-de-uma-forma-pratica\/","og_locale":"pt_BR","og_type":"article","og_title":"Tudo sobre como plantar manjeric\u00e3o em casa de uma forma pr\u00e1tica","og_description":"Descubra os benef\u00edcios do manjeric\u00e3o para sa\u00fade e culin\u00e1ria. Aprenda como cultiv\u00e1-lo em casa com nossas dicas simples.","og_url":"https:\/\/www.correiobraziliense.com.br\/cbradar\/tudo-sobre-como-plantar-manjericao-em-casa-de-uma-forma-pratica\/","og_site_name":"Correio Braziliense - Radar","article_published_time":"2025-04-03T23:30:00+00:00","og_image":[{"width":1280,"height":720,"url":"https:\/\/www.correiobraziliense.com.br\/cbradar\/wp-content\/uploads\/2025\/04\/manjericao_1743597587631.jpg","type":"image\/jpeg"}],"author":"Larissa Carvalho","twitter_card":"summary_large_image","twitter_misc":{"Escrito por":"Larissa Carvalho","Est. tempo de leitura":"4 minutos"},"schema":{"@context":"https:\/\/schema.org","@graph":[{"@type":"WebPage","@id":"https:\/\/www.correiobraziliense.com.br\/cbradar\/tudo-sobre-como-plantar-manjericao-em-casa-de-uma-forma-pratica\/","url":"https:\/\/www.correiobraziliense.com.br\/cbradar\/tudo-sobre-como-plantar-manjericao-em-casa-de-uma-forma-pratica\/","name":"Tudo sobre como plantar manjeric\u00e3o em casa de uma forma pr\u00e1tica","isPartOf":{"@id":"https:\/\/www.correiobraziliense.com.br\/cbradar\/#website"},"primaryImageOfPage":{"@id":"https:\/\/www.correiobraziliense.com.br\/cbradar\/tudo-sobre-como-plantar-manjericao-em-casa-de-uma-forma-pratica\/#primaryimage"},"image":{"@id":"https:\/\/www.correiobraziliense.com.br\/cbradar\/tudo-sobre-como-plantar-manjericao-em-casa-de-uma-forma-pratica\/#primaryimage"},"thumbnailUrl":"https:\/\/www.correiobraziliense.com.br\/cbradar\/wp-content\/uploads\/2025\/04\/manjericao_1743597587631.jpg","datePublished":"2025-04-03T23:30:00+00:00","author":{"@id":"https:\/\/www.correiobraziliense.com.br\/cbradar\/#\/schema\/person\/58422787644df994b53a19d3e56c1513"},"description":"Descubra os benef\u00edcios do manjeric\u00e3o para sa\u00fade e culin\u00e1ria. Aprenda como cultiv\u00e1-lo em casa com nossas dicas simples.","breadcrumb":{"@id":"https:\/\/www.correiobraziliense.com.br\/cbradar\/tudo-sobre-como-plantar-manjericao-em-casa-de-uma-forma-pratica\/#breadcrumb"},"inLanguage":"pt-BR","potentialAction":[{"@type":"ReadAction","target":["https:\/\/www.correiobraziliense.com.br\/cbradar\/tudo-sobre-como-plantar-manjericao-em-casa-de-uma-forma-pratica\/"]}]},{"@type":"ImageObject","inLanguage":"pt-BR","@id":"https:\/\/www.correiobraziliense.com.br\/cbradar\/tudo-sobre-como-plantar-manjericao-em-casa-de-uma-forma-pratica\/#primaryimage","url":"https:\/\/www.correiobraziliense.com.br\/cbradar\/wp-content\/uploads\/2025\/04\/manjericao_1743597587631.jpg","contentUrl":"https:\/\/www.correiobraziliense.com.br\/cbradar\/wp-content\/uploads\/2025\/04\/manjericao_1743597587631.jpg","width":1280,"height":720,"caption":"Manjeric\u00e3o Cr\u00e9ditos: depositphotos.com \/ duskbabe"},{"@type":"BreadcrumbList","@id":"https:\/\/www.correiobraziliense.com.br\/cbradar\/tudo-sobre-como-plantar-manjericao-em-casa-de-uma-forma-pratica\/#breadcrumb","itemListElement":[{"@type":"ListItem","position":1,"name":"In\u00edcio","item":"https:\/\/www.correiobraziliense.com.br\/cbradar\/"},{"@type":"ListItem","position":2,"name":"Tudo sobre como plantar manjeric\u00e3o em casa de uma forma pr\u00e1tica"}]},{"@type":"WebSite","@id":"https:\/\/www.correiobraziliense.com.br\/cbradar\/#website","url":"https:\/\/www.correiobraziliense.com.br\/cbradar\/","name":"Correio Braziliense - Radar","description":"Acompanhe as \u00faltimas not\u00edcias e fique bem informado sobre tudo o que acontece no Brasil e no mundo.","potentialAction":[{"@type":"SearchAction","target":{"@type":"EntryPoint","urlTemplate":"https:\/\/www.correiobraziliense.com.br\/cbradar\/?s={search_term_string}"},"query-input":{"@type":"PropertyValueSpecification","valueRequired":true,"valueName":"search_term_string"}}],"inLanguage":"pt-BR"},{"@type":"Person","@id":"https:\/\/www.correiobraziliense.com.br\/cbradar\/#\/schema\/person\/58422787644df994b53a19d3e56c1513","name":"Larissa Carvalho","image":{"@type":"ImageObject","inLanguage":"pt-BR","@id":"https:\/\/www.correiobraziliense.com.br\/cbradar\/#\/schema\/person\/image\/","url":"https:\/\/secure.gravatar.com\/avatar\/fe4f91a0de32b52a838d0d612abdc1aa?s=96&d=mm&r=g","contentUrl":"https:\/\/secure.gravatar.com\/avatar\/fe4f91a0de32b52a838d0d612abdc1aa?s=96&d=mm&r=g","caption":"Larissa Carvalho"},"url":"https:\/\/www.correiobraziliense.com.br\/cbradar\/author\/larissamyth\/"}]}},"_links":{"self":[{"href":"https:\/\/www.correiobraziliense.com.br\/cbradar\/wp-json\/wp\/v2\/posts\/18296","targetHints":{"allow":["GET"]}}],"collection":[{"href":"https:\/\/www.correiobraziliense.com.br\/cbradar\/wp-json\/wp\/v2\/posts"}],"about":[{"href":"https:\/\/www.correiobraziliense.com.br\/cbradar\/wp-json\/wp\/v2\/types\/post"}],"author":[{"embeddable":true,"href":"https:\/\/www.correiobraziliense.com.br\/cbradar\/wp-json\/wp\/v2\/users\/3"}],"replies":[{"embeddable":true,"href":"https:\/\/www.correiobraziliense.com.br\/cbradar\/wp-json\/wp\/v2\/comments?post=18296"}],"version-history":[{"count":2,"href":"https:\/\/www.correiobraziliense.com.br\/cbradar\/wp-json\/wp\/v2\/posts\/18296\/revisions"}],"predecessor-version":[{"id":18385,"href":"https:\/\/www.correiobraziliense.com.br\/cbradar\/wp-json\/wp\/v2\/posts\/18296\/revisions\/18385"}],"wp:featuredmedia":[{"embeddable":true,"href":"https:\/\/www.correiobraziliense.com.br\/cbradar\/wp-json\/wp\/v2\/media\/18300"}],"wp:attachment":[{"href":"https:\/\/www.correiobraziliense.com.br\/cbradar\/wp-json\/wp\/v2\/media?parent=18296"}],"wp:term":[{"taxonomy":"category","embeddable":true,"href":"https:\/\/www.correiobraziliense.com.br\/cbradar\/wp-json\/wp\/v2\/categories?post=18296"},{"taxonomy":"post_tag","embeddable":true,"href":"https:\/\/www.correiobraziliense.com.br\/cbradar\/wp-json\/wp\/v2\/post_tag?post=18296"}],"curies":[{"name":"wp","href":"https:\/\/api.w.org\/{rel}","templated":true}]}}