{"id":18298,"date":"2025-04-03T06:30:00","date_gmt":"2025-04-03T09:30:00","guid":{"rendered":"https:\/\/www.correiobraziliense.com.br\/cbradar\/?p=18298"},"modified":"2025-04-03T03:59:41","modified_gmt":"2025-04-03T06:59:41","slug":"quem-sao-os-brasileiros-no-ranking-de-bilionarios-da-forbes","status":"publish","type":"post","link":"https:\/\/www.correiobraziliense.com.br\/cbradar\/quem-sao-os-brasileiros-no-ranking-de-bilionarios-da-forbes\/","title":{"rendered":"Quem s\u00e3o os brasileiros no ranking de bilion\u00e1rios da Forbes?"},"content":{"rendered":"\n<p>O ranking anual de bilion\u00e1rios da <strong><a href=\"https:\/\/forbes.com.br\/\" target=\"_blank\" rel=\"noreferrer noopener\">Forbes<\/a><\/strong>, divulgado em 1\u00ba de abril de 2025, destaca 25 empreendedores brasileiros com patrim\u00f4nios superiores a <strong>US$ 1 bilh\u00e3o<\/strong>. Entre eles, <strong>Eduardo Saverin<\/strong>, cofundador do <strong>Facebook<\/strong>, lidera como o brasileiro mais rico, com uma fortuna de <strong>US$ 34,5 bilh\u00f5es<\/strong>. Este artigo explora as origens e as trajet\u00f3rias desses bilion\u00e1rios, revelando como constru\u00edram suas fortunas.<\/p>\n\n\n\n<p>Eduardo Saverin, aos 43 anos, ocupa a 51\u00aa posi\u00e7\u00e3o no ranking global. Nascido em<strong> S\u00e3o Paulo<\/strong>, mas criado nos <strong>Estados Unidos<\/strong>, ele tamb\u00e9m \u00e9 cofundador da <strong>B. Capital<\/strong>, uma empresa de venture capital. Saverin representa a face da inova\u00e7\u00e3o tecnol\u00f3gica entre os bilion\u00e1rios brasileiros, mas ele n\u00e3o est\u00e1 sozinho. Outros empreendedores tamb\u00e9m deixaram sua marca em diversos setores, desde finan\u00e7as at\u00e9 a ind\u00fastria de bebidas.<\/p>\n\n\n\n<h2 class=\"wp-block-heading\"><strong>Quem s\u00e3o os principais bilion\u00e1rios brasileiros?<\/strong><\/h2>\n\n\n\n<p>Al\u00e9m de Eduardo Saverin, <strong>Jorge Paulo Lemann<\/strong>, de 85 anos, \u00e9 um nome de destaque. Com um patrim\u00f4nio de <strong>US$ 17 bilh\u00f5es<\/strong>, Lemann \u00e9 conhecido por suas estrat\u00e9gias de investimento que transformaram empresas como a <strong>Ambev <\/strong>em gigantes globais. Sua trajet\u00f3ria come\u00e7ou em 1971, com a aquisi\u00e7\u00e3o da corretora Garantia, que se tornou um dos maiores bancos de investimentos do <strong>Brasil<\/strong>.<\/p>\n\n\n\n<p>Outro nome not\u00e1vel \u00e9<strong> David V\u00e9lez<\/strong>, cofundador e CEO do <strong>Nubank<\/strong>. Apesar de ser colombiano de nascimento, V\u00e9lez \u00e9 considerado um empreendedor brasileiro pela Forbes. Com uma fortuna de<strong> US$ 10,7 bilh\u00f5es<\/strong>, ele lidera uma das fintechs mais inovadoras da <strong>Am\u00e9rica Latina<\/strong>, destacando-se no setor financeiro.<\/p>\n\n\n\n<figure class=\"wp-block-image size-large\"><img decoding=\"async\" width=\"1024\" height=\"576\" src=\"https:\/\/www.correiobraziliense.com.br\/cbradar\/wp-content\/uploads\/2025\/04\/dinheiro-_1743598156088-1024x576.jpg\" alt=\"Quem s\u00e3o os brasileiros no ranking de bilion\u00e1rios da Forbes?\" class=\"wp-image-18319\" srcset=\"https:\/\/www.correiobraziliense.com.br\/cbradar\/wp-content\/uploads\/2025\/04\/dinheiro-_1743598156088-1024x576.jpg 1024w, https:\/\/www.correiobraziliense.com.br\/cbradar\/wp-content\/uploads\/2025\/04\/dinheiro-_1743598156088-300x169.jpg 300w, https:\/\/www.correiobraziliense.com.br\/cbradar\/wp-content\/uploads\/2025\/04\/dinheiro-_1743598156088-768x432.jpg 768w, https:\/\/www.correiobraziliense.com.br\/cbradar\/wp-content\/uploads\/2025\/04\/dinheiro-_1743598156088-750x422.jpg 750w, https:\/\/www.correiobraziliense.com.br\/cbradar\/wp-content\/uploads\/2025\/04\/dinheiro-_1743598156088-1140x641.jpg 1140w, https:\/\/www.correiobraziliense.com.br\/cbradar\/wp-content\/uploads\/2025\/04\/dinheiro-_1743598156088.jpg 1280w\" sizes=\"(max-width: 1024px) 100vw, 1024px\" \/><figcaption class=\"wp-element-caption\">dinheiro.Cr\u00e9ditos: depositphotos.com \/ VadimVasenin<\/figcaption><\/figure>\n\n\n\n<h2 class=\"wp-block-heading\"><strong>Como eles constru\u00edram suas fortunas?<\/strong><\/h2>\n\n\n\n<p>A trajet\u00f3ria de sucesso desses bilion\u00e1rios \u00e9 marcada por investimentos estrat\u00e9gicos e inova\u00e7\u00f5es.<strong> Jorge Paulo Lemann<\/strong>, por exemplo, revolucionou o setor de bebidas ao criar a Ambev, que mais tarde se tornou a <strong>AB InBev<\/strong>, a maior cervejaria do mundo. Sua vis\u00e3o de neg\u00f3cios tamb\u00e9m se estendeu ao setor de fast-food, com participa\u00e7\u00f5es na <strong>Restaurant Brands International<\/strong>.<\/p>\n\n\n\n<p>David V\u00e9lez, por sua vez, transformou o Nubank em um fen\u00f4meno financeiro, oferecendo servi\u00e7os banc\u00e1rios acess\u00edveis e inovadores. A fintech, criada em 2013, rapidamente se expandiu para outros pa\u00edses da Am\u00e9rica Latina, consolidando sua posi\u00e7\u00e3o no mercado.<\/p>\n\n\n\n<h2 class=\"wp-block-heading\"><strong>Quais outros bilion\u00e1rios est\u00e3o na lista?<\/strong><\/h2>\n\n\n\n<p>A lista da <strong>Forbes<\/strong> inclui outros 20 empreendedores brasileiros not\u00e1veis. Entre eles,<strong> Carlos Alberto Sicupira<\/strong>, com <strong>US$ 7,6 bilh\u00f5es<\/strong>, \u00e9 um dos principais s\u00f3cios da 3G Capital. Andr\u00e9 Esteves, com <strong>US$ 6,9 bilh\u00f5es<\/strong>, \u00e9 conhecido por seu papel no banco de investimentos <strong>BTG Pactual<\/strong>. Al\u00e9m disso, <strong>Miguel Krigsner<\/strong>, fundador do Grupo Botic\u00e1rio, possui uma fortuna de US$ 6,1 bilh\u00f5es.<\/p>\n\n\n\n<ul class=\"wp-block-list\">\n<li><strong>Alexandre Behring da Costa<\/strong> &#8211; US$ 5,7 bilh\u00f5es (3G Capital)<\/li>\n\n\n\n<li><strong>Jorge Moll Filho<\/strong> &#8211; US$ 4,4 bilh\u00f5es (Rede D&#8217;Or)<\/li>\n\n\n\n<li><strong>Alceu Elias Feldmann<\/strong> &#8211; US$ 3,3 bilh\u00f5es (Fertipar)<\/li>\n\n\n\n<li><strong>Jos\u00e9 Jo\u00e3o Abdalla Filho<\/strong> &#8211; US$ 3,2 bilh\u00f5es (Banco Cl\u00e1ssico)<\/li>\n\n\n\n<li><strong>M\u00e1rio Araripe<\/strong> &#8211; US$ 3 bilh\u00f5es (Casa dos Ventos)<\/li>\n<\/ul>\n\n\n\n<h2 class=\"wp-block-heading\"><strong>O impacto dos bilion\u00e1rios na economia brasileira<\/strong><\/h2>\n\n\n\n<p>Os bilion\u00e1rios brasileiros desempenham um papel crucial na economia do pa\u00eds. Suas empresas geram milhares de empregos e impulsionam a inova\u00e7\u00e3o em diversos setores. Al\u00e9m disso, muitos deles investem em filantropia, contribuindo para o desenvolvimento social e econ\u00f4mico do Brasil.<\/p>\n\n\n\n<p>Em suma, a lista de bilion\u00e1rios da Forbes de 2025 n\u00e3o apenas destaca a riqueza individual, mas tamb\u00e9m reflete o impacto significativo desses empreendedores na economia global. Atrav\u00e9s de estrat\u00e9gias de investimento inovadoras e uma vis\u00e3o de neg\u00f3cios arrojada, eles continuam a moldar o futuro econ\u00f4mico do Brasil e do mundo.<\/p>\n","protected":false},"excerpt":{"rendered":"<p>Explora\u00e7\u00e3o do ranking de bilion\u00e1rios brasileiros de 2025, revelando suas hist\u00f3rias de sucesso e impacto na economia.<\/p>\n","protected":false},"author":3,"featured_media":18329,"comment_status":"open","ping_status":"open","sticky":false,"template":"","format":"standard","meta":{"_yoast_wpseo_focuskw":"Bilion\u00e1rios brasileiros","_yoast_wpseo_title":"%%title%%","_yoast_wpseo_metadesc":"Explora\u00e7\u00e3o do ranking de bilion\u00e1rios brasileiros de 2025, revelando suas hist\u00f3rias de sucesso e impacto na economia.","jnews-multi-image_gallery":[],"jnews_single_post":{"format":"standard"},"jnews_primary_category":[],"jnews_social_meta":[],"jnews_override_counter":[],"footnotes":""},"categories":[112],"post_tag":[1093,2771],"class_list":["post-18298","post","type-post","status-publish","format-standard","has-post-thumbnail","hentry","category-curiosidades","tag-bilionarios","tag-forbes"],"yoast_head":"<!-- This site is optimized with the Yoast SEO plugin v24.6 - https:\/\/yoast.com\/wordpress\/plugins\/seo\/ -->\n<title>Quem s\u00e3o os brasileiros no ranking de bilion\u00e1rios da Forbes?<\/title>\n<meta name=\"description\" content=\"Explora\u00e7\u00e3o do ranking de bilion\u00e1rios brasileiros de 2025, revelando suas hist\u00f3rias de sucesso e impacto na economia.\" \/>\n<meta name=\"robots\" content=\"index, follow, max-snippet:-1, max-image-preview:large, max-video-preview:-1\" \/>\n<link rel=\"canonical\" href=\"https:\/\/www.correiobraziliense.com.br\/cbradar\/quem-sao-os-brasileiros-no-ranking-de-bilionarios-da-forbes\/\" \/>\n<meta property=\"og:locale\" content=\"pt_BR\" \/>\n<meta property=\"og:type\" content=\"article\" \/>\n<meta property=\"og:title\" content=\"Quem s\u00e3o os brasileiros no ranking de bilion\u00e1rios da Forbes?\" \/>\n<meta property=\"og:description\" content=\"Explora\u00e7\u00e3o do ranking de bilion\u00e1rios brasileiros de 2025, revelando suas hist\u00f3rias de sucesso e impacto na economia.\" \/>\n<meta property=\"og:url\" content=\"https:\/\/www.correiobraziliense.com.br\/cbradar\/quem-sao-os-brasileiros-no-ranking-de-bilionarios-da-forbes\/\" \/>\n<meta property=\"og:site_name\" content=\"Correio Braziliense - Radar\" \/>\n<meta property=\"article:published_time\" content=\"2025-04-03T09:30:00+00:00\" \/>\n<meta property=\"og:image\" content=\"https:\/\/www.correiobraziliense.com.br\/cbradar\/wp-content\/uploads\/2025\/04\/dinheiro-_1743598382589.jpg\" \/>\n\t<meta property=\"og:image:width\" content=\"1280\" \/>\n\t<meta property=\"og:image:height\" content=\"720\" \/>\n\t<meta property=\"og:image:type\" content=\"image\/jpeg\" \/>\n<meta name=\"author\" content=\"Larissa Carvalho\" \/>\n<meta name=\"twitter:card\" content=\"summary_large_image\" \/>\n<meta name=\"twitter:label1\" content=\"Escrito por\" \/>\n\t<meta name=\"twitter:data1\" content=\"Larissa Carvalho\" \/>\n\t<meta name=\"twitter:label2\" content=\"Est. tempo de leitura\" \/>\n\t<meta name=\"twitter:data2\" content=\"4 minutos\" \/>\n<!-- \/ Yoast SEO plugin. -->","yoast_head_json":{"title":"Quem s\u00e3o os brasileiros no ranking de bilion\u00e1rios da Forbes?","description":"Explora\u00e7\u00e3o do ranking de bilion\u00e1rios brasileiros de 2025, revelando suas hist\u00f3rias de sucesso e impacto na economia.","robots":{"index":"index","follow":"follow","max-snippet":"max-snippet:-1","max-image-preview":"max-image-preview:large","max-video-preview":"max-video-preview:-1"},"canonical":"https:\/\/www.correiobraziliense.com.br\/cbradar\/quem-sao-os-brasileiros-no-ranking-de-bilionarios-da-forbes\/","og_locale":"pt_BR","og_type":"article","og_title":"Quem s\u00e3o os brasileiros no ranking de bilion\u00e1rios da Forbes?","og_description":"Explora\u00e7\u00e3o do ranking de bilion\u00e1rios brasileiros de 2025, revelando suas hist\u00f3rias de sucesso e impacto na economia.","og_url":"https:\/\/www.correiobraziliense.com.br\/cbradar\/quem-sao-os-brasileiros-no-ranking-de-bilionarios-da-forbes\/","og_site_name":"Correio Braziliense - Radar","article_published_time":"2025-04-03T09:30:00+00:00","og_image":[{"width":1280,"height":720,"url":"https:\/\/www.correiobraziliense.com.br\/cbradar\/wp-content\/uploads\/2025\/04\/dinheiro-_1743598382589.jpg","type":"image\/jpeg"}],"author":"Larissa Carvalho","twitter_card":"summary_large_image","twitter_misc":{"Escrito por":"Larissa Carvalho","Est. tempo de leitura":"4 minutos"},"schema":{"@context":"https:\/\/schema.org","@graph":[{"@type":"WebPage","@id":"https:\/\/www.correiobraziliense.com.br\/cbradar\/quem-sao-os-brasileiros-no-ranking-de-bilionarios-da-forbes\/","url":"https:\/\/www.correiobraziliense.com.br\/cbradar\/quem-sao-os-brasileiros-no-ranking-de-bilionarios-da-forbes\/","name":"Quem s\u00e3o os brasileiros no ranking de bilion\u00e1rios da Forbes?","isPartOf":{"@id":"https:\/\/www.correiobraziliense.com.br\/cbradar\/#website"},"primaryImageOfPage":{"@id":"https:\/\/www.correiobraziliense.com.br\/cbradar\/quem-sao-os-brasileiros-no-ranking-de-bilionarios-da-forbes\/#primaryimage"},"image":{"@id":"https:\/\/www.correiobraziliense.com.br\/cbradar\/quem-sao-os-brasileiros-no-ranking-de-bilionarios-da-forbes\/#primaryimage"},"thumbnailUrl":"https:\/\/www.correiobraziliense.com.br\/cbradar\/wp-content\/uploads\/2025\/04\/dinheiro-_1743598382589.jpg","datePublished":"2025-04-03T09:30:00+00:00","author":{"@id":"https:\/\/www.correiobraziliense.com.br\/cbradar\/#\/schema\/person\/58422787644df994b53a19d3e56c1513"},"description":"Explora\u00e7\u00e3o do ranking de bilion\u00e1rios brasileiros de 2025, revelando suas hist\u00f3rias de sucesso e impacto na economia.","breadcrumb":{"@id":"https:\/\/www.correiobraziliense.com.br\/cbradar\/quem-sao-os-brasileiros-no-ranking-de-bilionarios-da-forbes\/#breadcrumb"},"inLanguage":"pt-BR","potentialAction":[{"@type":"ReadAction","target":["https:\/\/www.correiobraziliense.com.br\/cbradar\/quem-sao-os-brasileiros-no-ranking-de-bilionarios-da-forbes\/"]}]},{"@type":"ImageObject","inLanguage":"pt-BR","@id":"https:\/\/www.correiobraziliense.com.br\/cbradar\/quem-sao-os-brasileiros-no-ranking-de-bilionarios-da-forbes\/#primaryimage","url":"https:\/\/www.correiobraziliense.com.br\/cbradar\/wp-content\/uploads\/2025\/04\/dinheiro-_1743598382589.jpg","contentUrl":"https:\/\/www.correiobraziliense.com.br\/cbradar\/wp-content\/uploads\/2025\/04\/dinheiro-_1743598382589.jpg","width":1280,"height":720,"caption":"dinheiro.Cr\u00e9ditos: depositphotos.com \/ Mehaniq"},{"@type":"BreadcrumbList","@id":"https:\/\/www.correiobraziliense.com.br\/cbradar\/quem-sao-os-brasileiros-no-ranking-de-bilionarios-da-forbes\/#breadcrumb","itemListElement":[{"@type":"ListItem","position":1,"name":"In\u00edcio","item":"https:\/\/www.correiobraziliense.com.br\/cbradar\/"},{"@type":"ListItem","position":2,"name":"Quem s\u00e3o os brasileiros no ranking de bilion\u00e1rios da Forbes?"}]},{"@type":"WebSite","@id":"https:\/\/www.correiobraziliense.com.br\/cbradar\/#website","url":"https:\/\/www.correiobraziliense.com.br\/cbradar\/","name":"Correio Braziliense - Radar","description":"Acompanhe as \u00faltimas not\u00edcias e fique bem informado sobre tudo o que acontece no Brasil e no mundo.","potentialAction":[{"@type":"SearchAction","target":{"@type":"EntryPoint","urlTemplate":"https:\/\/www.correiobraziliense.com.br\/cbradar\/?s={search_term_string}"},"query-input":{"@type":"PropertyValueSpecification","valueRequired":true,"valueName":"search_term_string"}}],"inLanguage":"pt-BR"},{"@type":"Person","@id":"https:\/\/www.correiobraziliense.com.br\/cbradar\/#\/schema\/person\/58422787644df994b53a19d3e56c1513","name":"Larissa Carvalho","image":{"@type":"ImageObject","inLanguage":"pt-BR","@id":"https:\/\/www.correiobraziliense.com.br\/cbradar\/#\/schema\/person\/image\/","url":"https:\/\/secure.gravatar.com\/avatar\/fe4f91a0de32b52a838d0d612abdc1aa?s=96&d=mm&r=g","contentUrl":"https:\/\/secure.gravatar.com\/avatar\/fe4f91a0de32b52a838d0d612abdc1aa?s=96&d=mm&r=g","caption":"Larissa Carvalho"},"url":"https:\/\/www.correiobraziliense.com.br\/cbradar\/author\/larissamyth\/"}]}},"_links":{"self":[{"href":"https:\/\/www.correiobraziliense.com.br\/cbradar\/wp-json\/wp\/v2\/posts\/18298","targetHints":{"allow":["GET"]}}],"collection":[{"href":"https:\/\/www.correiobraziliense.com.br\/cbradar\/wp-json\/wp\/v2\/posts"}],"about":[{"href":"https:\/\/www.correiobraziliense.com.br\/cbradar\/wp-json\/wp\/v2\/types\/post"}],"author":[{"embeddable":true,"href":"https:\/\/www.correiobraziliense.com.br\/cbradar\/wp-json\/wp\/v2\/users\/3"}],"replies":[{"embeddable":true,"href":"https:\/\/www.correiobraziliense.com.br\/cbradar\/wp-json\/wp\/v2\/comments?post=18298"}],"version-history":[{"count":4,"href":"https:\/\/www.correiobraziliense.com.br\/cbradar\/wp-json\/wp\/v2\/posts\/18298\/revisions"}],"predecessor-version":[{"id":18878,"href":"https:\/\/www.correiobraziliense.com.br\/cbradar\/wp-json\/wp\/v2\/posts\/18298\/revisions\/18878"}],"wp:featuredmedia":[{"embeddable":true,"href":"https:\/\/www.correiobraziliense.com.br\/cbradar\/wp-json\/wp\/v2\/media\/18329"}],"wp:attachment":[{"href":"https:\/\/www.correiobraziliense.com.br\/cbradar\/wp-json\/wp\/v2\/media?parent=18298"}],"wp:term":[{"taxonomy":"category","embeddable":true,"href":"https:\/\/www.correiobraziliense.com.br\/cbradar\/wp-json\/wp\/v2\/categories?post=18298"},{"taxonomy":"post_tag","embeddable":true,"href":"https:\/\/www.correiobraziliense.com.br\/cbradar\/wp-json\/wp\/v2\/post_tag?post=18298"}],"curies":[{"name":"wp","href":"https:\/\/api.w.org\/{rel}","templated":true}]}}