{"id":183037,"date":"2026-01-29T19:45:00","date_gmt":"2026-01-29T22:45:00","guid":{"rendered":"https:\/\/www.correiobraziliense.com.br\/cbradar\/?p=183037"},"modified":"2026-01-29T12:33:21","modified_gmt":"2026-01-29T15:33:21","slug":"a-planta-trepadeira-que-cresce-em-6-meses-e-ainda-produz-esponjas-naturais","status":"publish","type":"post","link":"https:\/\/www.correiobraziliense.com.br\/cbradar\/a-planta-trepadeira-que-cresce-em-6-meses-e-ainda-produz-esponjas-naturais\/","title":{"rendered":"A planta trepadeira que cresce em 6 meses e ainda produz esponjas naturais"},"content":{"rendered":"\n<p>Imagine transformar aquele muro simples da sua casa em uma parede verde cheia de vida e, de quebra, nunca mais precisar comprar bucha de pl\u00e1stico. \u00c9 exatamente isso que a bucha oferece: uma trepadeira charmosa, que cresce r\u00e1pido, decora o ambiente e ainda vira buchas naturais e biodegrad\u00e1veis para usar na cozinha, no banheiro e na limpeza do dia a dia, ajudando quem quer reduzir o uso de <strong>pl\u00e1stico<\/strong> sem complica\u00e7\u00e3o.<\/p>\n\n\n\n<h2 class=\"wp-block-heading\">Como a bucha pode ser usada no dia a dia<\/h2>\n\n\n\n<p>No banheiro, a bucha \u00e9 famosa por esfregar o corpo durante o banho, ajudando a remover c\u00e9lulas mortas e deixando a pele mais macia. Na cozinha, ela pode substituir buchas sint\u00e9ticas para lavar lou\u00e7as e panelas, principalmente quando cortada em peda\u00e7os menores, ideais para o uso di\u00e1rio na pia.<\/p>\n\n\n\n<p>Em outros cantinhos da casa, a bucha vegetal tamb\u00e9m serve para limpeza de superf\u00edcies, desde que seja enxaguada e seca depois de cada uso. Muitas pessoas ainda aproveitam a <b>bucha <\/b>em projetos artesanais, criando sabonetes esfoliantes, lembrancinhas e itens decorativos sustent\u00e1veis, unindo cuidado pessoal e criatividade.<\/p>\n\n\n<div class=\"wp-block-image\">\n<figure class=\"aligncenter size-large\"><img decoding=\"async\" width=\"1024\" height=\"576\" src=\"https:\/\/www.correiobraziliense.com.br\/cbradar\/wp-content\/uploads\/2025\/04\/bucha-vegetal_1745259882539-1024x576.jpg\" alt=\"\" class=\"wp-image-26560\" srcset=\"https:\/\/www.correiobraziliense.com.br\/cbradar\/wp-content\/uploads\/2025\/04\/bucha-vegetal_1745259882539-1024x576.jpg 1024w, https:\/\/www.correiobraziliense.com.br\/cbradar\/wp-content\/uploads\/2025\/04\/bucha-vegetal_1745259882539-300x169.jpg 300w, https:\/\/www.correiobraziliense.com.br\/cbradar\/wp-content\/uploads\/2025\/04\/bucha-vegetal_1745259882539-768x432.jpg 768w, https:\/\/www.correiobraziliense.com.br\/cbradar\/wp-content\/uploads\/2025\/04\/bucha-vegetal_1745259882539-750x422.jpg 750w, https:\/\/www.correiobraziliense.com.br\/cbradar\/wp-content\/uploads\/2025\/04\/bucha-vegetal_1745259882539-1140x641.jpg 1140w, https:\/\/www.correiobraziliense.com.br\/cbradar\/wp-content\/uploads\/2025\/04\/bucha-vegetal_1745259882539.jpg 1280w\" sizes=\"(max-width: 1024px) 100vw, 1024px\" \/><figcaption class=\"wp-element-caption\">No banheiro, a bucha \u00e9 famosa por esfregar o corpo durante o banho, ajudando a remover c\u00e9lulas mortas e deixando a pele mais macia &#8211; Cr\u00e9ditos: depositphotos.com \/ cbenjasuwan<\/figcaption><\/figure><\/div>\n\n\n<p>Leia tamb\u00e9m:&nbsp;<a href=\"https:\/\/www.correiobraziliense.com.br\/cbradar\/as-plantas-antimofo-ajudam-a-reduzir-a-umidade-do-ar-e-melhoram-o-ambiente-naturalmente\/\" target=\"_blank\" rel=\"noopener\">As plantas antimofo ajudam a reduzir a umidade do ar e melhoram o ambiente naturalmente<\/a><\/p>\n\n\n\n<h2 class=\"wp-block-heading\">Por que plantar bucha em casa \u00e9 uma op\u00e7\u00e3o mais sustent\u00e1vel<\/h2>\n\n\n\n<p>Diferente das buchas convencionais de pl\u00e1stico, a bucha vegetal \u00e9 <strong>biodegrad\u00e1vel<\/strong> e pode ser descartada em composteiras dom\u00e9sticas, retornando ao solo como mat\u00e9ria org\u00e2nica e fechando um ciclo bem mais natural.<\/p>\n\n\n\n<p>Ao plantar a bucha em casa, voc\u00ea passa a produzir suas pr\u00f3prias buchas e diminui o volume de res\u00edduos gerados em cozinhas e banheiros. Esse h\u00e1bito combina com projetos de hortas urbanas, jardins ecol\u00f3gicos e iniciativas de consumo consciente, aproximando a fam\u00edlia de uma rotina mais simples e alinhada \u00e0 ideia de bem-estar sustent\u00e1vel.<\/p>\n\n\n\n<h2 class=\"wp-block-heading\">Como plantar bucha e garantir um bom desenvolvimento no seu espa\u00e7o<\/h2>\n\n\n\n<p>O cultivo da bucha \u00e9 simples e acess\u00edvel, ideal para quem est\u00e1 come\u00e7ando a mexer com plantas em quintais, varandas grandes ou pequenos s\u00edtios. O essencial \u00e9 escolher um local com sol direto por boa parte do dia e oferecer uma estrutura firme, como cercas, telas ou pergolados, para a trepadeira subir e se desenvolver sem apertos.<\/p>\n\n\n\n<ol class=\"wp-block-list\">\n<li><strong>Escolha do local:<\/strong> selecionar um ponto ensolarado, com solo bem drenado.<\/li>\n\n\n\n<li><strong>Preparo da terra:<\/strong> incorporar mat\u00e9ria org\u00e2nica, como composto ou esterco bem curtido, para melhorar a fertilidade.<\/li>\n\n\n\n<li><strong>Plantio das sementes:<\/strong> enterrar as sementes de bucha a cerca de 2 a 3 cm de profundidade, mantendo espa\u00e7o entre as covas.<\/li>\n\n\n\n<li><strong>Instala\u00e7\u00e3o do suporte:<\/strong> garantir arames, treli\u00e7as ou grades para a trepadeira subir sem dificuldade.<\/li>\n\n\n\n<li><strong>Rega regular:<\/strong> manter o solo \u00famido, sem encharcar, especialmente nas primeiras semanas de crescimento.<\/li>\n<\/ol>\n\n\n\n<p>Se voc\u00ea gosta de cultivo, separamos esse v\u00eddeo do canal <a href=\"https:\/\/www.youtube.com\/@mundoverdeorganico\" target=\"_blank\" rel=\"noreferrer noopener\">Mundo verde org\u00e2nico<\/a> ensinando a plantar bucha em casa:<\/p>\n\n\n\n<figure class=\"wp-block-embed is-type-video is-provider-youtube wp-block-embed-youtube wp-embed-aspect-16-9 wp-has-aspect-ratio\"><div class=\"wp-block-embed__wrapper\">\n<div class=\"jeg_video_container jeg_video_content\"><iframe loading=\"lazy\" title=\"COMO PLANTAR BUCHA VEGETAL EM CASA\" width=\"500\" height=\"281\" src=\"https:\/\/www.youtube.com\/embed\/2Hsldhfwd2c?feature=oembed\" frameborder=\"0\" allow=\"accelerometer; autoplay; clipboard-write; encrypted-media; gyroscope; picture-in-picture; web-share\" referrerpolicy=\"strict-origin-when-cross-origin\" allowfullscreen><\/iframe><\/div>\n<\/div><\/figure>\n\n\n\n<h2 class=\"wp-block-heading\">Em quanto tempo a bucha cresce e come\u00e7a a produzir frutos<\/h2>\n\n\n\n<p>Em condi\u00e7\u00f5es favor\u00e1veis, a planta cresce r\u00e1pido e, em cerca de cinco a seis meses, come\u00e7a a apresentar frutos em tamanho adequado para virar bucha. Nesse per\u00edodo, \u00e9 comum que a \u00e1rea onde a bucha foi plantada fique mais sombreada, criando um cantinho mais fresco e agrad\u00e1vel para descansar nos dias quentes.<\/p>\n\n\n\n<p>Essa cortina verde formada pela <strong>trepadeira<\/strong> tamb\u00e9m ajuda a proteger outras plantas mais sens\u00edveis ao sol forte, trazendo conforto t\u00e9rmico e um visual acolhedor. Assim, al\u00e9m da utilidade pr\u00e1tica das buchas, voc\u00ea ganha um ambiente mais bonito e convidativo para passar o tempo ao ar livre.<\/p>\n\n\n\n<h2 class=\"wp-block-heading\">Como cuidar bem da bucha e descartar de forma correta<\/h2>\n\n\n\n<p>Depois de prontas, as bucha podem ser cortadas em diferentes tamanhos, de acordo com a fun\u00e7\u00e3o desejada em cada c\u00f4modo da casa. Para que durem mais, \u00e9 importante enxaguar bem ap\u00f3s o uso, espremer o excesso de \u00e1gua e deixar secar em local arejado, evitando que fiquem \u00famidas por muito tempo.<\/p>\n\n\n\n<p>Quando a bucha estiver bem gasta ou escurecida, basta descart\u00e1-la na composteira ou direto no solo, onde vai se decompor naturalmente, sem deixar res\u00edduos de <strong>pl\u00e1stico<\/strong>. Assim, o ciclo da bucha se mant\u00e9m coerente com a proposta de um acess\u00f3rio simples, reutiliz\u00e1vel e totalmente biodegrad\u00e1vel, que cuida da casa e tamb\u00e9m do planeta.<\/p>\n\n\n<div class=\"wp-block-image\">\n<figure class=\"aligncenter size-large\"><img decoding=\"async\" width=\"1024\" height=\"576\" src=\"https:\/\/www.correiobraziliense.com.br\/cbradar\/wp-content\/uploads\/2025\/04\/bucha-vegetal_1745259927831-1024x576.jpg\" alt=\"\" class=\"wp-image-26561\" srcset=\"https:\/\/www.correiobraziliense.com.br\/cbradar\/wp-content\/uploads\/2025\/04\/bucha-vegetal_1745259927831-1024x576.jpg 1024w, https:\/\/www.correiobraziliense.com.br\/cbradar\/wp-content\/uploads\/2025\/04\/bucha-vegetal_1745259927831-300x169.jpg 300w, https:\/\/www.correiobraziliense.com.br\/cbradar\/wp-content\/uploads\/2025\/04\/bucha-vegetal_1745259927831-768x432.jpg 768w, https:\/\/www.correiobraziliense.com.br\/cbradar\/wp-content\/uploads\/2025\/04\/bucha-vegetal_1745259927831-750x422.jpg 750w, https:\/\/www.correiobraziliense.com.br\/cbradar\/wp-content\/uploads\/2025\/04\/bucha-vegetal_1745259927831-1140x642.jpg 1140w, https:\/\/www.correiobraziliense.com.br\/cbradar\/wp-content\/uploads\/2025\/04\/bucha-vegetal_1745259927831.jpg 1279w\" sizes=\"(max-width: 1024px) 100vw, 1024px\" \/><figcaption class=\"wp-element-caption\">Depois de prontas, as bucha podem ser cortadas em diferentes tamanhos, de acordo com a fun\u00e7\u00e3o desejada  &#8211; Cr\u00e9ditos: depositphotos.com \/ thaikrit<\/figcaption><\/figure><\/div>\n\n\n<h2 class=\"wp-block-heading\">Pr\u00f3ximo passo para come\u00e7ar a cultivar bucha hoje mesmo<\/h2>\n\n\n\n<p>A bucha mostra que pequenas escolhas podem ter um impacto grande na rotina e no meio ambiente, unindo beleza, economia e menos lixo em um s\u00f3 plantio. Se voc\u00ea quer dar um primeiro passo rumo a um dia a dia mais sustent\u00e1vel, come\u00e7ar com essa trepadeira \u00e9 uma forma simples de ver o resultado com os pr\u00f3prios olhos e m\u00e3os.<\/p>\n\n\n\n<p>Que tal separar um cantinho ensolarado, providenciar um suporte e garantir algumas sementes de bucha para testar na sua casa? Comece com poucos p\u00e9s, observe o crescimento e, com o tempo, transforme seus pr\u00f3prios frutos em buchas naturais, criando um ciclo ecol\u00f3gico e inspirador que pode motivar outras pessoas ao seu redor.<\/p>\n","protected":false},"excerpt":{"rendered":"<p>Imagine transformar aquele muro simples da sua casa em uma parede verde cheia de vida e, de quebra, nunca mais precisar comprar bucha de pl\u00e1stico. \u00c9 exatamente isso que a bucha oferece: uma trepadeira charmosa, que cresce r\u00e1pido, decora o ambiente e ainda vira buchas naturais e biodegrad\u00e1veis para usar na cozinha, no banheiro e [&hellip;]<\/p>\n","protected":false},"author":9,"featured_media":183391,"comment_status":"open","ping_status":"open","sticky":false,"template":"","format":"standard","meta":{"_yoast_wpseo_focuskw":"plantar bucha em casa","_yoast_wpseo_title":"","_yoast_wpseo_metadesc":"Plante uma trepadeira que decora, refresca o espa\u00e7o e substitui buchas pl\u00e1sticas por vers\u00f5es naturais e biodegrad\u00e1veis.","jnews-multi-image_gallery":[],"jnews_single_post":{"format":"standard"},"jnews_primary_category":[],"jnews_social_meta":[],"jnews_override_counter":[],"footnotes":""},"categories":[136],"tags":[3654,12773,616],"class_list":["post-183037","post","type-post","status-publish","format-standard","has-post-thumbnail","hentry","category-jardinagem","tag-bucha-vegetal","tag-planta-trepadeira","tag-plantar"],"yoast_head":"<!-- This site is optimized with the Yoast SEO plugin v24.6 - https:\/\/yoast.com\/wordpress\/plugins\/seo\/ -->\n<title>A planta trepadeira que cresce em 6 meses e ainda produz esponjas naturais - Correio Braziliense - Radar<\/title>\n<meta name=\"description\" content=\"Plante uma trepadeira que decora, refresca o espa\u00e7o e substitui buchas pl\u00e1sticas por vers\u00f5es naturais e biodegrad\u00e1veis.\" \/>\n<meta name=\"robots\" content=\"index, follow, max-snippet:-1, max-image-preview:large, max-video-preview:-1\" \/>\n<link rel=\"canonical\" href=\"https:\/\/www.correiobraziliense.com.br\/cbradar\/a-planta-trepadeira-que-cresce-em-6-meses-e-ainda-produz-esponjas-naturais\/\" \/>\n<meta property=\"og:locale\" content=\"pt_BR\" \/>\n<meta property=\"og:type\" content=\"article\" \/>\n<meta property=\"og:title\" content=\"A planta trepadeira que cresce em 6 meses e ainda produz esponjas naturais - Correio Braziliense - Radar\" \/>\n<meta property=\"og:description\" content=\"Plante uma trepadeira que decora, refresca o espa\u00e7o e substitui buchas pl\u00e1sticas por vers\u00f5es naturais e biodegrad\u00e1veis.\" \/>\n<meta property=\"og:url\" content=\"https:\/\/www.correiobraziliense.com.br\/cbradar\/a-planta-trepadeira-que-cresce-em-6-meses-e-ainda-produz-esponjas-naturais\/\" \/>\n<meta property=\"og:site_name\" content=\"Correio Braziliense - Radar\" \/>\n<meta property=\"article:published_time\" content=\"2026-01-29T22:45:00+00:00\" \/>\n<meta property=\"og:image\" content=\"https:\/\/www.correiobraziliense.com.br\/cbradar\/wp-content\/uploads\/2026\/01\/freepik__muro-de-casa-simples-transformado-em-parede-verde-__47001.jpeg\" \/>\n\t<meta property=\"og:image:width\" content=\"1280\" \/>\n\t<meta property=\"og:image:height\" content=\"720\" \/>\n\t<meta property=\"og:image:type\" content=\"image\/jpeg\" \/>\n<meta name=\"author\" content=\"Daniely Cardoso\" \/>\n<meta name=\"twitter:card\" content=\"summary_large_image\" \/>\n<meta name=\"twitter:label1\" content=\"Escrito por\" \/>\n\t<meta name=\"twitter:data1\" content=\"Daniely Cardoso\" \/>\n\t<meta name=\"twitter:label2\" content=\"Est. tempo de leitura\" \/>\n\t<meta name=\"twitter:data2\" content=\"6 minutos\" \/>\n<!-- \/ Yoast SEO plugin. -->","yoast_head_json":{"title":"A planta trepadeira que cresce em 6 meses e ainda produz esponjas naturais - Correio Braziliense - Radar","description":"Plante uma trepadeira que decora, refresca o espa\u00e7o e substitui buchas pl\u00e1sticas por vers\u00f5es naturais e biodegrad\u00e1veis.","robots":{"index":"index","follow":"follow","max-snippet":"max-snippet:-1","max-image-preview":"max-image-preview:large","max-video-preview":"max-video-preview:-1"},"canonical":"https:\/\/www.correiobraziliense.com.br\/cbradar\/a-planta-trepadeira-que-cresce-em-6-meses-e-ainda-produz-esponjas-naturais\/","og_locale":"pt_BR","og_type":"article","og_title":"A planta trepadeira que cresce em 6 meses e ainda produz esponjas naturais - Correio Braziliense - Radar","og_description":"Plante uma trepadeira que decora, refresca o espa\u00e7o e substitui buchas pl\u00e1sticas por vers\u00f5es naturais e biodegrad\u00e1veis.","og_url":"https:\/\/www.correiobraziliense.com.br\/cbradar\/a-planta-trepadeira-que-cresce-em-6-meses-e-ainda-produz-esponjas-naturais\/","og_site_name":"Correio Braziliense - Radar","article_published_time":"2026-01-29T22:45:00+00:00","og_image":[{"width":1280,"height":720,"url":"https:\/\/www.correiobraziliense.com.br\/cbradar\/wp-content\/uploads\/2026\/01\/freepik__muro-de-casa-simples-transformado-em-parede-verde-__47001.jpeg","type":"image\/jpeg"}],"author":"Daniely Cardoso","twitter_card":"summary_large_image","twitter_misc":{"Escrito por":"Daniely Cardoso","Est. tempo de leitura":"6 minutos"},"schema":{"@context":"https:\/\/schema.org","@graph":[{"@type":"WebPage","@id":"https:\/\/www.correiobraziliense.com.br\/cbradar\/a-planta-trepadeira-que-cresce-em-6-meses-e-ainda-produz-esponjas-naturais\/","url":"https:\/\/www.correiobraziliense.com.br\/cbradar\/a-planta-trepadeira-que-cresce-em-6-meses-e-ainda-produz-esponjas-naturais\/","name":"A planta trepadeira que cresce em 6 meses e ainda produz esponjas naturais - Correio Braziliense - Radar","isPartOf":{"@id":"https:\/\/www.correiobraziliense.com.br\/cbradar\/#website"},"primaryImageOfPage":{"@id":"https:\/\/www.correiobraziliense.com.br\/cbradar\/a-planta-trepadeira-que-cresce-em-6-meses-e-ainda-produz-esponjas-naturais\/#primaryimage"},"image":{"@id":"https:\/\/www.correiobraziliense.com.br\/cbradar\/a-planta-trepadeira-que-cresce-em-6-meses-e-ainda-produz-esponjas-naturais\/#primaryimage"},"thumbnailUrl":"https:\/\/www.correiobraziliense.com.br\/cbradar\/wp-content\/uploads\/2026\/01\/freepik__muro-de-casa-simples-transformado-em-parede-verde-__47001.jpeg","datePublished":"2026-01-29T22:45:00+00:00","author":{"@id":"https:\/\/www.correiobraziliense.com.br\/cbradar\/#\/schema\/person\/7356666e12ec0ee53f348ee5db227032"},"description":"Plante uma trepadeira que decora, refresca o espa\u00e7o e substitui buchas pl\u00e1sticas por vers\u00f5es naturais e biodegrad\u00e1veis.","breadcrumb":{"@id":"https:\/\/www.correiobraziliense.com.br\/cbradar\/a-planta-trepadeira-que-cresce-em-6-meses-e-ainda-produz-esponjas-naturais\/#breadcrumb"},"inLanguage":"pt-BR","potentialAction":[{"@type":"ReadAction","target":["https:\/\/www.correiobraziliense.com.br\/cbradar\/a-planta-trepadeira-que-cresce-em-6-meses-e-ainda-produz-esponjas-naturais\/"]}]},{"@type":"ImageObject","inLanguage":"pt-BR","@id":"https:\/\/www.correiobraziliense.com.br\/cbradar\/a-planta-trepadeira-que-cresce-em-6-meses-e-ainda-produz-esponjas-naturais\/#primaryimage","url":"https:\/\/www.correiobraziliense.com.br\/cbradar\/wp-content\/uploads\/2026\/01\/freepik__muro-de-casa-simples-transformado-em-parede-verde-__47001.jpeg","contentUrl":"https:\/\/www.correiobraziliense.com.br\/cbradar\/wp-content\/uploads\/2026\/01\/freepik__muro-de-casa-simples-transformado-em-parede-verde-__47001.jpeg","width":1280,"height":720,"caption":"A bucha \u00e9 uma planta trepadeira de crescimento r\u00e1pido"},{"@type":"BreadcrumbList","@id":"https:\/\/www.correiobraziliense.com.br\/cbradar\/a-planta-trepadeira-que-cresce-em-6-meses-e-ainda-produz-esponjas-naturais\/#breadcrumb","itemListElement":[{"@type":"ListItem","position":1,"name":"In\u00edcio","item":"https:\/\/www.correiobraziliense.com.br\/cbradar\/"},{"@type":"ListItem","position":2,"name":"A planta trepadeira que cresce em 6 meses e ainda produz esponjas naturais"}]},{"@type":"WebSite","@id":"https:\/\/www.correiobraziliense.com.br\/cbradar\/#website","url":"https:\/\/www.correiobraziliense.com.br\/cbradar\/","name":"Correio Braziliense - Radar","description":"Acompanhe as \u00faltimas not\u00edcias e fique bem informado sobre tudo o que acontece no Brasil e no mundo.","potentialAction":[{"@type":"SearchAction","target":{"@type":"EntryPoint","urlTemplate":"https:\/\/www.correiobraziliense.com.br\/cbradar\/?s={search_term_string}"},"query-input":{"@type":"PropertyValueSpecification","valueRequired":true,"valueName":"search_term_string"}}],"inLanguage":"pt-BR"},{"@type":"Person","@id":"https:\/\/www.correiobraziliense.com.br\/cbradar\/#\/schema\/person\/7356666e12ec0ee53f348ee5db227032","name":"Daniely Cardoso","image":{"@type":"ImageObject","inLanguage":"pt-BR","@id":"https:\/\/www.correiobraziliense.com.br\/cbradar\/#\/schema\/person\/image\/","url":"https:\/\/secure.gravatar.com\/avatar\/4b80ddbd124d1f071b626d52d62e5dff?s=96&d=mm&r=g","contentUrl":"https:\/\/secure.gravatar.com\/avatar\/4b80ddbd124d1f071b626d52d62e5dff?s=96&d=mm&r=g","caption":"Daniely Cardoso"},"description":"Redatora nos portais CB Radar e EM Foco, formada pela Universidade Federal de Goi\u00e1s, em Goi\u00e2nia. Apaixonada por comunica\u00e7\u00e3o, arte, decora\u00e7\u00e3o e tend\u00eancias, atuo na produ\u00e7\u00e3o de conte\u00fados envolventes sobre curiosidades, moda, beleza e paisagismo, sempre com um olhar atento \u00e0s novidades do momento.","sameAs":["https:\/\/www.correiobraziliense.com.br\/cbradar"],"url":"https:\/\/www.correiobraziliense.com.br\/cbradar\/author\/danielymyth\/"}]}},"_links":{"self":[{"href":"https:\/\/www.correiobraziliense.com.br\/cbradar\/wp-json\/wp\/v2\/posts\/183037","targetHints":{"allow":["GET"]}}],"collection":[{"href":"https:\/\/www.correiobraziliense.com.br\/cbradar\/wp-json\/wp\/v2\/posts"}],"about":[{"href":"https:\/\/www.correiobraziliense.com.br\/cbradar\/wp-json\/wp\/v2\/types\/post"}],"author":[{"embeddable":true,"href":"https:\/\/www.correiobraziliense.com.br\/cbradar\/wp-json\/wp\/v2\/users\/9"}],"replies":[{"embeddable":true,"href":"https:\/\/www.correiobraziliense.com.br\/cbradar\/wp-json\/wp\/v2\/comments?post=183037"}],"version-history":[{"count":2,"href":"https:\/\/www.correiobraziliense.com.br\/cbradar\/wp-json\/wp\/v2\/posts\/183037\/revisions"}],"predecessor-version":[{"id":183230,"href":"https:\/\/www.correiobraziliense.com.br\/cbradar\/wp-json\/wp\/v2\/posts\/183037\/revisions\/183230"}],"wp:featuredmedia":[{"embeddable":true,"href":"https:\/\/www.correiobraziliense.com.br\/cbradar\/wp-json\/wp\/v2\/media\/183391"}],"wp:attachment":[{"href":"https:\/\/www.correiobraziliense.com.br\/cbradar\/wp-json\/wp\/v2\/media?parent=183037"}],"wp:term":[{"taxonomy":"category","embeddable":true,"href":"https:\/\/www.correiobraziliense.com.br\/cbradar\/wp-json\/wp\/v2\/categories?post=183037"},{"taxonomy":"post_tag","embeddable":true,"href":"https:\/\/www.correiobraziliense.com.br\/cbradar\/wp-json\/wp\/v2\/tags?post=183037"}],"curies":[{"name":"wp","href":"https:\/\/api.w.org\/{rel}","templated":true}]}}