{"id":183089,"date":"2026-01-29T22:35:15","date_gmt":"2026-01-30T01:35:15","guid":{"rendered":"https:\/\/www.correiobraziliense.com.br\/cbradar\/?p=183089"},"modified":"2026-01-28T10:45:47","modified_gmt":"2026-01-28T13:45:47","slug":"o-que-significa-cocar-a-palma-da-mao-segundo-crencas-populares","status":"publish","type":"post","link":"https:\/\/www.correiobraziliense.com.br\/cbradar\/o-que-significa-cocar-a-palma-da-mao-segundo-crencas-populares\/","title":{"rendered":"O que significa co\u00e7ar a palma da m\u00e3o, segundo cren\u00e7as populares"},"content":{"rendered":"\n<p>Quem nunca sentiu aquela coceirinha inesperada na m\u00e3o e logo ouviu algu\u00e9m dizer que \u00e9 \u201csinal de dinheiro chegando\u201d? Em muitas fam\u00edlias brasileiras, esse tipo de coment\u00e1rio faz parte do dia a dia e rende risadas, esperan\u00e7as e at\u00e9 um pouco de curiosidade. Mesmo sem explica\u00e7\u00e3o cient\u00edfica, essas cren\u00e7as seguem vivas em rodas de conversa, hist\u00f3rias de inf\u00e2ncia e tradi\u00e7\u00f5es que passam de gera\u00e7\u00e3o em gera\u00e7\u00e3o.<\/p>\n\n\n\n<h2 class=\"wp-block-heading\">O que significa co\u00e7ar a palma da m\u00e3o na cren\u00e7a popular<\/h2>\n\n\n\n<p>Em grande parte do <strong>Brasil,<\/strong> diz-se que <strong>co\u00e7ar a palma da m\u00e3o direita<\/strong> est\u00e1 ligado \u00e0 chegada de ganhos financeiros, como pagamento inesperado, pr\u00eamio ou aumento de renda. J\u00e1 a coceira na m\u00e3o esquerda costuma ser vista como sinal de que o dinheiro vai sair, indicando gastos e despesas imprevistas.<\/p>\n\n\n\n<p>Algumas vers\u00f5es dessa supersti\u00e7\u00e3o v\u00e3o al\u00e9m e tentam relacionar a intensidade da coceira ao \u201ctamanho\u201d da sorte. Em muitas casas, essa interpreta\u00e7\u00e3o \u00e9 repetida de forma leve, quase como um ritual divertido de fam\u00edlia, mas ainda assim muita gente fica atenta quando a palma come\u00e7a a incomodar \u201cdo nada\u201d.<\/p>\n\n\n<div class=\"wp-block-image\">\n<figure class=\"aligncenter size-large\"><img decoding=\"async\" width=\"1024\" height=\"576\" src=\"https:\/\/www.correiobraziliense.com.br\/cbradar\/wp-content\/uploads\/2025\/08\/palma-da-mao-cocando_1754340647554-1024x576.jpg\" alt=\"O que significa quando a sua m\u00e3o esquerda co\u00e7a do nada?\" class=\"wp-image-80814\" srcset=\"https:\/\/www.correiobraziliense.com.br\/cbradar\/wp-content\/uploads\/2025\/08\/palma-da-mao-cocando_1754340647554-1024x576.jpg 1024w, https:\/\/www.correiobraziliense.com.br\/cbradar\/wp-content\/uploads\/2025\/08\/palma-da-mao-cocando_1754340647554-300x169.jpg 300w, https:\/\/www.correiobraziliense.com.br\/cbradar\/wp-content\/uploads\/2025\/08\/palma-da-mao-cocando_1754340647554-768x432.jpg 768w, https:\/\/www.correiobraziliense.com.br\/cbradar\/wp-content\/uploads\/2025\/08\/palma-da-mao-cocando_1754340647554-750x422.jpg 750w, https:\/\/www.correiobraziliense.com.br\/cbradar\/wp-content\/uploads\/2025\/08\/palma-da-mao-cocando_1754340647554-1140x641.jpg 1140w, https:\/\/www.correiobraziliense.com.br\/cbradar\/wp-content\/uploads\/2025\/08\/palma-da-mao-cocando_1754340647554.jpg 1280w\" sizes=\"(max-width: 1024px) 100vw, 1024px\" \/><figcaption class=\"wp-element-caption\">Em grande parte do <strong>Brasil,<\/strong> diz-se que co\u00e7ar a palma da m\u00e3o direita est\u00e1 ligado \u00e0 chegada de ganhos financeiros &#8211; Cr\u00e9ditos: depositphotos.com \/ SingHa Wk<\/figcaption><\/figure><\/div>\n\n\n<p>Leia tamb\u00e9m:&nbsp;<a href=\"https:\/\/www.correiobraziliense.com.br\/cbradar\/qual-o-significado-de-ter-abelhas-rodeando-a-sua-casa\/\" target=\"_blank\" rel=\"noopener\">Qual o significado de ter abelhas rodeando a sua casa?<\/a><\/p>\n\n\n\n<h2 class=\"wp-block-heading\">Co\u00e7ar a palma da m\u00e3o direita realmente traz dinheiro<\/h2>\n\n\n\n<p>Uma das cren\u00e7as mais difundidas afirma que <strong>co\u00e7ar a palma da m\u00e3o direita<\/strong> indica entrada de recursos e boa fase financeira. Em ditados populares, essa coceira \u00e9 tida como press\u00e1gio de novos trabalhos, b\u00f4nus, comiss\u00f5es e at\u00e9 sorteios, e h\u00e1 quem aproveite o momento para mentalizar prosperidade, como se isso pudesse \u201crefor\u00e7ar\u201d a chegada do dinheiro.<\/p>\n\n\n\n<p>Existem ainda vers\u00f5es curiosas ligadas a pequenos gestos do dia a dia. Em certas fam\u00edlias, orienta-se esfregar a palma em um peda\u00e7o de madeira ou bater levemente em algo s\u00f3lido, como se estivesse \u201cfirmando\u201d a sorte. Outras tradi\u00e7\u00f5es pedem para evitar co\u00e7ar com a outra m\u00e3o, para que a suposta fortuna n\u00e3o \u201cpasse\u201d para outra pessoa.<\/p>\n\n\n\n<h2 class=\"wp-block-heading\">O que significa quando a palma da m\u00e3o esquerda co\u00e7a<\/h2>\n\n\n\n<p>No imagin\u00e1rio popular, a <strong>palma da m\u00e3o esquerda co\u00e7ando<\/strong> costuma ser interpretada de forma oposta \u00e0 m\u00e3o direita. Em muitas regi\u00f5es, acredita-se que esse inc\u00f4modo seja um aviso de que o dinheiro est\u00e1 prestes a sair, servindo como lembrete para ter cuidado com gastos, evitar compras por impulso e se organizar melhor financeiramente.<\/p>\n\n\n\n<p>H\u00e1 tamb\u00e9m quem relacione a coceira na m\u00e3o esquerda a empr\u00e9stimos, ajuda a conhecidos ou contas esquecidas que est\u00e3o para aparecer. Em alguns ditados, co\u00e7ar com for\u00e7a \u201caceleraria\u201d a sa\u00edda do dinheiro; por isso, muitas pessoas preferem ignorar a coceira ou apenas bater de leve a m\u00e3o em um tecido para tentar \u201camenizar\u201d o efeito simb\u00f3lico. Se voc\u00ea gosta de curiosidades, separamos esse v\u00eddeo do canal <a href=\"https:\/\/www.youtube.com\/@BalbinoChagas\" target=\"_blank\" rel=\"noreferrer noopener\">Balbino Chagas<\/a> falando sobre esse significado: <\/p>\n\n\n\n<figure class=\"wp-block-embed is-type-video is-provider-youtube wp-block-embed-youtube wp-embed-aspect-16-9 wp-has-aspect-ratio\"><div class=\"wp-block-embed__wrapper\">\n<div class=\"jeg_video_container jeg_video_content\"><iframe loading=\"lazy\" title=\"M\u00c3O DIREITA CO\u00c7ANDO \u00c9 DINHEIRO CHEGANDO? SIGNIFICADO VERDADEIRO DA COCEIRA NA M\u00c3O E O QUE FAZER\" width=\"500\" height=\"281\" src=\"https:\/\/www.youtube.com\/embed\/W05ODkQmta0?feature=oembed\" frameborder=\"0\" allow=\"accelerometer; autoplay; clipboard-write; encrypted-media; gyroscope; picture-in-picture; web-share\" referrerpolicy=\"strict-origin-when-cross-origin\" allowfullscreen><\/iframe><\/div>\n<\/div><\/figure>\n\n\n\n<h2 class=\"wp-block-heading\">De onde v\u00eam essas cren\u00e7as sobre co\u00e7ar a palma da m\u00e3o<\/h2>\n\n\n\n<p>A supersti\u00e7\u00e3o sobre co\u00e7ar a palma da m\u00e3o aparece em diferentes culturas, com sentidos parecidos, sempre ligados a trabalho, bens e circula\u00e7\u00e3o de dinheiro. Em tradi\u00e7\u00f5es europeias antigas, por exemplo, coceiras nas m\u00e3os eram associadas a trocas comerciais, j\u00e1 que as m\u00e3os representam acordo, esfor\u00e7o e recompensa.<\/p>\n\n\n\n<p>Relatos de origem africana e de povos orientais tamb\u00e9m ligam a palma da m\u00e3o \u00e0 <strong>energia<\/strong>, ao contato e \u00e0 prosperidade. Em algumas linhas espirituais, a m\u00e3o direita simboliza a\u00e7\u00e3o e recebimento, enquanto a esquerda se conecta mais ao desapego ou \u00e0 doa\u00e7\u00e3o, refor\u00e7ando a l\u00f3gica popular de \u201creceber\u201d com a direita e \u201cgastar\u201d com a esquerda.<\/p>\n\n\n\n<h2 class=\"wp-block-heading\">Quando a coceira na palma da m\u00e3o pode indicar algo sobre a sa\u00fade<\/h2>\n\n\n\n<p>Al\u00e9m dos significados populares, a coceira na palma da m\u00e3o pode ter causas bem simples do dia a dia, como ressecamento da pele, alergias leves, contato com produtos de limpeza ou mudan\u00e7as de temperatura. Em muitos casos, hidratar a pele, usar luvas ao lidar com produtos mais fortes e observar o que voc\u00ea toca j\u00e1 ajuda a reduzir o inc\u00f4modo.<\/p>\n\n\n\n<p>Quando a coceira \u00e9 recorrente, intensa, vem acompanhada de vermelhid\u00e3o, descama\u00e7\u00e3o ou feridas, pode estar ligada a condi\u00e7\u00f5es como dermatite, eczema ou outras irrita\u00e7\u00f5es. Nesses casos, \u00e9 importante procurar um <strong>profissional<\/strong> da sa\u00fade para investigar, sem deixar que a supersti\u00e7\u00e3o substitua o cuidado real com o corpo.<\/p>\n","protected":false},"excerpt":{"rendered":"<p>Quem nunca sentiu aquela coceirinha inesperada na m\u00e3o e logo ouviu algu\u00e9m dizer que \u00e9 \u201csinal de dinheiro chegando\u201d? Em muitas fam\u00edlias brasileiras, esse tipo de coment\u00e1rio faz parte do dia a dia e rende risadas, esperan\u00e7as e at\u00e9 um pouco de curiosidade. Mesmo sem explica\u00e7\u00e3o cient\u00edfica, essas cren\u00e7as seguem vivas em rodas de conversa, [&hellip;]<\/p>\n","protected":false},"author":9,"featured_media":183388,"comment_status":"open","ping_status":"open","sticky":false,"template":"","format":"standard","meta":{"_yoast_wpseo_focuskw":"co\u00e7ar a palma da m\u00e3o","_yoast_wpseo_title":"","_yoast_wpseo_metadesc":"O que a coceira na palma da m\u00e3o representa nas cren\u00e7as populares e quando pode ter causas reais do dia a dia.","jnews-multi-image_gallery":[],"jnews_single_post":{"format":"standard"},"jnews_primary_category":[],"jnews_social_meta":[],"jnews_override_counter":[],"footnotes":""},"categories":[112],"tags":[14498,12255,5174],"class_list":["post-183089","post","type-post","status-publish","format-standard","has-post-thumbnail","hentry","category-curiosidades","tag-cocar-a-palma-da-mao","tag-crencas","tag-significados"],"yoast_head":"<!-- This site is optimized with the Yoast SEO plugin v24.6 - https:\/\/yoast.com\/wordpress\/plugins\/seo\/ -->\n<title>O que significa co\u00e7ar a palma da m\u00e3o, segundo cren\u00e7as populares - Correio Braziliense - Radar<\/title>\n<meta name=\"description\" content=\"O que a coceira na palma da m\u00e3o representa nas cren\u00e7as populares e quando pode ter causas reais do dia a dia.\" \/>\n<meta name=\"robots\" content=\"index, follow, max-snippet:-1, max-image-preview:large, max-video-preview:-1\" \/>\n<link rel=\"canonical\" href=\"https:\/\/www.correiobraziliense.com.br\/cbradar\/o-que-significa-cocar-a-palma-da-mao-segundo-crencas-populares\/\" \/>\n<meta property=\"og:locale\" content=\"pt_BR\" \/>\n<meta property=\"og:type\" content=\"article\" \/>\n<meta property=\"og:title\" content=\"O que significa co\u00e7ar a palma da m\u00e3o, segundo cren\u00e7as populares - Correio Braziliense - Radar\" \/>\n<meta property=\"og:description\" content=\"O que a coceira na palma da m\u00e3o representa nas cren\u00e7as populares e quando pode ter causas reais do dia a dia.\" \/>\n<meta property=\"og:url\" content=\"https:\/\/www.correiobraziliense.com.br\/cbradar\/o-que-significa-cocar-a-palma-da-mao-segundo-crencas-populares\/\" \/>\n<meta property=\"og:site_name\" content=\"Correio Braziliense - Radar\" \/>\n<meta property=\"article:published_time\" content=\"2026-01-30T01:35:15+00:00\" \/>\n<meta property=\"og:image\" content=\"https:\/\/www.correiobraziliense.com.br\/cbradar\/wp-content\/uploads\/2026\/01\/freepik__imagem-realista-de-uma-pessoa-brasileira-mos-coaan__77272.jpeg\" \/>\n\t<meta property=\"og:image:width\" content=\"1280\" \/>\n\t<meta property=\"og:image:height\" content=\"720\" \/>\n\t<meta property=\"og:image:type\" content=\"image\/jpeg\" \/>\n<meta name=\"author\" content=\"Daniely Cardoso\" \/>\n<meta name=\"twitter:card\" content=\"summary_large_image\" \/>\n<meta name=\"twitter:label1\" content=\"Escrito por\" \/>\n\t<meta name=\"twitter:data1\" content=\"Daniely Cardoso\" \/>\n\t<meta name=\"twitter:label2\" content=\"Est. tempo de leitura\" \/>\n\t<meta name=\"twitter:data2\" content=\"5 minutos\" \/>\n<!-- \/ Yoast SEO plugin. -->","yoast_head_json":{"title":"O que significa co\u00e7ar a palma da m\u00e3o, segundo cren\u00e7as populares - Correio Braziliense - Radar","description":"O que a coceira na palma da m\u00e3o representa nas cren\u00e7as populares e quando pode ter causas reais do dia a dia.","robots":{"index":"index","follow":"follow","max-snippet":"max-snippet:-1","max-image-preview":"max-image-preview:large","max-video-preview":"max-video-preview:-1"},"canonical":"https:\/\/www.correiobraziliense.com.br\/cbradar\/o-que-significa-cocar-a-palma-da-mao-segundo-crencas-populares\/","og_locale":"pt_BR","og_type":"article","og_title":"O que significa co\u00e7ar a palma da m\u00e3o, segundo cren\u00e7as populares - Correio Braziliense - Radar","og_description":"O que a coceira na palma da m\u00e3o representa nas cren\u00e7as populares e quando pode ter causas reais do dia a dia.","og_url":"https:\/\/www.correiobraziliense.com.br\/cbradar\/o-que-significa-cocar-a-palma-da-mao-segundo-crencas-populares\/","og_site_name":"Correio Braziliense - Radar","article_published_time":"2026-01-30T01:35:15+00:00","og_image":[{"width":1280,"height":720,"url":"https:\/\/www.correiobraziliense.com.br\/cbradar\/wp-content\/uploads\/2026\/01\/freepik__imagem-realista-de-uma-pessoa-brasileira-mos-coaan__77272.jpeg","type":"image\/jpeg"}],"author":"Daniely Cardoso","twitter_card":"summary_large_image","twitter_misc":{"Escrito por":"Daniely Cardoso","Est. tempo de leitura":"5 minutos"},"schema":{"@context":"https:\/\/schema.org","@graph":[{"@type":"WebPage","@id":"https:\/\/www.correiobraziliense.com.br\/cbradar\/o-que-significa-cocar-a-palma-da-mao-segundo-crencas-populares\/","url":"https:\/\/www.correiobraziliense.com.br\/cbradar\/o-que-significa-cocar-a-palma-da-mao-segundo-crencas-populares\/","name":"O que significa co\u00e7ar a palma da m\u00e3o, segundo cren\u00e7as populares - Correio Braziliense - Radar","isPartOf":{"@id":"https:\/\/www.correiobraziliense.com.br\/cbradar\/#website"},"primaryImageOfPage":{"@id":"https:\/\/www.correiobraziliense.com.br\/cbradar\/o-que-significa-cocar-a-palma-da-mao-segundo-crencas-populares\/#primaryimage"},"image":{"@id":"https:\/\/www.correiobraziliense.com.br\/cbradar\/o-que-significa-cocar-a-palma-da-mao-segundo-crencas-populares\/#primaryimage"},"thumbnailUrl":"https:\/\/www.correiobraziliense.com.br\/cbradar\/wp-content\/uploads\/2026\/01\/freepik__imagem-realista-de-uma-pessoa-brasileira-mos-coaan__77272.jpeg","datePublished":"2026-01-30T01:35:15+00:00","author":{"@id":"https:\/\/www.correiobraziliense.com.br\/cbradar\/#\/schema\/person\/7356666e12ec0ee53f348ee5db227032"},"description":"O que a coceira na palma da m\u00e3o representa nas cren\u00e7as populares e quando pode ter causas reais do dia a dia.","breadcrumb":{"@id":"https:\/\/www.correiobraziliense.com.br\/cbradar\/o-que-significa-cocar-a-palma-da-mao-segundo-crencas-populares\/#breadcrumb"},"inLanguage":"pt-BR","potentialAction":[{"@type":"ReadAction","target":["https:\/\/www.correiobraziliense.com.br\/cbradar\/o-que-significa-cocar-a-palma-da-mao-segundo-crencas-populares\/"]}]},{"@type":"ImageObject","inLanguage":"pt-BR","@id":"https:\/\/www.correiobraziliense.com.br\/cbradar\/o-que-significa-cocar-a-palma-da-mao-segundo-crencas-populares\/#primaryimage","url":"https:\/\/www.correiobraziliense.com.br\/cbradar\/wp-content\/uploads\/2026\/01\/freepik__imagem-realista-de-uma-pessoa-brasileira-mos-coaan__77272.jpeg","contentUrl":"https:\/\/www.correiobraziliense.com.br\/cbradar\/wp-content\/uploads\/2026\/01\/freepik__imagem-realista-de-uma-pessoa-brasileira-mos-coaan__77272.jpeg","width":1280,"height":720,"caption":"A cren\u00e7a da coceira na m\u00e3o como sinal de dinheiro \u00e9 comum no Brasil"},{"@type":"BreadcrumbList","@id":"https:\/\/www.correiobraziliense.com.br\/cbradar\/o-que-significa-cocar-a-palma-da-mao-segundo-crencas-populares\/#breadcrumb","itemListElement":[{"@type":"ListItem","position":1,"name":"In\u00edcio","item":"https:\/\/www.correiobraziliense.com.br\/cbradar\/"},{"@type":"ListItem","position":2,"name":"O que significa co\u00e7ar a palma da m\u00e3o, segundo cren\u00e7as populares"}]},{"@type":"WebSite","@id":"https:\/\/www.correiobraziliense.com.br\/cbradar\/#website","url":"https:\/\/www.correiobraziliense.com.br\/cbradar\/","name":"Correio Braziliense - Radar","description":"Acompanhe as \u00faltimas not\u00edcias e fique bem informado sobre tudo o que acontece no Brasil e no mundo.","potentialAction":[{"@type":"SearchAction","target":{"@type":"EntryPoint","urlTemplate":"https:\/\/www.correiobraziliense.com.br\/cbradar\/?s={search_term_string}"},"query-input":{"@type":"PropertyValueSpecification","valueRequired":true,"valueName":"search_term_string"}}],"inLanguage":"pt-BR"},{"@type":"Person","@id":"https:\/\/www.correiobraziliense.com.br\/cbradar\/#\/schema\/person\/7356666e12ec0ee53f348ee5db227032","name":"Daniely Cardoso","image":{"@type":"ImageObject","inLanguage":"pt-BR","@id":"https:\/\/www.correiobraziliense.com.br\/cbradar\/#\/schema\/person\/image\/","url":"https:\/\/secure.gravatar.com\/avatar\/4b80ddbd124d1f071b626d52d62e5dff?s=96&d=mm&r=g","contentUrl":"https:\/\/secure.gravatar.com\/avatar\/4b80ddbd124d1f071b626d52d62e5dff?s=96&d=mm&r=g","caption":"Daniely Cardoso"},"description":"Redatora nos portais CB Radar e EM Foco, formada pela Universidade Federal de Goi\u00e1s, em Goi\u00e2nia. Apaixonada por comunica\u00e7\u00e3o, arte, decora\u00e7\u00e3o e tend\u00eancias, atuo na produ\u00e7\u00e3o de conte\u00fados envolventes sobre curiosidades, moda, beleza e paisagismo, sempre com um olhar atento \u00e0s novidades do momento.","sameAs":["https:\/\/www.correiobraziliense.com.br\/cbradar"],"url":"https:\/\/www.correiobraziliense.com.br\/cbradar\/author\/danielymyth\/"}]}},"_links":{"self":[{"href":"https:\/\/www.correiobraziliense.com.br\/cbradar\/wp-json\/wp\/v2\/posts\/183089","targetHints":{"allow":["GET"]}}],"collection":[{"href":"https:\/\/www.correiobraziliense.com.br\/cbradar\/wp-json\/wp\/v2\/posts"}],"about":[{"href":"https:\/\/www.correiobraziliense.com.br\/cbradar\/wp-json\/wp\/v2\/types\/post"}],"author":[{"embeddable":true,"href":"https:\/\/www.correiobraziliense.com.br\/cbradar\/wp-json\/wp\/v2\/users\/9"}],"replies":[{"embeddable":true,"href":"https:\/\/www.correiobraziliense.com.br\/cbradar\/wp-json\/wp\/v2\/comments?post=183089"}],"version-history":[{"count":3,"href":"https:\/\/www.correiobraziliense.com.br\/cbradar\/wp-json\/wp\/v2\/posts\/183089\/revisions"}],"predecessor-version":[{"id":183326,"href":"https:\/\/www.correiobraziliense.com.br\/cbradar\/wp-json\/wp\/v2\/posts\/183089\/revisions\/183326"}],"wp:featuredmedia":[{"embeddable":true,"href":"https:\/\/www.correiobraziliense.com.br\/cbradar\/wp-json\/wp\/v2\/media\/183388"}],"wp:attachment":[{"href":"https:\/\/www.correiobraziliense.com.br\/cbradar\/wp-json\/wp\/v2\/media?parent=183089"}],"wp:term":[{"taxonomy":"category","embeddable":true,"href":"https:\/\/www.correiobraziliense.com.br\/cbradar\/wp-json\/wp\/v2\/categories?post=183089"},{"taxonomy":"post_tag","embeddable":true,"href":"https:\/\/www.correiobraziliense.com.br\/cbradar\/wp-json\/wp\/v2\/tags?post=183089"}],"curies":[{"name":"wp","href":"https:\/\/api.w.org\/{rel}","templated":true}]}}