{"id":18324,"date":"2025-04-04T18:30:00","date_gmt":"2025-04-04T21:30:00","guid":{"rendered":"https:\/\/www.correiobraziliense.com.br\/cbradar\/?p=18324"},"modified":"2025-04-02T14:12:13","modified_gmt":"2025-04-02T17:12:13","slug":"conheca-a-cidade-onde-o-ceu-da-noite-e-protegido-por-lei","status":"publish","type":"post","link":"https:\/\/www.correiobraziliense.com.br\/cbradar\/conheca-a-cidade-onde-o-ceu-da-noite-e-protegido-por-lei\/","title":{"rendered":"Conhe\u00e7a a cidade onde o c\u00e9u da noite \u00e9 protegido por lei"},"content":{"rendered":"\n<p>Na tranquila e montanhosa <strong>Flagstaff<\/strong>, no estado do <strong>Arizona, EUA<\/strong>, olhar para o c\u00e9u estrelado n\u00e3o \u00e9 apenas um privil\u00e9gio \u2014 \u00e9 um <strong>direito protegido por lei<\/strong>. A cidade foi a primeira do mundo a receber o t\u00edtulo de <strong>\u201cInternational Dark Sky City\u201d<\/strong>, gra\u00e7as a suas rigorosas pol\u00edticas contra a <strong>polui\u00e7\u00e3o luminosa<\/strong>.<\/p>\n\n\n\n<p>Em Flagstaff, preservar a escurid\u00e3o natural do c\u00e9u noturno \u00e9 parte da identidade urbana, beneficiando n\u00e3o apenas os astr\u00f4nomos, mas toda a comunidade e o meio ambiente.<\/p>\n\n\n\n<h2 class=\"wp-block-heading\"><strong>Como Flagstaff protege seu c\u00e9u?<\/strong><\/h2>\n\n\n\n<p>Desde a d\u00e9cada de 1950, a cidade adotou medidas espec\u00edficas para garantir visibilidade total do c\u00e9u \u00e0 noite:<\/p>\n\n\n\n<ul class=\"wp-block-list\">\n<li>Uso obrigat\u00f3rio de <strong>ilumina\u00e7\u00e3o p\u00fablica de baixa intensidade e direcionada para o ch\u00e3o<\/strong><\/li>\n\n\n\n<li>Proibi\u00e7\u00e3o de outdoors e luzes excessivamente brilhantes em \u00e1reas residenciais e comerciais<\/li>\n\n\n\n<li>Normas que regulam <strong>hor\u00e1rios e cores da ilumina\u00e7\u00e3o externa<\/strong>, evitando tons azulados<\/li>\n\n\n\n<li>Incentivo ao uso de <strong>lumin\u00e1rias escurecidas (\u201cshielded lights\u201d)<\/strong> e sensores de presen\u00e7a<\/li>\n\n\n\n<li>Fiscaliza\u00e7\u00f5es peri\u00f3dicas para garantir o cumprimento das leis locais de ilumina\u00e7\u00e3o<\/li>\n<\/ul>\n\n\n\n<p>Essa pol\u00edtica foi refor\u00e7ada em 2001, quando Flagstaff se tornou oficialmente a <strong>primeira cidade com certifica\u00e7\u00e3o internacional de c\u00e9u escuro<\/strong>.<\/p>\n\n\n\n<figure class=\"wp-block-image size-large\"><img decoding=\"async\" width=\"1024\" height=\"576\" src=\"https:\/\/www.correiobraziliense.com.br\/cbradar\/wp-content\/uploads\/2025\/04\/Flagstaff_1743598422339-1024x576.jpg\" alt=\"Conhe\u00e7a a cidade onde o c\u00e9u da noite \u00e9 protegido por lei\" class=\"wp-image-18327\" srcset=\"https:\/\/www.correiobraziliense.com.br\/cbradar\/wp-content\/uploads\/2025\/04\/Flagstaff_1743598422339-1024x576.jpg 1024w, https:\/\/www.correiobraziliense.com.br\/cbradar\/wp-content\/uploads\/2025\/04\/Flagstaff_1743598422339-300x169.jpg 300w, https:\/\/www.correiobraziliense.com.br\/cbradar\/wp-content\/uploads\/2025\/04\/Flagstaff_1743598422339-768x432.jpg 768w, https:\/\/www.correiobraziliense.com.br\/cbradar\/wp-content\/uploads\/2025\/04\/Flagstaff_1743598422339-750x422.jpg 750w, https:\/\/www.correiobraziliense.com.br\/cbradar\/wp-content\/uploads\/2025\/04\/Flagstaff_1743598422339-1140x641.jpg 1140w, https:\/\/www.correiobraziliense.com.br\/cbradar\/wp-content\/uploads\/2025\/04\/Flagstaff_1743598422339.jpg 1280w\" sizes=\"(max-width: 1024px) 100vw, 1024px\" \/><figcaption class=\"wp-element-caption\">Flagstaff. Cr\u00e9ditos: depositphotos.com \/ dpenn<\/figcaption><\/figure>\n\n\n\n<h2 class=\"wp-block-heading\"><strong>Por que a cidade adotou essa iniciativa?<\/strong><\/h2>\n\n\n\n<p>Flagstaff abriga importantes centros de observa\u00e7\u00e3o astron\u00f4mica, como:<\/p>\n\n\n\n<ul class=\"wp-block-list\">\n<li><strong>Observat\u00f3rio Lowell<\/strong>, onde foi descoberta a exist\u00eancia de Plut\u00e3o<\/li>\n\n\n\n<li>V\u00e1rios institutos de pesquisa ligados \u00e0 NASA e universidades<\/li>\n<\/ul>\n\n\n\n<p>A cidade percebeu que a polui\u00e7\u00e3o luminosa dificultava as observa\u00e7\u00f5es e tamb\u00e9m afetava a fauna, a sa\u00fade humana e o consumo energ\u00e9tico. A solu\u00e7\u00e3o foi criar uma cultura de <strong>valoriza\u00e7\u00e3o da escurid\u00e3o natural<\/strong>, com apoio da popula\u00e7\u00e3o.<\/p>\n\n\n\n<h2 class=\"wp-block-heading\"><strong>Curiosidades sobre Flagstaff e seu c\u00e9u protegido<\/strong><\/h2>\n\n\n\n<ul class=\"wp-block-list\">\n<li><strong>A cidade realiza eventos p\u00fablicos de observa\u00e7\u00e3o astron\u00f4mica ao ar livre<\/strong>, com telesc\u00f3pios e guias<\/li>\n\n\n\n<li><strong>Moradores s\u00e3o educados desde cedo<\/strong> sobre os impactos da luz artificial em excesso<\/li>\n\n\n\n<li>O c\u00e9u limpo atrai <strong>astr\u00f4nomos, turistas e fot\u00f3grafos do mundo inteiro<\/strong><\/li>\n\n\n\n<li>V\u00e1rias cidades americanas e europeias se inspiraram no modelo de Flagstaff<\/li>\n\n\n\n<li>A iniciativa ajudou a preservar esp\u00e9cies noturnas e a reduzir custos com ilumina\u00e7\u00e3o p\u00fablica<\/li>\n<\/ul>\n\n\n\n<p>Flagstaff mostra que <strong>nem sempre iluminar mais \u00e9 o melhor caminho<\/strong> \u2014 e que proteger a noite tamb\u00e9m \u00e9 uma forma de <strong>resgatar o v\u00ednculo com o cosmos, a ci\u00eancia e o pr\u00f3prio planeta<\/strong>.<\/p>\n","protected":false},"excerpt":{"rendered":"<p>Em Flagstaff, EUA, o c\u00e9u noturno \u00e9 protegido por lei. Conhe\u00e7a a cidade onde ver estrelas \u00e9 um direito garantido e parte da identidade local.<\/p>\n","protected":false},"author":3,"featured_media":18326,"comment_status":"open","ping_status":"open","sticky":false,"template":"","format":"standard","meta":{"_yoast_wpseo_focuskw":"cidade c\u00e9u protegido","_yoast_wpseo_title":"%%title%%","_yoast_wpseo_metadesc":"Em Flagstaff, EUA, o c\u00e9u noturno \u00e9 protegido por lei. Conhe\u00e7a a cidade onde ver estrelas \u00e9 um direito garantido e parte da identidade local.","jnews-multi-image_gallery":[],"jnews_single_post":{"format":"standard"},"jnews_primary_category":[],"jnews_social_meta":[],"jnews_override_counter":[],"footnotes":""},"categories":[108],"tags":[109],"class_list":["post-18324","post","type-post","status-publish","format-standard","has-post-thumbnail","hentry","category-cidades","tag-cidades"],"yoast_head":"<!-- This site is optimized with the Yoast SEO plugin v24.6 - https:\/\/yoast.com\/wordpress\/plugins\/seo\/ -->\n<title>Conhe\u00e7a a cidade onde o c\u00e9u da noite \u00e9 protegido por lei<\/title>\n<meta name=\"description\" content=\"Em Flagstaff, EUA, o c\u00e9u noturno \u00e9 protegido por lei. Conhe\u00e7a a cidade onde ver estrelas \u00e9 um direito garantido e parte da identidade local.\" \/>\n<meta name=\"robots\" content=\"index, follow, max-snippet:-1, max-image-preview:large, max-video-preview:-1\" \/>\n<link rel=\"canonical\" href=\"https:\/\/www.correiobraziliense.com.br\/cbradar\/conheca-a-cidade-onde-o-ceu-da-noite-e-protegido-por-lei\/\" \/>\n<meta property=\"og:locale\" content=\"pt_BR\" \/>\n<meta property=\"og:type\" content=\"article\" \/>\n<meta property=\"og:title\" content=\"Conhe\u00e7a a cidade onde o c\u00e9u da noite \u00e9 protegido por lei\" \/>\n<meta property=\"og:description\" content=\"Em Flagstaff, EUA, o c\u00e9u noturno \u00e9 protegido por lei. Conhe\u00e7a a cidade onde ver estrelas \u00e9 um direito garantido e parte da identidade local.\" \/>\n<meta property=\"og:url\" content=\"https:\/\/www.correiobraziliense.com.br\/cbradar\/conheca-a-cidade-onde-o-ceu-da-noite-e-protegido-por-lei\/\" \/>\n<meta property=\"og:site_name\" content=\"Correio Braziliense - Radar\" \/>\n<meta property=\"article:published_time\" content=\"2025-04-04T21:30:00+00:00\" \/>\n<meta property=\"og:image\" content=\"https:\/\/www.correiobraziliense.com.br\/cbradar\/wp-content\/uploads\/2025\/04\/Flagstaff_1743598399234.jpg\" \/>\n\t<meta property=\"og:image:width\" content=\"1280\" \/>\n\t<meta property=\"og:image:height\" content=\"720\" \/>\n\t<meta property=\"og:image:type\" content=\"image\/jpeg\" \/>\n<meta name=\"author\" content=\"Larissa Carvalho\" \/>\n<meta name=\"twitter:card\" content=\"summary_large_image\" \/>\n<meta name=\"twitter:label1\" content=\"Escrito por\" \/>\n\t<meta name=\"twitter:data1\" content=\"Larissa Carvalho\" \/>\n\t<meta name=\"twitter:label2\" content=\"Est. tempo de leitura\" \/>\n\t<meta name=\"twitter:data2\" content=\"3 minutos\" \/>\n<!-- \/ Yoast SEO plugin. -->","yoast_head_json":{"title":"Conhe\u00e7a a cidade onde o c\u00e9u da noite \u00e9 protegido por lei","description":"Em Flagstaff, EUA, o c\u00e9u noturno \u00e9 protegido por lei. Conhe\u00e7a a cidade onde ver estrelas \u00e9 um direito garantido e parte da identidade local.","robots":{"index":"index","follow":"follow","max-snippet":"max-snippet:-1","max-image-preview":"max-image-preview:large","max-video-preview":"max-video-preview:-1"},"canonical":"https:\/\/www.correiobraziliense.com.br\/cbradar\/conheca-a-cidade-onde-o-ceu-da-noite-e-protegido-por-lei\/","og_locale":"pt_BR","og_type":"article","og_title":"Conhe\u00e7a a cidade onde o c\u00e9u da noite \u00e9 protegido por lei","og_description":"Em Flagstaff, EUA, o c\u00e9u noturno \u00e9 protegido por lei. Conhe\u00e7a a cidade onde ver estrelas \u00e9 um direito garantido e parte da identidade local.","og_url":"https:\/\/www.correiobraziliense.com.br\/cbradar\/conheca-a-cidade-onde-o-ceu-da-noite-e-protegido-por-lei\/","og_site_name":"Correio Braziliense - Radar","article_published_time":"2025-04-04T21:30:00+00:00","og_image":[{"width":1280,"height":720,"url":"https:\/\/www.correiobraziliense.com.br\/cbradar\/wp-content\/uploads\/2025\/04\/Flagstaff_1743598399234.jpg","type":"image\/jpeg"}],"author":"Larissa Carvalho","twitter_card":"summary_large_image","twitter_misc":{"Escrito por":"Larissa Carvalho","Est. tempo de leitura":"3 minutos"},"schema":{"@context":"https:\/\/schema.org","@graph":[{"@type":"WebPage","@id":"https:\/\/www.correiobraziliense.com.br\/cbradar\/conheca-a-cidade-onde-o-ceu-da-noite-e-protegido-por-lei\/","url":"https:\/\/www.correiobraziliense.com.br\/cbradar\/conheca-a-cidade-onde-o-ceu-da-noite-e-protegido-por-lei\/","name":"Conhe\u00e7a a cidade onde o c\u00e9u da noite \u00e9 protegido por lei","isPartOf":{"@id":"https:\/\/www.correiobraziliense.com.br\/cbradar\/#website"},"primaryImageOfPage":{"@id":"https:\/\/www.correiobraziliense.com.br\/cbradar\/conheca-a-cidade-onde-o-ceu-da-noite-e-protegido-por-lei\/#primaryimage"},"image":{"@id":"https:\/\/www.correiobraziliense.com.br\/cbradar\/conheca-a-cidade-onde-o-ceu-da-noite-e-protegido-por-lei\/#primaryimage"},"thumbnailUrl":"https:\/\/www.correiobraziliense.com.br\/cbradar\/wp-content\/uploads\/2025\/04\/Flagstaff_1743598399234.jpg","datePublished":"2025-04-04T21:30:00+00:00","author":{"@id":"https:\/\/www.correiobraziliense.com.br\/cbradar\/#\/schema\/person\/58422787644df994b53a19d3e56c1513"},"description":"Em Flagstaff, EUA, o c\u00e9u noturno \u00e9 protegido por lei. Conhe\u00e7a a cidade onde ver estrelas \u00e9 um direito garantido e parte da identidade local.","breadcrumb":{"@id":"https:\/\/www.correiobraziliense.com.br\/cbradar\/conheca-a-cidade-onde-o-ceu-da-noite-e-protegido-por-lei\/#breadcrumb"},"inLanguage":"pt-BR","potentialAction":[{"@type":"ReadAction","target":["https:\/\/www.correiobraziliense.com.br\/cbradar\/conheca-a-cidade-onde-o-ceu-da-noite-e-protegido-por-lei\/"]}]},{"@type":"ImageObject","inLanguage":"pt-BR","@id":"https:\/\/www.correiobraziliense.com.br\/cbradar\/conheca-a-cidade-onde-o-ceu-da-noite-e-protegido-por-lei\/#primaryimage","url":"https:\/\/www.correiobraziliense.com.br\/cbradar\/wp-content\/uploads\/2025\/04\/Flagstaff_1743598399234.jpg","contentUrl":"https:\/\/www.correiobraziliense.com.br\/cbradar\/wp-content\/uploads\/2025\/04\/Flagstaff_1743598399234.jpg","width":1280,"height":720,"caption":"Flagstaff. Cr\u00e9ditos: depositphotos.com \/ neilld"},{"@type":"BreadcrumbList","@id":"https:\/\/www.correiobraziliense.com.br\/cbradar\/conheca-a-cidade-onde-o-ceu-da-noite-e-protegido-por-lei\/#breadcrumb","itemListElement":[{"@type":"ListItem","position":1,"name":"In\u00edcio","item":"https:\/\/www.correiobraziliense.com.br\/cbradar\/"},{"@type":"ListItem","position":2,"name":"Conhe\u00e7a a cidade onde o c\u00e9u da noite \u00e9 protegido por lei"}]},{"@type":"WebSite","@id":"https:\/\/www.correiobraziliense.com.br\/cbradar\/#website","url":"https:\/\/www.correiobraziliense.com.br\/cbradar\/","name":"Correio Braziliense - Radar","description":"Acompanhe as \u00faltimas not\u00edcias e fique bem informado sobre tudo o que acontece no Brasil e no mundo.","potentialAction":[{"@type":"SearchAction","target":{"@type":"EntryPoint","urlTemplate":"https:\/\/www.correiobraziliense.com.br\/cbradar\/?s={search_term_string}"},"query-input":{"@type":"PropertyValueSpecification","valueRequired":true,"valueName":"search_term_string"}}],"inLanguage":"pt-BR"},{"@type":"Person","@id":"https:\/\/www.correiobraziliense.com.br\/cbradar\/#\/schema\/person\/58422787644df994b53a19d3e56c1513","name":"Larissa Carvalho","image":{"@type":"ImageObject","inLanguage":"pt-BR","@id":"https:\/\/www.correiobraziliense.com.br\/cbradar\/#\/schema\/person\/image\/","url":"https:\/\/secure.gravatar.com\/avatar\/fe4f91a0de32b52a838d0d612abdc1aa?s=96&d=mm&r=g","contentUrl":"https:\/\/secure.gravatar.com\/avatar\/fe4f91a0de32b52a838d0d612abdc1aa?s=96&d=mm&r=g","caption":"Larissa Carvalho"},"url":"https:\/\/www.correiobraziliense.com.br\/cbradar\/author\/larissamyth\/"}]}},"_links":{"self":[{"href":"https:\/\/www.correiobraziliense.com.br\/cbradar\/wp-json\/wp\/v2\/posts\/18324","targetHints":{"allow":["GET"]}}],"collection":[{"href":"https:\/\/www.correiobraziliense.com.br\/cbradar\/wp-json\/wp\/v2\/posts"}],"about":[{"href":"https:\/\/www.correiobraziliense.com.br\/cbradar\/wp-json\/wp\/v2\/types\/post"}],"author":[{"embeddable":true,"href":"https:\/\/www.correiobraziliense.com.br\/cbradar\/wp-json\/wp\/v2\/users\/3"}],"replies":[{"embeddable":true,"href":"https:\/\/www.correiobraziliense.com.br\/cbradar\/wp-json\/wp\/v2\/comments?post=18324"}],"version-history":[{"count":1,"href":"https:\/\/www.correiobraziliense.com.br\/cbradar\/wp-json\/wp\/v2\/posts\/18324\/revisions"}],"predecessor-version":[{"id":18330,"href":"https:\/\/www.correiobraziliense.com.br\/cbradar\/wp-json\/wp\/v2\/posts\/18324\/revisions\/18330"}],"wp:featuredmedia":[{"embeddable":true,"href":"https:\/\/www.correiobraziliense.com.br\/cbradar\/wp-json\/wp\/v2\/media\/18326"}],"wp:attachment":[{"href":"https:\/\/www.correiobraziliense.com.br\/cbradar\/wp-json\/wp\/v2\/media?parent=18324"}],"wp:term":[{"taxonomy":"category","embeddable":true,"href":"https:\/\/www.correiobraziliense.com.br\/cbradar\/wp-json\/wp\/v2\/categories?post=18324"},{"taxonomy":"post_tag","embeddable":true,"href":"https:\/\/www.correiobraziliense.com.br\/cbradar\/wp-json\/wp\/v2\/tags?post=18324"}],"curies":[{"name":"wp","href":"https:\/\/api.w.org\/{rel}","templated":true}]}}