{"id":183276,"date":"2026-01-30T18:45:00","date_gmt":"2026-01-30T21:45:00","guid":{"rendered":"https:\/\/www.correiobraziliense.com.br\/cbradar\/?p=183276"},"modified":"2026-01-29T16:29:04","modified_gmt":"2026-01-29T19:29:04","slug":"as-principais-insegurancas-de-pessoas-que-corrigem-a-gramatica-de-estranhos-na-internet-segundo-a-psicologia","status":"publish","type":"post","link":"https:\/\/www.correiobraziliense.com.br\/cbradar\/as-principais-insegurancas-de-pessoas-que-corrigem-a-gramatica-de-estranhos-na-internet-segundo-a-psicologia\/","title":{"rendered":"As principais inseguran\u00e7as de pessoas que corrigem a gram\u00e1tica de estranhos na internet, segundo a psicologia"},"content":{"rendered":"\n<p>A corre\u00e7\u00e3o de erros de gram\u00e1tica em redes sociais costuma parecer, \u00e0 primeira vista, uma tentativa de ajudar. No entanto, diversos estudos em psicologia e comportamento online sugerem que esse impulso, muitas vezes compulsivo, est\u00e1 mais ligado a <strong>inseguran\u00e7as pessoais<\/strong> e \u00e0 necessidade de <strong>autoafirma\u00e7\u00e3o intelectual<\/strong> do que a um real interesse pela clareza da mensagem.<\/p>\n\n\n\n<h2 class=\"wp-block-heading\">Por que a corre\u00e7\u00e3o gramatical se relaciona com inseguran\u00e7a intelectual<\/h2>\n\n\n\n<p>Esse padr\u00e3o costuma surgir de forma silenciosa na vida de quem cresceu recebendo elogios constantes pelo desempenho escolar ou pela facilidade em aprender. Quando a identidade de uma pessoa \u00e9 constru\u00edda em torno da ideia de ser \u201cmuito inteligente\u201d, o erro passa a ser interpretado como uma amea\u00e7a ao pr\u00f3prio valor, como trouxe a pesquisa<a href=\"https:\/\/www.ovid.com\/journals\/jpspy\/abstract\/10.1037\/0022-3514.83.6.1362~the-experience-of-power-examining-the-effects-of-power-on\" target=\"_blank\" rel=\"noreferrer noopener\"> &#8220;The Experience of Power&#8221;.<\/a><\/p>\n\n\n\n<p>Nesse contexto, o equ\u00edvoco deixa de ser parte natural do processo de aprendizado e se transforma em um sinal de fracasso pessoal. Isso pode incentivar a busca cont\u00ednua por provas de superioridade intelectual, inclusive na internet, onde qualquer deslize alheio vira uma oportunidade de refor\u00e7ar a pr\u00f3pria imagem de algu\u00e9m \u201cacima da m\u00e9dia\u201d.<\/p>\n\n\n\n<h2 class=\"wp-block-heading\">Como a corre\u00e7\u00e3o gramatical funciona como marcador simb\u00f3lico de superioridade<\/h2>\n\n\n\n<p>Nesse contexto, corrigir gram\u00e1tica alheia funciona como um <strong>marcador simb\u00f3lico<\/strong>: quem encontra a falha se coloca na posi\u00e7\u00e3o de quem \u201csabe mais\u201d e det\u00e9m a norma culta. A inseguran\u00e7a sobre o pr\u00f3prio n\u00edvel de intelig\u00eancia \u00e9, paradoxalmente, alimentada pela necessidade cont\u00ednua de demonstrar conhecimento, especialmente diante de desconhecidos.<\/p>\n\n\n\n<p>Em redes sociais, isso aparece em respostas r\u00e1pidas, focadas em um erro de escrita, mesmo quando o assunto principal \u00e9 <strong>emocional, pol\u00edtico ou pessoal<\/strong>. A corre\u00e7\u00e3o vira um atalho para refor\u00e7ar a pr\u00f3pria imagem de pessoa atenta, culta e \u201csuperior\u201d, muitas vezes \u00e0 custa da empatia e da qualidade do di\u00e1logo.<\/p>\n\n\n\n<p>Esse tema foi debatido por diversas pessoas, como a Sarah Marie em seu perfil @sarahmariepp que conta com mais de 13 mil seguidores nas redes:<\/p>\n\n\n\n<blockquote class=\"tiktok-embed\" cite=\"https:\/\/www.tiktok.com\/@sarahmariepp\/video\/7348853954828160262\" data-video-id=\"7348853954828160262\" style=\"max-width: 605px;min-width: 325px;\" > <section> <a target=\"_blank\" title=\"@sarahmariepp\" href=\"https:\/\/www.tiktok.com\/@sarahmariepp?refer=embed\">@sarahmariepp<\/a> <p>corrigir o portugu\u00eas <\/p> <a target=\"_blank\" title=\"\u266c som original - sarah marie\" href=\"https:\/\/www.tiktok.com\/music\/som-original-7348853987016248069?refer=embed\">\u266c som original &#8211; sarah marie<\/a> <\/section> <\/blockquote> <script async src=\"https:\/\/www.tiktok.com\/embed.js\"><\/script>\n\n\n\n<h2 class=\"wp-block-heading\">Quais inseguran\u00e7as podem estar por tr\u00e1s de corrigir gram\u00e1tica o tempo todo<\/h2>\n\n\n\n<p>V\u00e1rias formas de <strong>inseguran\u00e7a intelectual<\/strong> podem estar associadas ao h\u00e1bito de corrigir erros de escrita de desconhecidos. Especialistas em comportamento apontam fatores recorrentes que tendem a se combinar e a se refor\u00e7ar mutuamente ao longo do tempo.<\/p>\n\n\n\n<ul class=\"wp-block-list\">\n<li><strong>Medo de ser visto como comum:<\/strong> quando a intelig\u00eancia \u00e9 tratada como diferencial, admitir limita\u00e7\u00f5es soa amea\u00e7ador, e destacar falhas alheias preserva a sensa\u00e7\u00e3o de destaque.<\/li>\n\n\n\n<li><strong>Perfeccionismo r\u00edgido:<\/strong> pessoas com padr\u00f5es muito altos para si mesmas estendem esses crit\u00e9rios ao ambiente, inclusive a textos informais e mensagens r\u00e1pidas.<\/li>\n\n\n\n<li><strong>Busca por valida\u00e7\u00e3o externa:<\/strong> a corre\u00e7\u00e3o fornece uma confirma\u00e7\u00e3o simb\u00f3lica de compet\u00eancia, mesmo sem reconhecimento expl\u00edcito.<\/li>\n\n\n\n<li><strong>Sensa\u00e7\u00e3o de impostor:<\/strong> quem teme n\u00e3o ser t\u00e3o capaz quanto aparenta recorre a comportamentos que reforcem a imagem de \u201cs\u00e9rio\u201d ou \u201cestudioso\u201d.<\/li>\n\n\n\n<li><strong>Dificuldade com ambiguidade:<\/strong> regras gramaticais oferecem estrutura clara para quem sente desconforto diante de temas subjetivos ou abertos.<\/li>\n<\/ul>\n\n\n\n<h2 class=\"wp-block-heading\">Como diferenciar corre\u00e7\u00e3o \u00fatil de necessidade de autoafirma\u00e7\u00e3o<\/h2>\n\n\n\n<p>A corre\u00e7\u00e3o de escrita pode ser importante em <strong>contextos formais<\/strong>, como ambientes educacionais, materiais profissionais ou conte\u00fados que exigem alto grau de precis\u00e3o. Nesses casos, apontar um problema de gram\u00e1tica ou ortografia melhora a comunica\u00e7\u00e3o e evita mal-entendidos relevantes.<\/p>\n\n\n\n<p>Nas intera\u00e7\u00f5es di\u00e1rias em redes sociais, por\u00e9m, o benef\u00edcio real dessa corre\u00e7\u00e3o nem sempre \u00e9 claro, sobretudo quando o foco \u00e9 apenas apontar a falha. Um caminho pr\u00e1tico \u00e9 observar algumas perguntas internas antes de responder, para avaliar se a motiva\u00e7\u00e3o \u00e9 contribuir ou proteger a pr\u00f3pria imagem.<\/p>\n\n\n\n<h2 class=\"wp-block-heading\">Como avaliar o pr\u00f3prio impulso de corrigir os outros<\/h2>\n\n\n\n<p>Uma forma direta de examinar o pr\u00f3prio comportamento \u00e9 refletir honestamente sobre o contexto da mensagem e sobre o impacto da interven\u00e7\u00e3o. Esse tipo de checagem ajuda a distinguir <strong>ajuda genu\u00edna<\/strong> de pura necessidade de autoafirma\u00e7\u00e3o intelectual.<\/p>\n\n\n\n<ol class=\"wp-block-list\">\n<li>O erro de gram\u00e1tica impede a compreens\u00e3o da mensagem?<\/li>\n\n\n\n<li>O ambiente \u00e9 apropriado para esse tipo de corre\u00e7\u00e3o (por exemplo, um texto acad\u00eamico ou material profissional)?<\/li>\n\n\n\n<li>A pessoa demonstrou interesse em aprender ou pediu ajuda com a escrita?<\/li>\n\n\n\n<li>A corre\u00e7\u00e3o ser\u00e1 feita em tom respeitoso ou corre o risco de soar como humilha\u00e7\u00e3o p\u00fablica?<\/li>\n\n\n\n<li>O coment\u00e1rio ser\u00e1 mais sobre o conte\u00fado da mensagem ou mais sobre a forma?<\/li>\n<\/ol>\n\n\n\n<figure class=\"wp-block-image size-large\"><img decoding=\"async\" width=\"1024\" height=\"576\" src=\"https:\/\/www.correiobraziliense.com.br\/cbradar\/wp-content\/uploads\/2026\/01\/\u2705-BANNER-MYTH-5-25-1024x576.png\" alt=\"As principais inseguran\u00e7as de pessoas que corrigem a gram\u00e1tica de estranhos na internet, segundo a psicologia\" class=\"wp-image-183278\" srcset=\"https:\/\/www.correiobraziliense.com.br\/cbradar\/wp-content\/uploads\/2026\/01\/\u2705-BANNER-MYTH-5-25-1024x576.png 1024w, https:\/\/www.correiobraziliense.com.br\/cbradar\/wp-content\/uploads\/2026\/01\/\u2705-BANNER-MYTH-5-25-300x169.png 300w, https:\/\/www.correiobraziliense.com.br\/cbradar\/wp-content\/uploads\/2026\/01\/\u2705-BANNER-MYTH-5-25-768x432.png 768w, https:\/\/www.correiobraziliense.com.br\/cbradar\/wp-content\/uploads\/2026\/01\/\u2705-BANNER-MYTH-5-25-750x422.png 750w, https:\/\/www.correiobraziliense.com.br\/cbradar\/wp-content\/uploads\/2026\/01\/\u2705-BANNER-MYTH-5-25-1140x641.png 1140w, https:\/\/www.correiobraziliense.com.br\/cbradar\/wp-content\/uploads\/2026\/01\/\u2705-BANNER-MYTH-5-25.png 1280w\" sizes=\"(max-width: 1024px) 100vw, 1024px\" \/><figcaption class=\"wp-element-caption\">Corre\u00e7\u00e3o de erros gramaticais em redes sociais reflete inseguran\u00e7as e autoafirma\u00e7\u00e3o, mais que ajuda real, segundo estudos de psicologia online.<\/figcaption><\/figure>\n\n\n\n<h2 class=\"wp-block-heading\">Que impactos esse h\u00e1bito pode ter nas rela\u00e7\u00f5es online<\/h2>\n\n\n\n<p>O h\u00e1bito de corrigir gram\u00e1tica em toda oportunidade pode gerar <strong>desgastes silenciosos<\/strong> nas intera\u00e7\u00f5es digitais. Em vez de facilitar o di\u00e1logo, tende a criar dist\u00e2ncia, passar impress\u00e3o de frieza e desaten\u00e7\u00e3o ao conte\u00fado emocional das mensagens, sobretudo em situa\u00e7\u00f5es delicadas.<\/p>\n\n\n\n<p>Do ponto de vista de quem corrige, a repeti\u00e7\u00e3o do comportamento refor\u00e7a a pr\u00f3pria ansiedade: quanto mais a identidade est\u00e1 associada a ser \u201ca pessoa que n\u00e3o erra\u201d, mais dif\u00edcil se torna lidar com as pr\u00f3prias falhas. Assim, o ciclo mant\u00e9m ativa a mesma <strong>inseguran\u00e7a sobre intelig\u00eancia<\/strong> que motivou o h\u00e1bito, dificultando mudan\u00e7as espont\u00e2neas.<\/p>\n\n\n\n<h2 class=\"wp-block-heading\">Quais caminhos ajudam a ter uma rela\u00e7\u00e3o mais saud\u00e1vel com a pr\u00f3pria intelig\u00eancia<\/h2>\n\n\n\n<p>Desenvolver uma rela\u00e7\u00e3o menos tensa com a pr\u00f3pria capacidade intelectual passa por reconhecer que o valor de uma pessoa n\u00e3o depende apenas de <strong>dom\u00ednio gramatical<\/strong> ou de performance acad\u00eamica. Outras dimens\u00f5es, como criatividade, empatia, flexibilidade, capacidade de escuta e disposi\u00e7\u00e3o para aprender continuamente, tamb\u00e9m s\u00e3o centrais.<\/p>\n\n\n\n<ul class=\"wp-block-list\">\n<li><strong>Enxergar o erro como parte natural do aprendizado<\/strong>, tanto na pr\u00f3pria escrita quanto na dos outros, reduz a rigidez e o medo de falhar.<\/li>\n\n\n\n<li><strong>Praticar a leitura atenta ao conte\u00fado<\/strong> antes de notar detalhes formais, principalmente em relatos pessoais ou emocionais.<\/li>\n\n\n\n<li><strong>Aceitar diferentes registros de linguagem<\/strong>, entendendo que o portugu\u00eas formal n\u00e3o \u00e9 o \u00fanico modo leg\u00edtimo de express\u00e3o.<\/li>\n\n\n\n<li><strong>Reservar a corre\u00e7\u00e3o expl\u00edcita<\/strong> para situa\u00e7\u00f5es em que ela foi solicitada ou em que realmente contribui para a compreens\u00e3o da mensagem.<\/li>\n<\/ul>\n","protected":false},"excerpt":{"rendered":"<p>\u201cDescubra por que corrigir gram\u00e1tica online revela inseguran\u00e7as sobre intelig\u00eancia e autoestima \u2013 e como quebrar esse ciclo silencioso.\u201d<\/p>\n","protected":false},"author":3,"featured_media":184038,"comment_status":"open","ping_status":"open","sticky":false,"template":"","format":"standard","meta":{"_yoast_wpseo_focuskw":"inseguran\u00e7a corrigir gram\u00e1tica","_yoast_wpseo_title":"%%title%%","_yoast_wpseo_metadesc":"\u201cDescubra por que corrigir gram\u00e1tica online revela inseguran\u00e7as sobre intelig\u00eancia e autoestima \u2013 e como quebrar esse ciclo silencioso.\u201d","jnews-multi-image_gallery":[],"jnews_single_post":{"format":"standard"},"jnews_primary_category":[],"jnews_social_meta":[],"jnews_override_counter":[],"footnotes":""},"categories":[112],"tags":[144,12816,4400,404],"class_list":["post-183276","post","type-post","status-publish","format-standard","has-post-thumbnail","hentry","category-curiosidades","tag-curiosidades","tag-gramatica","tag-personalidade","tag-psicologia"],"yoast_head":"<!-- This site is optimized with the Yoast SEO plugin v24.6 - https:\/\/yoast.com\/wordpress\/plugins\/seo\/ -->\n<title>As principais inseguran\u00e7as de pessoas que corrigem a gram\u00e1tica de estranhos na internet, segundo a psicologia<\/title>\n<meta name=\"description\" content=\"\u201cDescubra por que corrigir gram\u00e1tica online revela inseguran\u00e7as sobre intelig\u00eancia e autoestima \u2013 e como quebrar esse ciclo silencioso.\u201d\" \/>\n<meta name=\"robots\" content=\"index, follow, max-snippet:-1, max-image-preview:large, max-video-preview:-1\" \/>\n<link rel=\"canonical\" href=\"https:\/\/www.correiobraziliense.com.br\/cbradar\/as-principais-insegurancas-de-pessoas-que-corrigem-a-gramatica-de-estranhos-na-internet-segundo-a-psicologia\/\" \/>\n<meta property=\"og:locale\" content=\"pt_BR\" \/>\n<meta property=\"og:type\" content=\"article\" \/>\n<meta property=\"og:title\" content=\"As principais inseguran\u00e7as de pessoas que corrigem a gram\u00e1tica de estranhos na internet, segundo a psicologia\" \/>\n<meta property=\"og:description\" content=\"\u201cDescubra por que corrigir gram\u00e1tica online revela inseguran\u00e7as sobre intelig\u00eancia e autoestima \u2013 e como quebrar esse ciclo silencioso.\u201d\" \/>\n<meta property=\"og:url\" content=\"https:\/\/www.correiobraziliense.com.br\/cbradar\/as-principais-insegurancas-de-pessoas-que-corrigem-a-gramatica-de-estranhos-na-internet-segundo-a-psicologia\/\" \/>\n<meta property=\"og:site_name\" content=\"Correio Braziliense - Radar\" \/>\n<meta property=\"article:published_time\" content=\"2026-01-30T21:45:00+00:00\" \/>\n<meta property=\"og:image\" content=\"https:\/\/www.correiobraziliense.com.br\/cbradar\/wp-content\/uploads\/2026\/01\/freepik__fotografia-de-uma-pessoa-olhando-para-uma-tela-de-__7383.jpeg\" \/>\n\t<meta property=\"og:image:width\" content=\"1280\" \/>\n\t<meta property=\"og:image:height\" content=\"720\" \/>\n\t<meta property=\"og:image:type\" content=\"image\/jpeg\" \/>\n<meta name=\"author\" content=\"Larissa Carvalho\" \/>\n<meta name=\"twitter:card\" content=\"summary_large_image\" \/>\n<meta name=\"twitter:label1\" content=\"Escrito por\" \/>\n\t<meta name=\"twitter:data1\" content=\"Larissa Carvalho\" \/>\n\t<meta name=\"twitter:label2\" content=\"Est. tempo de leitura\" \/>\n\t<meta name=\"twitter:data2\" content=\"6 minutos\" \/>\n<!-- \/ Yoast SEO plugin. -->","yoast_head_json":{"title":"As principais inseguran\u00e7as de pessoas que corrigem a gram\u00e1tica de estranhos na internet, segundo a psicologia","description":"\u201cDescubra por que corrigir gram\u00e1tica online revela inseguran\u00e7as sobre intelig\u00eancia e autoestima \u2013 e como quebrar esse ciclo silencioso.\u201d","robots":{"index":"index","follow":"follow","max-snippet":"max-snippet:-1","max-image-preview":"max-image-preview:large","max-video-preview":"max-video-preview:-1"},"canonical":"https:\/\/www.correiobraziliense.com.br\/cbradar\/as-principais-insegurancas-de-pessoas-que-corrigem-a-gramatica-de-estranhos-na-internet-segundo-a-psicologia\/","og_locale":"pt_BR","og_type":"article","og_title":"As principais inseguran\u00e7as de pessoas que corrigem a gram\u00e1tica de estranhos na internet, segundo a psicologia","og_description":"\u201cDescubra por que corrigir gram\u00e1tica online revela inseguran\u00e7as sobre intelig\u00eancia e autoestima \u2013 e como quebrar esse ciclo silencioso.\u201d","og_url":"https:\/\/www.correiobraziliense.com.br\/cbradar\/as-principais-insegurancas-de-pessoas-que-corrigem-a-gramatica-de-estranhos-na-internet-segundo-a-psicologia\/","og_site_name":"Correio Braziliense - Radar","article_published_time":"2026-01-30T21:45:00+00:00","og_image":[{"width":1280,"height":720,"url":"https:\/\/www.correiobraziliense.com.br\/cbradar\/wp-content\/uploads\/2026\/01\/freepik__fotografia-de-uma-pessoa-olhando-para-uma-tela-de-__7383.jpeg","type":"image\/jpeg"}],"author":"Larissa Carvalho","twitter_card":"summary_large_image","twitter_misc":{"Escrito por":"Larissa Carvalho","Est. tempo de leitura":"6 minutos"},"schema":{"@context":"https:\/\/schema.org","@graph":[{"@type":"WebPage","@id":"https:\/\/www.correiobraziliense.com.br\/cbradar\/as-principais-insegurancas-de-pessoas-que-corrigem-a-gramatica-de-estranhos-na-internet-segundo-a-psicologia\/","url":"https:\/\/www.correiobraziliense.com.br\/cbradar\/as-principais-insegurancas-de-pessoas-que-corrigem-a-gramatica-de-estranhos-na-internet-segundo-a-psicologia\/","name":"As principais inseguran\u00e7as de pessoas que corrigem a gram\u00e1tica de estranhos na internet, segundo a psicologia","isPartOf":{"@id":"https:\/\/www.correiobraziliense.com.br\/cbradar\/#website"},"primaryImageOfPage":{"@id":"https:\/\/www.correiobraziliense.com.br\/cbradar\/as-principais-insegurancas-de-pessoas-que-corrigem-a-gramatica-de-estranhos-na-internet-segundo-a-psicologia\/#primaryimage"},"image":{"@id":"https:\/\/www.correiobraziliense.com.br\/cbradar\/as-principais-insegurancas-de-pessoas-que-corrigem-a-gramatica-de-estranhos-na-internet-segundo-a-psicologia\/#primaryimage"},"thumbnailUrl":"https:\/\/www.correiobraziliense.com.br\/cbradar\/wp-content\/uploads\/2026\/01\/freepik__fotografia-de-uma-pessoa-olhando-para-uma-tela-de-__7383.jpeg","datePublished":"2026-01-30T21:45:00+00:00","author":{"@id":"https:\/\/www.correiobraziliense.com.br\/cbradar\/#\/schema\/person\/58422787644df994b53a19d3e56c1513"},"description":"\u201cDescubra por que corrigir gram\u00e1tica online revela inseguran\u00e7as sobre intelig\u00eancia e autoestima \u2013 e como quebrar esse ciclo silencioso.\u201d","breadcrumb":{"@id":"https:\/\/www.correiobraziliense.com.br\/cbradar\/as-principais-insegurancas-de-pessoas-que-corrigem-a-gramatica-de-estranhos-na-internet-segundo-a-psicologia\/#breadcrumb"},"inLanguage":"pt-BR","potentialAction":[{"@type":"ReadAction","target":["https:\/\/www.correiobraziliense.com.br\/cbradar\/as-principais-insegurancas-de-pessoas-que-corrigem-a-gramatica-de-estranhos-na-internet-segundo-a-psicologia\/"]}]},{"@type":"ImageObject","inLanguage":"pt-BR","@id":"https:\/\/www.correiobraziliense.com.br\/cbradar\/as-principais-insegurancas-de-pessoas-que-corrigem-a-gramatica-de-estranhos-na-internet-segundo-a-psicologia\/#primaryimage","url":"https:\/\/www.correiobraziliense.com.br\/cbradar\/wp-content\/uploads\/2026\/01\/freepik__fotografia-de-uma-pessoa-olhando-para-uma-tela-de-__7383.jpeg","contentUrl":"https:\/\/www.correiobraziliense.com.br\/cbradar\/wp-content\/uploads\/2026\/01\/freepik__fotografia-de-uma-pessoa-olhando-para-uma-tela-de-__7383.jpeg","width":1280,"height":720,"caption":"Estudos indicam que corrigir erros online pode estar ligado \u00e0 busca por valida\u00e7\u00e3o pessoal"},{"@type":"BreadcrumbList","@id":"https:\/\/www.correiobraziliense.com.br\/cbradar\/as-principais-insegurancas-de-pessoas-que-corrigem-a-gramatica-de-estranhos-na-internet-segundo-a-psicologia\/#breadcrumb","itemListElement":[{"@type":"ListItem","position":1,"name":"In\u00edcio","item":"https:\/\/www.correiobraziliense.com.br\/cbradar\/"},{"@type":"ListItem","position":2,"name":"As principais inseguran\u00e7as de pessoas que corrigem a gram\u00e1tica de estranhos na internet, segundo a psicologia"}]},{"@type":"WebSite","@id":"https:\/\/www.correiobraziliense.com.br\/cbradar\/#website","url":"https:\/\/www.correiobraziliense.com.br\/cbradar\/","name":"Correio Braziliense - Radar","description":"Acompanhe as \u00faltimas not\u00edcias e fique bem informado sobre tudo o que acontece no Brasil e no mundo.","potentialAction":[{"@type":"SearchAction","target":{"@type":"EntryPoint","urlTemplate":"https:\/\/www.correiobraziliense.com.br\/cbradar\/?s={search_term_string}"},"query-input":{"@type":"PropertyValueSpecification","valueRequired":true,"valueName":"search_term_string"}}],"inLanguage":"pt-BR"},{"@type":"Person","@id":"https:\/\/www.correiobraziliense.com.br\/cbradar\/#\/schema\/person\/58422787644df994b53a19d3e56c1513","name":"Larissa Carvalho","image":{"@type":"ImageObject","inLanguage":"pt-BR","@id":"https:\/\/www.correiobraziliense.com.br\/cbradar\/#\/schema\/person\/image\/","url":"https:\/\/secure.gravatar.com\/avatar\/fe4f91a0de32b52a838d0d612abdc1aa?s=96&d=mm&r=g","contentUrl":"https:\/\/secure.gravatar.com\/avatar\/fe4f91a0de32b52a838d0d612abdc1aa?s=96&d=mm&r=g","caption":"Larissa Carvalho"},"url":"https:\/\/www.correiobraziliense.com.br\/cbradar\/author\/larissamyth\/"}]}},"_links":{"self":[{"href":"https:\/\/www.correiobraziliense.com.br\/cbradar\/wp-json\/wp\/v2\/posts\/183276","targetHints":{"allow":["GET"]}}],"collection":[{"href":"https:\/\/www.correiobraziliense.com.br\/cbradar\/wp-json\/wp\/v2\/posts"}],"about":[{"href":"https:\/\/www.correiobraziliense.com.br\/cbradar\/wp-json\/wp\/v2\/types\/post"}],"author":[{"embeddable":true,"href":"https:\/\/www.correiobraziliense.com.br\/cbradar\/wp-json\/wp\/v2\/users\/3"}],"replies":[{"embeddable":true,"href":"https:\/\/www.correiobraziliense.com.br\/cbradar\/wp-json\/wp\/v2\/comments?post=183276"}],"version-history":[{"count":3,"href":"https:\/\/www.correiobraziliense.com.br\/cbradar\/wp-json\/wp\/v2\/posts\/183276\/revisions"}],"predecessor-version":[{"id":184066,"href":"https:\/\/www.correiobraziliense.com.br\/cbradar\/wp-json\/wp\/v2\/posts\/183276\/revisions\/184066"}],"wp:featuredmedia":[{"embeddable":true,"href":"https:\/\/www.correiobraziliense.com.br\/cbradar\/wp-json\/wp\/v2\/media\/184038"}],"wp:attachment":[{"href":"https:\/\/www.correiobraziliense.com.br\/cbradar\/wp-json\/wp\/v2\/media?parent=183276"}],"wp:term":[{"taxonomy":"category","embeddable":true,"href":"https:\/\/www.correiobraziliense.com.br\/cbradar\/wp-json\/wp\/v2\/categories?post=183276"},{"taxonomy":"post_tag","embeddable":true,"href":"https:\/\/www.correiobraziliense.com.br\/cbradar\/wp-json\/wp\/v2\/tags?post=183276"}],"curies":[{"name":"wp","href":"https:\/\/api.w.org\/{rel}","templated":true}]}}