{"id":183304,"date":"2026-01-30T22:25:00","date_gmt":"2026-01-31T01:25:00","guid":{"rendered":"https:\/\/www.correiobraziliense.com.br\/cbradar\/?p=183304"},"modified":"2026-01-29T14:03:24","modified_gmt":"2026-01-29T17:03:24","slug":"se-a-sua-orquidea-deixou-de-dar-flor-veja-como-deve-recupera-la","status":"publish","type":"post","link":"https:\/\/www.correiobraziliense.com.br\/cbradar\/se-a-sua-orquidea-deixou-de-dar-flor-veja-como-deve-recupera-la\/","title":{"rendered":"Se a sua orqu\u00eddea deixou de dar flor, veja como deve recuper\u00e1-la"},"content":{"rendered":"\n<p>As orqu\u00eddeas tornaram-se presen\u00e7a frequente em casas, varandas e escrit\u00f3rios, principalmente pela apar\u00eancia elegante e pelas diversas cores dispon\u00edveis no mercado. Apesar de serem vendidas como plantas \u201cf\u00e1ceis\u201d, o desenvolvimento saud\u00e1vel das orqu\u00eddeas depende de alguns <strong>cuidados espec\u00edficos e constantes<\/strong> com luz, \u00e1gua, substrato e manejo, que muitas vezes n\u00e3o s\u00e3o seguidos no dia a dia, prejudicando o crescimento, a flora\u00e7\u00e3o e o vigor geral da planta.<\/p>\n\n\n\n<h2 class=\"wp-block-heading\">Cuidados com orqu\u00eddeas que influenciam diretamente a flora\u00e7\u00e3o<\/h2>\n\n\n\n<p>O ciclo de flora\u00e7\u00e3o das orqu\u00eddeas alterna entre fases de crescimento ativo e momentos de pausa, e os <strong>cuidados com orqu\u00eddeas em casa<\/strong> fazem diferen\u00e7a direta na quantidade e na dura\u00e7\u00e3o das flores. Fatores como intensidade de luz, umidade do substrato, qualidade das ra\u00edzes e aduba\u00e7\u00e3o equilibrada determinam se a planta ter\u00e1 energia suficiente para produzir novos bot\u00f5es florais.<\/p>\n\n\n\n<p>Em ambientes internos, observar se a planta est\u00e1 emitindo novas folhas e ra\u00edzes ajuda a avaliar se os <strong>cuidados com orqu\u00eddeas em vasos<\/strong> est\u00e3o adequados. Folhas amareladas, enrugadas ou ra\u00edzes escuras e moles indicam desequil\u00edbrios de manejo, que costumam ser corrigidos com ajustes simples na rega, na posi\u00e7\u00e3o do vaso e na ventila\u00e7\u00e3o do ambiente.<\/p>\n\n\n\n<figure class=\"wp-block-image size-large\"><img decoding=\"async\" width=\"1024\" height=\"576\" src=\"https:\/\/www.correiobraziliense.com.br\/cbradar\/wp-content\/uploads\/2026\/01\/\u2705-BANNER-MYTH-12-20-1024x576.png\" alt=\"Se a sua orqu\u00eddea deixou de dar flor, veja como deve recuper\u00e1-la\" class=\"wp-image-183306\" srcset=\"https:\/\/www.correiobraziliense.com.br\/cbradar\/wp-content\/uploads\/2026\/01\/\u2705-BANNER-MYTH-12-20-1024x576.png 1024w, https:\/\/www.correiobraziliense.com.br\/cbradar\/wp-content\/uploads\/2026\/01\/\u2705-BANNER-MYTH-12-20-300x169.png 300w, https:\/\/www.correiobraziliense.com.br\/cbradar\/wp-content\/uploads\/2026\/01\/\u2705-BANNER-MYTH-12-20-768x432.png 768w, https:\/\/www.correiobraziliense.com.br\/cbradar\/wp-content\/uploads\/2026\/01\/\u2705-BANNER-MYTH-12-20-750x422.png 750w, https:\/\/www.correiobraziliense.com.br\/cbradar\/wp-content\/uploads\/2026\/01\/\u2705-BANNER-MYTH-12-20-1140x641.png 1140w, https:\/\/www.correiobraziliense.com.br\/cbradar\/wp-content\/uploads\/2026\/01\/\u2705-BANNER-MYTH-12-20.png 1280w\" sizes=\"(max-width: 1024px) 100vw, 1024px\" \/><figcaption class=\"wp-element-caption\">Transforme seu lar com orqu\u00eddeas exuberantes: domine cuidados essenciais e veja beleza eterna florescer em cada p\u00e9tala delicada! <\/figcaption><\/figure>\n\n\n\n<h2 class=\"wp-block-heading\">Como cuidar de orqu\u00eddeas no dia a dia de forma simples<\/h2>\n\n\n\n<p>Para que a planta se mantenha saud\u00e1vel, os <strong>cuidados com orqu\u00eddeas<\/strong> podem ser organizados em alguns pontos principais, que atuam em diferentes etapas do ciclo de vida. Al\u00e9m de luz e \u00e1gua, \u00e9 importante considerar o tipo de substrato, a circula\u00e7\u00e3o de ar, a nutri\u00e7\u00e3o e at\u00e9 a esp\u00e9cie de orqu\u00eddea, j\u00e1 que cada grupo pode ter pequenas varia\u00e7\u00f5es de exig\u00eancia.<\/p>\n\n\n\n<p>Na pr\u00e1tica, muitos cultivadores utilizam uma rotina b\u00e1sica para organizar os <strong>cuidados com orqu\u00eddeas em apartamento<\/strong> e manter a planta equilibrada o ano todo:<\/p>\n\n\n\n<ul class=\"wp-block-list\">\n<li><strong>Rega controlada:<\/strong> o substrato deve secar levemente entre uma rega e outra, evitando encharcamento prolongado.<\/li>\n\n\n\n<li><strong>Luz adequada:<\/strong> a planta precisa de luminosidade intensa, por\u00e9m sem exposi\u00e7\u00e3o prolongada ao sol direto nas horas mais quentes.<\/li>\n\n\n\n<li><strong>Substrato pr\u00f3prio:<\/strong> misturas com casca de \u00e1rvore e materiais que favorecem a drenagem s\u00e3o as mais indicadas.<\/li>\n\n\n\n<li><strong>Ventila\u00e7\u00e3o:<\/strong> ambientes arejados ajudam a evitar fungos e mant\u00eam as ra\u00edzes em melhores condi\u00e7\u00f5es.<\/li>\n\n\n\n<li><strong>Aduba\u00e7\u00e3o equilibrada:<\/strong> fertilizantes adequados para orqu\u00eddeas, aplicados na frequ\u00eancia correta, favorecem crescimento e florada.<\/li>\n<\/ul>\n\n\n\n<p>Em termos pr\u00e1ticos, a rotina costuma seguir um padr\u00e3o aproximado que facilita o manejo di\u00e1rio:<\/p>\n\n\n\n<ol class=\"wp-block-list\">\n<li>Observar o substrato com os dedos; se estiver seco em parte da profundidade, \u00e9 hora de regar.<\/li>\n\n\n\n<li>Regar totalmente o vaso, permitindo que o excesso de \u00e1gua escoe livremente pelos furos.<\/li>\n\n\n\n<li>Garantir que o vaso n\u00e3o permane\u00e7a com \u00e1gua acumulada no pratinho.<\/li>\n\n\n\n<li>Conferir semanalmente o estado das folhas e ra\u00edzes vis\u00edveis.<\/li>\n\n\n\n<li>Aplicar adubo espec\u00edfico conforme instru\u00e7\u00f5es do fabricante, reduzindo a frequ\u00eancia em per\u00edodos de repouso.<\/li>\n<\/ol>\n\n\n\n<p>Para aprofundarmos no tema, trouxemos o v\u00eddeo do perfil @jardimdalygia que trouxe dicas de cuidado para os quase 650 mil seguidores nas redes:<\/p>\n\n\n\n<blockquote class=\"tiktok-embed\" cite=\"https:\/\/www.tiktok.com\/@jardimdalygia\/video\/6815975112580336902\" data-video-id=\"6815975112580336902\" style=\"max-width: 605px;min-width: 325px;\" > <section> <a target=\"_blank\" title=\"@jardimdalygia\" href=\"https:\/\/www.tiktok.com\/@jardimdalygia?refer=embed\">@jardimdalygia<\/a> 5 dicas preciosas para cuidar de orqu\u00eddeas! <a title=\"teamplantas\" target=\"_blank\" href=\"https:\/\/www.tiktok.com\/tag\/teamplantas?refer=embed\">#teamplantas<\/a> <a title=\"jardinagem\" target=\"_blank\" href=\"https:\/\/www.tiktok.com\/tag\/jardinagem?refer=embed\">#jardinagem<\/a> <a title=\"jardim\" target=\"_blank\" href=\"https:\/\/www.tiktok.com\/tag\/jardim?refer=embed\">#jardim<\/a> <a title=\"orquideas\" target=\"_blank\" href=\"https:\/\/www.tiktok.com\/tag\/orquideas?refer=embed\">#orquideas<\/a> <a title=\"plantas\" target=\"_blank\" href=\"https:\/\/www.tiktok.com\/tag\/plantas?refer=embed\">#plantas<\/a> <a title=\"plants\" target=\"_blank\" href=\"https:\/\/www.tiktok.com\/tag\/plants?refer=embed\">#plants<\/a> <a title=\"garden\" target=\"_blank\" href=\"https:\/\/www.tiktok.com\/tag\/garden?refer=embed\">#garden<\/a> <a title=\"fyp\" target=\"_blank\" href=\"https:\/\/www.tiktok.com\/tag\/fyp?refer=embed\">#fyp<\/a> <a title=\"fy\" target=\"_blank\" href=\"https:\/\/www.tiktok.com\/tag\/fy?refer=embed\">#fy<\/a> <a title=\"4u\" target=\"_blank\" href=\"https:\/\/www.tiktok.com\/tag\/4u?refer=embed\">#4u<\/a> <a title=\"dicas\" target=\"_blank\" href=\"https:\/\/www.tiktok.com\/tag\/dicas?refer=embed\">#dicas<\/a> <a title=\"flores\" target=\"_blank\" href=\"https:\/\/www.tiktok.com\/tag\/flores?refer=embed\">#flores<\/a> <a target=\"_blank\" title=\"\u266c som original - \ud83c\udf3f Lygia Oliveira \ud83c\udf3f\" href=\"https:\/\/www.tiktok.com\/music\/som-original-6815923734323530501?refer=embed\">\u266c som original &#8211; \ud83c\udf3f Lygia Oliveira \ud83c\udf3f<\/a> <\/section> <\/blockquote> <script async src=\"https:\/\/www.tiktok.com\/embed.js\"><\/script>\n\n\n\n<h2 class=\"wp-block-heading\">Quais erros mais atrapalham os cuidados com orqu\u00eddeas<\/h2>\n\n\n\n<p>Al\u00e9m das pr\u00e1ticas recomendadas, \u00e9 comum que alguns h\u00e1bitos prejudiquem o desenvolvimento da planta e impe\u00e7am a <strong>flora\u00e7\u00e3o regular<\/strong>. Muitas vezes, a orqu\u00eddea deixa de florescer por pequenos equ\u00edvocos de manejo, especialmente relacionados \u00e0 \u00e1gua, luz e substrato, que passam despercebidos na rotina.<\/p>\n\n\n\n<ul class=\"wp-block-list\">\n<li><strong>Excesso de \u00e1gua:<\/strong> manter o substrato constantemente encharcado favorece o apodrecimento das ra\u00edzes, reduz a oxigena\u00e7\u00e3o e limita a absor\u00e7\u00e3o de nutrientes.<\/li>\n\n\n\n<li><strong>Ilumina\u00e7\u00e3o insuficiente:<\/strong> orqu\u00eddeas mantidas em locais muito sombreados tendem a produzir poucas flores, mesmo quando parecem verdes.<\/li>\n\n\n\n<li><strong>Uso de substrato inadequado:<\/strong> terra comum de jardim costuma ser compacta demais, ret\u00e9m muita umidade e compromete o desenvolvimento das ra\u00edzes.<\/li>\n\n\n\n<li><strong>Falta de renova\u00e7\u00e3o do vaso:<\/strong> com o tempo, o material do substrato se decomp\u00f5e e perde a estrutura, exigindo replante para manter boa drenagem.<\/li>\n<\/ul>\n\n\n\n<p>Em muitos casos, a simples corre\u00e7\u00e3o desses pontos j\u00e1 melhora significativamente os <strong>cuidados com orqu\u00eddeas<\/strong>. Ao oferecer mais luz indireta, ajustar a rega, renovar o substrato e observar o comportamento da planta ao longo das semanas, a orqu\u00eddea tende a reagir com novas ra\u00edzes, folhas mais firmes e maior preparo para futuras flora\u00e7\u00f5es.<\/p>\n\n\n\n<h2 class=\"wp-block-heading\">Como fazer as orqu\u00eddeas voltarem a florescer com regularidade<\/h2>\n\n\n\n<p>Quando as flores caem, a orqu\u00eddea entra em uma fase de recupera\u00e7\u00e3o em que concentra energia nas partes vegetativas, como folhas e ra\u00edzes. Nessa etapa, torna-se essencial manter os <strong>cuidados com orqu\u00eddeas em vaso<\/strong> de forma regular, evitando exageros na rega e na aduba\u00e7\u00e3o, e cortando a haste floral apenas quando estiver claramente seca ou escurecida.<\/p>\n\n\n\n<p>Tamb\u00e9m \u00e9 importante respeitar o ritmo de cada esp\u00e9cie, pois algumas orqu\u00eddeas florescem apenas uma vez por ano, enquanto outras podem florir mais de uma vez se as condi\u00e7\u00f5es forem ideais. Na pr\u00e1tica, a combina\u00e7\u00e3o de <strong>luz adequada<\/strong>, rega equilibrada, substrato pr\u00f3prio, ventila\u00e7\u00e3o e aduba\u00e7\u00e3o moderada forma a base dos cuidados com orqu\u00eddeas que desejam manter um ciclo de flora\u00e7\u00e3o est\u00e1vel e saud\u00e1vel ao longo dos anos.<\/p>\n","protected":false},"excerpt":{"rendered":"<p>Orqu\u00eddea: como cuidar e fazer florescer novamente, evitando 4 erros comuns no cultivo e garantindo flores saud\u00e1veis e duradouras<\/p>\n","protected":false},"author":3,"featured_media":184051,"comment_status":"open","ping_status":"open","sticky":false,"template":"","format":"standard","meta":{"_yoast_wpseo_focuskw":"como recuperar orqu\u00eddea","_yoast_wpseo_title":"%%title%%","_yoast_wpseo_metadesc":"Orqu\u00eddea: como cuidar e fazer florescer novamente, evitando 4 erros comuns no cultivo e garantindo flores saud\u00e1veis e duradouras","jnews-multi-image_gallery":[],"jnews_single_post":{"format":"standard"},"jnews_primary_category":[],"jnews_social_meta":[],"jnews_override_counter":[],"footnotes":""},"categories":[112],"tags":[144,223,2627,224],"class_list":["post-183304","post","type-post","status-publish","format-standard","has-post-thumbnail","hentry","category-curiosidades","tag-curiosidades","tag-flores","tag-orquideas","tag-plantas"],"yoast_head":"<!-- This site is optimized with the Yoast SEO plugin v24.6 - https:\/\/yoast.com\/wordpress\/plugins\/seo\/ -->\n<title>Se a sua orqu\u00eddea deixou de dar flor, veja como deve recuper\u00e1-la<\/title>\n<meta name=\"description\" content=\"Orqu\u00eddea: como cuidar e fazer florescer novamente, evitando 4 erros comuns no cultivo e garantindo flores saud\u00e1veis e duradouras\" \/>\n<meta name=\"robots\" content=\"index, follow, max-snippet:-1, max-image-preview:large, max-video-preview:-1\" \/>\n<link rel=\"canonical\" href=\"https:\/\/www.correiobraziliense.com.br\/cbradar\/se-a-sua-orquidea-deixou-de-dar-flor-veja-como-deve-recupera-la\/\" \/>\n<meta property=\"og:locale\" content=\"pt_BR\" \/>\n<meta property=\"og:type\" content=\"article\" \/>\n<meta property=\"og:title\" content=\"Se a sua orqu\u00eddea deixou de dar flor, veja como deve recuper\u00e1-la\" \/>\n<meta property=\"og:description\" content=\"Orqu\u00eddea: como cuidar e fazer florescer novamente, evitando 4 erros comuns no cultivo e garantindo flores saud\u00e1veis e duradouras\" \/>\n<meta property=\"og:url\" content=\"https:\/\/www.correiobraziliense.com.br\/cbradar\/se-a-sua-orquidea-deixou-de-dar-flor-veja-como-deve-recupera-la\/\" \/>\n<meta property=\"og:site_name\" content=\"Correio Braziliense - Radar\" \/>\n<meta property=\"article:published_time\" content=\"2026-01-31T01:25:00+00:00\" \/>\n<meta property=\"og:image\" content=\"https:\/\/www.correiobraziliense.com.br\/cbradar\/wp-content\/uploads\/2026\/01\/freepik__orqudea-em-vaso-transparente-com-razes-saudveis-e-__7391.jpeg\" \/>\n\t<meta property=\"og:image:width\" content=\"1280\" \/>\n\t<meta property=\"og:image:height\" content=\"720\" \/>\n\t<meta property=\"og:image:type\" content=\"image\/jpeg\" \/>\n<meta name=\"author\" content=\"Larissa Carvalho\" \/>\n<meta name=\"twitter:card\" content=\"summary_large_image\" \/>\n<meta name=\"twitter:label1\" content=\"Escrito por\" \/>\n\t<meta name=\"twitter:data1\" content=\"Larissa Carvalho\" \/>\n\t<meta name=\"twitter:label2\" content=\"Est. tempo de leitura\" \/>\n\t<meta name=\"twitter:data2\" content=\"5 minutos\" \/>\n<!-- \/ Yoast SEO plugin. -->","yoast_head_json":{"title":"Se a sua orqu\u00eddea deixou de dar flor, veja como deve recuper\u00e1-la","description":"Orqu\u00eddea: como cuidar e fazer florescer novamente, evitando 4 erros comuns no cultivo e garantindo flores saud\u00e1veis e duradouras","robots":{"index":"index","follow":"follow","max-snippet":"max-snippet:-1","max-image-preview":"max-image-preview:large","max-video-preview":"max-video-preview:-1"},"canonical":"https:\/\/www.correiobraziliense.com.br\/cbradar\/se-a-sua-orquidea-deixou-de-dar-flor-veja-como-deve-recupera-la\/","og_locale":"pt_BR","og_type":"article","og_title":"Se a sua orqu\u00eddea deixou de dar flor, veja como deve recuper\u00e1-la","og_description":"Orqu\u00eddea: como cuidar e fazer florescer novamente, evitando 4 erros comuns no cultivo e garantindo flores saud\u00e1veis e duradouras","og_url":"https:\/\/www.correiobraziliense.com.br\/cbradar\/se-a-sua-orquidea-deixou-de-dar-flor-veja-como-deve-recupera-la\/","og_site_name":"Correio Braziliense - Radar","article_published_time":"2026-01-31T01:25:00+00:00","og_image":[{"width":1280,"height":720,"url":"https:\/\/www.correiobraziliense.com.br\/cbradar\/wp-content\/uploads\/2026\/01\/freepik__orqudea-em-vaso-transparente-com-razes-saudveis-e-__7391.jpeg","type":"image\/jpeg"}],"author":"Larissa Carvalho","twitter_card":"summary_large_image","twitter_misc":{"Escrito por":"Larissa Carvalho","Est. tempo de leitura":"5 minutos"},"schema":{"@context":"https:\/\/schema.org","@graph":[{"@type":"WebPage","@id":"https:\/\/www.correiobraziliense.com.br\/cbradar\/se-a-sua-orquidea-deixou-de-dar-flor-veja-como-deve-recupera-la\/","url":"https:\/\/www.correiobraziliense.com.br\/cbradar\/se-a-sua-orquidea-deixou-de-dar-flor-veja-como-deve-recupera-la\/","name":"Se a sua orqu\u00eddea deixou de dar flor, veja como deve recuper\u00e1-la","isPartOf":{"@id":"https:\/\/www.correiobraziliense.com.br\/cbradar\/#website"},"primaryImageOfPage":{"@id":"https:\/\/www.correiobraziliense.com.br\/cbradar\/se-a-sua-orquidea-deixou-de-dar-flor-veja-como-deve-recupera-la\/#primaryimage"},"image":{"@id":"https:\/\/www.correiobraziliense.com.br\/cbradar\/se-a-sua-orquidea-deixou-de-dar-flor-veja-como-deve-recupera-la\/#primaryimage"},"thumbnailUrl":"https:\/\/www.correiobraziliense.com.br\/cbradar\/wp-content\/uploads\/2026\/01\/freepik__orqudea-em-vaso-transparente-com-razes-saudveis-e-__7391.jpeg","datePublished":"2026-01-31T01:25:00+00:00","author":{"@id":"https:\/\/www.correiobraziliense.com.br\/cbradar\/#\/schema\/person\/58422787644df994b53a19d3e56c1513"},"description":"Orqu\u00eddea: como cuidar e fazer florescer novamente, evitando 4 erros comuns no cultivo e garantindo flores saud\u00e1veis e duradouras","breadcrumb":{"@id":"https:\/\/www.correiobraziliense.com.br\/cbradar\/se-a-sua-orquidea-deixou-de-dar-flor-veja-como-deve-recupera-la\/#breadcrumb"},"inLanguage":"pt-BR","potentialAction":[{"@type":"ReadAction","target":["https:\/\/www.correiobraziliense.com.br\/cbradar\/se-a-sua-orquidea-deixou-de-dar-flor-veja-como-deve-recupera-la\/"]}]},{"@type":"ImageObject","inLanguage":"pt-BR","@id":"https:\/\/www.correiobraziliense.com.br\/cbradar\/se-a-sua-orquidea-deixou-de-dar-flor-veja-como-deve-recupera-la\/#primaryimage","url":"https:\/\/www.correiobraziliense.com.br\/cbradar\/wp-content\/uploads\/2026\/01\/freepik__orqudea-em-vaso-transparente-com-razes-saudveis-e-__7391.jpeg","contentUrl":"https:\/\/www.correiobraziliense.com.br\/cbradar\/wp-content\/uploads\/2026\/01\/freepik__orqudea-em-vaso-transparente-com-razes-saudveis-e-__7391.jpeg","width":1280,"height":720,"caption":"Orqu\u00eddeas s\u00e3o populares em casas, varandas e escrit\u00f3rios devido \u00e0 sua apar\u00eancia elegante"},{"@type":"BreadcrumbList","@id":"https:\/\/www.correiobraziliense.com.br\/cbradar\/se-a-sua-orquidea-deixou-de-dar-flor-veja-como-deve-recupera-la\/#breadcrumb","itemListElement":[{"@type":"ListItem","position":1,"name":"In\u00edcio","item":"https:\/\/www.correiobraziliense.com.br\/cbradar\/"},{"@type":"ListItem","position":2,"name":"Se a sua orqu\u00eddea deixou de dar flor, veja como deve recuper\u00e1-la"}]},{"@type":"WebSite","@id":"https:\/\/www.correiobraziliense.com.br\/cbradar\/#website","url":"https:\/\/www.correiobraziliense.com.br\/cbradar\/","name":"Correio Braziliense - Radar","description":"Acompanhe as \u00faltimas not\u00edcias e fique bem informado sobre tudo o que acontece no Brasil e no mundo.","potentialAction":[{"@type":"SearchAction","target":{"@type":"EntryPoint","urlTemplate":"https:\/\/www.correiobraziliense.com.br\/cbradar\/?s={search_term_string}"},"query-input":{"@type":"PropertyValueSpecification","valueRequired":true,"valueName":"search_term_string"}}],"inLanguage":"pt-BR"},{"@type":"Person","@id":"https:\/\/www.correiobraziliense.com.br\/cbradar\/#\/schema\/person\/58422787644df994b53a19d3e56c1513","name":"Larissa Carvalho","image":{"@type":"ImageObject","inLanguage":"pt-BR","@id":"https:\/\/www.correiobraziliense.com.br\/cbradar\/#\/schema\/person\/image\/","url":"https:\/\/secure.gravatar.com\/avatar\/fe4f91a0de32b52a838d0d612abdc1aa?s=96&d=mm&r=g","contentUrl":"https:\/\/secure.gravatar.com\/avatar\/fe4f91a0de32b52a838d0d612abdc1aa?s=96&d=mm&r=g","caption":"Larissa Carvalho"},"url":"https:\/\/www.correiobraziliense.com.br\/cbradar\/author\/larissamyth\/"}]}},"_links":{"self":[{"href":"https:\/\/www.correiobraziliense.com.br\/cbradar\/wp-json\/wp\/v2\/posts\/183304","targetHints":{"allow":["GET"]}}],"collection":[{"href":"https:\/\/www.correiobraziliense.com.br\/cbradar\/wp-json\/wp\/v2\/posts"}],"about":[{"href":"https:\/\/www.correiobraziliense.com.br\/cbradar\/wp-json\/wp\/v2\/types\/post"}],"author":[{"embeddable":true,"href":"https:\/\/www.correiobraziliense.com.br\/cbradar\/wp-json\/wp\/v2\/users\/3"}],"replies":[{"embeddable":true,"href":"https:\/\/www.correiobraziliense.com.br\/cbradar\/wp-json\/wp\/v2\/comments?post=183304"}],"version-history":[{"count":2,"href":"https:\/\/www.correiobraziliense.com.br\/cbradar\/wp-json\/wp\/v2\/posts\/183304\/revisions"}],"predecessor-version":[{"id":183307,"href":"https:\/\/www.correiobraziliense.com.br\/cbradar\/wp-json\/wp\/v2\/posts\/183304\/revisions\/183307"}],"wp:featuredmedia":[{"embeddable":true,"href":"https:\/\/www.correiobraziliense.com.br\/cbradar\/wp-json\/wp\/v2\/media\/184051"}],"wp:attachment":[{"href":"https:\/\/www.correiobraziliense.com.br\/cbradar\/wp-json\/wp\/v2\/media?parent=183304"}],"wp:term":[{"taxonomy":"category","embeddable":true,"href":"https:\/\/www.correiobraziliense.com.br\/cbradar\/wp-json\/wp\/v2\/categories?post=183304"},{"taxonomy":"post_tag","embeddable":true,"href":"https:\/\/www.correiobraziliense.com.br\/cbradar\/wp-json\/wp\/v2\/tags?post=183304"}],"curies":[{"name":"wp","href":"https:\/\/api.w.org\/{rel}","templated":true}]}}