{"id":183337,"date":"2026-01-28T20:45:00","date_gmt":"2026-01-28T23:45:00","guid":{"rendered":"https:\/\/www.correiobraziliense.com.br\/cbradar\/?p=183337"},"modified":"2026-01-28T11:59:01","modified_gmt":"2026-01-28T14:59:01","slug":"por-que-afastar-a-geladeira-apenas-5-cm-da-parede-pode-transformar-o-funcionamento-da-cozinha","status":"publish","type":"post","link":"https:\/\/www.correiobraziliense.com.br\/cbradar\/por-que-afastar-a-geladeira-apenas-5-cm-da-parede-pode-transformar-o-funcionamento-da-cozinha\/","title":{"rendered":"Por que afastar a geladeira apenas 5 cm da parede pode transformar o funcionamento da cozinha"},"content":{"rendered":"\n<p>Um <strong>detalhe aparentemente simples <\/strong>pode mudar completamente a <strong>efici\u00eancia da cozinha<\/strong>, afastar a geladeira apenas 5 cm da parede. Esse pequeno espa\u00e7o interfere diretamente na ventila\u00e7\u00e3o do eletrodom\u00e9stico, no consumo de energia e at\u00e9 na durabilidade do equipamento. Quando bem posicionada, a<strong> geladeira trabalha de forma mais inteligente, silenciosa e econ\u00f4mica<\/strong>, impactando positivamente a rotina e o bolso.<\/p>\n\n\n\n<h2 class=\"wp-block-heading\">Por que a ventila\u00e7\u00e3o correta da geladeira \u00e9 t\u00e3o importante?<\/h2>\n\n\n\n<p>A <strong><a href=\"https:\/\/www.correiobraziliense.com.br\/cbradar\/tudo-o-que-voce-precisa-saber-para-escolher-uma-boa-geladeira\/\" target=\"_blank\" rel=\"noreferrer noopener\">geladeira <\/a><\/strong>precisa <strong>liberar o calor gerado pelo motor durante o funcionamento cont\u00ednuo<\/strong>. Quando ela fica encostada na parede, esse calor n\u00e3o se dissipa corretamente, for\u00e7ando o sistema a trabalhar al\u00e9m do necess\u00e1rio. Com o tempo, isso gera sobrecarga e reduz a efici\u00eancia do resfriamento.<\/p>\n\n\n\n<p>Ao manter um espa\u00e7o m\u00ednimo de 5 cm, o<strong> ar circula com mais facilidade na parte traseira e nas laterais<\/strong>. Esse fluxo adequado contribui para um funcionamento est\u00e1vel, evita aquecimento excessivo e mant\u00e9m a temperatura interna mais uniforme.<\/p>\n\n\n\n<h2 class=\"wp-block-heading\">Como afastar a geladeira da parede melhora o desempenho?<\/h2>\n\n\n\n<p>Quando o<strong> eletrodom\u00e9stico respira melhor<\/strong>, todo o sistema de refrigera\u00e7\u00e3o responde de forma mais equilibrada. O motor n\u00e3o precisa ligar com tanta frequ\u00eancia, o que reduz o esfor\u00e7o mec\u00e2nico e melhora o desempenho geral no dia a dia.<\/p>\n\n\n\n<p>Esse <strong>ganho de performance<\/strong> pode ser percebido rapidamente, tanto na conserva\u00e7\u00e3o dos alimentos quanto no funcionamento mais silencioso. Os principais benef\u00edcios pr\u00e1ticos incluem:<\/p>\n\n\n\n<ul class=\"wp-block-list\">\n<li>Resfriamento mais r\u00e1pido e uniforme dos alimentos;<\/li>\n\n\n\n<li>Menor esfor\u00e7o do compressor durante os ciclos de funcionamento;<\/li>\n\n\n\n<li>Redu\u00e7\u00e3o de ru\u00eddos causados por superaquecimento.<\/li>\n<\/ul>\n\n\n\n<figure class=\"wp-block-image size-large\"><img decoding=\"async\" width=\"1024\" height=\"576\" src=\"https:\/\/www.correiobraziliense.com.br\/cbradar\/wp-content\/uploads\/2026\/01\/Copia-de-Copia-de-Mural-marrom-2026-01-28T091153.071-1024x576.jpg\" alt=\"Por que afastar a geladeira apenas 5 cm da parede pode transformar o funcionamento da cozinha\" class=\"wp-image-183341\" srcset=\"https:\/\/www.correiobraziliense.com.br\/cbradar\/wp-content\/uploads\/2026\/01\/Copia-de-Copia-de-Mural-marrom-2026-01-28T091153.071-1024x576.jpg 1024w, https:\/\/www.correiobraziliense.com.br\/cbradar\/wp-content\/uploads\/2026\/01\/Copia-de-Copia-de-Mural-marrom-2026-01-28T091153.071-300x169.jpg 300w, https:\/\/www.correiobraziliense.com.br\/cbradar\/wp-content\/uploads\/2026\/01\/Copia-de-Copia-de-Mural-marrom-2026-01-28T091153.071-768x432.jpg 768w, https:\/\/www.correiobraziliense.com.br\/cbradar\/wp-content\/uploads\/2026\/01\/Copia-de-Copia-de-Mural-marrom-2026-01-28T091153.071-750x422.jpg 750w, https:\/\/www.correiobraziliense.com.br\/cbradar\/wp-content\/uploads\/2026\/01\/Copia-de-Copia-de-Mural-marrom-2026-01-28T091153.071-1140x641.jpg 1140w, https:\/\/www.correiobraziliense.com.br\/cbradar\/wp-content\/uploads\/2026\/01\/Copia-de-Copia-de-Mural-marrom-2026-01-28T091153.071.jpg 1280w\" sizes=\"(max-width: 1024px) 100vw, 1024px\" \/><figcaption class=\"wp-element-caption\">O espa\u00e7o m\u00ednimo atr\u00e1s do eletrodom\u00e9stico melhora o desempenho do resfriamento<\/figcaption><\/figure>\n\n\n\n<h2 class=\"wp-block-heading\">De que forma isso influencia no consumo de energia?<\/h2>\n\n\n\n<p>Uma<strong> <a href=\"https:\/\/www.gov.br\/inmetro\/pt-br\/centrais-de-conteudo\/noticias\/inmetro-alerta-cuidados-com-a-geladeira-ajudam-a-reduzir-o-consumo-de-energia\" target=\"_blank\" rel=\"noreferrer noopener\">geladeira mal ventilada consome mais energia <\/a><\/strong>porque o motor precisa trabalhar por mais tempo para manter a temperatura ideal. Esse esfor\u00e7o extra se reflete diretamente na conta de luz ao longo dos meses.<\/p>\n\n\n\n<p>Ao garantir o afastamento correto da parede, o consumo tende a ser mais <strong>eficiente e previs\u00edvel<\/strong>. Entre os impactos positivos mais relevantes est\u00e3o:<\/p>\n\n\n\n<ul class=\"wp-block-list\">\n<li>Diminui\u00e7\u00e3o dos picos de consumo el\u00e9trico;<\/li>\n\n\n\n<li>Maior efici\u00eancia energ\u00e9tica ao longo do ano;<\/li>\n\n\n\n<li>Contribui\u00e7\u00e3o para um uso mais consciente da eletricidade.<\/li>\n<\/ul>\n\n\n\n<h2 class=\"wp-block-heading\">O espa\u00e7o de 5 cm realmente aumenta a vida \u00fatil da geladeira?<\/h2>\n\n\n\n<p>Sim, e esse \u00e9 um dos pontos mais ignorados na organiza\u00e7\u00e3o da cozinha. O<strong> calor excessivo \u00e9 um dos maiores inimigos dos componentes internos<\/strong>, especialmente do compressor, que \u00e9 a pe\u00e7a mais cara do equipamento.<\/p>\n\n\n\n<p>Com ventila\u00e7\u00e3o adequada, o desgaste das pe\u00e7as acontece de forma mais lenta e equilibrada. Isso reduz a necessidade de manuten\u00e7\u00e3o precoce, evita falhas inesperadas e<strong> prolonga significativamente a vida \u00fatil da geladeira<\/strong>.<\/p>\n\n\n\n<h2 class=\"wp-block-heading\">Como adaptar esse cuidado \u00e0 rotina da cozinha?<\/h2>\n\n\n\n<p>Manter esse espa\u00e7o <strong>n\u00e3o exige grandes mudan\u00e7as<\/strong>, apenas aten\u00e7\u00e3o no momento da instala\u00e7\u00e3o ou reorganiza\u00e7\u00e3o dos m\u00f3veis. Mesmo em cozinhas compactas, \u00e9 poss\u00edvel ajustar o posicionamento sem comprometer a circula\u00e7\u00e3o.<\/p>\n\n\n\n<p>O ideal \u00e9 verificar regularmente se o afastamento est\u00e1 sendo mantido, principalmente ap\u00f3s limpezas ou reformas. Esse cuidado simples garante um funcionamento mais <strong>eficiente, econ\u00f4mico e duradouro da geladeira no dia a dia<\/strong>.<\/p>\n","protected":false},"excerpt":{"rendered":"<p>Um detalhe aparentemente simples pode mudar completamente a efici\u00eancia da cozinha, afastar a geladeira apenas 5 cm da parede. Esse pequeno espa\u00e7o interfere diretamente na ventila\u00e7\u00e3o do eletrodom\u00e9stico, no consumo de energia e at\u00e9 na durabilidade do equipamento. Quando bem posicionada, a geladeira trabalha de forma mais inteligente, silenciosa e econ\u00f4mica, impactando positivamente a rotina [&hellip;]<\/p>\n","protected":false},"author":22,"featured_media":183342,"comment_status":"open","ping_status":"open","sticky":false,"template":"","format":"standard","meta":{"_yoast_wpseo_focuskw":"Afastar a geladeira da parede","_yoast_wpseo_title":"","_yoast_wpseo_metadesc":"Afastar a geladeira 5 cm da parede melhora a ventila\u00e7\u00e3o, reduz consumo de energia e aumenta a vida \u00fatil do eletrodom\u00e9stico.","jnews-multi-image_gallery":[],"jnews_single_post":{"format":"standard"},"jnews_primary_category":[],"jnews_social_meta":[],"jnews_override_counter":[],"footnotes":""},"categories":[143],"tags":[14447,14514,1016,6218],"class_list":["post-183337","post","type-post","status-publish","format-standard","has-post-thumbnail","hentry","category-casa-e-decoracao","tag-consumo-de-energia","tag-eficiencia","tag-geladeira","tag-ventilacao"],"yoast_head":"<!-- This site is optimized with the Yoast SEO plugin v24.6 - https:\/\/yoast.com\/wordpress\/plugins\/seo\/ -->\n<title>Por que afastar a geladeira apenas 5 cm da parede pode transformar o funcionamento da cozinha - Correio Braziliense - Radar<\/title>\n<meta name=\"description\" content=\"Afastar a geladeira 5 cm da parede melhora a ventila\u00e7\u00e3o, reduz consumo de energia e aumenta a vida \u00fatil do eletrodom\u00e9stico.\" \/>\n<meta name=\"robots\" content=\"index, follow, max-snippet:-1, max-image-preview:large, max-video-preview:-1\" \/>\n<link rel=\"canonical\" href=\"https:\/\/www.correiobraziliense.com.br\/cbradar\/por-que-afastar-a-geladeira-apenas-5-cm-da-parede-pode-transformar-o-funcionamento-da-cozinha\/\" \/>\n<meta property=\"og:locale\" content=\"pt_BR\" \/>\n<meta property=\"og:type\" content=\"article\" \/>\n<meta property=\"og:title\" content=\"Por que afastar a geladeira apenas 5 cm da parede pode transformar o funcionamento da cozinha - Correio Braziliense - Radar\" \/>\n<meta property=\"og:description\" content=\"Afastar a geladeira 5 cm da parede melhora a ventila\u00e7\u00e3o, reduz consumo de energia e aumenta a vida \u00fatil do eletrodom\u00e9stico.\" \/>\n<meta property=\"og:url\" content=\"https:\/\/www.correiobraziliense.com.br\/cbradar\/por-que-afastar-a-geladeira-apenas-5-cm-da-parede-pode-transformar-o-funcionamento-da-cozinha\/\" \/>\n<meta property=\"og:site_name\" content=\"Correio Braziliense - Radar\" \/>\n<meta property=\"article:published_time\" content=\"2026-01-28T23:45:00+00:00\" \/>\n<meta property=\"og:image\" content=\"https:\/\/www.correiobraziliense.com.br\/cbradar\/wp-content\/uploads\/2026\/01\/Copia-de-Copia-de-Mural-marrom-2026-01-28T090347.942.jpg\" \/>\n\t<meta property=\"og:image:width\" content=\"1280\" \/>\n\t<meta property=\"og:image:height\" content=\"720\" \/>\n\t<meta property=\"og:image:type\" content=\"image\/jpeg\" \/>\n<meta name=\"author\" content=\"Elis Souza\" \/>\n<meta name=\"twitter:card\" content=\"summary_large_image\" \/>\n<meta name=\"twitter:label1\" content=\"Escrito por\" \/>\n\t<meta name=\"twitter:data1\" content=\"Elis Souza\" \/>\n\t<meta name=\"twitter:label2\" content=\"Est. tempo de leitura\" \/>\n\t<meta name=\"twitter:data2\" content=\"4 minutos\" \/>\n<!-- \/ Yoast SEO plugin. -->","yoast_head_json":{"title":"Por que afastar a geladeira apenas 5 cm da parede pode transformar o funcionamento da cozinha - Correio Braziliense - Radar","description":"Afastar a geladeira 5 cm da parede melhora a ventila\u00e7\u00e3o, reduz consumo de energia e aumenta a vida \u00fatil do eletrodom\u00e9stico.","robots":{"index":"index","follow":"follow","max-snippet":"max-snippet:-1","max-image-preview":"max-image-preview:large","max-video-preview":"max-video-preview:-1"},"canonical":"https:\/\/www.correiobraziliense.com.br\/cbradar\/por-que-afastar-a-geladeira-apenas-5-cm-da-parede-pode-transformar-o-funcionamento-da-cozinha\/","og_locale":"pt_BR","og_type":"article","og_title":"Por que afastar a geladeira apenas 5 cm da parede pode transformar o funcionamento da cozinha - Correio Braziliense - Radar","og_description":"Afastar a geladeira 5 cm da parede melhora a ventila\u00e7\u00e3o, reduz consumo de energia e aumenta a vida \u00fatil do eletrodom\u00e9stico.","og_url":"https:\/\/www.correiobraziliense.com.br\/cbradar\/por-que-afastar-a-geladeira-apenas-5-cm-da-parede-pode-transformar-o-funcionamento-da-cozinha\/","og_site_name":"Correio Braziliense - Radar","article_published_time":"2026-01-28T23:45:00+00:00","og_image":[{"width":1280,"height":720,"url":"https:\/\/www.correiobraziliense.com.br\/cbradar\/wp-content\/uploads\/2026\/01\/Copia-de-Copia-de-Mural-marrom-2026-01-28T090347.942.jpg","type":"image\/jpeg"}],"author":"Elis Souza","twitter_card":"summary_large_image","twitter_misc":{"Escrito por":"Elis Souza","Est. tempo de leitura":"4 minutos"},"schema":{"@context":"https:\/\/schema.org","@graph":[{"@type":"WebPage","@id":"https:\/\/www.correiobraziliense.com.br\/cbradar\/por-que-afastar-a-geladeira-apenas-5-cm-da-parede-pode-transformar-o-funcionamento-da-cozinha\/","url":"https:\/\/www.correiobraziliense.com.br\/cbradar\/por-que-afastar-a-geladeira-apenas-5-cm-da-parede-pode-transformar-o-funcionamento-da-cozinha\/","name":"Por que afastar a geladeira apenas 5 cm da parede pode transformar o funcionamento da cozinha - Correio Braziliense - Radar","isPartOf":{"@id":"https:\/\/www.correiobraziliense.com.br\/cbradar\/#website"},"primaryImageOfPage":{"@id":"https:\/\/www.correiobraziliense.com.br\/cbradar\/por-que-afastar-a-geladeira-apenas-5-cm-da-parede-pode-transformar-o-funcionamento-da-cozinha\/#primaryimage"},"image":{"@id":"https:\/\/www.correiobraziliense.com.br\/cbradar\/por-que-afastar-a-geladeira-apenas-5-cm-da-parede-pode-transformar-o-funcionamento-da-cozinha\/#primaryimage"},"thumbnailUrl":"https:\/\/www.correiobraziliense.com.br\/cbradar\/wp-content\/uploads\/2026\/01\/Copia-de-Copia-de-Mural-marrom-2026-01-28T090347.942.jpg","datePublished":"2026-01-28T23:45:00+00:00","author":{"@id":"https:\/\/www.correiobraziliense.com.br\/cbradar\/#\/schema\/person\/acff6ab5a6472cd6db16190f7212d166"},"description":"Afastar a geladeira 5 cm da parede melhora a ventila\u00e7\u00e3o, reduz consumo de energia e aumenta a vida \u00fatil do eletrodom\u00e9stico.","breadcrumb":{"@id":"https:\/\/www.correiobraziliense.com.br\/cbradar\/por-que-afastar-a-geladeira-apenas-5-cm-da-parede-pode-transformar-o-funcionamento-da-cozinha\/#breadcrumb"},"inLanguage":"pt-BR","potentialAction":[{"@type":"ReadAction","target":["https:\/\/www.correiobraziliense.com.br\/cbradar\/por-que-afastar-a-geladeira-apenas-5-cm-da-parede-pode-transformar-o-funcionamento-da-cozinha\/"]}]},{"@type":"ImageObject","inLanguage":"pt-BR","@id":"https:\/\/www.correiobraziliense.com.br\/cbradar\/por-que-afastar-a-geladeira-apenas-5-cm-da-parede-pode-transformar-o-funcionamento-da-cozinha\/#primaryimage","url":"https:\/\/www.correiobraziliense.com.br\/cbradar\/wp-content\/uploads\/2026\/01\/Copia-de-Copia-de-Mural-marrom-2026-01-28T090347.942.jpg","contentUrl":"https:\/\/www.correiobraziliense.com.br\/cbradar\/wp-content\/uploads\/2026\/01\/Copia-de-Copia-de-Mural-marrom-2026-01-28T090347.942.jpg","width":1280,"height":720,"caption":"A ventila\u00e7\u00e3o correta evita o superaquecimento do motor da geladeira"},{"@type":"BreadcrumbList","@id":"https:\/\/www.correiobraziliense.com.br\/cbradar\/por-que-afastar-a-geladeira-apenas-5-cm-da-parede-pode-transformar-o-funcionamento-da-cozinha\/#breadcrumb","itemListElement":[{"@type":"ListItem","position":1,"name":"In\u00edcio","item":"https:\/\/www.correiobraziliense.com.br\/cbradar\/"},{"@type":"ListItem","position":2,"name":"Por que afastar a geladeira apenas 5 cm da parede pode transformar o funcionamento da cozinha"}]},{"@type":"WebSite","@id":"https:\/\/www.correiobraziliense.com.br\/cbradar\/#website","url":"https:\/\/www.correiobraziliense.com.br\/cbradar\/","name":"Correio Braziliense - Radar","description":"Acompanhe as \u00faltimas not\u00edcias e fique bem informado sobre tudo o que acontece no Brasil e no mundo.","potentialAction":[{"@type":"SearchAction","target":{"@type":"EntryPoint","urlTemplate":"https:\/\/www.correiobraziliense.com.br\/cbradar\/?s={search_term_string}"},"query-input":{"@type":"PropertyValueSpecification","valueRequired":true,"valueName":"search_term_string"}}],"inLanguage":"pt-BR"},{"@type":"Person","@id":"https:\/\/www.correiobraziliense.com.br\/cbradar\/#\/schema\/person\/acff6ab5a6472cd6db16190f7212d166","name":"Elis Souza","image":{"@type":"ImageObject","inLanguage":"pt-BR","@id":"https:\/\/www.correiobraziliense.com.br\/cbradar\/#\/schema\/person\/image\/","url":"https:\/\/secure.gravatar.com\/avatar\/1dc86c254cebb74d9c8a14da612c52db?s=96&d=mm&r=g","contentUrl":"https:\/\/secure.gravatar.com\/avatar\/1dc86c254cebb74d9c8a14da612c52db?s=96&d=mm&r=g","caption":"Elis Souza"},"sameAs":["https:\/\/www.correiobraziliense.com.br\/cbradar\/"],"url":"https:\/\/www.correiobraziliense.com.br\/cbradar\/author\/elis-souza\/"}]}},"_links":{"self":[{"href":"https:\/\/www.correiobraziliense.com.br\/cbradar\/wp-json\/wp\/v2\/posts\/183337","targetHints":{"allow":["GET"]}}],"collection":[{"href":"https:\/\/www.correiobraziliense.com.br\/cbradar\/wp-json\/wp\/v2\/posts"}],"about":[{"href":"https:\/\/www.correiobraziliense.com.br\/cbradar\/wp-json\/wp\/v2\/types\/post"}],"author":[{"embeddable":true,"href":"https:\/\/www.correiobraziliense.com.br\/cbradar\/wp-json\/wp\/v2\/users\/22"}],"replies":[{"embeddable":true,"href":"https:\/\/www.correiobraziliense.com.br\/cbradar\/wp-json\/wp\/v2\/comments?post=183337"}],"version-history":[{"count":1,"href":"https:\/\/www.correiobraziliense.com.br\/cbradar\/wp-json\/wp\/v2\/posts\/183337\/revisions"}],"predecessor-version":[{"id":183343,"href":"https:\/\/www.correiobraziliense.com.br\/cbradar\/wp-json\/wp\/v2\/posts\/183337\/revisions\/183343"}],"wp:featuredmedia":[{"embeddable":true,"href":"https:\/\/www.correiobraziliense.com.br\/cbradar\/wp-json\/wp\/v2\/media\/183342"}],"wp:attachment":[{"href":"https:\/\/www.correiobraziliense.com.br\/cbradar\/wp-json\/wp\/v2\/media?parent=183337"}],"wp:term":[{"taxonomy":"category","embeddable":true,"href":"https:\/\/www.correiobraziliense.com.br\/cbradar\/wp-json\/wp\/v2\/categories?post=183337"},{"taxonomy":"post_tag","embeddable":true,"href":"https:\/\/www.correiobraziliense.com.br\/cbradar\/wp-json\/wp\/v2\/tags?post=183337"}],"curies":[{"name":"wp","href":"https:\/\/api.w.org\/{rel}","templated":true}]}}