{"id":183354,"date":"2026-01-28T16:45:00","date_gmt":"2026-01-28T19:45:00","guid":{"rendered":"https:\/\/www.correiobraziliense.com.br\/cbradar\/?p=183354"},"modified":"2026-01-28T11:55:42","modified_gmt":"2026-01-28T14:55:42","slug":"a-folhinha-amarga-que-pode-apoiar-o-organismo-e-cresce-facil-em-canteiros-pequenos","status":"publish","type":"post","link":"https:\/\/www.correiobraziliense.com.br\/cbradar\/a-folhinha-amarga-que-pode-apoiar-o-organismo-e-cresce-facil-em-canteiros-pequenos\/","title":{"rendered":"A folhinha amarga que pode apoiar o organismo e cresce f\u00e1cil em canteiros pequenos"},"content":{"rendered":"\n<p>A <strong>carqueja \u00e9 uma folhinha amarga<\/strong> associada ao bem-estar, bastante conhecida na rotina de quem<strong> valoriza pr\u00e1ticas naturais de cuidado com o corpo<\/strong>. Presente em quintais, feiras e prepara\u00e7\u00f5es caseiras, ela carrega uma longa tradi\u00e7\u00e3o popular associada ao equil\u00edbrio do organismo, especialmente quando o assunto envolve digest\u00e3o e funcionamento hep\u00e1tico. F\u00e1cil de cultivar e simples de usar, essa planta desperta interesse por unir conhecimento tradicional e h\u00e1bitos cotidianos de bem-estar.<\/p>\n\n\n\n<h2 class=\"wp-block-heading\">O que torna a carqueja uma folhinha t\u00e3o valorizada para o organismo?<\/h2>\n\n\n\n<p>A carqueja \u00e9<strong> reconhecida popularmente por seu sabor amargo marcante<\/strong>, caracter\u00edstica que costuma ser associada a plantas usadas para <strong><a href=\"https:\/\/institutocisnebarueri.org.br\/2022\/05\/29\/como-cuidar-da-sua-saude-digestiva\/\" target=\"_blank\" rel=\"noreferrer noopener\">apoiar processos digestivos<\/a><\/strong>. Ao longo do tempo, seu uso foi incorporado \u00e0 cultura brasileira como parte de cuidados rotineiros, sempre com foco no equil\u00edbrio do corpo e na manuten\u00e7\u00e3o de h\u00e1bitos saud\u00e1veis.<\/p>\n\n\n\n<p>Essa valoriza\u00e7\u00e3o n\u00e3o acontece por acaso, pois a planta<strong> passou a ser utilizada de forma recorrente em ch\u00e1s e infus\u00f5es caseiras<\/strong>, principalmente ap\u00f3s refei\u00e7\u00f5es mais pesadas. Dentro desse contexto tradicional, alguns pontos ajudam a entender por que a carqueja ganhou tanto espa\u00e7o no cuidado di\u00e1rio.<\/p>\n\n\n\n<ul class=\"wp-block-list\">\n<li>\u00c9 tradicionalmente associada ao suporte do f\u00edgado, \u00f3rg\u00e3o ligado \u00e0 digest\u00e3o e ao metabolismo;<\/li>\n\n\n\n<li>Possui sabor amargo, caracter\u00edstica comum em plantas usadas para estimular a digest\u00e3o;<\/li>\n\n\n\n<li>Faz parte do conhecimento popular transmitido entre gera\u00e7\u00f5es.<\/li>\n<\/ul>\n\n\n\n<h2 class=\"wp-block-heading\">Como a carqueja se conecta com h\u00e1bitos de digest\u00e3o equilibrada?<\/h2>\n\n\n\n<p>No cotidiano, muitas pessoas recorrem a <strong>pr\u00e1ticas simples para manter a sensa\u00e7\u00e3o de leveza ap\u00f3s as refei\u00e7\u00f5es<\/strong>. A carqueja costuma aparecer nesse cen\u00e1rio como uma op\u00e7\u00e3o tradicional, utilizada principalmente em forma de ch\u00e1, sempre integrada a um estilo de vida mais atento aos sinais do corpo.<\/p>\n\n\n\n<p>Esse v\u00ednculo com a digest\u00e3o est\u00e1 relacionado ao costume popular de consumir a <strong>infus\u00e3o em momentos estrat\u00e9gicos do dia<\/strong>. A seguir, alguns aspectos ajudam a compreender essa rela\u00e7\u00e3o cultural entre a planta e o cuidado digestivo.<\/p>\n\n\n\n<ul class=\"wp-block-list\">\n<li>Uso frequente ap\u00f3s refei\u00e7\u00f5es, como parte de rotinas tradicionais;<\/li>\n\n\n\n<li>Presen\u00e7a em ch\u00e1s caseiros preparados de forma simples;<\/li>\n\n\n\n<li>Associa\u00e7\u00e3o com sensa\u00e7\u00e3o de conforto digestivo no saber popular.<\/li>\n<\/ul>\n\n\n\n<figure class=\"wp-block-image size-large\"><img decoding=\"async\" width=\"1024\" height=\"576\" src=\"https:\/\/www.correiobraziliense.com.br\/cbradar\/wp-content\/uploads\/2026\/01\/Copia-de-Copia-de-Mural-marrom-2026-01-28T094712.869-1024x576.jpg\" alt=\"A folhinha amarga que pode apoiar o organismo e cresce f\u00e1cil em canteiros pequenos\" class=\"wp-image-183367\" srcset=\"https:\/\/www.correiobraziliense.com.br\/cbradar\/wp-content\/uploads\/2026\/01\/Copia-de-Copia-de-Mural-marrom-2026-01-28T094712.869-1024x576.jpg 1024w, https:\/\/www.correiobraziliense.com.br\/cbradar\/wp-content\/uploads\/2026\/01\/Copia-de-Copia-de-Mural-marrom-2026-01-28T094712.869-300x169.jpg 300w, https:\/\/www.correiobraziliense.com.br\/cbradar\/wp-content\/uploads\/2026\/01\/Copia-de-Copia-de-Mural-marrom-2026-01-28T094712.869-768x432.jpg 768w, https:\/\/www.correiobraziliense.com.br\/cbradar\/wp-content\/uploads\/2026\/01\/Copia-de-Copia-de-Mural-marrom-2026-01-28T094712.869-750x422.jpg 750w, https:\/\/www.correiobraziliense.com.br\/cbradar\/wp-content\/uploads\/2026\/01\/Copia-de-Copia-de-Mural-marrom-2026-01-28T094712.869-1140x641.jpg 1140w, https:\/\/www.correiobraziliense.com.br\/cbradar\/wp-content\/uploads\/2026\/01\/Copia-de-Copia-de-Mural-marrom-2026-01-28T094712.869.jpg 1280w\" sizes=\"(max-width: 1024px) 100vw, 1024px\" \/><figcaption class=\"wp-element-caption\">A planta \u00e9 f\u00e1cil de cultivar e se adapta bem a canteiros pequenos<\/figcaption><\/figure>\n\n\n\n<h2 class=\"wp-block-heading\">Como cultivar carqueja em canteiros pequenos de forma simples?<\/h2>\n\n\n\n<p>Al\u00e9m do uso tradicional, a<strong> carqueja chama aten\u00e7\u00e3o pela facilidade de cultivo<\/strong>, o que favorece quem deseja ter plantas \u00fateis sempre por perto. Ela se adapta bem a espa\u00e7os reduzidos e pode ser cultivada em canteiros pequenos,<strong><a href=\"https:\/\/www.correiobraziliense.com.br\/cbradar\/plante-essas-hortalicas-em-casa-e-mantenha-seu-corpo-sempre-hidratado\/\" target=\"_blank\" rel=\"noreferrer noopener\"> hortas dom\u00e9sticas <\/a><\/strong>ou at\u00e9 vasos maiores, <strong>desde que algumas condi\u00e7\u00f5es b\u00e1sicas sejam respeitadas<\/strong>.<\/p>\n\n\n\n<p>O cultivo simples contribui para que mais pessoas tenham acesso \u00e0<strong> planta fresca<\/strong>, refor\u00e7ando a autonomia no cuidado di\u00e1rio. Alguns pontos s\u00e3o fundamentais para um bom desenvolvimento da carqueja no ambiente dom\u00e9stico.<\/p>\n\n\n\n<ul class=\"wp-block-list\">\n<li>Prefere locais com boa incid\u00eancia de sol ao longo do dia;<\/li>\n\n\n\n<li>Necessita de solo bem drenado, evitando ac\u00famulo de \u00e1gua;<\/li>\n\n\n\n<li>Apresenta crescimento resistente e manuten\u00e7\u00e3o simples.<\/li>\n<\/ul>\n\n\n\n<h2 class=\"wp-block-heading\">De que forma o ch\u00e1 de carqueja \u00e9 usado de maneira respons\u00e1vel?<\/h2>\n\n\n\n<p>O ch\u00e1 de carqueja \u00e9 uma das formas mais comuns de <strong>utiliza\u00e7\u00e3o da planta no dia a dia<\/strong>. Seu preparo simples favorece o consumo consciente, sempre respeitando orienta\u00e7\u00f5es tradicionais e evitando excessos. A linguagem respons\u00e1vel \u00e9 essencial ao tratar desse tipo de uso, pois cada organismo reage de forma individual.<\/p>\n\n\n\n<p>Dentro da cultura popular, o ch\u00e1 costuma ser preparado com a folhinha seca ou fresca, utilizando<strong> \u00e1gua quente e consumo moderado<\/strong>. Alguns cuidados ajudam a manter uma rela\u00e7\u00e3o equilibrada com esse h\u00e1bito tradicional.<\/p>\n\n\n\n<ul class=\"wp-block-list\">\n<li>Consumir de forma moderada, respeitando limites individuais;<\/li>\n\n\n\n<li>Evitar o uso cont\u00ednuo sem orienta\u00e7\u00e3o adequada;<\/li>\n\n\n\n<li>Manter o foco no apoio ao bem-estar, n\u00e3o como solu\u00e7\u00e3o \u00fanica.<\/li>\n<\/ul>\n\n\n\n<p>Ao <strong>integrar a carqueja \u00e0 rotina<\/strong>, o mais importante \u00e9 manter uma postura<strong> consciente e equilibrada<\/strong>, entendendo seu uso como parte de h\u00e1bitos tradicionais de cuidado com o organismo. <\/p>\n\n\n\n<p>O conhecimento popular valoriza a planta como apoio ao <strong>bem-estar digestivo<\/strong>, aliado a uma alimenta\u00e7\u00e3o adequada e a um estilo de vida saud\u00e1vel. Dessa forma, a carqueja permanece como uma folhinha simples, acess\u00edvel e culturalmente relevante, quando utilizada com informa\u00e7\u00e3o, <strong>responsabilidade e respeito aos limites do corpo<\/strong>.<\/p>\n","protected":false},"excerpt":{"rendered":"<p>A carqueja \u00e9 uma folhinha amarga associada ao bem-estar, bastante conhecida na rotina de quem valoriza pr\u00e1ticas naturais de cuidado com o corpo. Presente em quintais, feiras e prepara\u00e7\u00f5es caseiras, ela carrega uma longa tradi\u00e7\u00e3o popular associada ao equil\u00edbrio do organismo, especialmente quando o assunto envolve digest\u00e3o e funcionamento hep\u00e1tico. F\u00e1cil de cultivar e simples [&hellip;]<\/p>\n","protected":false},"author":22,"featured_media":183366,"comment_status":"open","ping_status":"open","sticky":false,"template":"","format":"standard","meta":{"_yoast_wpseo_focuskw":"carqueja e bem-estar","_yoast_wpseo_title":"","_yoast_wpseo_metadesc":"A carqueja \u00e9 uma planta tradicionalmente associada ao bem-estar digestivo e ao equil\u00edbrio do organismo em pr\u00e1ticas populares.","jnews-multi-image_gallery":[],"jnews_single_post":{"format":"standard"},"jnews_primary_category":[],"jnews_social_meta":[],"jnews_override_counter":[],"footnotes":""},"categories":[4404],"post_tag":[11411,535,3051,2643],"class_list":["post-183354","post","type-post","status-publish","format-standard","has-post-thumbnail","hentry","category-saude","tag-carqueja","tag-cha","tag-digestao","tag-organismo"],"yoast_head":"<!-- This site is optimized with the Yoast SEO plugin v24.6 - https:\/\/yoast.com\/wordpress\/plugins\/seo\/ -->\n<title>A folhinha amarga que pode apoiar o organismo e cresce f\u00e1cil em canteiros pequenos - Correio Braziliense - Radar<\/title>\n<meta name=\"description\" content=\"A carqueja \u00e9 uma planta tradicionalmente associada ao bem-estar digestivo e ao equil\u00edbrio do organismo em pr\u00e1ticas populares.\" \/>\n<meta name=\"robots\" content=\"index, follow, max-snippet:-1, max-image-preview:large, max-video-preview:-1\" \/>\n<link rel=\"canonical\" href=\"https:\/\/www.correiobraziliense.com.br\/cbradar\/a-folhinha-amarga-que-pode-apoiar-o-organismo-e-cresce-facil-em-canteiros-pequenos\/\" \/>\n<meta property=\"og:locale\" content=\"pt_BR\" \/>\n<meta property=\"og:type\" content=\"article\" \/>\n<meta property=\"og:title\" content=\"A folhinha amarga que pode apoiar o organismo e cresce f\u00e1cil em canteiros pequenos - Correio Braziliense - Radar\" \/>\n<meta property=\"og:description\" content=\"A carqueja \u00e9 uma planta tradicionalmente associada ao bem-estar digestivo e ao equil\u00edbrio do organismo em pr\u00e1ticas populares.\" \/>\n<meta property=\"og:url\" content=\"https:\/\/www.correiobraziliense.com.br\/cbradar\/a-folhinha-amarga-que-pode-apoiar-o-organismo-e-cresce-facil-em-canteiros-pequenos\/\" \/>\n<meta property=\"og:site_name\" content=\"Correio Braziliense - Radar\" \/>\n<meta property=\"article:published_time\" content=\"2026-01-28T19:45:00+00:00\" \/>\n<meta property=\"og:image\" content=\"https:\/\/www.correiobraziliense.com.br\/cbradar\/wp-content\/uploads\/2026\/01\/Copia-de-Copia-de-Mural-marrom-2026-01-28T094541.884.jpg\" \/>\n\t<meta property=\"og:image:width\" content=\"1280\" \/>\n\t<meta property=\"og:image:height\" content=\"720\" \/>\n\t<meta property=\"og:image:type\" content=\"image\/jpeg\" \/>\n<meta name=\"author\" content=\"Elis Souza\" \/>\n<meta name=\"twitter:card\" content=\"summary_large_image\" \/>\n<meta name=\"twitter:label1\" content=\"Escrito por\" \/>\n\t<meta name=\"twitter:data1\" content=\"Elis Souza\" \/>\n\t<meta name=\"twitter:label2\" content=\"Est. tempo de leitura\" \/>\n\t<meta name=\"twitter:data2\" content=\"5 minutos\" \/>\n<!-- \/ Yoast SEO plugin. -->","yoast_head_json":{"title":"A folhinha amarga que pode apoiar o organismo e cresce f\u00e1cil em canteiros pequenos - Correio Braziliense - Radar","description":"A carqueja \u00e9 uma planta tradicionalmente associada ao bem-estar digestivo e ao equil\u00edbrio do organismo em pr\u00e1ticas populares.","robots":{"index":"index","follow":"follow","max-snippet":"max-snippet:-1","max-image-preview":"max-image-preview:large","max-video-preview":"max-video-preview:-1"},"canonical":"https:\/\/www.correiobraziliense.com.br\/cbradar\/a-folhinha-amarga-que-pode-apoiar-o-organismo-e-cresce-facil-em-canteiros-pequenos\/","og_locale":"pt_BR","og_type":"article","og_title":"A folhinha amarga que pode apoiar o organismo e cresce f\u00e1cil em canteiros pequenos - Correio Braziliense - Radar","og_description":"A carqueja \u00e9 uma planta tradicionalmente associada ao bem-estar digestivo e ao equil\u00edbrio do organismo em pr\u00e1ticas populares.","og_url":"https:\/\/www.correiobraziliense.com.br\/cbradar\/a-folhinha-amarga-que-pode-apoiar-o-organismo-e-cresce-facil-em-canteiros-pequenos\/","og_site_name":"Correio Braziliense - Radar","article_published_time":"2026-01-28T19:45:00+00:00","og_image":[{"width":1280,"height":720,"url":"https:\/\/www.correiobraziliense.com.br\/cbradar\/wp-content\/uploads\/2026\/01\/Copia-de-Copia-de-Mural-marrom-2026-01-28T094541.884.jpg","type":"image\/jpeg"}],"author":"Elis Souza","twitter_card":"summary_large_image","twitter_misc":{"Escrito por":"Elis Souza","Est. tempo de leitura":"5 minutos"},"schema":{"@context":"https:\/\/schema.org","@graph":[{"@type":"WebPage","@id":"https:\/\/www.correiobraziliense.com.br\/cbradar\/a-folhinha-amarga-que-pode-apoiar-o-organismo-e-cresce-facil-em-canteiros-pequenos\/","url":"https:\/\/www.correiobraziliense.com.br\/cbradar\/a-folhinha-amarga-que-pode-apoiar-o-organismo-e-cresce-facil-em-canteiros-pequenos\/","name":"A folhinha amarga que pode apoiar o organismo e cresce f\u00e1cil em canteiros pequenos - Correio Braziliense - Radar","isPartOf":{"@id":"https:\/\/www.correiobraziliense.com.br\/cbradar\/#website"},"primaryImageOfPage":{"@id":"https:\/\/www.correiobraziliense.com.br\/cbradar\/a-folhinha-amarga-que-pode-apoiar-o-organismo-e-cresce-facil-em-canteiros-pequenos\/#primaryimage"},"image":{"@id":"https:\/\/www.correiobraziliense.com.br\/cbradar\/a-folhinha-amarga-que-pode-apoiar-o-organismo-e-cresce-facil-em-canteiros-pequenos\/#primaryimage"},"thumbnailUrl":"https:\/\/www.correiobraziliense.com.br\/cbradar\/wp-content\/uploads\/2026\/01\/Copia-de-Copia-de-Mural-marrom-2026-01-28T094541.884.jpg","datePublished":"2026-01-28T19:45:00+00:00","author":{"@id":"https:\/\/www.correiobraziliense.com.br\/cbradar\/#\/schema\/person\/acff6ab5a6472cd6db16190f7212d166"},"description":"A carqueja \u00e9 uma planta tradicionalmente associada ao bem-estar digestivo e ao equil\u00edbrio do organismo em pr\u00e1ticas populares.","breadcrumb":{"@id":"https:\/\/www.correiobraziliense.com.br\/cbradar\/a-folhinha-amarga-que-pode-apoiar-o-organismo-e-cresce-facil-em-canteiros-pequenos\/#breadcrumb"},"inLanguage":"pt-BR","potentialAction":[{"@type":"ReadAction","target":["https:\/\/www.correiobraziliense.com.br\/cbradar\/a-folhinha-amarga-que-pode-apoiar-o-organismo-e-cresce-facil-em-canteiros-pequenos\/"]}]},{"@type":"ImageObject","inLanguage":"pt-BR","@id":"https:\/\/www.correiobraziliense.com.br\/cbradar\/a-folhinha-amarga-que-pode-apoiar-o-organismo-e-cresce-facil-em-canteiros-pequenos\/#primaryimage","url":"https:\/\/www.correiobraziliense.com.br\/cbradar\/wp-content\/uploads\/2026\/01\/Copia-de-Copia-de-Mural-marrom-2026-01-28T094541.884.jpg","contentUrl":"https:\/\/www.correiobraziliense.com.br\/cbradar\/wp-content\/uploads\/2026\/01\/Copia-de-Copia-de-Mural-marrom-2026-01-28T094541.884.jpg","width":1280,"height":720,"caption":"A carqueja \u00e9 amplamente utilizada em ch\u00e1s dentro da cultura popular brasileira"},{"@type":"BreadcrumbList","@id":"https:\/\/www.correiobraziliense.com.br\/cbradar\/a-folhinha-amarga-que-pode-apoiar-o-organismo-e-cresce-facil-em-canteiros-pequenos\/#breadcrumb","itemListElement":[{"@type":"ListItem","position":1,"name":"In\u00edcio","item":"https:\/\/www.correiobraziliense.com.br\/cbradar\/"},{"@type":"ListItem","position":2,"name":"A folhinha amarga que pode apoiar o organismo e cresce f\u00e1cil em canteiros pequenos"}]},{"@type":"WebSite","@id":"https:\/\/www.correiobraziliense.com.br\/cbradar\/#website","url":"https:\/\/www.correiobraziliense.com.br\/cbradar\/","name":"Correio Braziliense - Radar","description":"Acompanhe as \u00faltimas not\u00edcias e fique bem informado sobre tudo o que acontece no Brasil e no mundo.","potentialAction":[{"@type":"SearchAction","target":{"@type":"EntryPoint","urlTemplate":"https:\/\/www.correiobraziliense.com.br\/cbradar\/?s={search_term_string}"},"query-input":{"@type":"PropertyValueSpecification","valueRequired":true,"valueName":"search_term_string"}}],"inLanguage":"pt-BR"},{"@type":"Person","@id":"https:\/\/www.correiobraziliense.com.br\/cbradar\/#\/schema\/person\/acff6ab5a6472cd6db16190f7212d166","name":"Elis Souza","image":{"@type":"ImageObject","inLanguage":"pt-BR","@id":"https:\/\/www.correiobraziliense.com.br\/cbradar\/#\/schema\/person\/image\/","url":"https:\/\/secure.gravatar.com\/avatar\/1dc86c254cebb74d9c8a14da612c52db?s=96&d=mm&r=g","contentUrl":"https:\/\/secure.gravatar.com\/avatar\/1dc86c254cebb74d9c8a14da612c52db?s=96&d=mm&r=g","caption":"Elis Souza"},"sameAs":["https:\/\/www.correiobraziliense.com.br\/cbradar\/"],"url":"https:\/\/www.correiobraziliense.com.br\/cbradar\/author\/elis-souza\/"}]}},"_links":{"self":[{"href":"https:\/\/www.correiobraziliense.com.br\/cbradar\/wp-json\/wp\/v2\/posts\/183354","targetHints":{"allow":["GET"]}}],"collection":[{"href":"https:\/\/www.correiobraziliense.com.br\/cbradar\/wp-json\/wp\/v2\/posts"}],"about":[{"href":"https:\/\/www.correiobraziliense.com.br\/cbradar\/wp-json\/wp\/v2\/types\/post"}],"author":[{"embeddable":true,"href":"https:\/\/www.correiobraziliense.com.br\/cbradar\/wp-json\/wp\/v2\/users\/22"}],"replies":[{"embeddable":true,"href":"https:\/\/www.correiobraziliense.com.br\/cbradar\/wp-json\/wp\/v2\/comments?post=183354"}],"version-history":[{"count":1,"href":"https:\/\/www.correiobraziliense.com.br\/cbradar\/wp-json\/wp\/v2\/posts\/183354\/revisions"}],"predecessor-version":[{"id":183368,"href":"https:\/\/www.correiobraziliense.com.br\/cbradar\/wp-json\/wp\/v2\/posts\/183354\/revisions\/183368"}],"wp:featuredmedia":[{"embeddable":true,"href":"https:\/\/www.correiobraziliense.com.br\/cbradar\/wp-json\/wp\/v2\/media\/183366"}],"wp:attachment":[{"href":"https:\/\/www.correiobraziliense.com.br\/cbradar\/wp-json\/wp\/v2\/media?parent=183354"}],"wp:term":[{"taxonomy":"category","embeddable":true,"href":"https:\/\/www.correiobraziliense.com.br\/cbradar\/wp-json\/wp\/v2\/categories?post=183354"},{"taxonomy":"post_tag","embeddable":true,"href":"https:\/\/www.correiobraziliense.com.br\/cbradar\/wp-json\/wp\/v2\/post_tag?post=183354"}],"curies":[{"name":"wp","href":"https:\/\/api.w.org\/{rel}","templated":true}]}}