{"id":183369,"date":"2026-01-28T13:45:00","date_gmt":"2026-01-28T16:45:00","guid":{"rendered":"https:\/\/www.correiobraziliense.com.br\/cbradar\/?p=183369"},"modified":"2026-01-28T11:53:57","modified_gmt":"2026-01-28T14:53:57","slug":"citacao-do-dia-de-aristoteles-sobre-amizade-a-amizade-e-uma-alma-que-habita-dois-corpos","status":"publish","type":"post","link":"https:\/\/www.correiobraziliense.com.br\/cbradar\/citacao-do-dia-de-aristoteles-sobre-amizade-a-amizade-e-uma-alma-que-habita-dois-corpos\/","title":{"rendered":"Cita\u00e7\u00e3o do dia de Arist\u00f3teles sobre amizade: \u201cA amizade \u00e9 uma alma que habita dois corpos\u201d"},"content":{"rendered":"\n<p>A frase \u201c<strong>A amizade \u00e9 uma alma que habita dois corpos<\/strong>\u201d atravessou s\u00e9culos porque traduz, de<strong> forma simples e poderosa<\/strong>, uma vis\u00e3o profunda sobre os v\u00ednculos humanos. Ao refletir sobre a amizade como algo que vai al\u00e9m da afinidade moment\u00e2nea, essa ideia convida o leitor a pensar na qualidade das rela\u00e7\u00f5es que constr\u00f3i, no valor do conv\u00edvio e na import\u00e2ncia do car\u00e1ter compartilhado ao longo do tempo.<\/p>\n\n\n\n<h2 class=\"wp-block-heading\">O que significa dizer que a amizade \u00e9 uma alma em dois corpos?<\/h2>\n\n\n\n<p>Quando<strong> afirma que a amizade \u00e9 uma alma que habita dois corpos<\/strong>, ele sugere uma uni\u00e3o que n\u00e3o apaga as individualidades, mas as conecta por valores comuns. Trata-se de um v\u00ednculo em que pensamentos, escolhas e afetos caminham em sintonia, criando uma<strong><a href=\"https:\/\/carlotas.org\/bra\/o-poder-do-pertencimento\/\" target=\"_blank\" rel=\"noreferrer noopener\"> sensa\u00e7\u00e3o de pertencimento<\/a><\/strong> m\u00fatuo.<\/p>\n\n\n\n<p>Essa compreens\u00e3o nasce de sua obra o<strong>nde a amizade \u00e9 apresentada como um bem essencial para a vida plena<\/strong>. N\u00e3o se trata apenas de companhia, mas de uma conviv\u00eancia que fortalece quem somos e orienta nossas a\u00e7\u00f5es no mundo.<\/p>\n\n\n\n<h2 class=\"wp-block-heading\">Como a virtude sustenta a amizade verdadeira?<\/h2>\n\n\n\n<p>Para compreender ess<strong>a ideia com clareza<\/strong>, \u00e9 preciso olhar para a amizade baseada no car\u00e1ter, considerada a mais elevada. Esse tipo de rela\u00e7\u00e3o se apoia na virtude, ou seja, na busca cont\u00ednua pelo bem e pela excel\u00eancia humana em conjunto.<\/p>\n\n\n\n<ul class=\"wp-block-list\">\n<li>Ela nasce do reconhecimento das qualidades morais do outro.<\/li>\n\n\n\n<li>\u00c9 constru\u00edda com o tempo, por meio de conviv\u00eancia e confian\u00e7a.<\/li>\n\n\n\n<li>N\u00e3o depende apenas de prazer ou utilidade moment\u00e2nea.<\/li>\n<\/ul>\n\n\n\n<p>Ao valorizar a virtude, a <strong>amizade se torna est\u00e1vel e duradoura<\/strong>, pois n\u00e3o se desfaz diante das primeiras dificuldades. Ela se mant\u00e9m porque ambos desejam o bem um do outro, n\u00e3o como meio, mas como fim em si mesmos.<\/p>\n\n\n\n<p><strong>Leia tamb\u00e9m:<\/strong> <strong><a href=\"https:\/\/www.correiobraziliense.com.br\/cbradar\/os-5-tipos-de-amigos-que-voce-precisa-na-sua-vida\/\" target=\"_blank\" rel=\"noreferrer noopener\">Os 5 tipos de amigos que voc\u00ea precisa na sua vida<\/a><\/strong><\/p>\n\n\n\n<figure class=\"wp-block-image size-large\"><img decoding=\"async\" width=\"1024\" height=\"576\" src=\"https:\/\/www.correiobraziliense.com.br\/cbradar\/wp-content\/uploads\/2026\/01\/Copia-de-Copia-de-Mural-marrom-2026-01-28T100534.886-1024x576.jpg\" alt=\"Cita\u00e7\u00e3o do dia de Arist\u00f3teles sobre amizade: \u201cA amizade \u00e9 uma alma que habita dois corpos\u201d\" class=\"wp-image-183381\" srcset=\"https:\/\/www.correiobraziliense.com.br\/cbradar\/wp-content\/uploads\/2026\/01\/Copia-de-Copia-de-Mural-marrom-2026-01-28T100534.886-1024x576.jpg 1024w, https:\/\/www.correiobraziliense.com.br\/cbradar\/wp-content\/uploads\/2026\/01\/Copia-de-Copia-de-Mural-marrom-2026-01-28T100534.886-300x169.jpg 300w, https:\/\/www.correiobraziliense.com.br\/cbradar\/wp-content\/uploads\/2026\/01\/Copia-de-Copia-de-Mural-marrom-2026-01-28T100534.886-768x432.jpg 768w, https:\/\/www.correiobraziliense.com.br\/cbradar\/wp-content\/uploads\/2026\/01\/Copia-de-Copia-de-Mural-marrom-2026-01-28T100534.886-750x422.jpg 750w, https:\/\/www.correiobraziliense.com.br\/cbradar\/wp-content\/uploads\/2026\/01\/Copia-de-Copia-de-Mural-marrom-2026-01-28T100534.886-1140x641.jpg 1140w, https:\/\/www.correiobraziliense.com.br\/cbradar\/wp-content\/uploads\/2026\/01\/Copia-de-Copia-de-Mural-marrom-2026-01-28T100534.886.jpg 1280w\" sizes=\"(max-width: 1024px) 100vw, 1024px\" \/><figcaption class=\"wp-element-caption\">A virtude \u00e9 apresentada como base para rela\u00e7\u00f5es est\u00e1veis e duradouras<\/figcaption><\/figure>\n\n\n\n<h2 class=\"wp-block-heading\">Por que a reciprocidade \u00e9 essencial nas rela\u00e7\u00f5es de amizade?<\/h2>\n\n\n\n<p>A amizade, nessa vis\u00e3o, s\u00f3<strong> existe plenamente quando h\u00e1 reciprocidade<\/strong>. N\u00e3o basta admirar ou ajudar algu\u00e9m isoladamente, \u00e9 necess\u00e1rio que o <strong>sentimento e o cuidado sejam compartilhados de forma consciente <\/strong>entre as partes.<\/p>\n\n\n\n<ul class=\"wp-block-list\">\n<li>O afeto precisa ser reconhecido e correspondido;<\/li>\n\n\n\n<li>As a\u00e7\u00f5es devem refletir respeito e equil\u00edbrio;<\/li>\n\n\n\n<li>O v\u00ednculo cresce quando h\u00e1 troca sincera e justa.<\/li>\n<\/ul>\n\n\n\n<p>Sem essa troca, a rela\u00e7\u00e3o se desequilibra e perde sua for\u00e7a. A<strong> reciprocidade garante que a amizade seja um espa\u00e7o de crescimento m\u00fatuo<\/strong>, onde ambos se sentem vistos, valorizados e comprometidos com a continuidade do la\u00e7o.<\/p>\n\n\n\n<h2 class=\"wp-block-heading\">Qual \u00e9 o valor da conviv\u00eancia para manter amizades duradouras?<\/h2>\n\n\n\n<p>A conviv\u00eancia ocupa um lugar central nessa concep\u00e7\u00e3o de amizade. N\u00e3o se trata apenas de estar junto fisicamente, mas de compartilhar experi\u00eancias, di\u00e1logos e escolhas que moldam a rela\u00e7\u00e3o ao longo do tempo.<\/p>\n\n\n\n<p>\u00c9 no cotidiano que a amizade se prova e se fortalece. A presen\u00e7a constante, a escuta atenta e o interesse genu\u00edno pela vida do outro transformam a frase cl\u00e1ssica em algo vivo, atual e profundamente conectado ao significado de<strong> amizade verdadeira nos dias de hoje<\/strong>.<\/p>\n","protected":false},"excerpt":{"rendered":"<p>A frase \u201cA amizade \u00e9 uma alma que habita dois corpos\u201d atravessou s\u00e9culos porque traduz, de forma simples e poderosa, uma vis\u00e3o profunda sobre os v\u00ednculos humanos. Ao refletir sobre a amizade como algo que vai al\u00e9m da afinidade moment\u00e2nea, essa ideia convida o leitor a pensar na qualidade das rela\u00e7\u00f5es que constr\u00f3i, no valor [&hellip;]<\/p>\n","protected":false},"author":22,"featured_media":183370,"comment_status":"open","ping_status":"open","sticky":false,"template":"","format":"standard","meta":{"_yoast_wpseo_focuskw":"frase de Arist\u00f3teles","_yoast_wpseo_title":"","_yoast_wpseo_metadesc":"A frase de Arist\u00f3teles sobre amizade como \u201cuma alma em dois corpos\u201d reflete a vis\u00e3o cl\u00e1ssica de v\u00ednculo baseado em virtude e reciprocidade.","jnews-multi-image_gallery":[],"jnews_single_post":{"format":"standard"},"jnews_primary_category":[],"jnews_social_meta":[],"jnews_override_counter":[],"footnotes":""},"categories":[112],"post_tag":[1489,9214,14516,12562],"class_list":["post-183369","post","type-post","status-publish","format-standard","has-post-thumbnail","hentry","category-curiosidades","tag-amizade","tag-convivencia","tag-reciprocidade","tag-virtude"],"yoast_head":"<!-- This site is optimized with the Yoast SEO plugin v24.6 - https:\/\/yoast.com\/wordpress\/plugins\/seo\/ -->\n<title>Cita\u00e7\u00e3o do dia de Arist\u00f3teles sobre amizade: \u201cA amizade \u00e9 uma alma que habita dois corpos\u201d - Correio Braziliense - Radar<\/title>\n<meta name=\"description\" content=\"A frase de Arist\u00f3teles sobre amizade como \u201cuma alma em dois corpos\u201d reflete a vis\u00e3o cl\u00e1ssica de v\u00ednculo baseado em virtude e reciprocidade.\" \/>\n<meta name=\"robots\" content=\"index, follow, max-snippet:-1, max-image-preview:large, max-video-preview:-1\" \/>\n<link rel=\"canonical\" href=\"https:\/\/www.correiobraziliense.com.br\/cbradar\/citacao-do-dia-de-aristoteles-sobre-amizade-a-amizade-e-uma-alma-que-habita-dois-corpos\/\" \/>\n<meta property=\"og:locale\" content=\"pt_BR\" \/>\n<meta property=\"og:type\" content=\"article\" \/>\n<meta property=\"og:title\" content=\"Cita\u00e7\u00e3o do dia de Arist\u00f3teles sobre amizade: \u201cA amizade \u00e9 uma alma que habita dois corpos\u201d - Correio Braziliense - Radar\" \/>\n<meta property=\"og:description\" content=\"A frase de Arist\u00f3teles sobre amizade como \u201cuma alma em dois corpos\u201d reflete a vis\u00e3o cl\u00e1ssica de v\u00ednculo baseado em virtude e reciprocidade.\" \/>\n<meta property=\"og:url\" content=\"https:\/\/www.correiobraziliense.com.br\/cbradar\/citacao-do-dia-de-aristoteles-sobre-amizade-a-amizade-e-uma-alma-que-habita-dois-corpos\/\" \/>\n<meta property=\"og:site_name\" content=\"Correio Braziliense - Radar\" \/>\n<meta property=\"article:published_time\" content=\"2026-01-28T16:45:00+00:00\" \/>\n<meta property=\"og:image\" content=\"https:\/\/www.correiobraziliense.com.br\/cbradar\/wp-content\/uploads\/2026\/01\/Copia-de-Copia-de-Mural-marrom-2026-01-28T095838.750.jpg\" \/>\n\t<meta property=\"og:image:width\" content=\"1280\" \/>\n\t<meta property=\"og:image:height\" content=\"720\" \/>\n\t<meta property=\"og:image:type\" content=\"image\/jpeg\" \/>\n<meta name=\"author\" content=\"Elis Souza\" \/>\n<meta name=\"twitter:card\" content=\"summary_large_image\" \/>\n<meta name=\"twitter:label1\" content=\"Escrito por\" \/>\n\t<meta name=\"twitter:data1\" content=\"Elis Souza\" \/>\n\t<meta name=\"twitter:label2\" content=\"Est. tempo de leitura\" \/>\n\t<meta name=\"twitter:data2\" content=\"4 minutos\" \/>\n<!-- \/ Yoast SEO plugin. -->","yoast_head_json":{"title":"Cita\u00e7\u00e3o do dia de Arist\u00f3teles sobre amizade: \u201cA amizade \u00e9 uma alma que habita dois corpos\u201d - Correio Braziliense - Radar","description":"A frase de Arist\u00f3teles sobre amizade como \u201cuma alma em dois corpos\u201d reflete a vis\u00e3o cl\u00e1ssica de v\u00ednculo baseado em virtude e reciprocidade.","robots":{"index":"index","follow":"follow","max-snippet":"max-snippet:-1","max-image-preview":"max-image-preview:large","max-video-preview":"max-video-preview:-1"},"canonical":"https:\/\/www.correiobraziliense.com.br\/cbradar\/citacao-do-dia-de-aristoteles-sobre-amizade-a-amizade-e-uma-alma-que-habita-dois-corpos\/","og_locale":"pt_BR","og_type":"article","og_title":"Cita\u00e7\u00e3o do dia de Arist\u00f3teles sobre amizade: \u201cA amizade \u00e9 uma alma que habita dois corpos\u201d - Correio Braziliense - Radar","og_description":"A frase de Arist\u00f3teles sobre amizade como \u201cuma alma em dois corpos\u201d reflete a vis\u00e3o cl\u00e1ssica de v\u00ednculo baseado em virtude e reciprocidade.","og_url":"https:\/\/www.correiobraziliense.com.br\/cbradar\/citacao-do-dia-de-aristoteles-sobre-amizade-a-amizade-e-uma-alma-que-habita-dois-corpos\/","og_site_name":"Correio Braziliense - Radar","article_published_time":"2026-01-28T16:45:00+00:00","og_image":[{"width":1280,"height":720,"url":"https:\/\/www.correiobraziliense.com.br\/cbradar\/wp-content\/uploads\/2026\/01\/Copia-de-Copia-de-Mural-marrom-2026-01-28T095838.750.jpg","type":"image\/jpeg"}],"author":"Elis Souza","twitter_card":"summary_large_image","twitter_misc":{"Escrito por":"Elis Souza","Est. tempo de leitura":"4 minutos"},"schema":{"@context":"https:\/\/schema.org","@graph":[{"@type":"WebPage","@id":"https:\/\/www.correiobraziliense.com.br\/cbradar\/citacao-do-dia-de-aristoteles-sobre-amizade-a-amizade-e-uma-alma-que-habita-dois-corpos\/","url":"https:\/\/www.correiobraziliense.com.br\/cbradar\/citacao-do-dia-de-aristoteles-sobre-amizade-a-amizade-e-uma-alma-que-habita-dois-corpos\/","name":"Cita\u00e7\u00e3o do dia de Arist\u00f3teles sobre amizade: \u201cA amizade \u00e9 uma alma que habita dois corpos\u201d - Correio Braziliense - Radar","isPartOf":{"@id":"https:\/\/www.correiobraziliense.com.br\/cbradar\/#website"},"primaryImageOfPage":{"@id":"https:\/\/www.correiobraziliense.com.br\/cbradar\/citacao-do-dia-de-aristoteles-sobre-amizade-a-amizade-e-uma-alma-que-habita-dois-corpos\/#primaryimage"},"image":{"@id":"https:\/\/www.correiobraziliense.com.br\/cbradar\/citacao-do-dia-de-aristoteles-sobre-amizade-a-amizade-e-uma-alma-que-habita-dois-corpos\/#primaryimage"},"thumbnailUrl":"https:\/\/www.correiobraziliense.com.br\/cbradar\/wp-content\/uploads\/2026\/01\/Copia-de-Copia-de-Mural-marrom-2026-01-28T095838.750.jpg","datePublished":"2026-01-28T16:45:00+00:00","author":{"@id":"https:\/\/www.correiobraziliense.com.br\/cbradar\/#\/schema\/person\/acff6ab5a6472cd6db16190f7212d166"},"description":"A frase de Arist\u00f3teles sobre amizade como \u201cuma alma em dois corpos\u201d reflete a vis\u00e3o cl\u00e1ssica de v\u00ednculo baseado em virtude e reciprocidade.","breadcrumb":{"@id":"https:\/\/www.correiobraziliense.com.br\/cbradar\/citacao-do-dia-de-aristoteles-sobre-amizade-a-amizade-e-uma-alma-que-habita-dois-corpos\/#breadcrumb"},"inLanguage":"pt-BR","potentialAction":[{"@type":"ReadAction","target":["https:\/\/www.correiobraziliense.com.br\/cbradar\/citacao-do-dia-de-aristoteles-sobre-amizade-a-amizade-e-uma-alma-que-habita-dois-corpos\/"]}]},{"@type":"ImageObject","inLanguage":"pt-BR","@id":"https:\/\/www.correiobraziliense.com.br\/cbradar\/citacao-do-dia-de-aristoteles-sobre-amizade-a-amizade-e-uma-alma-que-habita-dois-corpos\/#primaryimage","url":"https:\/\/www.correiobraziliense.com.br\/cbradar\/wp-content\/uploads\/2026\/01\/Copia-de-Copia-de-Mural-marrom-2026-01-28T095838.750.jpg","contentUrl":"https:\/\/www.correiobraziliense.com.br\/cbradar\/wp-content\/uploads\/2026\/01\/Copia-de-Copia-de-Mural-marrom-2026-01-28T095838.750.jpg","width":1280,"height":720,"caption":"A amizade verdadeira \u00e9 entendida como uma uni\u00e3o fundada em valores compartilhados"},{"@type":"BreadcrumbList","@id":"https:\/\/www.correiobraziliense.com.br\/cbradar\/citacao-do-dia-de-aristoteles-sobre-amizade-a-amizade-e-uma-alma-que-habita-dois-corpos\/#breadcrumb","itemListElement":[{"@type":"ListItem","position":1,"name":"In\u00edcio","item":"https:\/\/www.correiobraziliense.com.br\/cbradar\/"},{"@type":"ListItem","position":2,"name":"Cita\u00e7\u00e3o do dia de Arist\u00f3teles sobre amizade: \u201cA amizade \u00e9 uma alma que habita dois corpos\u201d"}]},{"@type":"WebSite","@id":"https:\/\/www.correiobraziliense.com.br\/cbradar\/#website","url":"https:\/\/www.correiobraziliense.com.br\/cbradar\/","name":"Correio Braziliense - Radar","description":"Acompanhe as \u00faltimas not\u00edcias e fique bem informado sobre tudo o que acontece no Brasil e no mundo.","potentialAction":[{"@type":"SearchAction","target":{"@type":"EntryPoint","urlTemplate":"https:\/\/www.correiobraziliense.com.br\/cbradar\/?s={search_term_string}"},"query-input":{"@type":"PropertyValueSpecification","valueRequired":true,"valueName":"search_term_string"}}],"inLanguage":"pt-BR"},{"@type":"Person","@id":"https:\/\/www.correiobraziliense.com.br\/cbradar\/#\/schema\/person\/acff6ab5a6472cd6db16190f7212d166","name":"Elis Souza","image":{"@type":"ImageObject","inLanguage":"pt-BR","@id":"https:\/\/www.correiobraziliense.com.br\/cbradar\/#\/schema\/person\/image\/","url":"https:\/\/secure.gravatar.com\/avatar\/1dc86c254cebb74d9c8a14da612c52db?s=96&d=mm&r=g","contentUrl":"https:\/\/secure.gravatar.com\/avatar\/1dc86c254cebb74d9c8a14da612c52db?s=96&d=mm&r=g","caption":"Elis Souza"},"sameAs":["https:\/\/www.correiobraziliense.com.br\/cbradar\/"],"url":"https:\/\/www.correiobraziliense.com.br\/cbradar\/author\/elis-souza\/"}]}},"_links":{"self":[{"href":"https:\/\/www.correiobraziliense.com.br\/cbradar\/wp-json\/wp\/v2\/posts\/183369","targetHints":{"allow":["GET"]}}],"collection":[{"href":"https:\/\/www.correiobraziliense.com.br\/cbradar\/wp-json\/wp\/v2\/posts"}],"about":[{"href":"https:\/\/www.correiobraziliense.com.br\/cbradar\/wp-json\/wp\/v2\/types\/post"}],"author":[{"embeddable":true,"href":"https:\/\/www.correiobraziliense.com.br\/cbradar\/wp-json\/wp\/v2\/users\/22"}],"replies":[{"embeddable":true,"href":"https:\/\/www.correiobraziliense.com.br\/cbradar\/wp-json\/wp\/v2\/comments?post=183369"}],"version-history":[{"count":2,"href":"https:\/\/www.correiobraziliense.com.br\/cbradar\/wp-json\/wp\/v2\/posts\/183369\/revisions"}],"predecessor-version":[{"id":183434,"href":"https:\/\/www.correiobraziliense.com.br\/cbradar\/wp-json\/wp\/v2\/posts\/183369\/revisions\/183434"}],"wp:featuredmedia":[{"embeddable":true,"href":"https:\/\/www.correiobraziliense.com.br\/cbradar\/wp-json\/wp\/v2\/media\/183370"}],"wp:attachment":[{"href":"https:\/\/www.correiobraziliense.com.br\/cbradar\/wp-json\/wp\/v2\/media?parent=183369"}],"wp:term":[{"taxonomy":"category","embeddable":true,"href":"https:\/\/www.correiobraziliense.com.br\/cbradar\/wp-json\/wp\/v2\/categories?post=183369"},{"taxonomy":"post_tag","embeddable":true,"href":"https:\/\/www.correiobraziliense.com.br\/cbradar\/wp-json\/wp\/v2\/post_tag?post=183369"}],"curies":[{"name":"wp","href":"https:\/\/api.w.org\/{rel}","templated":true}]}}