{"id":183678,"date":"2026-01-30T11:55:19","date_gmt":"2026-01-30T14:55:19","guid":{"rendered":"https:\/\/www.correiobraziliense.com.br\/cbradar\/?p=183678"},"modified":"2026-01-29T11:29:58","modified_gmt":"2026-01-29T14:29:58","slug":"a-fruta-refrescante-que-ajuda-a-reduzir-retencao-de-liquidos-e-apoiar-a-saude-do-coracao","status":"publish","type":"post","link":"https:\/\/www.correiobraziliense.com.br\/cbradar\/a-fruta-refrescante-que-ajuda-a-reduzir-retencao-de-liquidos-e-apoiar-a-saude-do-coracao\/","title":{"rendered":"A fruta refrescante que ajuda a reduzir reten\u00e7\u00e3o de l\u00edquidos e apoiar a sa\u00fade do cora\u00e7\u00e3o"},"content":{"rendered":"\n<p>Em dias muito quentes ou quando o corpo est\u00e1 mais cansado, muita gente lembra do mel\u00e3o como aquele fruto leve que mata a sede e refresca de verdade. Composto em grande parte por <b>\u00e1gua<\/b> e fonte de minerais importantes, esse alimento costuma ser lembrado em dietas voltadas para quem enfrenta <strong>reten\u00e7\u00e3o<\/strong> de l\u00edquidos e press\u00e3o alta. Al\u00e9m de ser consumido in natura, aparece em sucos, saladas de frutas e prepara\u00e7\u00f5es leves, ajudando a aumentar o consumo di\u00e1rio de \u00e1gua.<\/p>\n\n\n\n<h2 class=\"wp-block-heading\">Como o mel\u00e3o pode ajudar na reten\u00e7\u00e3o de l\u00edquidos<\/h2>\n\n\n\n<p>A reten\u00e7\u00e3o de l\u00edquidos \u00e9 caracterizada pelo ac\u00famulo de \u00e1gua nos tecidos, especialmente em pernas, tornozelos, m\u00e3os e regi\u00e3o abdominal. Entre os fatores associados est\u00e3o consumo elevado de <b>s\u00f3dio<\/b>, sedentarismo, altera\u00e7\u00f5es hormonais e algumas doen\u00e7as, que podem deixar o corpo mais inchado e desconfort\u00e1vel.<\/p>\n\n\n\n<p>O mel\u00e3o contribui por ser um alimento com alto teor de \u00e1gua e baixo teor de s\u00f3dio, favorecendo o equil\u00edbrio h\u00eddrico do organismo. Ao inclu\u00ed-lo na rotina, a pessoa aumenta o volume de l\u00edquidos ingeridos de forma saborosa, estimulando a diurese e auxiliando na elimina\u00e7\u00e3o de \u00e1gua e sais em excesso pela urina.<\/p>\n\n\n<div class=\"wp-block-image\">\n<figure class=\"aligncenter size-large\"><img decoding=\"async\" width=\"1024\" height=\"576\" src=\"https:\/\/www.correiobraziliense.com.br\/cbradar\/wp-content\/uploads\/2025\/12\/Gemini_Generated_Image_z9xxxrz9xxxrz9xx-1-1024x576.png\" alt=\"\" class=\"wp-image-151178\" srcset=\"https:\/\/www.correiobraziliense.com.br\/cbradar\/wp-content\/uploads\/2025\/12\/Gemini_Generated_Image_z9xxxrz9xxxrz9xx-1-1024x576.png 1024w, https:\/\/www.correiobraziliense.com.br\/cbradar\/wp-content\/uploads\/2025\/12\/Gemini_Generated_Image_z9xxxrz9xxxrz9xx-1-300x169.png 300w, https:\/\/www.correiobraziliense.com.br\/cbradar\/wp-content\/uploads\/2025\/12\/Gemini_Generated_Image_z9xxxrz9xxxrz9xx-1-768x432.png 768w, https:\/\/www.correiobraziliense.com.br\/cbradar\/wp-content\/uploads\/2025\/12\/Gemini_Generated_Image_z9xxxrz9xxxrz9xx-1-750x422.png 750w, https:\/\/www.correiobraziliense.com.br\/cbradar\/wp-content\/uploads\/2025\/12\/Gemini_Generated_Image_z9xxxrz9xxxrz9xx-1-1140x641.png 1140w, https:\/\/www.correiobraziliense.com.br\/cbradar\/wp-content\/uploads\/2025\/12\/Gemini_Generated_Image_z9xxxrz9xxxrz9xx-1.png 1280w\" sizes=\"(max-width: 1024px) 100vw, 1024px\" \/><figcaption class=\"wp-element-caption\">A principal propriedade curativa do mel\u00e3o est\u00e1 ligada ao seu efeito ben\u00e9fico no sistema digestivo<\/figcaption><\/figure><\/div>\n\n\n<p>Leia tamb\u00e9m:&nbsp;<a href=\"https:\/\/www.correiobraziliense.com.br\/cbradar\/as-plantas-aromaticas-que-deixam-qualquer-cantinho-mais-calmo-e-acolhedor\/\" target=\"_blank\" rel=\"noopener\">As plantas arom\u00e1ticas que deixam qualquer cantinho mais calmo e acolhedor<\/a><\/p>\n\n\n\n<h2 class=\"wp-block-heading\">Por que o mel\u00e3o \u00e9 aliado da digest\u00e3o e do conforto intestinal<\/h2>\n\n\n\n<p>Al\u00e9m da hidrata\u00e7\u00e3o, o mel\u00e3o oferece pequenas quantidades de fibras, que colaboram com o funcionamento do intestino. Esse detalhe pode parecer simples, mas faz diferen\u00e7a na sensa\u00e7\u00e3o de <b>leveza<\/b> ao longo do dia, ajudando a reduzir desconfortos abdominais.<\/p>\n\n\n\n<p>\u00c9 comum que o mel\u00e3o seja associado a outras frutas com efeito diur\u00e9tico, como abacaxi e melancia, em saladas ou sucos. Nesses preparos, recomenda-se modera\u00e7\u00e3o no uso de a\u00e7\u00facar e ingredientes industrializados, preservando o objetivo de reduzir a reten\u00e7\u00e3o de l\u00edquidos e cuidar da sa\u00fade de forma mais <strong>natural<\/strong>.<\/p>\n\n\n\n<h2 class=\"wp-block-heading\">Qual \u00e9 o papel do mel\u00e3o no controle da press\u00e3o alta<\/h2>\n\n\n\n<p>A hipertens\u00e3o arterial segue como um dos principais fatores de risco cardiovasculares no <b>Brasil<\/b>, com grande parte da popula\u00e7\u00e3o adulta convivendo com n\u00edveis elevados de press\u00e3o. Entre as recomenda\u00e7\u00f5es aparecem redu\u00e7\u00e3o do s\u00f3dio, controle de peso, atividade f\u00edsica regular e aumento da ingest\u00e3o de alimentos ricos em pot\u00e1ssio.<\/p>\n\n\n\n<p>O mel\u00e3o se encaixa nesse grupo por oferecer boa quantidade desse mineral, que participa do equil\u00edbrio de fluidos no organismo e da contra\u00e7\u00e3o muscular, incluindo o m\u00fasculo card\u00edaco. Assim, ele pode entrar no card\u00e1pio ao lado de banana, abacate e laranja, compondo uma rotina alimentar mais amiga do cora\u00e7\u00e3o. Se voc\u00ea gosta de ouvir especialistas, separamos esse v\u00eddeo da <a href=\"https:\/\/www.youtube.com\/@NutricionistaPatriciaLeite\" target=\"_blank\" rel=\"noreferrer noopener\">Nutricionista Patricia Leite<\/a> falando sobre os benef\u00edcios do mel\u00e3o:<\/p>\n\n\n\n<figure class=\"wp-block-embed is-type-video is-provider-youtube wp-block-embed-youtube wp-embed-aspect-16-9 wp-has-aspect-ratio\"><div class=\"wp-block-embed__wrapper\">\n<div class=\"jeg_video_container jeg_video_content\"><iframe loading=\"lazy\" title=\"Benef\u00edcios do Mel\u00e3o - Para Que Serve? Propriedades e Dicas [RECEITAS]\" width=\"500\" height=\"281\" src=\"https:\/\/www.youtube.com\/embed\/Wc5ChU9qabI?feature=oembed\" frameborder=\"0\" allow=\"accelerometer; autoplay; clipboard-write; encrypted-media; gyroscope; picture-in-picture; web-share\" referrerpolicy=\"strict-origin-when-cross-origin\" allowfullscreen><\/iframe><\/div>\n<\/div><\/figure>\n\n\n\n<h2 class=\"wp-block-heading\">Como consumir mel\u00e3o no dia a dia de forma pr\u00e1tica<\/h2>\n\n\n\n<p>O mel\u00e3o pode ser inclu\u00eddo em diferentes momentos do dia, de forma simples e descomplicada. De modo geral, \u00e9 consumido ao natural, em fatias ou cubos, mas tamb\u00e9m aparece em prepara\u00e7\u00f5es salgadas, como saladas com folhas verdes, que combinam bem com o sabor levemente adocicado da fruta.<\/p>\n\n\n\n<p>Em bebidas, \u00e9 comum o preparo de sucos batidos com \u00e1gua ou combinados com outras frutas. Quem busca controlar a reten\u00e7\u00e3o de l\u00edquidos e a press\u00e3o alta costuma preferir vers\u00f5es sem a\u00e7\u00facar, valorizando o sabor natural do mel\u00e3o e evitando exageros em calorias e ado\u00e7antes.<\/p>\n\n\n\n<h2 class=\"wp-block-heading\">Quais cuidados ajudam a potencializar os benef\u00edcios do mel\u00e3o<\/h2>\n\n\n\n<p>Para aproveitar melhor os benef\u00edcios do mel\u00e3o, algumas estrat\u00e9gias simples podem ser inseridas na rotina. Elas ajudam a unir o consumo da fruta com outros h\u00e1bitos saud\u00e1veis, criando um cuidado mais completo com o corpo e com a <b>press\u00e3o<\/b> arterial.<\/p>\n\n\n\n<ul class=\"wp-block-list\">\n<li>Preferir o mel\u00e3o in natura, sem adi\u00e7\u00e3o de a\u00e7\u00facar;<\/li>\n\n\n\n<li>Associar a fruta a outras fontes de pot\u00e1ssio em uma dieta equilibrada;<\/li>\n\n\n\n<li>Manter boa ingest\u00e3o de \u00e1gua ao longo do dia;<\/li>\n\n\n\n<li>Reduzir o consumo de alimentos muito salgados e ultraprocessados;<\/li>\n\n\n\n<li>Observar orienta\u00e7\u00f5es m\u00e9dicas e nutricionais em casos de doen\u00e7as cr\u00f4nicas.<\/li>\n<\/ul>\n\n\n\n<h2 class=\"wp-block-heading\">Quais s\u00e3o as principais informa\u00e7\u00f5es nutricionais do mel\u00e3o<\/h2>\n\n\n\n<p>Os valores nutricionais do mel\u00e3o podem variar conforme a variedade (como cantalupo, amarelo ou pele de sapo), o grau de matura\u00e7\u00e3o e a regi\u00e3o de cultivo. Ainda assim, \u00e9 considerado um alimento de baixa caloria, rico em <b>\u00e1gua<\/b> e com teor relevante de pot\u00e1ssio, sendo uma op\u00e7\u00e3o leve para o dia a dia.<\/p>\n\n\n\n<div style=\"font-family: 'Segoe UI', Tahoma, Geneva, Verdana, sans-serif; max-width: 800px; margin: 20px auto; border: 2px solid #722f37; border-radius: 30px; overflow: hidden; background-color: #ffffff; box-shadow: 0 4px 15px rgba(114, 47, 55, 0.1);\">\n    <table style=\"width: 100%; border-collapse: collapse; text-align: left; font-size: 15px;\">\n        <thead>\n            <tr style=\"background-color: #722f37;\">\n                <th style=\"padding: 18px; color: #ffffff; border-bottom: 2px solid #f9d8e6; width: 50%;\">Componente<\/th>\n                <th style=\"padding: 18px; color: #ffffff; border-bottom: 2px solid #f9d8e6; width: 50%;\">Quantidade aproximada por 100 g<\/th>\n            <\/tr>\n        <\/thead>\n        <tbody>\n            <tr>\n                <td style=\"padding: 14px 18px; border-bottom: 1px solid #ffe3ee; color: #4a4a4a; font-weight: bold;\">Calorias<\/td>\n                <td style=\"padding: 14px 18px; border-bottom: 1px solid #ffe3ee; color: #4a4a4a;\">30\u201335 kcal<\/td>\n            <\/tr>\n            <tr style=\"background-color: #fffafa;\">\n                <td style=\"padding: 14px 18px; border-bottom: 1px solid #ffe3ee; color: #4a4a4a; font-weight: bold;\">\u00c1gua<\/td>\n                <td style=\"padding: 14px 18px; border-bottom: 1px solid #ffe3ee; color: #4a4a4a;\">cerca de 90 g<\/td>\n            <\/tr>\n            <tr>\n                <td style=\"padding: 14px 18px; border-bottom: 1px solid #ffe3ee; color: #4a4a4a; font-weight: bold;\">Carboidratos totais<\/td>\n                <td style=\"padding: 14px 18px; border-bottom: 1px solid #ffe3ee; color: #4a4a4a;\">7\u20139 g<\/td>\n            <\/tr>\n            <tr style=\"background-color: #fffafa;\">\n                <td style=\"padding: 14px 18px; border-bottom: 1px solid #ffe3ee; color: #4a4a4a; font-weight: bold;\">Prote\u00ednas<\/td>\n                <td style=\"padding: 14px 18px; border-bottom: 1px solid #ffe3ee; color: #4a4a4a;\">0,5\u20130,8 g<\/td>\n            <\/tr>\n            <tr>\n                <td style=\"padding: 14px 18px; border-bottom: 1px solid #ffe3ee; color: #4a4a4a; font-weight: bold;\">Gorduras totais<\/td>\n                <td style=\"padding: 14px 18px; border-bottom: 1px solid #ffe3ee; color: #4a4a4a;\">0,1\u20130,2 g<\/td>\n            <\/tr>\n            <tr style=\"background-color: #fffafa;\">\n                <td style=\"padding: 14px 18px; border-bottom: 1px solid #ffe3ee; color: #4a4a4a; font-weight: bold;\">Fibras<\/td>\n                <td style=\"padding: 14px 18px; border-bottom: 1px solid #ffe3ee; color: #4a4a4a;\">0,5\u20131 g<\/td>\n            <\/tr>\n            <tr>\n                <td style=\"padding: 14px 18px; border-bottom: 1px solid #ffe3ee; color: #4a4a4a; font-weight: bold;\">Pot\u00e1ssio<\/td>\n                <td style=\"padding: 14px 18px; border-bottom: 1px solid #ffe3ee; color: #4a4a4a;\">230\u2013280 mg<\/td>\n            <\/tr>\n            <tr style=\"background-color: #fffafa;\">\n                <td style=\"padding: 14px 18px; border-bottom: 1px solid #ffe3ee; color: #4a4a4a; font-weight: bold;\">S\u00f3dio<\/td>\n                <td style=\"padding: 14px 18px; border-bottom: 1px solid #ffe3ee; color: #4a4a4a;\">at\u00e9 20 mg<\/td>\n            <\/tr>\n            <tr>\n                <td style=\"padding: 14px 18px; color: #4a4a4a; font-weight: bold;\">Vitamina C<\/td>\n                <td style=\"padding: 14px 18px; color: #4a4a4a;\">15\u201325 mg<\/td>\n            <\/tr>\n        <\/tbody>\n    <\/table>\n<\/div>\n\n\n\n<p>Esses dados refor\u00e7am que o <strong>mel\u00e3o<\/strong> \u00e9 um alimento de baixa caloria, rico em \u00e1gua e com bom teor de pot\u00e1ssio, caracter\u00edsticas alinhadas a quem busca auxiliar o controle da reten\u00e7\u00e3o de l\u00edquidos e da press\u00e3o alta. Integrado a um padr\u00e3o alimentar equilibrado, ele pode ser um aliado pr\u00e1tico na rotina de cuidados com a sa\u00fade cardiovascular.<\/p>\n\n\n\n<h2 class=\"wp-block-heading\">Pr\u00f3ximos passos para incluir o mel\u00e3o na rotina<\/h2>\n\n\n\n<p>Ao olhar para o mel\u00e3o com mais aten\u00e7\u00e3o, fica claro que ele vai al\u00e9m de uma fruta refrescante e pode ser um apoio no cuidado com press\u00e3o alta e incha\u00e7os. Se voc\u00ea deseja organizar melhor sua alimenta\u00e7\u00e3o, vale testar novas combina\u00e7\u00f5es com <b>mel\u00e3o<\/b> no dia a dia e buscar orienta\u00e7\u00e3o profissional para montar um plano que fa\u00e7a sentido para a sua <strong>realidade<\/strong>.<\/p>\n\n\n\n<p>Comece com pequenas mudan\u00e7as: inclua o mel\u00e3o em um lanche, reduza um pouco o sal das refei\u00e7\u00f5es e observe como seu corpo responde. Se quiser aprofundar esse cuidado, converse com um nutricionista ou m\u00e9dico de confian\u00e7a e leve esse conte\u00fado como ponto de partida para uma conversa mais <b>personalizada<\/b> e focada na sua sa\u00fade <strong>cardiovascular<\/strong>.<\/p>\n","protected":false},"excerpt":{"rendered":"<p>Em dias muito quentes ou quando o corpo est\u00e1 mais cansado, muita gente lembra do mel\u00e3o como aquele fruto leve que mata a sede e refresca de verdade. Composto em grande parte por \u00e1gua e fonte de minerais importantes, esse alimento costuma ser lembrado em dietas voltadas para quem enfrenta reten\u00e7\u00e3o de l\u00edquidos e press\u00e3o [&hellip;]<\/p>\n","protected":false},"author":9,"featured_media":184005,"comment_status":"open","ping_status":"open","sticky":false,"template":"","format":"standard","meta":{"_yoast_wpseo_focuskw":"benef\u00edcios do mel\u00e3o","_yoast_wpseo_title":"","_yoast_wpseo_metadesc":"Fruta leve e hidratante que reduz reten\u00e7\u00e3o de l\u00edquidos, apoia digest\u00e3o e contribui para press\u00e3o mais equilibrada.","jnews-multi-image_gallery":[],"jnews_single_post":{"format":"standard"},"jnews_primary_category":[],"jnews_social_meta":[],"jnews_override_counter":[],"footnotes":""},"categories":[119,4404],"tags":[735,1986,5224,5785],"class_list":["post-183678","post","type-post","status-publish","format-standard","has-post-thumbnail","hentry","category-bem-estar","category-saude","tag-frutas","tag-melao","tag-pressao-alta","tag-retencao-de-liquidos"],"yoast_head":"<!-- This site is optimized with the Yoast SEO plugin v24.6 - https:\/\/yoast.com\/wordpress\/plugins\/seo\/ -->\n<title>A fruta refrescante que ajuda a reduzir reten\u00e7\u00e3o de l\u00edquidos e apoiar a sa\u00fade do cora\u00e7\u00e3o - Correio Braziliense - Radar<\/title>\n<meta name=\"description\" content=\"Fruta leve e hidratante que reduz reten\u00e7\u00e3o de l\u00edquidos, apoia digest\u00e3o e contribui para press\u00e3o mais equilibrada.\" \/>\n<meta name=\"robots\" content=\"index, follow, max-snippet:-1, max-image-preview:large, max-video-preview:-1\" \/>\n<link rel=\"canonical\" href=\"https:\/\/www.correiobraziliense.com.br\/cbradar\/a-fruta-refrescante-que-ajuda-a-reduzir-retencao-de-liquidos-e-apoiar-a-saude-do-coracao\/\" \/>\n<meta property=\"og:locale\" content=\"pt_BR\" \/>\n<meta property=\"og:type\" content=\"article\" \/>\n<meta property=\"og:title\" content=\"A fruta refrescante que ajuda a reduzir reten\u00e7\u00e3o de l\u00edquidos e apoiar a sa\u00fade do cora\u00e7\u00e3o - Correio Braziliense - Radar\" \/>\n<meta property=\"og:description\" content=\"Fruta leve e hidratante que reduz reten\u00e7\u00e3o de l\u00edquidos, apoia digest\u00e3o e contribui para press\u00e3o mais equilibrada.\" \/>\n<meta property=\"og:url\" content=\"https:\/\/www.correiobraziliense.com.br\/cbradar\/a-fruta-refrescante-que-ajuda-a-reduzir-retencao-de-liquidos-e-apoiar-a-saude-do-coracao\/\" \/>\n<meta property=\"og:site_name\" content=\"Correio Braziliense - Radar\" \/>\n<meta property=\"article:published_time\" content=\"2026-01-30T14:55:19+00:00\" \/>\n<meta property=\"og:image\" content=\"https:\/\/www.correiobraziliense.com.br\/cbradar\/wp-content\/uploads\/2026\/01\/freepik__melo-amarelo-inteiro-e-cortado-ao-meio-sobre-banca__7350.jpeg\" \/>\n\t<meta property=\"og:image:width\" content=\"1280\" \/>\n\t<meta property=\"og:image:height\" content=\"720\" \/>\n\t<meta property=\"og:image:type\" content=\"image\/jpeg\" \/>\n<meta name=\"author\" content=\"Daniely Cardoso\" \/>\n<meta name=\"twitter:card\" content=\"summary_large_image\" \/>\n<meta name=\"twitter:label1\" content=\"Escrito por\" \/>\n\t<meta name=\"twitter:data1\" content=\"Daniely Cardoso\" \/>\n\t<meta name=\"twitter:label2\" content=\"Est. tempo de leitura\" \/>\n\t<meta name=\"twitter:data2\" content=\"6 minutos\" \/>\n<!-- \/ Yoast SEO plugin. -->","yoast_head_json":{"title":"A fruta refrescante que ajuda a reduzir reten\u00e7\u00e3o de l\u00edquidos e apoiar a sa\u00fade do cora\u00e7\u00e3o - Correio Braziliense - Radar","description":"Fruta leve e hidratante que reduz reten\u00e7\u00e3o de l\u00edquidos, apoia digest\u00e3o e contribui para press\u00e3o mais equilibrada.","robots":{"index":"index","follow":"follow","max-snippet":"max-snippet:-1","max-image-preview":"max-image-preview:large","max-video-preview":"max-video-preview:-1"},"canonical":"https:\/\/www.correiobraziliense.com.br\/cbradar\/a-fruta-refrescante-que-ajuda-a-reduzir-retencao-de-liquidos-e-apoiar-a-saude-do-coracao\/","og_locale":"pt_BR","og_type":"article","og_title":"A fruta refrescante que ajuda a reduzir reten\u00e7\u00e3o de l\u00edquidos e apoiar a sa\u00fade do cora\u00e7\u00e3o - Correio Braziliense - Radar","og_description":"Fruta leve e hidratante que reduz reten\u00e7\u00e3o de l\u00edquidos, apoia digest\u00e3o e contribui para press\u00e3o mais equilibrada.","og_url":"https:\/\/www.correiobraziliense.com.br\/cbradar\/a-fruta-refrescante-que-ajuda-a-reduzir-retencao-de-liquidos-e-apoiar-a-saude-do-coracao\/","og_site_name":"Correio Braziliense - Radar","article_published_time":"2026-01-30T14:55:19+00:00","og_image":[{"width":1280,"height":720,"url":"https:\/\/www.correiobraziliense.com.br\/cbradar\/wp-content\/uploads\/2026\/01\/freepik__melo-amarelo-inteiro-e-cortado-ao-meio-sobre-banca__7350.jpeg","type":"image\/jpeg"}],"author":"Daniely Cardoso","twitter_card":"summary_large_image","twitter_misc":{"Escrito por":"Daniely Cardoso","Est. tempo de leitura":"6 minutos"},"schema":{"@context":"https:\/\/schema.org","@graph":[{"@type":"WebPage","@id":"https:\/\/www.correiobraziliense.com.br\/cbradar\/a-fruta-refrescante-que-ajuda-a-reduzir-retencao-de-liquidos-e-apoiar-a-saude-do-coracao\/","url":"https:\/\/www.correiobraziliense.com.br\/cbradar\/a-fruta-refrescante-que-ajuda-a-reduzir-retencao-de-liquidos-e-apoiar-a-saude-do-coracao\/","name":"A fruta refrescante que ajuda a reduzir reten\u00e7\u00e3o de l\u00edquidos e apoiar a sa\u00fade do cora\u00e7\u00e3o - Correio Braziliense - Radar","isPartOf":{"@id":"https:\/\/www.correiobraziliense.com.br\/cbradar\/#website"},"primaryImageOfPage":{"@id":"https:\/\/www.correiobraziliense.com.br\/cbradar\/a-fruta-refrescante-que-ajuda-a-reduzir-retencao-de-liquidos-e-apoiar-a-saude-do-coracao\/#primaryimage"},"image":{"@id":"https:\/\/www.correiobraziliense.com.br\/cbradar\/a-fruta-refrescante-que-ajuda-a-reduzir-retencao-de-liquidos-e-apoiar-a-saude-do-coracao\/#primaryimage"},"thumbnailUrl":"https:\/\/www.correiobraziliense.com.br\/cbradar\/wp-content\/uploads\/2026\/01\/freepik__melo-amarelo-inteiro-e-cortado-ao-meio-sobre-banca__7350.jpeg","datePublished":"2026-01-30T14:55:19+00:00","author":{"@id":"https:\/\/www.correiobraziliense.com.br\/cbradar\/#\/schema\/person\/7356666e12ec0ee53f348ee5db227032"},"description":"Fruta leve e hidratante que reduz reten\u00e7\u00e3o de l\u00edquidos, apoia digest\u00e3o e contribui para press\u00e3o mais equilibrada.","breadcrumb":{"@id":"https:\/\/www.correiobraziliense.com.br\/cbradar\/a-fruta-refrescante-que-ajuda-a-reduzir-retencao-de-liquidos-e-apoiar-a-saude-do-coracao\/#breadcrumb"},"inLanguage":"pt-BR","potentialAction":[{"@type":"ReadAction","target":["https:\/\/www.correiobraziliense.com.br\/cbradar\/a-fruta-refrescante-que-ajuda-a-reduzir-retencao-de-liquidos-e-apoiar-a-saude-do-coracao\/"]}]},{"@type":"ImageObject","inLanguage":"pt-BR","@id":"https:\/\/www.correiobraziliense.com.br\/cbradar\/a-fruta-refrescante-que-ajuda-a-reduzir-retencao-de-liquidos-e-apoiar-a-saude-do-coracao\/#primaryimage","url":"https:\/\/www.correiobraziliense.com.br\/cbradar\/wp-content\/uploads\/2026\/01\/freepik__melo-amarelo-inteiro-e-cortado-ao-meio-sobre-banca__7350.jpeg","contentUrl":"https:\/\/www.correiobraziliense.com.br\/cbradar\/wp-content\/uploads\/2026\/01\/freepik__melo-amarelo-inteiro-e-cortado-ao-meio-sobre-banca__7350.jpeg","width":1280,"height":720,"caption":"O mel\u00e3o \u00e9 uma fruta com alto teor de \u00e1gua"},{"@type":"BreadcrumbList","@id":"https:\/\/www.correiobraziliense.com.br\/cbradar\/a-fruta-refrescante-que-ajuda-a-reduzir-retencao-de-liquidos-e-apoiar-a-saude-do-coracao\/#breadcrumb","itemListElement":[{"@type":"ListItem","position":1,"name":"In\u00edcio","item":"https:\/\/www.correiobraziliense.com.br\/cbradar\/"},{"@type":"ListItem","position":2,"name":"A fruta refrescante que ajuda a reduzir reten\u00e7\u00e3o de l\u00edquidos e apoiar a sa\u00fade do cora\u00e7\u00e3o"}]},{"@type":"WebSite","@id":"https:\/\/www.correiobraziliense.com.br\/cbradar\/#website","url":"https:\/\/www.correiobraziliense.com.br\/cbradar\/","name":"Correio Braziliense - Radar","description":"Acompanhe as \u00faltimas not\u00edcias e fique bem informado sobre tudo o que acontece no Brasil e no mundo.","potentialAction":[{"@type":"SearchAction","target":{"@type":"EntryPoint","urlTemplate":"https:\/\/www.correiobraziliense.com.br\/cbradar\/?s={search_term_string}"},"query-input":{"@type":"PropertyValueSpecification","valueRequired":true,"valueName":"search_term_string"}}],"inLanguage":"pt-BR"},{"@type":"Person","@id":"https:\/\/www.correiobraziliense.com.br\/cbradar\/#\/schema\/person\/7356666e12ec0ee53f348ee5db227032","name":"Daniely Cardoso","image":{"@type":"ImageObject","inLanguage":"pt-BR","@id":"https:\/\/www.correiobraziliense.com.br\/cbradar\/#\/schema\/person\/image\/","url":"https:\/\/secure.gravatar.com\/avatar\/4b80ddbd124d1f071b626d52d62e5dff?s=96&d=mm&r=g","contentUrl":"https:\/\/secure.gravatar.com\/avatar\/4b80ddbd124d1f071b626d52d62e5dff?s=96&d=mm&r=g","caption":"Daniely Cardoso"},"description":"Redatora nos portais CB Radar e EM Foco, formada pela Universidade Federal de Goi\u00e1s, em Goi\u00e2nia. Apaixonada por comunica\u00e7\u00e3o, arte, decora\u00e7\u00e3o e tend\u00eancias, atuo na produ\u00e7\u00e3o de conte\u00fados envolventes sobre curiosidades, moda, beleza e paisagismo, sempre com um olhar atento \u00e0s novidades do momento.","sameAs":["https:\/\/www.correiobraziliense.com.br\/cbradar"],"url":"https:\/\/www.correiobraziliense.com.br\/cbradar\/author\/danielymyth\/"}]}},"_links":{"self":[{"href":"https:\/\/www.correiobraziliense.com.br\/cbradar\/wp-json\/wp\/v2\/posts\/183678","targetHints":{"allow":["GET"]}}],"collection":[{"href":"https:\/\/www.correiobraziliense.com.br\/cbradar\/wp-json\/wp\/v2\/posts"}],"about":[{"href":"https:\/\/www.correiobraziliense.com.br\/cbradar\/wp-json\/wp\/v2\/types\/post"}],"author":[{"embeddable":true,"href":"https:\/\/www.correiobraziliense.com.br\/cbradar\/wp-json\/wp\/v2\/users\/9"}],"replies":[{"embeddable":true,"href":"https:\/\/www.correiobraziliense.com.br\/cbradar\/wp-json\/wp\/v2\/comments?post=183678"}],"version-history":[{"count":2,"href":"https:\/\/www.correiobraziliense.com.br\/cbradar\/wp-json\/wp\/v2\/posts\/183678\/revisions"}],"predecessor-version":[{"id":183762,"href":"https:\/\/www.correiobraziliense.com.br\/cbradar\/wp-json\/wp\/v2\/posts\/183678\/revisions\/183762"}],"wp:featuredmedia":[{"embeddable":true,"href":"https:\/\/www.correiobraziliense.com.br\/cbradar\/wp-json\/wp\/v2\/media\/184005"}],"wp:attachment":[{"href":"https:\/\/www.correiobraziliense.com.br\/cbradar\/wp-json\/wp\/v2\/media?parent=183678"}],"wp:term":[{"taxonomy":"category","embeddable":true,"href":"https:\/\/www.correiobraziliense.com.br\/cbradar\/wp-json\/wp\/v2\/categories?post=183678"},{"taxonomy":"post_tag","embeddable":true,"href":"https:\/\/www.correiobraziliense.com.br\/cbradar\/wp-json\/wp\/v2\/tags?post=183678"}],"curies":[{"name":"wp","href":"https:\/\/api.w.org\/{rel}","templated":true}]}}