{"id":18370,"date":"2025-04-03T16:10:00","date_gmt":"2025-04-03T19:10:00","guid":{"rendered":"https:\/\/www.correiobraziliense.com.br\/cbradar\/?p=18370"},"modified":"2025-04-02T14:14:45","modified_gmt":"2025-04-02T17:14:45","slug":"esses-itens-sao-essenciais-para-um-home-office-produtivo","status":"publish","type":"post","link":"https:\/\/www.correiobraziliense.com.br\/cbradar\/esses-itens-sao-essenciais-para-um-home-office-produtivo\/","title":{"rendered":"Esses itens s\u00e3o essenciais para um home office produtivo"},"content":{"rendered":"\n<p>Trabalhar de casa oferece diversas vantagens, como evitar o tr\u00e2nsito e proporcionar mais conforto. No entanto, para que o home office seja realmente eficaz, \u00e9 fundamental contar com os equipamentos adequados. Estes itens n\u00e3o apenas melhoram a produtividade, mas tamb\u00e9m garantem o bem-estar durante o expediente.<\/p>\n\n\n\n<p>Se voc\u00ea est\u00e1 pensando em adotar o modelo de trabalho remoto, \u00e9 importante considerar a aquisi\u00e7\u00e3o de alguns equipamentos que podem fazer toda a diferen\u00e7a no seu dia a dia. A seguir, apresentamos uma lista de itens essenciais para um home office eficiente e confort\u00e1vel.<\/p>\n\n\n\n<h2 class=\"wp-block-heading\"><strong>Por que investir em uma cadeira ergon\u00f4mica?<\/strong><\/h2>\n\n\n\n<p>Passar longas horas sentado em uma cadeira inadequada pode resultar em dores nas costas e desconforto geral. Uma&nbsp;<strong>cadeira ergon\u00f4mica<\/strong>&nbsp;\u00e9 projetada para oferecer suporte adequado \u00e0 coluna, ajudando a manter uma postura correta e prevenindo problemas de sa\u00fade a longo prazo. Al\u00e9m disso, uma cadeira confort\u00e1vel pode aumentar significativamente a produtividade, pois permite que o usu\u00e1rio se concentre melhor nas tarefas.<\/p>\n\n\n\n<figure class=\"wp-block-image size-large\"><img decoding=\"async\" width=\"1024\" height=\"576\" src=\"https:\/\/www.correiobraziliense.com.br\/cbradar\/wp-content\/uploads\/2025\/04\/home-office_1743600508897-1024x576.jpg\" alt=\"Esses itens s\u00e3o essenciais para um home office produtivo\" class=\"wp-image-18379\" srcset=\"https:\/\/www.correiobraziliense.com.br\/cbradar\/wp-content\/uploads\/2025\/04\/home-office_1743600508897-1024x576.jpg 1024w, https:\/\/www.correiobraziliense.com.br\/cbradar\/wp-content\/uploads\/2025\/04\/home-office_1743600508897-300x169.jpg 300w, https:\/\/www.correiobraziliense.com.br\/cbradar\/wp-content\/uploads\/2025\/04\/home-office_1743600508897-768x432.jpg 768w, https:\/\/www.correiobraziliense.com.br\/cbradar\/wp-content\/uploads\/2025\/04\/home-office_1743600508897-750x422.jpg 750w, https:\/\/www.correiobraziliense.com.br\/cbradar\/wp-content\/uploads\/2025\/04\/home-office_1743600508897-1140x641.jpg 1140w, https:\/\/www.correiobraziliense.com.br\/cbradar\/wp-content\/uploads\/2025\/04\/home-office_1743600508897.jpg 1280w\" sizes=\"(max-width: 1024px) 100vw, 1024px\" \/><figcaption class=\"wp-element-caption\">home office.Cr\u00e9ditos: depositphotos.com \/ KostyaKlimenko<\/figcaption><\/figure>\n\n\n\n<h2 class=\"wp-block-heading\"><strong>Qual a import\u00e2ncia de uma mesa de trabalho adequada?<\/strong><\/h2>\n\n\n\n<p>Trabalhar em uma mesa improvisada pode ser um desafio para a organiza\u00e7\u00e3o e o conforto. Uma&nbsp;<strong>mesa de trabalho<\/strong>&nbsp;adequada deve ter espa\u00e7o suficiente para acomodar o computador e outros acess\u00f3rios, al\u00e9m de ter uma altura que permita uma postura correta. Mesas ajust\u00e1veis s\u00e3o uma excelente op\u00e7\u00e3o, pois permitem alternar entre trabalhar sentado e em p\u00e9, promovendo uma melhor circula\u00e7\u00e3o sangu\u00ednea.<\/p>\n\n\n\n<h2 class=\"wp-block-heading\"><strong>Como um monitor externo pode melhorar a produtividade?<\/strong><\/h2>\n\n\n\n<p>Utilizar apenas a tela do notebook pode ser cansativo para os olhos, especialmente para quem trabalha com v\u00e1rias janelas abertas. Um&nbsp;<strong>monitor externo<\/strong>&nbsp;amplia a \u00e1rea de trabalho e facilita a organiza\u00e7\u00e3o das tarefas, al\u00e9m de reduzir o esfor\u00e7o visual. Para profissionais que lidam com edi\u00e7\u00f5es ou an\u00e1lises de dados, ter duas telas pode ser essencial para aumentar a efici\u00eancia.<\/p>\n\n\n\n<h2 class=\"wp-block-heading\"><strong>Teclado e mouse ergon\u00f4micos: quais os benef\u00edcios?<\/strong><\/h2>\n\n\n\n<p>O uso de&nbsp;<strong>teclado e mouse ergon\u00f4micos<\/strong>&nbsp;pode prevenir dores nos punhos e dedos, comuns em quem passa muito tempo digitando ou usando o mouse. Teclados de perfil baixo e mouses verticais s\u00e3o projetados para proporcionar mais conforto e reduzir a tens\u00e3o nas m\u00e3os. Optar por modelos sem fio tamb\u00e9m ajuda a manter a mesa organizada.<\/p>\n\n\n\n<h2 class=\"wp-block-heading\"><strong>Como o cancelamento de ru\u00eddo pode ajudar na concentra\u00e7\u00e3o?<\/strong><\/h2>\n\n\n\n<p>Para quem divide o espa\u00e7o com outras pessoas ou vive em locais barulhentos, um&nbsp;<strong>fone de ouvido com cancelamento de ru\u00eddo<\/strong>&nbsp;\u00e9 um aliado poderoso. Ele bloqueia sons externos, permitindo que o usu\u00e1rio mantenha o foco nas tarefas. Al\u00e9m disso, melhora a qualidade das videochamadas, garantindo que o \u00e1udio seja captado com clareza.<\/p>\n\n\n\n<h2 class=\"wp-block-heading\"><strong>Ilumina\u00e7\u00e3o adequada: por que \u00e9 crucial?<\/strong><\/h2>\n\n\n\n<p>A ilumina\u00e7\u00e3o do ambiente de trabalho influencia diretamente na produtividade. Uma&nbsp;<strong>lumin\u00e1ria ajust\u00e1vel<\/strong>&nbsp;permite regular a intensidade da luz, evitando cansa\u00e7o visual e dores de cabe\u00e7a. Para quem participa de videochamadas, uma boa ilumina\u00e7\u00e3o tamb\u00e9m melhora a qualidade da imagem, passando uma impress\u00e3o mais profissional.<\/p>\n\n\n\n<h2 class=\"wp-block-heading\"><strong>Outros itens essenciais para o home office<\/strong><\/h2>\n\n\n\n<ul class=\"wp-block-list\">\n<li><strong>Suporte para notebook:<\/strong>&nbsp;Eleva a tela \u00e0 altura dos olhos, melhorando a postura e prevenindo dores no pesco\u00e7o.<\/li>\n\n\n\n<li><strong>Nobreak ou estabilizador:<\/strong>&nbsp;Protege os equipamentos contra quedas de energia e varia\u00e7\u00f5es de tens\u00e3o.<\/li>\n\n\n\n<li><strong>Conex\u00e3o de internet est\u00e1vel:<\/strong>&nbsp;Um bom roteador e, se poss\u00edvel, uma conex\u00e3o via cabo Ethernet garantem que o trabalho n\u00e3o seja interrompido por falhas na internet.<\/li>\n\n\n\n<li><strong>Caderno ou bloco de anota\u00e7\u00f5es:<\/strong>&nbsp;\u00datil para organizar ideias e anotar tarefas rapidamente, complementando as ferramentas digitais.<\/li>\n\n\n\n<li><strong>Garrafa de \u00e1gua ou cafeteira:<\/strong>&nbsp;Manter-se hidratado \u00e9 essencial para a concentra\u00e7\u00e3o e energia ao longo do dia.<\/li>\n\n\n\n<li><strong>Itens de decora\u00e7\u00e3o:<\/strong>&nbsp;Um ambiente de trabalho agrad\u00e1vel e organizado pode melhorar o humor e a produtividade.<\/li>\n<\/ul>\n\n\n\n<p>Investir nos equipamentos certos para o home office \u00e9 fundamental para garantir um ambiente de trabalho eficiente e confort\u00e1vel. Com as ferramentas adequadas, \u00e9 poss\u00edvel maximizar a produtividade e o bem-estar, tornando o trabalho remoto uma experi\u00eancia positiva e satisfat\u00f3ria.<\/p>\n\n\n\n<p><\/p>\n","protected":false},"excerpt":{"rendered":"<p>Aprenda a montar um home office produtivo e confort\u00e1vel com estes equipamentos essenciais. Melhore sua experi\u00eancia de trabalho.<\/p>\n","protected":false},"author":3,"featured_media":18376,"comment_status":"open","ping_status":"open","sticky":false,"template":"","format":"standard","meta":{"_yoast_wpseo_focuskw":"home office","_yoast_wpseo_title":"%%title%%","_yoast_wpseo_metadesc":"Aprenda a montar um home office produtivo e confort\u00e1vel com estes equipamentos essenciais. Melhore sua experi\u00eancia de trabalho.","jnews-multi-image_gallery":[],"jnews_single_post":{"format":"standard"},"jnews_primary_category":[],"jnews_social_meta":[],"jnews_override_counter":[],"footnotes":""},"categories":[112],"post_tag":[766,185],"class_list":["post-18370","post","type-post","status-publish","format-standard","has-post-thumbnail","hentry","category-curiosidades","tag-home-office","tag-trabalho"],"yoast_head":"<!-- This site is optimized with the Yoast SEO plugin v24.6 - https:\/\/yoast.com\/wordpress\/plugins\/seo\/ -->\n<title>Esses itens s\u00e3o essenciais para um home office produtivo<\/title>\n<meta name=\"description\" content=\"Aprenda a montar um home office produtivo e confort\u00e1vel com estes equipamentos essenciais. Melhore sua experi\u00eancia de trabalho.\" \/>\n<meta name=\"robots\" content=\"index, follow, max-snippet:-1, max-image-preview:large, max-video-preview:-1\" \/>\n<link rel=\"canonical\" href=\"https:\/\/www.correiobraziliense.com.br\/cbradar\/esses-itens-sao-essenciais-para-um-home-office-produtivo\/\" \/>\n<meta property=\"og:locale\" content=\"pt_BR\" \/>\n<meta property=\"og:type\" content=\"article\" \/>\n<meta property=\"og:title\" content=\"Esses itens s\u00e3o essenciais para um home office produtivo\" \/>\n<meta property=\"og:description\" content=\"Aprenda a montar um home office produtivo e confort\u00e1vel com estes equipamentos essenciais. Melhore sua experi\u00eancia de trabalho.\" \/>\n<meta property=\"og:url\" content=\"https:\/\/www.correiobraziliense.com.br\/cbradar\/esses-itens-sao-essenciais-para-um-home-office-produtivo\/\" \/>\n<meta property=\"og:site_name\" content=\"Correio Braziliense - Radar\" \/>\n<meta property=\"article:published_time\" content=\"2025-04-03T19:10:00+00:00\" \/>\n<meta property=\"og:image\" content=\"https:\/\/www.correiobraziliense.com.br\/cbradar\/wp-content\/uploads\/2025\/04\/home-office_1743600372663.jpg\" \/>\n\t<meta property=\"og:image:width\" content=\"1280\" \/>\n\t<meta property=\"og:image:height\" content=\"720\" \/>\n\t<meta property=\"og:image:type\" content=\"image\/jpeg\" \/>\n<meta name=\"author\" content=\"Larissa Carvalho\" \/>\n<meta name=\"twitter:card\" content=\"summary_large_image\" \/>\n<meta name=\"twitter:label1\" content=\"Escrito por\" \/>\n\t<meta name=\"twitter:data1\" content=\"Larissa Carvalho\" \/>\n\t<meta name=\"twitter:label2\" content=\"Est. tempo de leitura\" \/>\n\t<meta name=\"twitter:data2\" content=\"4 minutos\" \/>\n<!-- \/ Yoast SEO plugin. -->","yoast_head_json":{"title":"Esses itens s\u00e3o essenciais para um home office produtivo","description":"Aprenda a montar um home office produtivo e confort\u00e1vel com estes equipamentos essenciais. Melhore sua experi\u00eancia de trabalho.","robots":{"index":"index","follow":"follow","max-snippet":"max-snippet:-1","max-image-preview":"max-image-preview:large","max-video-preview":"max-video-preview:-1"},"canonical":"https:\/\/www.correiobraziliense.com.br\/cbradar\/esses-itens-sao-essenciais-para-um-home-office-produtivo\/","og_locale":"pt_BR","og_type":"article","og_title":"Esses itens s\u00e3o essenciais para um home office produtivo","og_description":"Aprenda a montar um home office produtivo e confort\u00e1vel com estes equipamentos essenciais. Melhore sua experi\u00eancia de trabalho.","og_url":"https:\/\/www.correiobraziliense.com.br\/cbradar\/esses-itens-sao-essenciais-para-um-home-office-produtivo\/","og_site_name":"Correio Braziliense - Radar","article_published_time":"2025-04-03T19:10:00+00:00","og_image":[{"width":1280,"height":720,"url":"https:\/\/www.correiobraziliense.com.br\/cbradar\/wp-content\/uploads\/2025\/04\/home-office_1743600372663.jpg","type":"image\/jpeg"}],"author":"Larissa Carvalho","twitter_card":"summary_large_image","twitter_misc":{"Escrito por":"Larissa Carvalho","Est. tempo de leitura":"4 minutos"},"schema":{"@context":"https:\/\/schema.org","@graph":[{"@type":"WebPage","@id":"https:\/\/www.correiobraziliense.com.br\/cbradar\/esses-itens-sao-essenciais-para-um-home-office-produtivo\/","url":"https:\/\/www.correiobraziliense.com.br\/cbradar\/esses-itens-sao-essenciais-para-um-home-office-produtivo\/","name":"Esses itens s\u00e3o essenciais para um home office produtivo","isPartOf":{"@id":"https:\/\/www.correiobraziliense.com.br\/cbradar\/#website"},"primaryImageOfPage":{"@id":"https:\/\/www.correiobraziliense.com.br\/cbradar\/esses-itens-sao-essenciais-para-um-home-office-produtivo\/#primaryimage"},"image":{"@id":"https:\/\/www.correiobraziliense.com.br\/cbradar\/esses-itens-sao-essenciais-para-um-home-office-produtivo\/#primaryimage"},"thumbnailUrl":"https:\/\/www.correiobraziliense.com.br\/cbradar\/wp-content\/uploads\/2025\/04\/home-office_1743600372663.jpg","datePublished":"2025-04-03T19:10:00+00:00","author":{"@id":"https:\/\/www.correiobraziliense.com.br\/cbradar\/#\/schema\/person\/58422787644df994b53a19d3e56c1513"},"description":"Aprenda a montar um home office produtivo e confort\u00e1vel com estes equipamentos essenciais. Melhore sua experi\u00eancia de trabalho.","breadcrumb":{"@id":"https:\/\/www.correiobraziliense.com.br\/cbradar\/esses-itens-sao-essenciais-para-um-home-office-produtivo\/#breadcrumb"},"inLanguage":"pt-BR","potentialAction":[{"@type":"ReadAction","target":["https:\/\/www.correiobraziliense.com.br\/cbradar\/esses-itens-sao-essenciais-para-um-home-office-produtivo\/"]}]},{"@type":"ImageObject","inLanguage":"pt-BR","@id":"https:\/\/www.correiobraziliense.com.br\/cbradar\/esses-itens-sao-essenciais-para-um-home-office-produtivo\/#primaryimage","url":"https:\/\/www.correiobraziliense.com.br\/cbradar\/wp-content\/uploads\/2025\/04\/home-office_1743600372663.jpg","contentUrl":"https:\/\/www.correiobraziliense.com.br\/cbradar\/wp-content\/uploads\/2025\/04\/home-office_1743600372663.jpg","width":1280,"height":720,"caption":"home office.Cr\u00e9ditos: depositphotos.com \/ GaudiLab"},{"@type":"BreadcrumbList","@id":"https:\/\/www.correiobraziliense.com.br\/cbradar\/esses-itens-sao-essenciais-para-um-home-office-produtivo\/#breadcrumb","itemListElement":[{"@type":"ListItem","position":1,"name":"In\u00edcio","item":"https:\/\/www.correiobraziliense.com.br\/cbradar\/"},{"@type":"ListItem","position":2,"name":"Esses itens s\u00e3o essenciais para um home office produtivo"}]},{"@type":"WebSite","@id":"https:\/\/www.correiobraziliense.com.br\/cbradar\/#website","url":"https:\/\/www.correiobraziliense.com.br\/cbradar\/","name":"Correio Braziliense - Radar","description":"Acompanhe as \u00faltimas not\u00edcias e fique bem informado sobre tudo o que acontece no Brasil e no mundo.","potentialAction":[{"@type":"SearchAction","target":{"@type":"EntryPoint","urlTemplate":"https:\/\/www.correiobraziliense.com.br\/cbradar\/?s={search_term_string}"},"query-input":{"@type":"PropertyValueSpecification","valueRequired":true,"valueName":"search_term_string"}}],"inLanguage":"pt-BR"},{"@type":"Person","@id":"https:\/\/www.correiobraziliense.com.br\/cbradar\/#\/schema\/person\/58422787644df994b53a19d3e56c1513","name":"Larissa Carvalho","image":{"@type":"ImageObject","inLanguage":"pt-BR","@id":"https:\/\/www.correiobraziliense.com.br\/cbradar\/#\/schema\/person\/image\/","url":"https:\/\/secure.gravatar.com\/avatar\/fe4f91a0de32b52a838d0d612abdc1aa?s=96&d=mm&r=g","contentUrl":"https:\/\/secure.gravatar.com\/avatar\/fe4f91a0de32b52a838d0d612abdc1aa?s=96&d=mm&r=g","caption":"Larissa Carvalho"},"url":"https:\/\/www.correiobraziliense.com.br\/cbradar\/author\/larissamyth\/"}]}},"_links":{"self":[{"href":"https:\/\/www.correiobraziliense.com.br\/cbradar\/wp-json\/wp\/v2\/posts\/18370","targetHints":{"allow":["GET"]}}],"collection":[{"href":"https:\/\/www.correiobraziliense.com.br\/cbradar\/wp-json\/wp\/v2\/posts"}],"about":[{"href":"https:\/\/www.correiobraziliense.com.br\/cbradar\/wp-json\/wp\/v2\/types\/post"}],"author":[{"embeddable":true,"href":"https:\/\/www.correiobraziliense.com.br\/cbradar\/wp-json\/wp\/v2\/users\/3"}],"replies":[{"embeddable":true,"href":"https:\/\/www.correiobraziliense.com.br\/cbradar\/wp-json\/wp\/v2\/comments?post=18370"}],"version-history":[{"count":2,"href":"https:\/\/www.correiobraziliense.com.br\/cbradar\/wp-json\/wp\/v2\/posts\/18370\/revisions"}],"predecessor-version":[{"id":18471,"href":"https:\/\/www.correiobraziliense.com.br\/cbradar\/wp-json\/wp\/v2\/posts\/18370\/revisions\/18471"}],"wp:featuredmedia":[{"embeddable":true,"href":"https:\/\/www.correiobraziliense.com.br\/cbradar\/wp-json\/wp\/v2\/media\/18376"}],"wp:attachment":[{"href":"https:\/\/www.correiobraziliense.com.br\/cbradar\/wp-json\/wp\/v2\/media?parent=18370"}],"wp:term":[{"taxonomy":"category","embeddable":true,"href":"https:\/\/www.correiobraziliense.com.br\/cbradar\/wp-json\/wp\/v2\/categories?post=18370"},{"taxonomy":"post_tag","embeddable":true,"href":"https:\/\/www.correiobraziliense.com.br\/cbradar\/wp-json\/wp\/v2\/post_tag?post=18370"}],"curies":[{"name":"wp","href":"https:\/\/api.w.org\/{rel}","templated":true}]}}