{"id":183752,"date":"2026-01-31T07:25:00","date_gmt":"2026-01-31T10:25:00","guid":{"rendered":"https:\/\/www.correiobraziliense.com.br\/cbradar\/?p=183752"},"modified":"2026-01-30T17:04:54","modified_gmt":"2026-01-30T20:04:54","slug":"a-melhor-vitamina-para-retardar-o-envelhecimento-e-manter-a-pele-radiante","status":"publish","type":"post","link":"https:\/\/www.correiobraziliense.com.br\/cbradar\/a-melhor-vitamina-para-retardar-o-envelhecimento-e-manter-a-pele-radiante\/","title":{"rendered":"A melhor vitamina para retardar o envelhecimento e manter a pele radiante"},"content":{"rendered":"\n<p>A <strong>melhor vitamina para a pele<\/strong> quando o objetivo \u00e9 unir preven\u00e7\u00e3o do envelhecimento e luminosidade imediata \u00e9 a <strong>Vitamina C<\/strong>. Embora o Retinol (Vitamina A) seja o padr\u00e3o-ouro para <em>reverter<\/em> rugas, a Vitamina C (\u00c1cido Asc\u00f3rbico) \u00e9 imbat\u00edvel na prote\u00e7\u00e3o di\u00e1ria, no est\u00edmulo de col\u00e1geno e na entrega daquele &#8220;glow&#8221; saud\u00e1vel que define uma pele jovem.<\/p>\n\n\n\n<h2 class=\"wp-block-heading\">Por que a Vitamina C \u00e9 considerada a &#8220;rainha do brilho&#8221;?<\/h2>\n\n\n\n<p>A Vitamina C atua como um potente antioxidante que neutraliza os radicais livres gerados pela polui\u00e7\u00e3o e radia\u00e7\u00e3o solar, os principais causadores da degrada\u00e7\u00e3o celular. Ao impedir essa oxida\u00e7\u00e3o, ela previne o aparecimento de manchas e mant\u00e9m o tom da pele uniforme.<\/p>\n\n\n\n<p>Al\u00e9m da prote\u00e7\u00e3o, ela \u00e9 um cofator essencial para a bioss\u00edntese de col\u00e1geno. Sem n\u00edveis adequados desta vitamina, o corpo n\u00e3o consegue produzir fibras de sustenta\u00e7\u00e3o de qualidade, levando \u00e0 flacidez precoce. Seu uso t\u00f3pico devolve o vi\u00e7o natural quase instantaneamente, combatendo a apar\u00eancia de &#8220;pele cansada&#8221;.<\/p>\n\n\n\n<p>No v\u00eddeo a seguir, o perfil <strong><em>Portal Drauzio<\/em><\/strong>, com mais de 900 mil seguidores, fala um pouco dos benef\u00edcios da Vitamina C:<\/p>\n\n\n\n<blockquote class=\"tiktok-embed\" cite=\"https:\/\/www.tiktok.com\/@portaldrauziovarella\/video\/7501796602412092727\" data-video-id=\"7501796602412092727\" style=\"max-width: 605px;min-width: 325px;\" > <section> <a target=\"_blank\" title=\"@portaldrauziovarella\" href=\"https:\/\/www.tiktok.com\/@portaldrauziovarella?refer=embed\">@portaldrauziovarella<\/a> Solu\u00e7\u00f5es milagrosas n\u00e3o melhoram a imunidade \ud83d\ude2c <a title=\"vitaminac\" target=\"_blank\" href=\"https:\/\/www.tiktok.com\/tag\/vitaminac?refer=embed\">#vitaminac<\/a> <a title=\"gripe\" target=\"_blank\" href=\"https:\/\/www.tiktok.com\/tag\/gripe?refer=embed\">#gripe<\/a> <a title=\"resfriado\" target=\"_blank\" href=\"https:\/\/www.tiktok.com\/tag\/resfriado?refer=embed\">#resfriado<\/a> <a title=\"imunidade\" target=\"_blank\" href=\"https:\/\/www.tiktok.com\/tag\/imunidade?refer=embed\">#imunidade<\/a> <a title=\"drauziovarella\" target=\"_blank\" href=\"https:\/\/www.tiktok.com\/tag\/drauziovarella?refer=embed\">#drauziovarella<\/a> <a target=\"_blank\" title=\"\u266c som original - Portal Drauzio\" href=\"https:\/\/www.tiktok.com\/music\/som-original-7501796619621305094?refer=embed\">\u266c som original &#8211; Portal Drauzio<\/a> <\/section> <\/blockquote> <script async src=\"https:\/\/www.tiktok.com\/embed.js\"><\/script>\n\n\n\n<h2 class=\"wp-block-heading\">Qual o papel do Retinol (Vitamina A) nesse processo?<\/h2>\n\n\n\n<p><a href=\"https:\/\/www.correiobraziliense.com.br\/cbradar\/4-sinais-de-que-voce-precisa-de-mais-vitamina-c\/\">Enquanto a <strong>Vitamina C<\/strong><\/a> protege e ilumina durante o dia, a <strong>Vitamina A<\/strong>, na forma de <strong>Retinol<\/strong>, trabalha no &#8220;turno da noite&#8221; para renovar a textura. Ela \u00e9 insubstitu\u00edvel para quem deseja afinar a pele, reduzir poros dilatados e suavizar linhas finas j\u00e1 existentes.<\/p>\n\n\n\n<p>O Retinol acelera o <strong><em>turnover<\/em> celular<\/strong> (troca de c\u00e9lulas mortas por novas), o que \u00e9 vital \u00e0 medida que envelhecemos e esse processo natural desacelera. Por\u00e9m, seu foco \u00e9 mais na reestrutura\u00e7\u00e3o e menos na radi\u00e2ncia imediata, podendo at\u00e9 causar descama\u00e7\u00e3o inicial se n\u00e3o usado corretamente.<\/p>\n\n\n\n<h2 class=\"wp-block-heading\">A Vitamina E potencializa os resultados?<\/h2>\n\n\n\n<p>A<strong><a href=\"https:\/\/pubmed.ncbi.nlm.nih.gov\/16185284\/\" target=\"_blank\" rel=\"noreferrer noopener\"> Vitamina E (Tocoferol) \u00e9 a melhor parceira para a Vitamina C<\/a><\/strong>. Estudos dermatol\u00f3gicos mostram que, quando usadas juntas, elas criam uma sinergia que duplica a fotoprote\u00e7\u00e3o natural da pele.<\/p>\n\n\n\n<p>Sua fun\u00e7\u00e3o principal \u00e9 a hidrata\u00e7\u00e3o profunda e a restaura\u00e7\u00e3o da barreira cut\u00e2nea. Uma pele com a barreira \u00edntegra ret\u00e9m melhor a \u00e1gua, refletindo a luz de forma mais bonita e evitando o aspecto opaco e ressecado que acentua as rugas.<\/p>\n\n\n<div class=\"wp-block-image\">\n<figure class=\"aligncenter size-large\"><img decoding=\"async\" width=\"1024\" height=\"576\" src=\"https:\/\/www.correiobraziliense.com.br\/cbradar\/wp-content\/uploads\/2025\/11\/mosaico_1763411937379-1024x576.jpg\" alt=\"Esse ingrediente do dia a dia pode estar acelerando o envelhecimento da sua pele\" class=\"wp-image-139578\" srcset=\"https:\/\/www.correiobraziliense.com.br\/cbradar\/wp-content\/uploads\/2025\/11\/mosaico_1763411937379-1024x576.jpg 1024w, https:\/\/www.correiobraziliense.com.br\/cbradar\/wp-content\/uploads\/2025\/11\/mosaico_1763411937379-300x169.jpg 300w, https:\/\/www.correiobraziliense.com.br\/cbradar\/wp-content\/uploads\/2025\/11\/mosaico_1763411937379-768x432.jpg 768w, https:\/\/www.correiobraziliense.com.br\/cbradar\/wp-content\/uploads\/2025\/11\/mosaico_1763411937379-750x422.jpg 750w, https:\/\/www.correiobraziliense.com.br\/cbradar\/wp-content\/uploads\/2025\/11\/mosaico_1763411937379-1140x641.jpg 1140w, https:\/\/www.correiobraziliense.com.br\/cbradar\/wp-content\/uploads\/2025\/11\/mosaico_1763411937379.jpg 1280w\" sizes=\"(max-width: 1024px) 100vw, 1024px\" \/><figcaption class=\"wp-element-caption\">Vitamina essencial que auxilia no retardamento do envelhecimento e na sa\u00fade da pele &#8211; Cr\u00e9ditos: depositphotos.com \/ Dream79 &#8211; Cr\u00e9ditos: depositphotos.com \/ evgenyataman<br><\/figcaption><\/figure><\/div>\n\n\n<h2 class=\"wp-block-heading\">\u00c9 melhor ingerir alimentos ou usar s\u00e9runs?<\/h2>\n\n\n\n<p>Para resultados vis\u00edveis na &#8220;radi\u00e2ncia&#8221;, a aplica\u00e7\u00e3o t\u00f3pica (s\u00e9runs e cremes) \u00e9 mais eficaz, pois entrega o ativo diretamente onde ele \u00e9 necess\u00e1rio. No entanto, a nutri\u00e7\u00e3o interna \u00e9 a base que sustenta esses resultados.<\/p>\n\n\n\n<p>Uma dieta rica nessas vitaminas cria um ambiente interno favor\u00e1vel \u00e0 juventude.<\/p>\n\n\n\n<ul class=\"wp-block-list\">\n<li><strong>Fontes de Vitamina C:<\/strong> Laranja, acerola, kiwi, morango e br\u00f3colis.<\/li>\n\n\n\n<li><strong>Fontes de Vitamina A:<\/strong> Cenoura, ab\u00f3bora, espinafre e gema de ovo.<\/li>\n\n\n\n<li><strong>Fontes de Vitamina E:<\/strong> Sementes de girassol, am\u00eandoas, abacate e azeite.<\/li>\n<\/ul>\n\n\n\n<h2 class=\"wp-block-heading\">Como montar a rotina ideal de cuidados?<\/h2>\n\n\n\n<p>A estrat\u00e9gia mais inteligente recomendada por dermatologistas \u00e9 o &#8220;ciclo de vitaminas&#8221;, alternando os ativos nos hor\u00e1rios em que s\u00e3o mais eficazes. A Vitamina C deve ser usada pela manh\u00e3, antes do protetor solar, para formar um escudo contra as agress\u00f5es do dia.<\/p>\n\n\n\n<p>J\u00e1 o Retinol deve ser restrito ao uso noturno, pois \u00e9 fotossens\u00edvel e age melhor durante o sono, momento de reparo celular.<\/p>\n\n\n\n<p>Comparativo pr\u00e1tico dos benef\u00edcios:<\/p>\n\n\n\n<div class=\"google-auto-ads-ignore\" style=\"box-sizing: border-box; display: flex; flex-direction: column; width: 100%; max-width: 800px; margin: 30px auto; background-color: #F4F4F2; color: #000000; border-radius: 16px; overflow: hidden; font-family: 'Segoe UI', Roboto, Helvetica, Arial, sans-serif; box-shadow: 0 6px 18px rgba(10, 35, 71, 0.12); border: 1px solid rgba(10, 35, 71, 0.08); position: relative; z-index: 5;\">\n\n  <div style=\"background-color: #F4F4F2; padding: 30px 25px; border-bottom: 4px solid #38A169; text-align: center;\">\n    <h2 style=\"margin: 0; color: #0A2347; font-size: 1.6rem; letter-spacing: -0.5px; line-height: 1.3;\">\u2728 Rotina de vitaminas para a pele<\/h2>\n    <div style=\"font-size: 1rem; margin-top: 12px; color: #7F838C; font-weight: 500;\">Fluxo de uso e benef\u00edcios visuais<\/div>\n  <\/div>\n\n  <div style=\"padding: 30px 25px; display: flex; flex-wrap: wrap; gap: 20px; background: linear-gradient(to bottom, #F4F4F2, rgba(255,255,255,0.5)); padding-bottom: 40px;\">\n    \n    <div style=\"flex: 1 1 240px; background-color: #FFFFFF; border-radius: 12px; padding: 20px; border-top: 6px solid #f6ad55; box-shadow: 0 4px 8px rgba(0,0,0,0.03); text-align: center;\">\n      \n      <h3 style=\"margin: 0 0 15px 0; color: #0A2347; font-size: 1.3rem; font-weight: 700;\">\n        \ud83c\udf4a Vitamina C\n      <\/h3>\n\n      <div style=\"background-color: #fffaf0; color: #dd6b20; padding: 6px 12px; border-radius: 20px; font-size: 0.9rem; font-weight: 600; display: inline-block; margin-bottom: 15px;\">\n        \u2600\ufe0f Manh\u00e3\n      <\/div>\n\n      <div style=\"color: #cbd5e0; font-size: 1.2rem; margin-bottom: 10px;\">\u2193<\/div>\n\n      <div style=\"margin-bottom: 10px;\">\n        <div style=\"font-size: 0.75rem; color: #7F838C; text-transform: uppercase; font-weight: 700;\">Age como<\/div>\n        <div style=\"font-size: 1rem; font-weight: 600; color: #0A2347;\">Antioxidante e col\u00e1geno<\/div>\n      <\/div>\n\n      <div style=\"color: #38A169; font-size: 1.5rem; margin-bottom: 5px; line-height: 1;\">\u2b07<\/div>\n\n      <div style=\"background-color: #f0fff4; padding: 12px; border-radius: 8px; border: 1px solid #c6f6d5;\">\n        <div style=\"font-size: 0.75rem; color: #276749; text-transform: uppercase; font-weight: 700;\">Efeito visual<\/div>\n        <div style=\"font-size: 1.05rem; font-weight: 700; color: #276749;\">Brilho e uniformidade<\/div>\n      <\/div>\n    <\/div>\n\n    <div style=\"flex: 1 1 240px; background-color: #FFFFFF; border-radius: 12px; padding: 20px; border-top: 6px solid #5a67d8; box-shadow: 0 4px 8px rgba(0,0,0,0.03); text-align: center;\">\n      \n      <h3 style=\"margin: 0 0 15px 0; color: #0A2347; font-size: 1.3rem; font-weight: 700;\">\n        \ud83c\udf19 Vitamina A\n      <\/h3>\n\n      <div style=\"background-color: #ebf4ff; color: #5a67d8; padding: 6px 12px; border-radius: 20px; font-size: 0.9rem; font-weight: 600; display: inline-block; margin-bottom: 15px;\">\n        \ud83c\udf11 Noite\n      <\/div>\n\n      <div style=\"color: #cbd5e0; font-size: 1.2rem; margin-bottom: 10px;\">\u2193<\/div>\n\n      <div style=\"margin-bottom: 10px;\">\n        <div style=\"font-size: 0.75rem; color: #7F838C; text-transform: uppercase; font-weight: 700;\">Age como<\/div>\n        <div style=\"font-size: 1rem; font-weight: 600; color: #0A2347;\">Renova\u00e7\u00e3o celular<\/div>\n      <\/div>\n\n      <div style=\"color: #38A169; font-size: 1.5rem; margin-bottom: 5px; line-height: 1;\">\u2b07<\/div>\n\n      <div style=\"background-color: #f0fff4; padding: 12px; border-radius: 8px; border: 1px solid #c6f6d5;\">\n        <div style=\"font-size: 0.75rem; color: #276749; text-transform: uppercase; font-weight: 700;\">Efeito visual<\/div>\n        <div style=\"font-size: 1.05rem; font-weight: 700; color: #276749;\">Textura lisa e firmeza<\/div>\n      <\/div>\n    <\/div>\n\n    <div style=\"flex: 1 1 240px; background-color: #FFFFFF; border-radius: 12px; padding: 20px; border-top: 6px solid #38b2ac; box-shadow: 0 4px 8px rgba(0,0,0,0.03); text-align: center;\">\n      \n      <h3 style=\"margin: 0 0 15px 0; color: #0A2347; font-size: 1.3rem; font-weight: 700;\">\n        \ud83d\udca7 Vitamina E\n      <\/h3>\n\n      <div style=\"background-color: #e6fffa; color: #319795; padding: 6px 12px; border-radius: 20px; font-size: 0.9rem; font-weight: 600; display: inline-block; margin-bottom: 15px;\">\n        \u2600\ufe0f\/\ud83c\udf11 Manh\u00e3 ou noite\n      <\/div>\n\n      <div style=\"color: #cbd5e0; font-size: 1.2rem; margin-bottom: 10px;\">\u2193<\/div>\n\n      <div style=\"margin-bottom: 10px;\">\n        <div style=\"font-size: 0.75rem; color: #7F838C; text-transform: uppercase; font-weight: 700;\">Age como<\/div>\n        <div style=\"font-size: 1rem; font-weight: 600; color: #0A2347;\">Hidrata\u00e7\u00e3o e barreira<\/div>\n      <\/div>\n\n      <div style=\"color: #38A169; font-size: 1.5rem; margin-bottom: 5px; line-height: 1;\">\u2b07<\/div>\n\n      <div style=\"background-color: #f0fff4; padding: 12px; border-radius: 8px; border: 1px solid #c6f6d5;\">\n        <div style=\"font-size: 0.75rem; color: #276749; text-transform: uppercase; font-weight: 700;\">Efeito visual<\/div>\n        <div style=\"font-size: 1.05rem; font-weight: 700; color: #276749;\">Maciez e elasticidade<\/div>\n      <\/div>\n    <\/div>\n\n  <\/div>\n<\/div>\n\n\n\n<h2 class=\"wp-block-heading\">Quais cuidados tomar ao iniciar o uso?<\/h2>\n\n\n\n<p>Ativos concentrados, especialmente o Retinol e a Vitamina C pura, podem causar sensibilidade em peles n\u00e3o acostumadas. O ideal \u00e9 come\u00e7ar com concentra\u00e7\u00f5es baixas e alternar os dias de uso at\u00e9 que a pele desenvolva toler\u00e2ncia.<\/p>\n\n\n\n<p>O uso de <strong>filtro solar<\/strong> \u00e9 inegoci\u00e1vel. Como essas vitaminas afinam e renovam a pele, a exposi\u00e7\u00e3o solar sem prote\u00e7\u00e3o pode causar o efeito reverso, gerando manchas e queimaduras.<\/p>\n\n\n\n<div class=\"google-auto-ads-ignore\" style=\"box-sizing: border-box; display: flex; flex-direction: column; width: 100%; max-width: 800px; margin: 30px auto; background-color: #F4F4F2; color: #0A2347; border-radius: 12px; overflow: hidden; font-family: 'Segoe UI', Roboto, Helvetica, Arial, sans-serif; border-left: 6px solid #38A169; box-shadow: 0 4px 12px rgba(10, 35, 71, 0.08);\">\n  <div style=\"padding: 25px; display: flex; align-items: center; gap: 20px;\">\n    <div style=\"font-size: 2rem; flex-shrink: 0;\">\ud83e\ude7a<\/div>\n    \n    <div style=\"font-size: 1rem; line-height: 1.5; font-weight: 500;\">\n      <strong style=\"display: block; margin-bottom: 4px; color: #38A169; text-transform: uppercase; font-size: 0.8rem; letter-spacing: 1px;\">Aviso legal<\/strong>\n      O conte\u00fado desta p\u00e1gina \u00e9 informativo. Antes de iniciar tratamentos, dietas ou realizar mudan\u00e7as na sua rotina, consulte sempre um m\u00e9dico ou especialista.\n    <\/div>\n  <\/div>\n<\/div>\n","protected":false},"excerpt":{"rendered":"<p>A melhor vitamina para a pele quando o objetivo \u00e9 unir preven\u00e7\u00e3o do envelhecimento e luminosidade imediata \u00e9 a Vitamina C. Embora o Retinol (Vitamina A) seja o padr\u00e3o-ouro para reverter rugas, a Vitamina C (\u00c1cido Asc\u00f3rbico) \u00e9 imbat\u00edvel na prote\u00e7\u00e3o di\u00e1ria, no est\u00edmulo de col\u00e1geno e na entrega daquele &#8220;glow&#8221; saud\u00e1vel que define uma [&hellip;]<\/p>\n","protected":false},"author":11,"featured_media":184812,"comment_status":"open","ping_status":"open","sticky":false,"template":"","format":"standard","meta":{"_yoast_wpseo_focuskw":"Vitamina essencial","_yoast_wpseo_title":"","_yoast_wpseo_metadesc":"Vitamina essencial atua na prote\u00e7\u00e3o celular ajudando a retardar o envelhecimento e manter a pele radiante, firme e saud\u00e1vel com apar\u00eancia jovem por mais tempo","jnews-multi-image_gallery":[],"jnews_single_post":{"format":"standard"},"jnews_primary_category":[],"jnews_social_meta":[],"jnews_override_counter":[],"footnotes":""},"categories":[119],"tags":[5364,3634,4258],"class_list":["post-183752","post","type-post","status-publish","format-standard","has-post-thumbnail","hentry","category-bem-estar","tag-pele-2","tag-vitamina","tag-vitamina-c"],"yoast_head":"<!-- This site is optimized with the Yoast SEO plugin v24.6 - https:\/\/yoast.com\/wordpress\/plugins\/seo\/ -->\n<title>A melhor vitamina para retardar o envelhecimento e manter a pele radiante - Correio Braziliense - Radar<\/title>\n<meta name=\"description\" content=\"Vitamina essencial atua na prote\u00e7\u00e3o celular ajudando a retardar o envelhecimento e manter a pele radiante, firme e saud\u00e1vel com apar\u00eancia jovem por mais tempo\" \/>\n<meta name=\"robots\" content=\"index, follow, max-snippet:-1, max-image-preview:large, max-video-preview:-1\" \/>\n<link rel=\"canonical\" href=\"https:\/\/www.correiobraziliense.com.br\/cbradar\/a-melhor-vitamina-para-retardar-o-envelhecimento-e-manter-a-pele-radiante\/\" \/>\n<meta property=\"og:locale\" content=\"pt_BR\" \/>\n<meta property=\"og:type\" content=\"article\" \/>\n<meta property=\"og:title\" content=\"A melhor vitamina para retardar o envelhecimento e manter a pele radiante - Correio Braziliense - Radar\" \/>\n<meta property=\"og:description\" content=\"Vitamina essencial atua na prote\u00e7\u00e3o celular ajudando a retardar o envelhecimento e manter a pele radiante, firme e saud\u00e1vel com apar\u00eancia jovem por mais tempo\" \/>\n<meta property=\"og:url\" content=\"https:\/\/www.correiobraziliense.com.br\/cbradar\/a-melhor-vitamina-para-retardar-o-envelhecimento-e-manter-a-pele-radiante\/\" \/>\n<meta property=\"og:site_name\" content=\"Correio Braziliense - Radar\" \/>\n<meta property=\"article:published_time\" content=\"2026-01-31T10:25:00+00:00\" \/>\n<meta property=\"og:image\" content=\"https:\/\/www.correiobraziliense.com.br\/cbradar\/wp-content\/uploads\/2026\/01\/freepik__mulher-adulta-com-pele-morena-clara-rosto-em-close__79741.jpeg\" \/>\n\t<meta property=\"og:image:width\" content=\"1280\" \/>\n\t<meta property=\"og:image:height\" content=\"720\" \/>\n\t<meta property=\"og:image:type\" content=\"image\/jpeg\" \/>\n<meta name=\"author\" content=\"Paulo Custodio\" \/>\n<meta name=\"twitter:card\" content=\"summary_large_image\" \/>\n<meta name=\"twitter:label1\" content=\"Escrito por\" \/>\n\t<meta name=\"twitter:data1\" content=\"Paulo Custodio\" \/>\n\t<meta name=\"twitter:label2\" content=\"Est. tempo de leitura\" \/>\n\t<meta name=\"twitter:data2\" content=\"5 minutos\" \/>\n<!-- \/ Yoast SEO plugin. -->","yoast_head_json":{"title":"A melhor vitamina para retardar o envelhecimento e manter a pele radiante - Correio Braziliense - Radar","description":"Vitamina essencial atua na prote\u00e7\u00e3o celular ajudando a retardar o envelhecimento e manter a pele radiante, firme e saud\u00e1vel com apar\u00eancia jovem por mais tempo","robots":{"index":"index","follow":"follow","max-snippet":"max-snippet:-1","max-image-preview":"max-image-preview:large","max-video-preview":"max-video-preview:-1"},"canonical":"https:\/\/www.correiobraziliense.com.br\/cbradar\/a-melhor-vitamina-para-retardar-o-envelhecimento-e-manter-a-pele-radiante\/","og_locale":"pt_BR","og_type":"article","og_title":"A melhor vitamina para retardar o envelhecimento e manter a pele radiante - Correio Braziliense - Radar","og_description":"Vitamina essencial atua na prote\u00e7\u00e3o celular ajudando a retardar o envelhecimento e manter a pele radiante, firme e saud\u00e1vel com apar\u00eancia jovem por mais tempo","og_url":"https:\/\/www.correiobraziliense.com.br\/cbradar\/a-melhor-vitamina-para-retardar-o-envelhecimento-e-manter-a-pele-radiante\/","og_site_name":"Correio Braziliense - Radar","article_published_time":"2026-01-31T10:25:00+00:00","og_image":[{"width":1280,"height":720,"url":"https:\/\/www.correiobraziliense.com.br\/cbradar\/wp-content\/uploads\/2026\/01\/freepik__mulher-adulta-com-pele-morena-clara-rosto-em-close__79741.jpeg","type":"image\/jpeg"}],"author":"Paulo Custodio","twitter_card":"summary_large_image","twitter_misc":{"Escrito por":"Paulo Custodio","Est. tempo de leitura":"5 minutos"},"schema":{"@context":"https:\/\/schema.org","@graph":[{"@type":"WebPage","@id":"https:\/\/www.correiobraziliense.com.br\/cbradar\/a-melhor-vitamina-para-retardar-o-envelhecimento-e-manter-a-pele-radiante\/","url":"https:\/\/www.correiobraziliense.com.br\/cbradar\/a-melhor-vitamina-para-retardar-o-envelhecimento-e-manter-a-pele-radiante\/","name":"A melhor vitamina para retardar o envelhecimento e manter a pele radiante - Correio Braziliense - Radar","isPartOf":{"@id":"https:\/\/www.correiobraziliense.com.br\/cbradar\/#website"},"primaryImageOfPage":{"@id":"https:\/\/www.correiobraziliense.com.br\/cbradar\/a-melhor-vitamina-para-retardar-o-envelhecimento-e-manter-a-pele-radiante\/#primaryimage"},"image":{"@id":"https:\/\/www.correiobraziliense.com.br\/cbradar\/a-melhor-vitamina-para-retardar-o-envelhecimento-e-manter-a-pele-radiante\/#primaryimage"},"thumbnailUrl":"https:\/\/www.correiobraziliense.com.br\/cbradar\/wp-content\/uploads\/2026\/01\/freepik__mulher-adulta-com-pele-morena-clara-rosto-em-close__79741.jpeg","datePublished":"2026-01-31T10:25:00+00:00","author":{"@id":"https:\/\/www.correiobraziliense.com.br\/cbradar\/#\/schema\/person\/4cec7857301a9a1a2ef249893cd908d3"},"description":"Vitamina essencial atua na prote\u00e7\u00e3o celular ajudando a retardar o envelhecimento e manter a pele radiante, firme e saud\u00e1vel com apar\u00eancia jovem por mais tempo","breadcrumb":{"@id":"https:\/\/www.correiobraziliense.com.br\/cbradar\/a-melhor-vitamina-para-retardar-o-envelhecimento-e-manter-a-pele-radiante\/#breadcrumb"},"inLanguage":"pt-BR","potentialAction":[{"@type":"ReadAction","target":["https:\/\/www.correiobraziliense.com.br\/cbradar\/a-melhor-vitamina-para-retardar-o-envelhecimento-e-manter-a-pele-radiante\/"]}]},{"@type":"ImageObject","inLanguage":"pt-BR","@id":"https:\/\/www.correiobraziliense.com.br\/cbradar\/a-melhor-vitamina-para-retardar-o-envelhecimento-e-manter-a-pele-radiante\/#primaryimage","url":"https:\/\/www.correiobraziliense.com.br\/cbradar\/wp-content\/uploads\/2026\/01\/freepik__mulher-adulta-com-pele-morena-clara-rosto-em-close__79741.jpeg","contentUrl":"https:\/\/www.correiobraziliense.com.br\/cbradar\/wp-content\/uploads\/2026\/01\/freepik__mulher-adulta-com-pele-morena-clara-rosto-em-close__79741.jpeg","width":1280,"height":720,"caption":"A Vitamina C ajuda a estimular a produ\u00e7\u00e3o de col\u00e1geno"},{"@type":"BreadcrumbList","@id":"https:\/\/www.correiobraziliense.com.br\/cbradar\/a-melhor-vitamina-para-retardar-o-envelhecimento-e-manter-a-pele-radiante\/#breadcrumb","itemListElement":[{"@type":"ListItem","position":1,"name":"In\u00edcio","item":"https:\/\/www.correiobraziliense.com.br\/cbradar\/"},{"@type":"ListItem","position":2,"name":"A melhor vitamina para retardar o envelhecimento e manter a pele radiante"}]},{"@type":"WebSite","@id":"https:\/\/www.correiobraziliense.com.br\/cbradar\/#website","url":"https:\/\/www.correiobraziliense.com.br\/cbradar\/","name":"Correio Braziliense - Radar","description":"Acompanhe as \u00faltimas not\u00edcias e fique bem informado sobre tudo o que acontece no Brasil e no mundo.","potentialAction":[{"@type":"SearchAction","target":{"@type":"EntryPoint","urlTemplate":"https:\/\/www.correiobraziliense.com.br\/cbradar\/?s={search_term_string}"},"query-input":{"@type":"PropertyValueSpecification","valueRequired":true,"valueName":"search_term_string"}}],"inLanguage":"pt-BR"},{"@type":"Person","@id":"https:\/\/www.correiobraziliense.com.br\/cbradar\/#\/schema\/person\/4cec7857301a9a1a2ef249893cd908d3","name":"Paulo Custodio","image":{"@type":"ImageObject","inLanguage":"pt-BR","@id":"https:\/\/www.correiobraziliense.com.br\/cbradar\/#\/schema\/person\/image\/","url":"https:\/\/secure.gravatar.com\/avatar\/bcd67168d1534e8fcf4f45c726a87cea?s=96&d=mm&r=g","contentUrl":"https:\/\/secure.gravatar.com\/avatar\/bcd67168d1534e8fcf4f45c726a87cea?s=96&d=mm&r=g","caption":"Paulo Custodio"},"sameAs":["https:\/\/www.correiobraziliense.com.br\/cbradar"],"url":"https:\/\/www.correiobraziliense.com.br\/cbradar\/author\/paulomyth\/"}]}},"_links":{"self":[{"href":"https:\/\/www.correiobraziliense.com.br\/cbradar\/wp-json\/wp\/v2\/posts\/183752","targetHints":{"allow":["GET"]}}],"collection":[{"href":"https:\/\/www.correiobraziliense.com.br\/cbradar\/wp-json\/wp\/v2\/posts"}],"about":[{"href":"https:\/\/www.correiobraziliense.com.br\/cbradar\/wp-json\/wp\/v2\/types\/post"}],"author":[{"embeddable":true,"href":"https:\/\/www.correiobraziliense.com.br\/cbradar\/wp-json\/wp\/v2\/users\/11"}],"replies":[{"embeddable":true,"href":"https:\/\/www.correiobraziliense.com.br\/cbradar\/wp-json\/wp\/v2\/comments?post=183752"}],"version-history":[{"count":4,"href":"https:\/\/www.correiobraziliense.com.br\/cbradar\/wp-json\/wp\/v2\/posts\/183752\/revisions"}],"predecessor-version":[{"id":184652,"href":"https:\/\/www.correiobraziliense.com.br\/cbradar\/wp-json\/wp\/v2\/posts\/183752\/revisions\/184652"}],"wp:featuredmedia":[{"embeddable":true,"href":"https:\/\/www.correiobraziliense.com.br\/cbradar\/wp-json\/wp\/v2\/media\/184812"}],"wp:attachment":[{"href":"https:\/\/www.correiobraziliense.com.br\/cbradar\/wp-json\/wp\/v2\/media?parent=183752"}],"wp:term":[{"taxonomy":"category","embeddable":true,"href":"https:\/\/www.correiobraziliense.com.br\/cbradar\/wp-json\/wp\/v2\/categories?post=183752"},{"taxonomy":"post_tag","embeddable":true,"href":"https:\/\/www.correiobraziliense.com.br\/cbradar\/wp-json\/wp\/v2\/tags?post=183752"}],"curies":[{"name":"wp","href":"https:\/\/api.w.org\/{rel}","templated":true}]}}