{"id":183816,"date":"2026-01-29T07:59:07","date_gmt":"2026-01-29T10:59:07","guid":{"rendered":"https:\/\/www.correiobraziliense.com.br\/cbradar\/?p=183816"},"modified":"2026-01-29T07:59:11","modified_gmt":"2026-01-29T10:59:11","slug":"esses-hidratantes-da-natura-sao-lembrados-pelo-cheiro-mesmo-horas-depois","status":"publish","type":"post","link":"https:\/\/www.correiobraziliense.com.br\/cbradar\/esses-hidratantes-da-natura-sao-lembrados-pelo-cheiro-mesmo-horas-depois\/","title":{"rendered":"Esses hidratantes da Natura s\u00e3o lembrados pelo cheiro mesmo horas depois"},"content":{"rendered":"\n<p>A <strong>Natura<\/strong> \u00e9 amplamente reconhecida pela qualidade excepcional de seus produtos de autocuidado, que combinam ingredientes da biodiversidade brasileira com fragr\u00e2ncias marcantes e duradouras. Escolher o hidratante ideal envolve considerar tanto o poder de nutri\u00e7\u00e3o quanto o perfil olfativo que melhor combina com sua personalidade <strong>verdadeiramente \u00fanica e aut\u00eantica<\/strong> hoje.<\/p>\n\n\n\n<h2 class=\"wp-block-heading\">Quais fragr\u00e2ncias de Tododia s\u00e3o as favoritas do p\u00fablico?<\/h2>\n\n\n\n<p>A linha <strong>Tododia<\/strong> oferece op\u00e7\u00f5es que agradam desde quem prefere notas adocicadas at\u00e9 quem busca frescor imediato ap\u00f3s o banho. O hidratante de <strong>Cereja e Avel\u00e3<\/strong> \u00e9 um sucesso absoluto durante o inverno por sua cremosidade envolvente e aroma intenso. <strong>Nutrir a pele diariamente<\/strong> traz conforto.<\/p>\n\n\n\n<p>No cat\u00e1logo oficial da marca, voc\u00ea encontra diversas varia\u00e7\u00f5es que se adaptam \u00e0s necessidades espec\u00edficas de cada tipo de pele brasileira. A fragr\u00e2ncia de <strong>Algod\u00e3o<\/strong> destaca-se pela suavidade e pela sensa\u00e7\u00e3o de limpeza prolongada. <strong>Manter o corpo perfumado<\/strong> eleva a autoestima hoje.<\/p>\n\n\n\n<p>A linha Tododia de Algod\u00e3o ganha ainda mais destaque quando indicada por criadores de conte\u00fado confi\u00e1veis. <strong>Maria J\u00e9ssica<\/strong>, que soma 106,2 mil seguidores, compartilha sua experi\u00eancia com a fragr\u00e2ncia e os benef\u00edcios do produto, aproximando o cuidado di\u00e1rio da rotina real de quem busca conforto, suavidade e bem-estar:<\/p>\n\n\n\n<blockquote class=\"tiktok-embed\" cite=\"https:\/\/www.tiktok.com\/@maariajessica\/video\/7458046067402083589\" data-video-id=\"7458046067402083589\" style=\"max-width: 605px;min-width: 325px;\" > <section> <a target=\"_blank\" title=\"@maariajessica\" href=\"https:\/\/www.tiktok.com\/@maariajessica?refer=embed\">@maariajessica<\/a> @Natura Brasil amoooooo \ud83d\udc96  <a title=\"natura\" target=\"_blank\" href=\"https:\/\/www.tiktok.com\/tag\/natura?refer=embed\">#natura<\/a> <a title=\"perfumes\" target=\"_blank\" href=\"https:\/\/www.tiktok.com\/tag\/perfumes?refer=embed\">#perfumes<\/a> <a title=\"daily\" target=\"_blank\" href=\"https:\/\/www.tiktok.com\/tag\/daily?refer=embed\">#daily<\/a> <a title=\"naturatododia\" target=\"_blank\" href=\"https:\/\/www.tiktok.com\/tag\/naturatododia?refer=embed\">#naturatododia<\/a> <a title=\"bodysplash\" target=\"_blank\" href=\"https:\/\/www.tiktok.com\/tag\/bodysplash?refer=embed\">#bodysplash<\/a> <a title=\"perfumetiktok\" target=\"_blank\" href=\"https:\/\/www.tiktok.com\/tag\/perfumetiktok?refer=embed\">#perfumetiktok<\/a> <a title=\"fouryou\" target=\"_blank\" href=\"https:\/\/www.tiktok.com\/tag\/fouryou?refer=embed\">#fouryou<\/a> <a target=\"_blank\" title=\"\u266c som original - Maria J\u00e9ssica\" href=\"https:\/\/www.tiktok.com\/music\/som-original-7458046082435517189?refer=embed\">\u266c som original &#8211; Maria J\u00e9ssica<\/a> <\/section> <\/blockquote> <script async src=\"https:\/\/www.tiktok.com\/embed.js\"><\/script>\n\n\n\n<h2 class=\"wp-block-heading\">Como a linha Ekos utiliza ativos da biodiversidade nacional?<\/h2>\n\n\n\n<p>A cole\u00e7\u00e3o <strong>Ekos<\/strong> foca em bioativos potentes que entregam benef\u00edcios reais enquanto promovem uma experi\u00eancia sensorial conectada com a natureza amaz\u00f4nica. O hidratante de <strong>Castanha<\/strong> \u00e9 mundialmente famoso pela sua capacidade de nutrir as camadas mais profundas da derme. <strong>Valorizar ingredientes naturais<\/strong> \u00e9 essencial.<\/p>\n\n\n\n<p>J\u00e1 a polpa de <strong>Mo\u00e7a<\/strong> oferece um perfume floral delicado que remete ao frescor das \u00e1guas da floresta tropical. Esse produto \u00e9 ideal para quem deseja uma hidrata\u00e7\u00e3o leve, mas que permane\u00e7a na pele por muitas horas seguidas. <strong>Cuidar do meio ambiente<\/strong> \u00e9 importante.<\/p>\n\n\n\n<p>Na minha humilde opini\u00e3o, os melhores hidratantes s\u00e3o todos da linha Ekos, conhecidos pela qualidade e sensorial marcante. A criadora <strong>Marinadealcantara_<\/strong>, com 655,9 mil seguidores, refor\u00e7a essa percep\u00e7\u00e3o ao compartilhar suas experi\u00eancias reais com os produtos, destacando hidrata\u00e7\u00e3o, fragr\u00e2ncias envolventes e o cuidado inspirado na biodiversidade brasileira:<\/p>\n\n\n\n<blockquote class=\"tiktok-embed\" cite=\"https:\/\/www.tiktok.com\/@marinadealcantara_\/video\/7262479546954386694\" data-video-id=\"7262479546954386694\" style=\"max-width: 605px;min-width: 325px;\" > <section> <a target=\"_blank\" title=\"@marinadealcantara_\" href=\"https:\/\/www.tiktok.com\/@marinadealcantara_?refer=embed\">@marinadealcantara_<\/a> Na minha humilde opini\u00e3o s\u00e3o todos da linha ekos \ud83d\ude0d\ud83d\ude0d\ud83d\ude0d <a title=\"melhorhidratante\" target=\"_blank\" href=\"https:\/\/www.tiktok.com\/tag\/melhorhidratante?refer=embed\">#melhorhidratante<\/a> <a title=\"hidratantenatura\" target=\"_blank\" href=\"https:\/\/www.tiktok.com\/tag\/hidratantenatura?refer=embed\">#hidratantenatura<\/a> <a title=\"natura\" target=\"_blank\" href=\"https:\/\/www.tiktok.com\/tag\/natura?refer=embed\">#natura<\/a> <a title=\"mariperfumetok\" target=\"_blank\" href=\"https:\/\/www.tiktok.com\/tag\/mariperfumetok?refer=embed\">#mariperfumetok<\/a> <a target=\"_blank\" title=\"\u266c som original - marinadealcantara_\" href=\"https:\/\/www.tiktok.com\/music\/som-original-7262479573719878406?refer=embed\">\u266c som original &#8211; marinadealcantara_<\/a> <\/section> <\/blockquote> <script async src=\"https:\/\/www.tiktok.com\/embed.js\"><\/script>\n\n\n\n<h2 class=\"wp-block-heading\">Quais s\u00e3o os cinco hidratantes mais cheirosos da marca?<\/h2>\n\n\n\n<p>Selecionar as melhores op\u00e7\u00f5es exige analisar a fixa\u00e7\u00e3o do aroma e a textura que cada creme deixa sobre o corpo. Essas escolhas refletem os desejos de consumidores que buscam por sofistica\u00e7\u00e3o e bem-estar em um \u00fanico pote. <strong>Escolher o melhor aroma<\/strong> transforma sua rotina.<\/p>\n\n\n\n<p>Confira a lista abaixo:<\/p>\n\n\n\n<ul class=\"wp-block-list\">\n<li><strong>Cereja e Avel\u00e3<\/strong> para uma hidrata\u00e7\u00e3o intensa e doce.<\/li>\n\n\n\n<li><strong>Castanha<\/strong> focado em nutri\u00e7\u00e3o profunda e cheiro cl\u00e1ssico.<\/li>\n\n\n\n<li><strong>Algod\u00e3o<\/strong> perfeito para quem busca leveza e suavidade.<\/li>\n\n\n\n<li><strong>T\u00e2mara e Canela<\/strong> com notas quentes e sensuais.<\/li>\n\n\n\n<li><strong>Flor de Lis<\/strong> ideal para dias quentes e frescos.<\/li>\n<\/ul>\n\n\n\n<h2 class=\"wp-block-heading\">Por que a fixa\u00e7\u00e3o dos hidratantes da Natura surpreende?<\/h2>\n\n\n\n<p>A tecnologia utilizada nas f\u00f3rmulas permite que as mol\u00e9culas de perfume sejam liberadas gradualmente ao longo do dia todo. Isso garante que a fragr\u00e2ncia n\u00e3o desapare\u00e7a poucos minutos ap\u00f3s a aplica\u00e7\u00e3o, mantendo a pele cheirosa e macia. <strong>Garantir perfuma\u00e7\u00e3o duradoura<\/strong> \u00e9 o diferencial.<\/p>\n\n\n\n<p>Al\u00e9m disso, a base vegetal dos cremes facilita a absor\u00e7\u00e3o dos ativos, impedindo que o produto fique pegajoso ou desconfort\u00e1vel no clima tropical. O uso constante ajuda a fortalecer a barreira de prote\u00e7\u00e3o natural contra agentes externos nocivos. <strong>Proteger o tecido cut\u00e2neo<\/strong> \u00e9 vital.<\/p>\n\n\n<div class=\"wp-block-image\">\n<figure class=\"aligncenter size-large\"><img decoding=\"async\" width=\"1024\" height=\"576\" src=\"https:\/\/www.correiobraziliense.com.br\/cbradar\/wp-content\/uploads\/2026\/01\/Gemini_Generated_Image_ydu6u7ydu6u7ydu6-1-1-1024x576.png\" alt=\"Esses hidratantes da Natura s\u00e3o lembrados pelo cheiro mesmo horas depois\" class=\"wp-image-183817\" srcset=\"https:\/\/www.correiobraziliense.com.br\/cbradar\/wp-content\/uploads\/2026\/01\/Gemini_Generated_Image_ydu6u7ydu6u7ydu6-1-1-1024x576.png 1024w, https:\/\/www.correiobraziliense.com.br\/cbradar\/wp-content\/uploads\/2026\/01\/Gemini_Generated_Image_ydu6u7ydu6u7ydu6-1-1-300x169.png 300w, https:\/\/www.correiobraziliense.com.br\/cbradar\/wp-content\/uploads\/2026\/01\/Gemini_Generated_Image_ydu6u7ydu6u7ydu6-1-1-768x432.png 768w, https:\/\/www.correiobraziliense.com.br\/cbradar\/wp-content\/uploads\/2026\/01\/Gemini_Generated_Image_ydu6u7ydu6u7ydu6-1-1-750x422.png 750w, https:\/\/www.correiobraziliense.com.br\/cbradar\/wp-content\/uploads\/2026\/01\/Gemini_Generated_Image_ydu6u7ydu6u7ydu6-1-1-1140x641.png 1140w, https:\/\/www.correiobraziliense.com.br\/cbradar\/wp-content\/uploads\/2026\/01\/Gemini_Generated_Image_ydu6u7ydu6u7ydu6-1-1.png 1280w\" sizes=\"(max-width: 1024px) 100vw, 1024px\" \/><figcaption class=\"wp-element-caption\">Hidratantes que cuidam da pele e deixam perfume percept\u00edvel por mais tempo<\/figcaption><\/figure><\/div>\n\n\n<h2 class=\"wp-block-heading\">Como escolher o aroma ideal para cada esta\u00e7\u00e3o?<\/h2>\n\n\n\n<p>Durante o ver\u00e3o, o ideal \u00e9 optar por vers\u00f5es mais leves e frutais que proporcionem uma sensa\u00e7\u00e3o de frescor imediato. J\u00e1 nos meses frios, as notas amadeiradas ou gourmand trazem o aconchego necess\u00e1rio para enfrentar as baixas temperaturas. <strong>Adaptar sua escolha olfativa<\/strong> \u00e9 inteligente.<\/p>\n\n\n\n<p>A <a href=\"https:\/\/www.correiobraziliense.com.br\/cbradar\/os-5-perfumes-da-natura-que-sao-sucesso-absoluto-pela-sua-longa-duracao\/\" target=\"_blank\" rel=\"noreferrer noopener\"><strong>Natura<\/strong> <\/a>investe em pesquisas constantes para desenvolver refis que reduzem o impacto ambiental e garantem economia para o consumidor. Voc\u00ea pode consultar as composi\u00e7\u00f5es detalhadas no<strong> <a href=\"https:\/\/www.natura.com.br\" target=\"_blank\" rel=\"noreferrer noopener\">site oficial<\/a> <\/strong>para verificar poss\u00edveis al\u00e9rgenos. <strong>Consumir de forma consciente<\/strong> protege o planeta.<\/p>\n","protected":false},"excerpt":{"rendered":"<p>A Natura \u00e9 amplamente reconhecida pela qualidade excepcional de seus produtos de autocuidado, que combinam ingredientes da biodiversidade brasileira com fragr\u00e2ncias marcantes e duradouras. Escolher o hidratante ideal envolve considerar tanto o poder de nutri\u00e7\u00e3o quanto o perfil olfativo que melhor combina com sua personalidade verdadeiramente \u00fanica e aut\u00eantica hoje. Quais fragr\u00e2ncias de Tododia s\u00e3o [&hellip;]<\/p>\n","protected":false},"author":21,"featured_media":183818,"comment_status":"open","ping_status":"open","sticky":false,"template":"","format":"standard","meta":{"_yoast_wpseo_focuskw":"hidratantes mais cheirosos da Natura","_yoast_wpseo_title":"","_yoast_wpseo_metadesc":"Hidratantes da Natura combinam nutri\u00e7\u00e3o intensa com fragr\u00e2ncias que permanecem na pele por horas ap\u00f3s a aplica\u00e7\u00e3o.","jnews-multi-image_gallery":[],"jnews_single_post":{"format":"standard"},"jnews_primary_category":[],"jnews_social_meta":[],"jnews_override_counter":[],"footnotes":""},"categories":[124],"tags":[125,14268,13548,747],"class_list":["post-183816","post","type-post","status-publish","format-standard","has-post-thumbnail","hentry","category-beleza","tag-beleza","tag-hidratantes","tag-natura","tag-perfumes"],"yoast_head":"<!-- This site is optimized with the Yoast SEO plugin v24.6 - https:\/\/yoast.com\/wordpress\/plugins\/seo\/ -->\n<title>Esses hidratantes da Natura s\u00e3o lembrados pelo cheiro mesmo horas depois - Correio Braziliense - Radar<\/title>\n<meta name=\"description\" content=\"Hidratantes da Natura combinam nutri\u00e7\u00e3o intensa com fragr\u00e2ncias que permanecem na pele por horas ap\u00f3s a aplica\u00e7\u00e3o.\" \/>\n<meta name=\"robots\" content=\"index, follow, max-snippet:-1, max-image-preview:large, max-video-preview:-1\" \/>\n<link rel=\"canonical\" href=\"https:\/\/www.correiobraziliense.com.br\/cbradar\/esses-hidratantes-da-natura-sao-lembrados-pelo-cheiro-mesmo-horas-depois\/\" \/>\n<meta property=\"og:locale\" content=\"pt_BR\" \/>\n<meta property=\"og:type\" content=\"article\" \/>\n<meta property=\"og:title\" content=\"Esses hidratantes da Natura s\u00e3o lembrados pelo cheiro mesmo horas depois - Correio Braziliense - Radar\" \/>\n<meta property=\"og:description\" content=\"Hidratantes da Natura combinam nutri\u00e7\u00e3o intensa com fragr\u00e2ncias que permanecem na pele por horas ap\u00f3s a aplica\u00e7\u00e3o.\" \/>\n<meta property=\"og:url\" content=\"https:\/\/www.correiobraziliense.com.br\/cbradar\/esses-hidratantes-da-natura-sao-lembrados-pelo-cheiro-mesmo-horas-depois\/\" \/>\n<meta property=\"og:site_name\" content=\"Correio Braziliense - Radar\" \/>\n<meta property=\"article:published_time\" content=\"2026-01-29T10:59:07+00:00\" \/>\n<meta property=\"article:modified_time\" content=\"2026-01-29T10:59:11+00:00\" \/>\n<meta property=\"og:image\" content=\"https:\/\/www.correiobraziliense.com.br\/cbradar\/wp-content\/uploads\/2026\/01\/Gemini_Generated_Image_ybkaotybkaotybka-1-1.png\" \/>\n\t<meta property=\"og:image:width\" content=\"1280\" \/>\n\t<meta property=\"og:image:height\" content=\"720\" \/>\n\t<meta property=\"og:image:type\" content=\"image\/png\" \/>\n<meta name=\"author\" content=\"Patrick Silva\" \/>\n<meta name=\"twitter:card\" content=\"summary_large_image\" \/>\n<meta name=\"twitter:label1\" content=\"Escrito por\" \/>\n\t<meta name=\"twitter:data1\" content=\"Patrick Silva\" \/>\n\t<meta name=\"twitter:label2\" content=\"Est. tempo de leitura\" \/>\n\t<meta name=\"twitter:data2\" content=\"4 minutos\" \/>\n<!-- \/ Yoast SEO plugin. -->","yoast_head_json":{"title":"Esses hidratantes da Natura s\u00e3o lembrados pelo cheiro mesmo horas depois - Correio Braziliense - Radar","description":"Hidratantes da Natura combinam nutri\u00e7\u00e3o intensa com fragr\u00e2ncias que permanecem na pele por horas ap\u00f3s a aplica\u00e7\u00e3o.","robots":{"index":"index","follow":"follow","max-snippet":"max-snippet:-1","max-image-preview":"max-image-preview:large","max-video-preview":"max-video-preview:-1"},"canonical":"https:\/\/www.correiobraziliense.com.br\/cbradar\/esses-hidratantes-da-natura-sao-lembrados-pelo-cheiro-mesmo-horas-depois\/","og_locale":"pt_BR","og_type":"article","og_title":"Esses hidratantes da Natura s\u00e3o lembrados pelo cheiro mesmo horas depois - Correio Braziliense - Radar","og_description":"Hidratantes da Natura combinam nutri\u00e7\u00e3o intensa com fragr\u00e2ncias que permanecem na pele por horas ap\u00f3s a aplica\u00e7\u00e3o.","og_url":"https:\/\/www.correiobraziliense.com.br\/cbradar\/esses-hidratantes-da-natura-sao-lembrados-pelo-cheiro-mesmo-horas-depois\/","og_site_name":"Correio Braziliense - Radar","article_published_time":"2026-01-29T10:59:07+00:00","article_modified_time":"2026-01-29T10:59:11+00:00","og_image":[{"width":1280,"height":720,"url":"https:\/\/www.correiobraziliense.com.br\/cbradar\/wp-content\/uploads\/2026\/01\/Gemini_Generated_Image_ybkaotybkaotybka-1-1.png","type":"image\/png"}],"author":"Patrick Silva","twitter_card":"summary_large_image","twitter_misc":{"Escrito por":"Patrick Silva","Est. tempo de leitura":"4 minutos"},"schema":{"@context":"https:\/\/schema.org","@graph":[{"@type":"WebPage","@id":"https:\/\/www.correiobraziliense.com.br\/cbradar\/esses-hidratantes-da-natura-sao-lembrados-pelo-cheiro-mesmo-horas-depois\/","url":"https:\/\/www.correiobraziliense.com.br\/cbradar\/esses-hidratantes-da-natura-sao-lembrados-pelo-cheiro-mesmo-horas-depois\/","name":"Esses hidratantes da Natura s\u00e3o lembrados pelo cheiro mesmo horas depois - Correio Braziliense - Radar","isPartOf":{"@id":"https:\/\/www.correiobraziliense.com.br\/cbradar\/#website"},"primaryImageOfPage":{"@id":"https:\/\/www.correiobraziliense.com.br\/cbradar\/esses-hidratantes-da-natura-sao-lembrados-pelo-cheiro-mesmo-horas-depois\/#primaryimage"},"image":{"@id":"https:\/\/www.correiobraziliense.com.br\/cbradar\/esses-hidratantes-da-natura-sao-lembrados-pelo-cheiro-mesmo-horas-depois\/#primaryimage"},"thumbnailUrl":"https:\/\/www.correiobraziliense.com.br\/cbradar\/wp-content\/uploads\/2026\/01\/Gemini_Generated_Image_ybkaotybkaotybka-1-1.png","datePublished":"2026-01-29T10:59:07+00:00","dateModified":"2026-01-29T10:59:11+00:00","author":{"@id":"https:\/\/www.correiobraziliense.com.br\/cbradar\/#\/schema\/person\/5440b72be9c7eb74f446c846479dc4da"},"description":"Hidratantes da Natura combinam nutri\u00e7\u00e3o intensa com fragr\u00e2ncias que permanecem na pele por horas ap\u00f3s a aplica\u00e7\u00e3o.","breadcrumb":{"@id":"https:\/\/www.correiobraziliense.com.br\/cbradar\/esses-hidratantes-da-natura-sao-lembrados-pelo-cheiro-mesmo-horas-depois\/#breadcrumb"},"inLanguage":"pt-BR","potentialAction":[{"@type":"ReadAction","target":["https:\/\/www.correiobraziliense.com.br\/cbradar\/esses-hidratantes-da-natura-sao-lembrados-pelo-cheiro-mesmo-horas-depois\/"]}]},{"@type":"ImageObject","inLanguage":"pt-BR","@id":"https:\/\/www.correiobraziliense.com.br\/cbradar\/esses-hidratantes-da-natura-sao-lembrados-pelo-cheiro-mesmo-horas-depois\/#primaryimage","url":"https:\/\/www.correiobraziliense.com.br\/cbradar\/wp-content\/uploads\/2026\/01\/Gemini_Generated_Image_ybkaotybkaotybka-1-1.png","contentUrl":"https:\/\/www.correiobraziliense.com.br\/cbradar\/wp-content\/uploads\/2026\/01\/Gemini_Generated_Image_ybkaotybkaotybka-1-1.png","width":1280,"height":720,"caption":"Hidratantes que cuidam da pele e deixam perfume percept\u00edvel por mais tempo"},{"@type":"BreadcrumbList","@id":"https:\/\/www.correiobraziliense.com.br\/cbradar\/esses-hidratantes-da-natura-sao-lembrados-pelo-cheiro-mesmo-horas-depois\/#breadcrumb","itemListElement":[{"@type":"ListItem","position":1,"name":"In\u00edcio","item":"https:\/\/www.correiobraziliense.com.br\/cbradar\/"},{"@type":"ListItem","position":2,"name":"Esses hidratantes da Natura s\u00e3o lembrados pelo cheiro mesmo horas depois"}]},{"@type":"WebSite","@id":"https:\/\/www.correiobraziliense.com.br\/cbradar\/#website","url":"https:\/\/www.correiobraziliense.com.br\/cbradar\/","name":"Correio Braziliense - Radar","description":"Acompanhe as \u00faltimas not\u00edcias e fique bem informado sobre tudo o que acontece no Brasil e no mundo.","potentialAction":[{"@type":"SearchAction","target":{"@type":"EntryPoint","urlTemplate":"https:\/\/www.correiobraziliense.com.br\/cbradar\/?s={search_term_string}"},"query-input":{"@type":"PropertyValueSpecification","valueRequired":true,"valueName":"search_term_string"}}],"inLanguage":"pt-BR"},{"@type":"Person","@id":"https:\/\/www.correiobraziliense.com.br\/cbradar\/#\/schema\/person\/5440b72be9c7eb74f446c846479dc4da","name":"Patrick Silva","image":{"@type":"ImageObject","inLanguage":"pt-BR","@id":"https:\/\/www.correiobraziliense.com.br\/cbradar\/#\/schema\/person\/image\/","url":"https:\/\/secure.gravatar.com\/avatar\/944109df296fc087785c9715fd5f80b2?s=96&d=mm&r=g","contentUrl":"https:\/\/secure.gravatar.com\/avatar\/944109df296fc087785c9715fd5f80b2?s=96&d=mm&r=g","caption":"Patrick Silva"},"sameAs":["https:\/\/www.correiobraziliense.com.br\/cbradar\/"],"url":"https:\/\/www.correiobraziliense.com.br\/cbradar\/author\/patrick-silva\/"}]}},"_links":{"self":[{"href":"https:\/\/www.correiobraziliense.com.br\/cbradar\/wp-json\/wp\/v2\/posts\/183816","targetHints":{"allow":["GET"]}}],"collection":[{"href":"https:\/\/www.correiobraziliense.com.br\/cbradar\/wp-json\/wp\/v2\/posts"}],"about":[{"href":"https:\/\/www.correiobraziliense.com.br\/cbradar\/wp-json\/wp\/v2\/types\/post"}],"author":[{"embeddable":true,"href":"https:\/\/www.correiobraziliense.com.br\/cbradar\/wp-json\/wp\/v2\/users\/21"}],"replies":[{"embeddable":true,"href":"https:\/\/www.correiobraziliense.com.br\/cbradar\/wp-json\/wp\/v2\/comments?post=183816"}],"version-history":[{"count":1,"href":"https:\/\/www.correiobraziliense.com.br\/cbradar\/wp-json\/wp\/v2\/posts\/183816\/revisions"}],"predecessor-version":[{"id":183819,"href":"https:\/\/www.correiobraziliense.com.br\/cbradar\/wp-json\/wp\/v2\/posts\/183816\/revisions\/183819"}],"wp:featuredmedia":[{"embeddable":true,"href":"https:\/\/www.correiobraziliense.com.br\/cbradar\/wp-json\/wp\/v2\/media\/183818"}],"wp:attachment":[{"href":"https:\/\/www.correiobraziliense.com.br\/cbradar\/wp-json\/wp\/v2\/media?parent=183816"}],"wp:term":[{"taxonomy":"category","embeddable":true,"href":"https:\/\/www.correiobraziliense.com.br\/cbradar\/wp-json\/wp\/v2\/categories?post=183816"},{"taxonomy":"post_tag","embeddable":true,"href":"https:\/\/www.correiobraziliense.com.br\/cbradar\/wp-json\/wp\/v2\/tags?post=183816"}],"curies":[{"name":"wp","href":"https:\/\/api.w.org\/{rel}","templated":true}]}}