{"id":184209,"date":"2026-01-31T22:55:00","date_gmt":"2026-02-01T01:55:00","guid":{"rendered":"https:\/\/www.correiobraziliense.com.br\/cbradar\/?p=184209"},"modified":"2026-01-30T17:14:53","modified_gmt":"2026-01-30T20:14:53","slug":"a-melhor-maneira-de-decorar-a-parede-do-apartamento-alugado-sem-furar-a-parede","status":"publish","type":"post","link":"https:\/\/www.correiobraziliense.com.br\/cbradar\/a-melhor-maneira-de-decorar-a-parede-do-apartamento-alugado-sem-furar-a-parede\/","title":{"rendered":"A melhor maneira de decorar a parede do apartamento alugado sem furar a parede"},"content":{"rendered":"\n<p>Viver em um im\u00f3vel locado traz o desafio de personalizar o espa\u00e7o sem comprometer a estrutura original ou perder o dep\u00f3sito da cau\u00e7\u00e3o. A <strong>melhor maneira de decorar a parede do apartamento alugado<\/strong> envolve o uso de solu\u00e7\u00f5es adesivas e materiais leves que garantem um visual incr\u00edvel e remo\u00e7\u00e3o sem res\u00edduos.<\/p>\n\n\n\n<h2 class=\"wp-block-heading\">Como utilizar ganchos e fitas adesivas de alta performance?<\/h2>\n\n\n\n<p>O mercado atual oferece fixadores qu\u00edmicos potentes que substituem pregos e furadeiras com total seguran\u00e7a para quadros e espelhos leves. Ao escolher produtos espec\u00edficos para <strong>fixa\u00e7\u00e3o sem furos<\/strong>, voc\u00ea garante que a pintura permane\u00e7a intacta no momento da devolu\u00e7\u00e3o das chaves para a imobili\u00e1ria.<\/p>\n\n\n\n<p>\u00c9 fundamental verificar o peso suportado por cada adesivo e seguir rigorosamente as instru\u00e7\u00f5es de limpeza da superf\u00edcie antes da aplica\u00e7\u00e3o. Essa \u00e9 uma estrat\u00e9gia inteligente para <strong>decorar a parede do apartamento alugado<\/strong> permitindo a troca frequente de quadros conforme a sua vontade e sem sujeira.<\/p>\n\n\n\n<figure class=\"wp-block-image aligncenter size-large\"><img decoding=\"async\" width=\"1024\" height=\"576\" src=\"https:\/\/www.correiobraziliense.com.br\/cbradar\/wp-content\/uploads\/2026\/01\/gancho-de-parede_1769742459417-1024x576.jpg\" alt=\"Solu\u00e7\u00f5es pr\u00e1ticas para decorar paredes de apartamento alugado sem fazer furos\n\" class=\"wp-image-184216\" srcset=\"https:\/\/www.correiobraziliense.com.br\/cbradar\/wp-content\/uploads\/2026\/01\/gancho-de-parede_1769742459417-1024x576.jpg 1024w, https:\/\/www.correiobraziliense.com.br\/cbradar\/wp-content\/uploads\/2026\/01\/gancho-de-parede_1769742459417-300x169.jpg 300w, https:\/\/www.correiobraziliense.com.br\/cbradar\/wp-content\/uploads\/2026\/01\/gancho-de-parede_1769742459417-768x432.jpg 768w, https:\/\/www.correiobraziliense.com.br\/cbradar\/wp-content\/uploads\/2026\/01\/gancho-de-parede_1769742459417-750x422.jpg 750w, https:\/\/www.correiobraziliense.com.br\/cbradar\/wp-content\/uploads\/2026\/01\/gancho-de-parede_1769742459417-1140x641.jpg 1140w, https:\/\/www.correiobraziliense.com.br\/cbradar\/wp-content\/uploads\/2026\/01\/gancho-de-parede_1769742459417.jpg 1280w\" sizes=\"(max-width: 1024px) 100vw, 1024px\" \/><figcaption class=\"wp-element-caption\">Solu\u00e7\u00f5es pr\u00e1ticas para decorar paredes de apartamento alugado sem fazer furos &#8211; Cr\u00e9ditos: depositphotos.com \/ serezniy\n<\/figcaption><\/figure>\n\n\n\n<h2 class=\"wp-block-heading\">Quais s\u00e3o as op\u00e7\u00f5es de revestimentos remov\u00edveis?<\/h2>\n\n\n\n<p>Os pap\u00e9is de parede autocolantes e os tecidos s\u00e3o alternativas excelentes para quem deseja mudar a cor ou a textura de um c\u00f4modo sem pintura. Esses materiais s\u00e3o projetados para uma <strong>aplica\u00e7\u00e3o simples<\/strong>, podendo cobrir imperfei\u00e7\u00f5es ou transformar uma parede inteira em um ponto focal de destaque.<\/p>\n\n\n\n<p><strong>Confira as op\u00e7\u00f5es mais pr\u00e1ticas para revestimento:<\/strong><\/p>\n\n\n\n<ul class=\"wp-block-list\">\n<li><strong>Papel de parede vin\u00edlico:<\/strong> Resistente e f\u00e1cil de limpar com pano \u00famido.<\/li>\n\n\n\n<li><strong>Washi tapes:<\/strong> Fitas coloridas para criar desenhos geom\u00e9tricos personalizados.<\/li>\n\n\n\n<li><strong>Adesivos de azulejo:<\/strong> Ideais para renovar cozinhas e banheiros sem reforma.<\/li>\n\n\n\n<li><strong>Pain\u00e9is de corti\u00e7a:<\/strong> Fixados com fita dupla face para murais de fotos.<\/li>\n<\/ul>\n\n\n\n<p>Leia tamb\u00e9m:<a href=\"https:\/\/www.correiobraziliense.com.br\/cbradar\/por-que-afastar-a-geladeira-apenas-5-cm-da-parede-pode-transformar-o-funcionamento-da-cozinha\/\" target=\"_blank\" rel=\"noreferrer noopener\"> Por que afastar a geladeira apenas 5 cm da parede pode transformar o funcionamento da cozinha<\/a><\/p>\n\n\n\n<h2 class=\"wp-block-heading\">\u00c9 poss\u00edvel criar uma galeria de fotos sem danificar a pintura?<\/h2>\n\n\n\n<p>Criar uma &#8220;gallery wall&#8221; \u00e9 uma das formas mais populares de expressar personalidade em ambientes compactos e urbanos. Para isso, utilize molduras de resina ou pl\u00e1stico, que s\u00e3o mais leves que o vidro tradicional, facilitando a ader\u00eancia de <strong>fitas do tipo &#8220;command&#8221;<\/strong>.<\/p>\n\n\n\n<p>O segredo para um resultado profissional \u00e9 planejar o layout no ch\u00e3o antes de levar as pe\u00e7as para a parede definitiva. Essa organiza\u00e7\u00e3o evita o reposicionamento excessivo, preservando a <strong>integridade da parede<\/strong> e garantindo que o alinhamento dos itens decorativos fique perfeito e equilibrado.<\/p>\n\n\n\n<figure class=\"wp-block-image aligncenter size-large\"><img decoding=\"async\" width=\"1024\" height=\"576\" src=\"https:\/\/www.correiobraziliense.com.br\/cbradar\/wp-content\/uploads\/2026\/01\/gallery-wall_1769742747102-1024x576.jpg\" alt=\"Solu\u00e7\u00f5es pr\u00e1ticas para decorar paredes de apartamento alugado sem fazer furos\n\" class=\"wp-image-184223\" srcset=\"https:\/\/www.correiobraziliense.com.br\/cbradar\/wp-content\/uploads\/2026\/01\/gallery-wall_1769742747102-1024x576.jpg 1024w, https:\/\/www.correiobraziliense.com.br\/cbradar\/wp-content\/uploads\/2026\/01\/gallery-wall_1769742747102-300x169.jpg 300w, https:\/\/www.correiobraziliense.com.br\/cbradar\/wp-content\/uploads\/2026\/01\/gallery-wall_1769742747102-768x432.jpg 768w, https:\/\/www.correiobraziliense.com.br\/cbradar\/wp-content\/uploads\/2026\/01\/gallery-wall_1769742747102-750x422.jpg 750w, https:\/\/www.correiobraziliense.com.br\/cbradar\/wp-content\/uploads\/2026\/01\/gallery-wall_1769742747102-1140x641.jpg 1140w, https:\/\/www.correiobraziliense.com.br\/cbradar\/wp-content\/uploads\/2026\/01\/gallery-wall_1769742747102.jpg 1280w\" sizes=\"(max-width: 1024px) 100vw, 1024px\" \/><figcaption class=\"wp-element-caption\">Solu\u00e7\u00f5es pr\u00e1ticas para decorar paredes de apartamento alugado sem fazer furos &#8211; Cr\u00e9ditos: depositphotos.com \/ IgorVetushko\n<\/figcaption><\/figure>\n\n\n\n<h2 class=\"wp-block-heading\">Quais suportes substituem as prateleiras tradicionais?<\/h2>\n\n\n\n<p>Quando n\u00e3o se pode instalar prateleiras fixas, m\u00f3veis verticais encostados na parede cumprem a fun\u00e7\u00e3o de exibir objetos decorativos e livros. Estantes tipo escada ou biombos de madeira funcionam como um suporte m\u00f3vel que adiciona <strong>profundidade e charme<\/strong> sem tocar em um \u00fanico parafuso.<\/p>\n\n\n\n<p>Veja alguns detalhes a seguir:<\/p>\n\n\n\n<div class=\"google-auto-ads-ignore\" style=\"box-sizing: border-box; display: flex; flex-direction: column; width: 100%; max-width: 800px; margin: 30px auto; background-color: #ffffff; color: #333333; border-radius: 12px; overflow: hidden; font-family: 'Segoe UI', Roboto, sans-serif; box-shadow: 0 4px 15px rgba(0,0,0,0.1); border: 1px solid #e1e4e8; position: relative; z-index: 5;\">\n\n  <div style=\"background-color: #f7f9fa; padding: 25px; border-bottom: 3px solid #607d8b; text-align: center;\">\n    <h2 style=\"margin: 0; color: #263238; font-size: 1.5rem;\">\ud83c\udfe0 Op\u00e7\u00f5es de suporte sem furos na parede<\/h2>\n    <div style=\"font-size: 0.95rem; margin-top: 8px; color: #546e7a;\">Solu\u00e7\u00f5es inteligentes para organiza\u00e7\u00e3o e decora\u00e7\u00e3o<\/div>\n  <\/div>\n\n  <div style=\"padding: 20px; overflow-x: auto;\">\n    <div style=\"display: flex; flex-direction: column; width: 100%; min-width: 550px; border: 1px solid #edf2f7; border-radius: 8px; overflow: hidden;\">\n      \n      <div style=\"display: flex; background-color: #607d8b; color: #ffffff; font-weight: bold; font-size: 0.85rem; text-transform: uppercase; letter-spacing: 0.5px;\">\n        <div style=\"flex: 1.5; padding: 15px; border-right: 1px solid rgba(255,255,255,0.1);\">Op\u00e7\u00e3o de suporte<\/div>\n        <div style=\"flex: 1.5; padding: 15px; border-right: 1px solid rgba(255,255,255,0.1);\">N\u00edvel de instala\u00e7\u00e3o<\/div>\n        <div style=\"flex: 2; padding: 15px;\">Impacto na parede<\/div>\n      <\/div>\n\n      <div style=\"display: flex; border-bottom: 1px solid #edf2f7; align-items: center;\">\n        <div style=\"flex: 1.5; padding: 15px; font-weight: 500;\">Estante escada<\/div>\n        <div style=\"flex: 1.5; padding: 15px;\">Zero (apoiada)<\/div>\n        <div style=\"flex: 2; padding: 15px; color: #2e7d32; font-weight: 500;\">Nenhum impacto<\/div>\n      <\/div>\n\n      <div style=\"display: flex; border-bottom: 1px solid #edf2f7; align-items: center; background-color: #fcfcfc;\">\n        <div style=\"flex: 1.5; padding: 15px; font-weight: 500;\">Pegboard com adesivo<\/div>\n        <div style=\"flex: 1.5; padding: 15px;\">M\u00e9dio (fitas 3M)<\/div>\n        <div style=\"flex: 2; padding: 15px;\">M\u00ednimo \/ revers\u00edvel<\/div>\n      <\/div>\n\n      <div style=\"display: flex; border-bottom: 1px solid #edf2f7; align-items: center;\">\n        <div style=\"flex: 1.5; padding: 15px; font-weight: 500;\">Biombo decorativo<\/div>\n        <div style=\"flex: 1.5; padding: 15px;\">Zero (livre)<\/div>\n        <div style=\"flex: 2; padding: 15px; color: #2e7d32; font-weight: 500;\">Nenhum impacto<\/div>\n      <\/div>\n\n      <div style=\"display: flex; align-items: center; background-color: #fcfcfc;\">\n        <div style=\"flex: 1.5; padding: 15px; font-weight: 500;\">Prateleira com ventosa<\/div>\n        <div style=\"flex: 1.5; padding: 15px;\">F\u00e1cil (suc\u00e7\u00e3o)<\/div>\n        <div style=\"flex: 2; padding: 15px;\">Somente em superf\u00edcies lisas<\/div>\n      <\/div>\n\n    <\/div>\n  <\/div>\n\n  <div style=\"padding: 0 25px 25px 25px;\">\n    <div style=\"background-color: #e3f2fd; border: 1px solid #bbdefb; border-radius: 8px; padding: 15px; display: flex; align-items: flex-start; gap: 12px;\">\n      <span style=\"font-size: 1.2rem;\">\ud83d\udca1<\/span>\n      <div style=\"font-size: 0.9rem; color: #1565c0; line-height: 1.5;\">\n        <strong>Dica de instala\u00e7\u00e3o:<\/strong> Para op\u00e7\u00f5es adesivas, limpe bem a superf\u00edcie com \u00e1lcool isoprop\u00edlico antes da aplica\u00e7\u00e3o para garantir a m\u00e1xima ader\u00eancia da fita e evitar quedas inesperadas.\n      <\/div>\n    <\/div>\n  <\/div>\n<\/div>\n\n\n\n<h2 class=\"wp-block-heading\">Como usar a ilumina\u00e7\u00e3o para valorizar as paredes?<\/h2>\n\n\n\n<p>A luz \u00e9 um elemento de decora\u00e7\u00e3o invis\u00edvel que pode real\u00e7ar texturas e cores sem exigir interven\u00e7\u00f5es permanentes na alvenaria. Cord\u00f5es de luz, lumin\u00e1rias de piso com bra\u00e7os articulados e <strong>fitas de LED<\/strong> atr\u00e1s de m\u00f3veis criam cen\u00e1rios acolhedores e modernos de forma instant\u00e2nea.<\/p>\n\n\n\n<p>Ao direcionar o foco de luz para uma arte ou planta, voc\u00ea consegue <strong>decorar a parede do apartamento alugado<\/strong> atrav\u00e9s do contraste e das sombras. Essas solu\u00e7\u00f5es s\u00e3o f\u00e1ceis de transportar em uma futura mudan\u00e7a, tornando o investimento em ilumina\u00e7\u00e3o port\u00e1til altamente vantajoso para qualquer locat\u00e1rio.<\/p>\n","protected":false},"excerpt":{"rendered":"<p>Viver em um im\u00f3vel locado traz o desafio de personalizar o espa\u00e7o sem comprometer a estrutura original ou perder o dep\u00f3sito da cau\u00e7\u00e3o. A melhor maneira de decorar a parede do apartamento alugado envolve o uso de solu\u00e7\u00f5es adesivas e materiais leves que garantem um visual incr\u00edvel e remo\u00e7\u00e3o sem res\u00edduos. Como utilizar ganchos e [&hellip;]<\/p>\n","protected":false},"author":11,"featured_media":184819,"comment_status":"open","ping_status":"open","sticky":false,"template":"","format":"standard","meta":{"_yoast_wpseo_focuskw":"decorar paredes","_yoast_wpseo_title":"","_yoast_wpseo_metadesc":"Solu\u00e7\u00f5es criativas permitem decorar paredes de apartamento alugado sem furos preservando o im\u00f3vel e criando um visual elegante e pessoal","jnews-multi-image_gallery":[],"jnews_single_post":{"format":"standard"},"jnews_primary_category":[],"jnews_social_meta":[],"jnews_override_counter":[],"footnotes":""},"categories":[143],"tags":[2685,917,10176],"class_list":["post-184209","post","type-post","status-publish","format-standard","has-post-thumbnail","hentry","category-casa-e-decoracao","tag-aluguel","tag-decoracao","tag-parede"],"yoast_head":"<!-- This site is optimized with the Yoast SEO plugin v24.6 - https:\/\/yoast.com\/wordpress\/plugins\/seo\/ -->\n<title>A melhor maneira de decorar a parede do apartamento alugado sem furar a parede - Correio Braziliense - Radar<\/title>\n<meta name=\"description\" content=\"Solu\u00e7\u00f5es criativas permitem decorar paredes de apartamento alugado sem furos preservando o im\u00f3vel e criando um visual elegante e pessoal\" \/>\n<meta name=\"robots\" content=\"index, follow, max-snippet:-1, max-image-preview:large, max-video-preview:-1\" \/>\n<link rel=\"canonical\" href=\"https:\/\/www.correiobraziliense.com.br\/cbradar\/a-melhor-maneira-de-decorar-a-parede-do-apartamento-alugado-sem-furar-a-parede\/\" \/>\n<meta property=\"og:locale\" content=\"pt_BR\" \/>\n<meta property=\"og:type\" content=\"article\" \/>\n<meta property=\"og:title\" content=\"A melhor maneira de decorar a parede do apartamento alugado sem furar a parede - Correio Braziliense - Radar\" \/>\n<meta property=\"og:description\" content=\"Solu\u00e7\u00f5es criativas permitem decorar paredes de apartamento alugado sem furos preservando o im\u00f3vel e criando um visual elegante e pessoal\" \/>\n<meta property=\"og:url\" content=\"https:\/\/www.correiobraziliense.com.br\/cbradar\/a-melhor-maneira-de-decorar-a-parede-do-apartamento-alugado-sem-furar-a-parede\/\" \/>\n<meta property=\"og:site_name\" content=\"Correio Braziliense - Radar\" \/>\n<meta property=\"article:published_time\" content=\"2026-02-01T01:55:00+00:00\" \/>\n<meta property=\"og:image\" content=\"https:\/\/www.correiobraziliense.com.br\/cbradar\/wp-content\/uploads\/2026\/01\/freepik__parede-de-apartamento-alugado-decorada-sem-furos-c__79746.jpeg\" \/>\n\t<meta property=\"og:image:width\" content=\"1280\" \/>\n\t<meta property=\"og:image:height\" content=\"720\" \/>\n\t<meta property=\"og:image:type\" content=\"image\/jpeg\" \/>\n<meta name=\"author\" content=\"Paulo Custodio\" \/>\n<meta name=\"twitter:card\" content=\"summary_large_image\" \/>\n<meta name=\"twitter:label1\" content=\"Escrito por\" \/>\n\t<meta name=\"twitter:data1\" content=\"Paulo Custodio\" \/>\n\t<meta name=\"twitter:label2\" content=\"Est. tempo de leitura\" \/>\n\t<meta name=\"twitter:data2\" content=\"4 minutos\" \/>\n<!-- \/ Yoast SEO plugin. -->","yoast_head_json":{"title":"A melhor maneira de decorar a parede do apartamento alugado sem furar a parede - Correio Braziliense - Radar","description":"Solu\u00e7\u00f5es criativas permitem decorar paredes de apartamento alugado sem furos preservando o im\u00f3vel e criando um visual elegante e pessoal","robots":{"index":"index","follow":"follow","max-snippet":"max-snippet:-1","max-image-preview":"max-image-preview:large","max-video-preview":"max-video-preview:-1"},"canonical":"https:\/\/www.correiobraziliense.com.br\/cbradar\/a-melhor-maneira-de-decorar-a-parede-do-apartamento-alugado-sem-furar-a-parede\/","og_locale":"pt_BR","og_type":"article","og_title":"A melhor maneira de decorar a parede do apartamento alugado sem furar a parede - Correio Braziliense - Radar","og_description":"Solu\u00e7\u00f5es criativas permitem decorar paredes de apartamento alugado sem furos preservando o im\u00f3vel e criando um visual elegante e pessoal","og_url":"https:\/\/www.correiobraziliense.com.br\/cbradar\/a-melhor-maneira-de-decorar-a-parede-do-apartamento-alugado-sem-furar-a-parede\/","og_site_name":"Correio Braziliense - Radar","article_published_time":"2026-02-01T01:55:00+00:00","og_image":[{"width":1280,"height":720,"url":"https:\/\/www.correiobraziliense.com.br\/cbradar\/wp-content\/uploads\/2026\/01\/freepik__parede-de-apartamento-alugado-decorada-sem-furos-c__79746.jpeg","type":"image\/jpeg"}],"author":"Paulo Custodio","twitter_card":"summary_large_image","twitter_misc":{"Escrito por":"Paulo Custodio","Est. tempo de leitura":"4 minutos"},"schema":{"@context":"https:\/\/schema.org","@graph":[{"@type":"WebPage","@id":"https:\/\/www.correiobraziliense.com.br\/cbradar\/a-melhor-maneira-de-decorar-a-parede-do-apartamento-alugado-sem-furar-a-parede\/","url":"https:\/\/www.correiobraziliense.com.br\/cbradar\/a-melhor-maneira-de-decorar-a-parede-do-apartamento-alugado-sem-furar-a-parede\/","name":"A melhor maneira de decorar a parede do apartamento alugado sem furar a parede - Correio Braziliense - Radar","isPartOf":{"@id":"https:\/\/www.correiobraziliense.com.br\/cbradar\/#website"},"primaryImageOfPage":{"@id":"https:\/\/www.correiobraziliense.com.br\/cbradar\/a-melhor-maneira-de-decorar-a-parede-do-apartamento-alugado-sem-furar-a-parede\/#primaryimage"},"image":{"@id":"https:\/\/www.correiobraziliense.com.br\/cbradar\/a-melhor-maneira-de-decorar-a-parede-do-apartamento-alugado-sem-furar-a-parede\/#primaryimage"},"thumbnailUrl":"https:\/\/www.correiobraziliense.com.br\/cbradar\/wp-content\/uploads\/2026\/01\/freepik__parede-de-apartamento-alugado-decorada-sem-furos-c__79746.jpeg","datePublished":"2026-02-01T01:55:00+00:00","author":{"@id":"https:\/\/www.correiobraziliense.com.br\/cbradar\/#\/schema\/person\/4cec7857301a9a1a2ef249893cd908d3"},"description":"Solu\u00e7\u00f5es criativas permitem decorar paredes de apartamento alugado sem furos preservando o im\u00f3vel e criando um visual elegante e pessoal","breadcrumb":{"@id":"https:\/\/www.correiobraziliense.com.br\/cbradar\/a-melhor-maneira-de-decorar-a-parede-do-apartamento-alugado-sem-furar-a-parede\/#breadcrumb"},"inLanguage":"pt-BR","potentialAction":[{"@type":"ReadAction","target":["https:\/\/www.correiobraziliense.com.br\/cbradar\/a-melhor-maneira-de-decorar-a-parede-do-apartamento-alugado-sem-furar-a-parede\/"]}]},{"@type":"ImageObject","inLanguage":"pt-BR","@id":"https:\/\/www.correiobraziliense.com.br\/cbradar\/a-melhor-maneira-de-decorar-a-parede-do-apartamento-alugado-sem-furar-a-parede\/#primaryimage","url":"https:\/\/www.correiobraziliense.com.br\/cbradar\/wp-content\/uploads\/2026\/01\/freepik__parede-de-apartamento-alugado-decorada-sem-furos-c__79746.jpeg","contentUrl":"https:\/\/www.correiobraziliense.com.br\/cbradar\/wp-content\/uploads\/2026\/01\/freepik__parede-de-apartamento-alugado-decorada-sem-furos-c__79746.jpeg","width":1280,"height":720,"caption":"Quadros leves podem ser fixados sem furar a parede"},{"@type":"BreadcrumbList","@id":"https:\/\/www.correiobraziliense.com.br\/cbradar\/a-melhor-maneira-de-decorar-a-parede-do-apartamento-alugado-sem-furar-a-parede\/#breadcrumb","itemListElement":[{"@type":"ListItem","position":1,"name":"In\u00edcio","item":"https:\/\/www.correiobraziliense.com.br\/cbradar\/"},{"@type":"ListItem","position":2,"name":"A melhor maneira de decorar a parede do apartamento alugado sem furar a parede"}]},{"@type":"WebSite","@id":"https:\/\/www.correiobraziliense.com.br\/cbradar\/#website","url":"https:\/\/www.correiobraziliense.com.br\/cbradar\/","name":"Correio Braziliense - Radar","description":"Acompanhe as \u00faltimas not\u00edcias e fique bem informado sobre tudo o que acontece no Brasil e no mundo.","potentialAction":[{"@type":"SearchAction","target":{"@type":"EntryPoint","urlTemplate":"https:\/\/www.correiobraziliense.com.br\/cbradar\/?s={search_term_string}"},"query-input":{"@type":"PropertyValueSpecification","valueRequired":true,"valueName":"search_term_string"}}],"inLanguage":"pt-BR"},{"@type":"Person","@id":"https:\/\/www.correiobraziliense.com.br\/cbradar\/#\/schema\/person\/4cec7857301a9a1a2ef249893cd908d3","name":"Paulo Custodio","image":{"@type":"ImageObject","inLanguage":"pt-BR","@id":"https:\/\/www.correiobraziliense.com.br\/cbradar\/#\/schema\/person\/image\/","url":"https:\/\/secure.gravatar.com\/avatar\/bcd67168d1534e8fcf4f45c726a87cea?s=96&d=mm&r=g","contentUrl":"https:\/\/secure.gravatar.com\/avatar\/bcd67168d1534e8fcf4f45c726a87cea?s=96&d=mm&r=g","caption":"Paulo Custodio"},"sameAs":["https:\/\/www.correiobraziliense.com.br\/cbradar"],"url":"https:\/\/www.correiobraziliense.com.br\/cbradar\/author\/paulomyth\/"}]}},"_links":{"self":[{"href":"https:\/\/www.correiobraziliense.com.br\/cbradar\/wp-json\/wp\/v2\/posts\/184209","targetHints":{"allow":["GET"]}}],"collection":[{"href":"https:\/\/www.correiobraziliense.com.br\/cbradar\/wp-json\/wp\/v2\/posts"}],"about":[{"href":"https:\/\/www.correiobraziliense.com.br\/cbradar\/wp-json\/wp\/v2\/types\/post"}],"author":[{"embeddable":true,"href":"https:\/\/www.correiobraziliense.com.br\/cbradar\/wp-json\/wp\/v2\/users\/11"}],"replies":[{"embeddable":true,"href":"https:\/\/www.correiobraziliense.com.br\/cbradar\/wp-json\/wp\/v2\/comments?post=184209"}],"version-history":[{"count":3,"href":"https:\/\/www.correiobraziliense.com.br\/cbradar\/wp-json\/wp\/v2\/posts\/184209\/revisions"}],"predecessor-version":[{"id":184654,"href":"https:\/\/www.correiobraziliense.com.br\/cbradar\/wp-json\/wp\/v2\/posts\/184209\/revisions\/184654"}],"wp:featuredmedia":[{"embeddable":true,"href":"https:\/\/www.correiobraziliense.com.br\/cbradar\/wp-json\/wp\/v2\/media\/184819"}],"wp:attachment":[{"href":"https:\/\/www.correiobraziliense.com.br\/cbradar\/wp-json\/wp\/v2\/media?parent=184209"}],"wp:term":[{"taxonomy":"category","embeddable":true,"href":"https:\/\/www.correiobraziliense.com.br\/cbradar\/wp-json\/wp\/v2\/categories?post=184209"},{"taxonomy":"post_tag","embeddable":true,"href":"https:\/\/www.correiobraziliense.com.br\/cbradar\/wp-json\/wp\/v2\/tags?post=184209"}],"curies":[{"name":"wp","href":"https:\/\/api.w.org\/{rel}","templated":true}]}}