{"id":18427,"date":"2025-04-03T08:23:00","date_gmt":"2025-04-03T11:23:00","guid":{"rendered":"https:\/\/www.correiobraziliense.com.br\/cbradar\/?p=18427"},"modified":"2025-04-02T14:16:17","modified_gmt":"2025-04-02T17:16:17","slug":"volvo-recolhe-veiculos-hibridos-e-causa-preocupacao-entenda","status":"publish","type":"post","link":"https:\/\/www.correiobraziliense.com.br\/cbradar\/volvo-recolhe-veiculos-hibridos-e-causa-preocupacao-entenda\/","title":{"rendered":"Volvo recolhe ve\u00edculos h\u00edbridos e causa preocupa\u00e7\u00e3o, entenda"},"content":{"rendered":"\n<p>A <strong><a href=\"https:\/\/www.correiobraziliense.com.br\/cbradar\/volvo-es90-tera-tecnologia-e-alto-desempenho-veja-novidades\/\" target=\"_blank\" rel=\"noreferrer noopener\">Volvo<\/a><\/strong>, renomada montadora sueca, anunciou recentemente um recall significativo que afeta quase 7.500 ve\u00edculos h\u00edbridos. A decis\u00e3o foi tomada ap\u00f3s a identifica\u00e7\u00e3o de problemas nos m\u00f3dulos de bateria de alta tens\u00e3o, que podem resultar em superaquecimento e, em casos extremos, risco de inc\u00eandio. Este recall abrange quatro modelos diferentes, todos fabricados entre 2019 e 2021.<\/p>\n\n\n\n<p>Os propriet\u00e1rios dos ve\u00edculos afetados foram orientados a procurar uma concession\u00e1ria Volvo para a inspe\u00e7\u00e3o e reparo gratuitos das baterias. A montadora enfatizou que a seguran\u00e7a dos clientes \u00e9 uma prioridade, e a resolu\u00e7\u00e3o do problema ser\u00e1 realizada sem custos para os propriet\u00e1rios.<\/p>\n\n\n\n<h2 class=\"wp-block-heading\"><strong>Quais modelos da volvo est\u00e3o envolvidos?<\/strong><\/h2>\n\n\n\n<p>Os modelos que precisar\u00e3o passar por reparos incluem:<\/p>\n\n\n\n<ul class=\"wp-block-list\">\n<li><strong>Volvo S60:<\/strong>&nbsp;fabricados entre fevereiro de 2019 e novembro de 2021.<\/li>\n\n\n\n<li><strong>Volvo S90:<\/strong>&nbsp;fabricados entre julho de 2019 e maio de 2021.<\/li>\n\n\n\n<li><strong>Volvo XC60:<\/strong>&nbsp;fabricados entre setembro de 2019 e novembro de 2021.<\/li>\n\n\n\n<li><strong>Volvo XC90:<\/strong>&nbsp;fabricados entre abril de 2019 e novembro de 2021.<\/li>\n<\/ul>\n\n\n\n<p>Esses modelos foram identificados como tendo uma falha de produ\u00e7\u00e3o em alguns m\u00f3dulos da bateria, o que pode levar a um curto-circuito quando a bateria est\u00e1 totalmente carregada.<\/p>\n\n\n\n<figure class=\"wp-block-image size-large\"><img decoding=\"async\" width=\"1024\" height=\"576\" src=\"https:\/\/www.correiobraziliense.com.br\/cbradar\/wp-content\/uploads\/2025\/04\/volvo_1743604561339-1024x576.jpg\" alt=\"Volvo Recolhe Ve\u00edculos H\u00edbridos\" class=\"wp-image-18432\" srcset=\"https:\/\/www.correiobraziliense.com.br\/cbradar\/wp-content\/uploads\/2025\/04\/volvo_1743604561339-1024x576.jpg 1024w, https:\/\/www.correiobraziliense.com.br\/cbradar\/wp-content\/uploads\/2025\/04\/volvo_1743604561339-300x169.jpg 300w, https:\/\/www.correiobraziliense.com.br\/cbradar\/wp-content\/uploads\/2025\/04\/volvo_1743604561339-768x432.jpg 768w, https:\/\/www.correiobraziliense.com.br\/cbradar\/wp-content\/uploads\/2025\/04\/volvo_1743604561339-750x422.jpg 750w, https:\/\/www.correiobraziliense.com.br\/cbradar\/wp-content\/uploads\/2025\/04\/volvo_1743604561339-1140x641.jpg 1140w, https:\/\/www.correiobraziliense.com.br\/cbradar\/wp-content\/uploads\/2025\/04\/volvo_1743604561339.jpg 1280w\" sizes=\"(max-width: 1024px) 100vw, 1024px\" \/><figcaption class=\"wp-element-caption\">volvo.Cr\u00e9ditos: depositphotos.com \/ blinow61<\/figcaption><\/figure>\n\n\n\n<h2 class=\"wp-block-heading\"><strong>Por que o recall \u00e9 necess\u00e1rio?<\/strong><\/h2>\n\n\n\n<p>O recall foi motivado por um aumento nos incidentes de inc\u00eandio envolvendo ve\u00edculos h\u00edbridos da Volvo, tanto no Brasil quanto em outros pa\u00edses. Um caso not\u00e1vel ocorreu em Presidente Prudente, S\u00e3o Paulo, onde um SUV da marca pegou fogo enquanto estava sendo carregado na garagem de um condom\u00ednio. Esses incidentes destacaram a necessidade urgente de verificar e corrigir poss\u00edveis falhas nos m\u00f3dulos de bateria.<\/p>\n\n\n\n<h2 class=\"wp-block-heading\"><strong>Como ser\u00e1 realizado o reparo?<\/strong><\/h2>\n\n\n\n<p>A Volvo garantiu que todos os reparos ser\u00e3o realizados de forma gratuita nas concession\u00e1rias autorizadas. Os t\u00e9cnicos realizar\u00e3o uma inspe\u00e7\u00e3o detalhada dos m\u00f3dulos de c\u00e9lula da bateria de alta tens\u00e3o para identificar e corrigir quaisquer falhas de fabrica\u00e7\u00e3o. A empresa refor\u00e7ou seu compromisso com a seguran\u00e7a e a satisfa\u00e7\u00e3o dos clientes, assegurando que todas as medidas necess\u00e1rias ser\u00e3o tomadas para resolver o problema.<\/p>\n\n\n\n<h2 class=\"wp-block-heading\"><strong>Impacto do recall no mercado automotivo<\/strong><\/h2>\n\n\n\n<p>Recalls como este s\u00e3o comuns na ind\u00fastria automotiva e refletem o compromisso das montadoras com a seguran\u00e7a dos consumidores. No entanto, eles tamb\u00e9m podem impactar a percep\u00e7\u00e3o p\u00fablica e a confian\u00e7a na marca. A Volvo, conhecida por sua \u00eanfase em seguran\u00e7a, est\u00e1 tomando medidas proativas para mitigar quaisquer preocupa\u00e7\u00f5es dos clientes e garantir que seus ve\u00edculos atendam aos mais altos padr\u00f5es de seguran\u00e7a.<\/p>\n\n\n\n<p>Este recall serve como um lembrete da import\u00e2ncia da manuten\u00e7\u00e3o regular e da aten\u00e7\u00e3o aos avisos de seguran\u00e7a emitidos pelas montadoras. A a\u00e7\u00e3o r\u00e1pida e eficaz da Volvo demonstra sua dedica\u00e7\u00e3o em proteger seus clientes e manter a integridade de seus produtos no mercado.<\/p>\n","protected":false},"excerpt":{"rendered":"<p>A Volvo realiza recall de quase 7.500 ve\u00edculos h\u00edbridos devido a problemas nos m\u00f3dulos de bateria. Conhe\u00e7a os modelos afetados.<\/p>\n","protected":false},"author":3,"featured_media":18434,"comment_status":"open","ping_status":"open","sticky":false,"template":"","format":"standard","meta":{"_yoast_wpseo_focuskw":"volvo","_yoast_wpseo_title":"%%title%%","_yoast_wpseo_metadesc":"A Volvo realiza recall de quase 7.500 ve\u00edculos h\u00edbridos devido a problemas nos m\u00f3dulos de bateria. Conhe\u00e7a os modelos afetados.","jnews-multi-image_gallery":[],"jnews_single_post":{"format":"standard"},"jnews_primary_category":[],"jnews_social_meta":[],"jnews_override_counter":[],"footnotes":""},"categories":[122],"tags":[2769,2677],"class_list":["post-18427","post","type-post","status-publish","format-standard","has-post-thumbnail","hentry","category-automobilismo","tag-veiculos-hibridos","tag-volvo"],"yoast_head":"<!-- This site is optimized with the Yoast SEO plugin v24.6 - https:\/\/yoast.com\/wordpress\/plugins\/seo\/ -->\n<title>Volvo recolhe ve\u00edculos h\u00edbridos e causa preocupa\u00e7\u00e3o, entenda<\/title>\n<meta name=\"description\" content=\"A Volvo realiza recall de quase 7.500 ve\u00edculos h\u00edbridos devido a problemas nos m\u00f3dulos de bateria. Conhe\u00e7a os modelos afetados.\" \/>\n<meta name=\"robots\" content=\"index, follow, max-snippet:-1, max-image-preview:large, max-video-preview:-1\" \/>\n<link rel=\"canonical\" href=\"https:\/\/www.correiobraziliense.com.br\/cbradar\/volvo-recolhe-veiculos-hibridos-e-causa-preocupacao-entenda\/\" \/>\n<meta property=\"og:locale\" content=\"pt_BR\" \/>\n<meta property=\"og:type\" content=\"article\" \/>\n<meta property=\"og:title\" content=\"Volvo recolhe ve\u00edculos h\u00edbridos e causa preocupa\u00e7\u00e3o, entenda\" \/>\n<meta property=\"og:description\" content=\"A Volvo realiza recall de quase 7.500 ve\u00edculos h\u00edbridos devido a problemas nos m\u00f3dulos de bateria. Conhe\u00e7a os modelos afetados.\" \/>\n<meta property=\"og:url\" content=\"https:\/\/www.correiobraziliense.com.br\/cbradar\/volvo-recolhe-veiculos-hibridos-e-causa-preocupacao-entenda\/\" \/>\n<meta property=\"og:site_name\" content=\"Correio Braziliense - Radar\" \/>\n<meta property=\"article:published_time\" content=\"2025-04-03T11:23:00+00:00\" \/>\n<meta property=\"og:image\" content=\"https:\/\/www.correiobraziliense.com.br\/cbradar\/wp-content\/uploads\/2025\/04\/volvo_1743604610636.jpg\" \/>\n\t<meta property=\"og:image:width\" content=\"1280\" \/>\n\t<meta property=\"og:image:height\" content=\"720\" \/>\n\t<meta property=\"og:image:type\" content=\"image\/jpeg\" \/>\n<meta name=\"author\" content=\"Larissa Carvalho\" \/>\n<meta name=\"twitter:card\" content=\"summary_large_image\" \/>\n<meta name=\"twitter:label1\" content=\"Escrito por\" \/>\n\t<meta name=\"twitter:data1\" content=\"Larissa Carvalho\" \/>\n\t<meta name=\"twitter:label2\" content=\"Est. tempo de leitura\" \/>\n\t<meta name=\"twitter:data2\" content=\"3 minutos\" \/>\n<!-- \/ Yoast SEO plugin. -->","yoast_head_json":{"title":"Volvo recolhe ve\u00edculos h\u00edbridos e causa preocupa\u00e7\u00e3o, entenda","description":"A Volvo realiza recall de quase 7.500 ve\u00edculos h\u00edbridos devido a problemas nos m\u00f3dulos de bateria. Conhe\u00e7a os modelos afetados.","robots":{"index":"index","follow":"follow","max-snippet":"max-snippet:-1","max-image-preview":"max-image-preview:large","max-video-preview":"max-video-preview:-1"},"canonical":"https:\/\/www.correiobraziliense.com.br\/cbradar\/volvo-recolhe-veiculos-hibridos-e-causa-preocupacao-entenda\/","og_locale":"pt_BR","og_type":"article","og_title":"Volvo recolhe ve\u00edculos h\u00edbridos e causa preocupa\u00e7\u00e3o, entenda","og_description":"A Volvo realiza recall de quase 7.500 ve\u00edculos h\u00edbridos devido a problemas nos m\u00f3dulos de bateria. Conhe\u00e7a os modelos afetados.","og_url":"https:\/\/www.correiobraziliense.com.br\/cbradar\/volvo-recolhe-veiculos-hibridos-e-causa-preocupacao-entenda\/","og_site_name":"Correio Braziliense - Radar","article_published_time":"2025-04-03T11:23:00+00:00","og_image":[{"width":1280,"height":720,"url":"https:\/\/www.correiobraziliense.com.br\/cbradar\/wp-content\/uploads\/2025\/04\/volvo_1743604610636.jpg","type":"image\/jpeg"}],"author":"Larissa Carvalho","twitter_card":"summary_large_image","twitter_misc":{"Escrito por":"Larissa Carvalho","Est. tempo de leitura":"3 minutos"},"schema":{"@context":"https:\/\/schema.org","@graph":[{"@type":"WebPage","@id":"https:\/\/www.correiobraziliense.com.br\/cbradar\/volvo-recolhe-veiculos-hibridos-e-causa-preocupacao-entenda\/","url":"https:\/\/www.correiobraziliense.com.br\/cbradar\/volvo-recolhe-veiculos-hibridos-e-causa-preocupacao-entenda\/","name":"Volvo recolhe ve\u00edculos h\u00edbridos e causa preocupa\u00e7\u00e3o, entenda","isPartOf":{"@id":"https:\/\/www.correiobraziliense.com.br\/cbradar\/#website"},"primaryImageOfPage":{"@id":"https:\/\/www.correiobraziliense.com.br\/cbradar\/volvo-recolhe-veiculos-hibridos-e-causa-preocupacao-entenda\/#primaryimage"},"image":{"@id":"https:\/\/www.correiobraziliense.com.br\/cbradar\/volvo-recolhe-veiculos-hibridos-e-causa-preocupacao-entenda\/#primaryimage"},"thumbnailUrl":"https:\/\/www.correiobraziliense.com.br\/cbradar\/wp-content\/uploads\/2025\/04\/volvo_1743604610636.jpg","datePublished":"2025-04-03T11:23:00+00:00","author":{"@id":"https:\/\/www.correiobraziliense.com.br\/cbradar\/#\/schema\/person\/58422787644df994b53a19d3e56c1513"},"description":"A Volvo realiza recall de quase 7.500 ve\u00edculos h\u00edbridos devido a problemas nos m\u00f3dulos de bateria. Conhe\u00e7a os modelos afetados.","breadcrumb":{"@id":"https:\/\/www.correiobraziliense.com.br\/cbradar\/volvo-recolhe-veiculos-hibridos-e-causa-preocupacao-entenda\/#breadcrumb"},"inLanguage":"pt-BR","potentialAction":[{"@type":"ReadAction","target":["https:\/\/www.correiobraziliense.com.br\/cbradar\/volvo-recolhe-veiculos-hibridos-e-causa-preocupacao-entenda\/"]}]},{"@type":"ImageObject","inLanguage":"pt-BR","@id":"https:\/\/www.correiobraziliense.com.br\/cbradar\/volvo-recolhe-veiculos-hibridos-e-causa-preocupacao-entenda\/#primaryimage","url":"https:\/\/www.correiobraziliense.com.br\/cbradar\/wp-content\/uploads\/2025\/04\/volvo_1743604610636.jpg","contentUrl":"https:\/\/www.correiobraziliense.com.br\/cbradar\/wp-content\/uploads\/2025\/04\/volvo_1743604610636.jpg","width":1280,"height":720,"caption":"volvo.Cr\u00e9ditos: depositphotos.com \/ sserdarbasak"},{"@type":"BreadcrumbList","@id":"https:\/\/www.correiobraziliense.com.br\/cbradar\/volvo-recolhe-veiculos-hibridos-e-causa-preocupacao-entenda\/#breadcrumb","itemListElement":[{"@type":"ListItem","position":1,"name":"In\u00edcio","item":"https:\/\/www.correiobraziliense.com.br\/cbradar\/"},{"@type":"ListItem","position":2,"name":"Volvo recolhe ve\u00edculos h\u00edbridos e causa preocupa\u00e7\u00e3o, entenda"}]},{"@type":"WebSite","@id":"https:\/\/www.correiobraziliense.com.br\/cbradar\/#website","url":"https:\/\/www.correiobraziliense.com.br\/cbradar\/","name":"Correio Braziliense - Radar","description":"Acompanhe as \u00faltimas not\u00edcias e fique bem informado sobre tudo o que acontece no Brasil e no mundo.","potentialAction":[{"@type":"SearchAction","target":{"@type":"EntryPoint","urlTemplate":"https:\/\/www.correiobraziliense.com.br\/cbradar\/?s={search_term_string}"},"query-input":{"@type":"PropertyValueSpecification","valueRequired":true,"valueName":"search_term_string"}}],"inLanguage":"pt-BR"},{"@type":"Person","@id":"https:\/\/www.correiobraziliense.com.br\/cbradar\/#\/schema\/person\/58422787644df994b53a19d3e56c1513","name":"Larissa Carvalho","image":{"@type":"ImageObject","inLanguage":"pt-BR","@id":"https:\/\/www.correiobraziliense.com.br\/cbradar\/#\/schema\/person\/image\/","url":"https:\/\/secure.gravatar.com\/avatar\/fe4f91a0de32b52a838d0d612abdc1aa?s=96&d=mm&r=g","contentUrl":"https:\/\/secure.gravatar.com\/avatar\/fe4f91a0de32b52a838d0d612abdc1aa?s=96&d=mm&r=g","caption":"Larissa Carvalho"},"url":"https:\/\/www.correiobraziliense.com.br\/cbradar\/author\/larissamyth\/"}]}},"_links":{"self":[{"href":"https:\/\/www.correiobraziliense.com.br\/cbradar\/wp-json\/wp\/v2\/posts\/18427","targetHints":{"allow":["GET"]}}],"collection":[{"href":"https:\/\/www.correiobraziliense.com.br\/cbradar\/wp-json\/wp\/v2\/posts"}],"about":[{"href":"https:\/\/www.correiobraziliense.com.br\/cbradar\/wp-json\/wp\/v2\/types\/post"}],"author":[{"embeddable":true,"href":"https:\/\/www.correiobraziliense.com.br\/cbradar\/wp-json\/wp\/v2\/users\/3"}],"replies":[{"embeddable":true,"href":"https:\/\/www.correiobraziliense.com.br\/cbradar\/wp-json\/wp\/v2\/comments?post=18427"}],"version-history":[{"count":2,"href":"https:\/\/www.correiobraziliense.com.br\/cbradar\/wp-json\/wp\/v2\/posts\/18427\/revisions"}],"predecessor-version":[{"id":18456,"href":"https:\/\/www.correiobraziliense.com.br\/cbradar\/wp-json\/wp\/v2\/posts\/18427\/revisions\/18456"}],"wp:featuredmedia":[{"embeddable":true,"href":"https:\/\/www.correiobraziliense.com.br\/cbradar\/wp-json\/wp\/v2\/media\/18434"}],"wp:attachment":[{"href":"https:\/\/www.correiobraziliense.com.br\/cbradar\/wp-json\/wp\/v2\/media?parent=18427"}],"wp:term":[{"taxonomy":"category","embeddable":true,"href":"https:\/\/www.correiobraziliense.com.br\/cbradar\/wp-json\/wp\/v2\/categories?post=18427"},{"taxonomy":"post_tag","embeddable":true,"href":"https:\/\/www.correiobraziliense.com.br\/cbradar\/wp-json\/wp\/v2\/tags?post=18427"}],"curies":[{"name":"wp","href":"https:\/\/api.w.org\/{rel}","templated":true}]}}