{"id":184343,"date":"2026-01-31T09:25:23","date_gmt":"2026-01-31T12:25:23","guid":{"rendered":"https:\/\/www.correiobraziliense.com.br\/cbradar\/?p=184343"},"modified":"2026-01-30T16:32:23","modified_gmt":"2026-01-30T19:32:23","slug":"pouca-gente-sabe-mas-essa-planta-comum-e-rica-em-omega-3-vegetal-e-e-facil-de-plantar-em-casa","status":"publish","type":"post","link":"https:\/\/www.correiobraziliense.com.br\/cbradar\/pouca-gente-sabe-mas-essa-planta-comum-e-rica-em-omega-3-vegetal-e-e-facil-de-plantar-em-casa\/","title":{"rendered":"Pouca gente sabe, mas essa planta comum \u00e9 rica em \u00f4mega-3 vegetal e \u00e9 f\u00e1cil de plantar em casa"},"content":{"rendered":"\n<p>A beldroega \u00e9 uma planta espont\u00e2nea que aparece com frequ\u00eancia em hortas, jardins e cal\u00e7adas, muitas vezes tratada como erva daninha. No entanto, essa hortali\u00e7a ganha cada vez mais espa\u00e7o em pesquisas e na culin\u00e1ria por reunir compostos de interesse nutricional e poss\u00edveis propriedades ben\u00e9ficas \u00e0 sa\u00fade. Por ser uma esp\u00e9cie r\u00fastica e de f\u00e1cil manejo, tamb\u00e9m desperta aten\u00e7\u00e3o de quem busca alternativas simples para o cultivo dom\u00e9stico e para diversificar a alimenta\u00e7\u00e3o com plantas aliment\u00edcias n\u00e3o convencionais (PANCs).<\/p>\n\n\n\n<h2 class=\"wp-block-heading\">Quais nutrientes da beldroega podem apoiar a sa\u00fade<\/h2>\n\n\n\n<p>Al\u00e9m dos compostos antioxidantes, a beldroega \u00e9 apontada como fonte de minerais como magn\u00e9sio, pot\u00e1ssio, c\u00e1lcio e ferro, nutrientes importantes para o funcionamento adequado do corpo. Esse conjunto pode contribuir para uma alimenta\u00e7\u00e3o variada, relacionada a menor risco de inflama\u00e7\u00f5es atreladas a padr\u00f5es alimentares desequilibrados.<\/p>\n\n\n\n<p>Em muitos contextos, a planta \u00e9 utilizada de forma complementar, integrada a uma dieta diversificada, rica em frutas, legumes e outras hortali\u00e7as. Alguns estudos tamb\u00e9m investigam seu teor de mucilagens e fibras, que podem contribuir para a sa\u00fade intestinal, aspecto frequentemente associado ao melhor controle de processos inflamat\u00f3rios sist\u00eamicos.<\/p>\n\n\n<div class=\"wp-block-image\">\n<figure class=\"aligncenter size-large\"><img decoding=\"async\" width=\"1024\" height=\"576\" src=\"https:\/\/www.correiobraziliense.com.br\/cbradar\/wp-content\/uploads\/2026\/01\/Portulaca-oleracea_1768432394436-1024x576.jpg\" alt=\"\" class=\"wp-image-175430\" srcset=\"https:\/\/www.correiobraziliense.com.br\/cbradar\/wp-content\/uploads\/2026\/01\/Portulaca-oleracea_1768432394436-1024x576.jpg 1024w, https:\/\/www.correiobraziliense.com.br\/cbradar\/wp-content\/uploads\/2026\/01\/Portulaca-oleracea_1768432394436-300x169.jpg 300w, https:\/\/www.correiobraziliense.com.br\/cbradar\/wp-content\/uploads\/2026\/01\/Portulaca-oleracea_1768432394436-768x432.jpg 768w, https:\/\/www.correiobraziliense.com.br\/cbradar\/wp-content\/uploads\/2026\/01\/Portulaca-oleracea_1768432394436-750x422.jpg 750w, https:\/\/www.correiobraziliense.com.br\/cbradar\/wp-content\/uploads\/2026\/01\/Portulaca-oleracea_1768432394436-1140x641.jpg 1140w, https:\/\/www.correiobraziliense.com.br\/cbradar\/wp-content\/uploads\/2026\/01\/Portulaca-oleracea_1768432394436.jpg 1280w\" sizes=\"(max-width: 1024px) 100vw, 1024px\" \/><figcaption class=\"wp-element-caption\">O uso da beldroega para inflama\u00e7\u00e3o est\u00e1 ligado principalmente ao seu conte\u00fado de \u00f4mega-3  &#8211; Cr\u00e9ditos: depositphotos.com \/ V_Nikitenko<\/figcaption><\/figure><\/div>\n\n\n<p>Leia tamb\u00e9m:&nbsp;<a href=\"https:\/\/www.correiobraziliense.com.br\/cbradar\/essa-fruta-do-dia-a-dia-surpreende-pelo-teor-de-vitamina-c-e-pela-simplicidade-de-plantar-em-casa\/\" target=\"_blank\" rel=\"noopener\">Essa fruta do dia a dia surpreende pelo teor de vitamina C e pela simplicidade de plantar em casa<\/a><\/p>\n\n\n\n<h2 class=\"wp-block-heading\">Como plantar beldroega em casa com facilidade<\/h2>\n\n\n\n<p>O cultivo de beldroega \u00e9 considerado simples, o que favorece hortas dom\u00e9sticas, canteiros urbanos e vasos em apartamentos. A planta prefere clima quente ou ameno, mas tolera varia\u00e7\u00f5es de temperatura e costuma se desenvolver bem em \u00e1reas ensolaradas, formando rapidamente uma cobertura verde sobre o solo.<\/p>\n\n\n\n<p>Para quem deseja entender <strong>como plantar beldroega<\/strong>, alguns cuidados b\u00e1sicos costumam ser recomendados e ajudam a garantir uma planta mais vigorosa e saborosa:<\/p>\n\n\n\n<ul class=\"wp-block-list\">\n<li><strong>Escolha do local:<\/strong> \u00e1reas com boa incid\u00eancia de sol direto por pelo menos algumas horas do dia.<\/li>\n\n\n\n<li><strong>Solo:<\/strong> terra bem drenada, com boa aera\u00e7\u00e3o; solos muito encharcados podem prejudicar o desenvolvimento.<\/li>\n\n\n\n<li><strong>Rega:<\/strong> manter o solo levemente \u00famido, evitando excesso de \u00e1gua; a beldroega suporta curtos per\u00edodos de seca.<\/li>\n\n\n\n<li><strong>Espa\u00e7amento:<\/strong> por ser rasteira, conv\u00e9m reservar espa\u00e7o para que se espalhe sem sufocar outras plantas.<\/li>\n<\/ul>\n\n\n\n<p>O plantio pode ser feito por sementes ou por estacas, o que torna o cultivo acess\u00edvel mesmo para iniciantes na jardinagem. Em pequenos espa\u00e7os, como varandas, \u00e9 poss\u00edvel combinar beldroega com outras ervas em vasos maiores, desde que se controle seu crescimento.<\/p>\n\n\n\n<ul class=\"wp-block-list\">\n<li><strong>Sementes:<\/strong> podem ser lan\u00e7adas diretamente sobre o canteiro, com cobertura leve de terra fina.<\/li>\n\n\n\n<li><strong>Estacas:<\/strong> pequenos ramos podem ser colocados diretamente no solo \u00famido, enraizando com facilidade.<\/li>\n<\/ul>\n\n\n\n<p>Se voc\u00ea gosta de cultivo, separamos esse v\u00eddeo do canal <a href=\"https:\/\/www.youtube.com\/@hortamineira1234\" target=\"_blank\" rel=\"noreferrer noopener\">Horta Mineira<\/a> ensinando a plantar beldroega em casa:<\/p>\n\n\n\n<figure class=\"wp-block-embed is-type-video is-provider-youtube wp-block-embed-youtube wp-embed-aspect-16-9 wp-has-aspect-ratio\"><div class=\"wp-block-embed__wrapper\">\n<div class=\"jeg_video_container jeg_video_content\"><iframe loading=\"lazy\" title=\"BELDROEGA A PLANTA DO OMEGA 3\" width=\"500\" height=\"281\" src=\"https:\/\/www.youtube.com\/embed\/5aVBJMQJ6ig?feature=oembed\" frameborder=\"0\" allow=\"accelerometer; autoplay; clipboard-write; encrypted-media; gyroscope; picture-in-picture; web-share\" referrerpolicy=\"strict-origin-when-cross-origin\" allowfullscreen><\/iframe><\/div>\n<\/div><\/figure>\n\n\n\n<h2 class=\"wp-block-heading\">Quais cuidados manter ao colher e consumir beldroega<\/h2>\n\n\n\n<p>Ap\u00f3s o cultivo, a colheita da beldroega costuma ocorrer quando os ramos est\u00e3o tenros, geralmente poucas semanas ap\u00f3s a germina\u00e7\u00e3o. Em hortas dom\u00e9sticas, \u00e9 comum cortar as pontas dos galhos, o que estimula novos brotos e permite colheitas sucessivas ao longo da esta\u00e7\u00e3o.<\/p>\n\n\n\n<p>O uso culin\u00e1rio da beldroega \u00e9 variado: folhas e talos jovens podem ser ingeridos crus em saladas, misturados a outras hortali\u00e7as, ou preparados em refogados, sopas e tortas salgadas. Em algumas regi\u00f5es, tamb\u00e9m \u00e9 usada em sucos verdes ou como complemento em omeletes e recheios, sempre integrada a um card\u00e1pio equilibrado e sem substituir tratamentos indicados por profissionais de sa\u00fade.<\/p>\n\n\n\n<h2 class=\"wp-block-heading\">Como garantir a identifica\u00e7\u00e3o correta e o uso seguro da beldroega<\/h2>\n\n\n\n<p>Embora seja uma planta com hist\u00f3rico de uso tradicional em diferentes regi\u00f5es do mundo, a identifica\u00e7\u00e3o correta da esp\u00e9cie \u00e9 fundamental antes do consumo. Em \u00e1reas onde crescem v\u00e1rias plantas espont\u00e2neas, \u00e9 recomend\u00e1vel confirmar com algu\u00e9m experiente em bot\u00e2nica, agroecologia ou PANCs para evitar confus\u00e3o com esp\u00e9cies t\u00f3xicas.<\/p>\n\n\n\n<p>Assim, reduz-se o risco de colher plantas n\u00e3o comest\u00edveis ou inadequadas para ingest\u00e3o frequente. Pessoas com condi\u00e7\u00f5es de sa\u00fade espec\u00edficas, gestantes, lactantes ou quem usa medicamentos cont\u00ednuos devem buscar orienta\u00e7\u00e3o profissional para avaliar a quantidade e a forma mais segura de incluir a beldroega na dieta.<\/p>\n\n\n\n<h2 class=\"wp-block-heading\">Tabela nutricional aproximada da beldroega por 100 g de parte comest\u00edvel<\/h2>\n\n\n\n<p>Os valores a seguir s\u00e3o estimativas m\u00e9dias encontradas em levantamentos nutricionais de hortali\u00e7as frescas e podem variar conforme solo, clima e manejo agr\u00edcola. Mesmo com essa varia\u00e7\u00e3o, observa-se que a beldroega \u00e9 uma hortali\u00e7a de baixa caloria, com presen\u00e7a relevante de minerais e de \u00e1cido graxo \u00f4mega-3 de origem vegetal.<\/p>\n\n\n\n<div style=\"font-family: 'Segoe UI', Tahoma, Geneva, Verdana, sans-serif; max-width: 900px; margin: 20px auto; border: 2px solid #722f37; border-radius: 30px; overflow: hidden; background-color: #ffffff; box-shadow: 0 4px 15px rgba(114, 47, 55, 0.1);\">\n    <table style=\"width: 100%; border-collapse: collapse; text-align: left; font-size: 15px;\">\n        <thead>\n            <tr style=\"background-color: #722f37;\">\n                <th style=\"padding: 18px; color: #ffffff; border-bottom: 2px solid #f9d8e6; width: 50%;\">Nutriente<\/th>\n                <th style=\"padding: 18px; color: #ffffff; border-bottom: 2px solid #f9d8e6; width: 50%;\">Quantidade aproximada por 100 g<\/th>\n            <\/tr>\n        <\/thead>\n        <tbody>\n            <tr>\n                <td style=\"padding: 14px 18px; border-bottom: 1px solid #ffe3ee; color: #4a4a4a; font-weight: bold;\">Energia<\/td>\n                <td style=\"padding: 14px 18px; border-bottom: 1px solid #ffe3ee; color: #4a4a4a;\">20\u201330 kcal<\/td>\n            <\/tr>\n            <tr style=\"background-color: #fffafa;\">\n                <td style=\"padding: 14px 18px; border-bottom: 1px solid #ffe3ee; color: #4a4a4a; font-weight: bold;\">Carboidratos<\/td>\n                <td style=\"padding: 14px 18px; border-bottom: 1px solid #ffe3ee; color: #4a4a4a;\">3\u20134 g<\/td>\n            <\/tr>\n            <tr>\n                <td style=\"padding: 14px 18px; border-bottom: 1px solid #ffe3ee; color: #4a4a4a; font-weight: bold;\">Prote\u00ednas<\/td>\n                <td style=\"padding: 14px 18px; border-bottom: 1px solid #ffe3ee; color: #4a4a4a;\">1,5\u20132,5 g<\/td>\n            <\/tr>\n            <tr style=\"background-color: #fffafa;\">\n                <td style=\"padding: 14px 18px; border-bottom: 1px solid #ffe3ee; color: #4a4a4a; font-weight: bold;\">Gorduras totais<\/td>\n                <td style=\"padding: 14px 18px; border-bottom: 1px solid #ffe3ee; color: #4a4a4a;\">0,3\u20130,6 g<\/td>\n            <\/tr>\n            <tr>\n                <td style=\"padding: 14px 18px; border-bottom: 1px solid #ffe3ee; color: #4a4a4a; font-weight: bold;\">\u00c1cido graxo \u00f4mega-3 (ALA)<\/td>\n                <td style=\"padding: 14px 18px; border-bottom: 1px solid #ffe3ee; color: #4a4a4a;\">\u2248 300\u2013400 mg<\/td>\n            <\/tr>\n            <tr style=\"background-color: #fffafa;\">\n                <td style=\"padding: 14px 18px; border-bottom: 1px solid #ffe3ee; color: #4a4a4a; font-weight: bold;\">Fibra alimentar<\/td>\n                <td style=\"padding: 14px 18px; border-bottom: 1px solid #ffe3ee; color: #4a4a4a;\">1\u20132 g<\/td>\n            <\/tr>\n            <tr>\n                <td style=\"padding: 14px 18px; border-bottom: 1px solid #ffe3ee; color: #4a4a4a; font-weight: bold;\">Vitamina A (equivalente em betacaroteno)<\/td>\n                <td style=\"padding: 14px 18px; border-bottom: 1px solid #ffe3ee; color: #4a4a4a;\">\u2248 1300\u20131500 UI<\/td>\n            <\/tr>\n            <tr style=\"background-color: #fffafa;\">\n                <td style=\"padding: 14px 18px; border-bottom: 1px solid #ffe3ee; color: #4a4a4a; font-weight: bold;\">Vitamina C<\/td>\n                <td style=\"padding: 14px 18px; border-bottom: 1px solid #ffe3ee; color: #4a4a4a;\">\u2248 20\u201325 mg<\/td>\n            <\/tr>\n            <tr>\n                <td style=\"padding: 14px 18px; border-bottom: 1px solid #ffe3ee; color: #4a4a4a; font-weight: bold;\">C\u00e1lcio<\/td>\n                <td style=\"padding: 14px 18px; border-bottom: 1px solid #ffe3ee; color: #4a4a4a;\">\u2248 60\u201390 mg<\/td>\n            <\/tr>\n            <tr style=\"background-color: #fffafa;\">\n                <td style=\"padding: 14px 18px; border-bottom: 1px solid #ffe3ee; color: #4a4a4a; font-weight: bold;\">Magn\u00e9sio<\/td>\n                <td style=\"padding: 14px 18px; border-bottom: 1px solid #ffe3ee; color: #4a4a4a;\">\u2248 60\u201370 mg<\/td>\n            <\/tr>\n            <tr>\n                <td style=\"padding: 14px 18px; border-bottom: 1px solid #ffe3ee; color: #4a4a4a; font-weight: bold;\">Pot\u00e1ssio<\/td>\n                <td style=\"padding: 14px 18px; border-bottom: 1px solid #ffe3ee; color: #4a4a4a;\">\u2248 400\u2013450 mg<\/td>\n            <\/tr>\n            <tr style=\"background-color: #fffafa;\">\n                <td style=\"padding: 14px 18px; color: #4a4a4a; font-weight: bold;\">Ferro<\/td>\n                <td style=\"padding: 14px 18px; color: #4a4a4a;\">\u2248 1\u20132 mg<\/td>\n            <\/tr>\n        <\/tbody>\n    <\/table>\n<\/div>\n\n\n\n<p>Combinando potencial <strong>efeito anti-inflamat\u00f3rio<\/strong>, valor nutricional e facilidade de cultivo, a beldroega passa a ser vista como op\u00e7\u00e3o interessante para hortas caseiras e para a diversifica\u00e7\u00e3o alimentar. O uso respons\u00e1vel, aliado a informa\u00e7\u00f5es confi\u00e1veis e ao acompanhamento de profissionais qualificados quando necess\u00e1rio, contribui para que essa planta espont\u00e2nea seja melhor aproveitada no dia a dia sem criar falsas expectativas de cura.<\/p>\n","protected":false},"excerpt":{"rendered":"<p>A beldroega \u00e9 uma planta espont\u00e2nea que aparece com frequ\u00eancia em hortas, jardins e cal\u00e7adas, muitas vezes tratada como erva daninha. No entanto, essa hortali\u00e7a ganha cada vez mais espa\u00e7o em pesquisas e na culin\u00e1ria por reunir compostos de interesse nutricional e poss\u00edveis propriedades ben\u00e9ficas \u00e0 sa\u00fade. Por ser uma esp\u00e9cie r\u00fastica e de f\u00e1cil [&hellip;]<\/p>\n","protected":false},"author":9,"featured_media":184795,"comment_status":"open","ping_status":"open","sticky":false,"template":"","format":"standard","meta":{"_yoast_wpseo_focuskw":"plantar beldroega em casa","_yoast_wpseo_title":"","_yoast_wpseo_metadesc":"Hortali\u00e7a espont\u00e2nea rica em minerais, fibras e \u00f4mega-3 vegetal chama aten\u00e7\u00e3o pela facilidade de cultivo e uso na alimenta\u00e7\u00e3o.","jnews-multi-image_gallery":[],"jnews_single_post":{"format":"standard"},"jnews_primary_category":[],"jnews_social_meta":[],"jnews_override_counter":[],"footnotes":""},"categories":[119,136],"tags":[14016,614,14577],"class_list":["post-184343","post","type-post","status-publish","format-standard","has-post-thumbnail","hentry","category-bem-estar","category-jardinagem","tag-beldroega","tag-cultivo","tag-plantar-beldroega"],"yoast_head":"<!-- This site is optimized with the Yoast SEO plugin v24.6 - https:\/\/yoast.com\/wordpress\/plugins\/seo\/ -->\n<title>Pouca gente sabe, mas essa planta comum \u00e9 rica em \u00f4mega-3 vegetal e \u00e9 f\u00e1cil de plantar em casa - Correio Braziliense - Radar<\/title>\n<meta name=\"description\" content=\"Hortali\u00e7a espont\u00e2nea rica em minerais, fibras e \u00f4mega-3 vegetal chama aten\u00e7\u00e3o pela facilidade de cultivo e uso na alimenta\u00e7\u00e3o.\" \/>\n<meta name=\"robots\" content=\"index, follow, max-snippet:-1, max-image-preview:large, max-video-preview:-1\" \/>\n<link rel=\"canonical\" href=\"https:\/\/www.correiobraziliense.com.br\/cbradar\/pouca-gente-sabe-mas-essa-planta-comum-e-rica-em-omega-3-vegetal-e-e-facil-de-plantar-em-casa\/\" \/>\n<meta property=\"og:locale\" content=\"pt_BR\" \/>\n<meta property=\"og:type\" content=\"article\" \/>\n<meta property=\"og:title\" content=\"Pouca gente sabe, mas essa planta comum \u00e9 rica em \u00f4mega-3 vegetal e \u00e9 f\u00e1cil de plantar em casa - Correio Braziliense - Radar\" \/>\n<meta property=\"og:description\" content=\"Hortali\u00e7a espont\u00e2nea rica em minerais, fibras e \u00f4mega-3 vegetal chama aten\u00e7\u00e3o pela facilidade de cultivo e uso na alimenta\u00e7\u00e3o.\" \/>\n<meta property=\"og:url\" content=\"https:\/\/www.correiobraziliense.com.br\/cbradar\/pouca-gente-sabe-mas-essa-planta-comum-e-rica-em-omega-3-vegetal-e-e-facil-de-plantar-em-casa\/\" \/>\n<meta property=\"og:site_name\" content=\"Correio Braziliense - Radar\" \/>\n<meta property=\"article:published_time\" content=\"2026-01-31T12:25:23+00:00\" \/>\n<meta property=\"og:image\" content=\"https:\/\/www.correiobraziliense.com.br\/cbradar\/wp-content\/uploads\/2026\/01\/freepik__planta-de-beldroega-fresca-crescendo-em-horta-doms__79719.jpeg\" \/>\n\t<meta property=\"og:image:width\" content=\"1280\" \/>\n\t<meta property=\"og:image:height\" content=\"720\" \/>\n\t<meta property=\"og:image:type\" content=\"image\/jpeg\" \/>\n<meta name=\"author\" content=\"Daniely Cardoso\" \/>\n<meta name=\"twitter:card\" content=\"summary_large_image\" \/>\n<meta name=\"twitter:label1\" content=\"Escrito por\" \/>\n\t<meta name=\"twitter:data1\" content=\"Daniely Cardoso\" \/>\n\t<meta name=\"twitter:label2\" content=\"Est. tempo de leitura\" \/>\n\t<meta name=\"twitter:data2\" content=\"6 minutos\" \/>\n<!-- \/ Yoast SEO plugin. -->","yoast_head_json":{"title":"Pouca gente sabe, mas essa planta comum \u00e9 rica em \u00f4mega-3 vegetal e \u00e9 f\u00e1cil de plantar em casa - Correio Braziliense - Radar","description":"Hortali\u00e7a espont\u00e2nea rica em minerais, fibras e \u00f4mega-3 vegetal chama aten\u00e7\u00e3o pela facilidade de cultivo e uso na alimenta\u00e7\u00e3o.","robots":{"index":"index","follow":"follow","max-snippet":"max-snippet:-1","max-image-preview":"max-image-preview:large","max-video-preview":"max-video-preview:-1"},"canonical":"https:\/\/www.correiobraziliense.com.br\/cbradar\/pouca-gente-sabe-mas-essa-planta-comum-e-rica-em-omega-3-vegetal-e-e-facil-de-plantar-em-casa\/","og_locale":"pt_BR","og_type":"article","og_title":"Pouca gente sabe, mas essa planta comum \u00e9 rica em \u00f4mega-3 vegetal e \u00e9 f\u00e1cil de plantar em casa - Correio Braziliense - Radar","og_description":"Hortali\u00e7a espont\u00e2nea rica em minerais, fibras e \u00f4mega-3 vegetal chama aten\u00e7\u00e3o pela facilidade de cultivo e uso na alimenta\u00e7\u00e3o.","og_url":"https:\/\/www.correiobraziliense.com.br\/cbradar\/pouca-gente-sabe-mas-essa-planta-comum-e-rica-em-omega-3-vegetal-e-e-facil-de-plantar-em-casa\/","og_site_name":"Correio Braziliense - Radar","article_published_time":"2026-01-31T12:25:23+00:00","og_image":[{"width":1280,"height":720,"url":"https:\/\/www.correiobraziliense.com.br\/cbradar\/wp-content\/uploads\/2026\/01\/freepik__planta-de-beldroega-fresca-crescendo-em-horta-doms__79719.jpeg","type":"image\/jpeg"}],"author":"Daniely Cardoso","twitter_card":"summary_large_image","twitter_misc":{"Escrito por":"Daniely Cardoso","Est. tempo de leitura":"6 minutos"},"schema":{"@context":"https:\/\/schema.org","@graph":[{"@type":"WebPage","@id":"https:\/\/www.correiobraziliense.com.br\/cbradar\/pouca-gente-sabe-mas-essa-planta-comum-e-rica-em-omega-3-vegetal-e-e-facil-de-plantar-em-casa\/","url":"https:\/\/www.correiobraziliense.com.br\/cbradar\/pouca-gente-sabe-mas-essa-planta-comum-e-rica-em-omega-3-vegetal-e-e-facil-de-plantar-em-casa\/","name":"Pouca gente sabe, mas essa planta comum \u00e9 rica em \u00f4mega-3 vegetal e \u00e9 f\u00e1cil de plantar em casa - Correio Braziliense - Radar","isPartOf":{"@id":"https:\/\/www.correiobraziliense.com.br\/cbradar\/#website"},"primaryImageOfPage":{"@id":"https:\/\/www.correiobraziliense.com.br\/cbradar\/pouca-gente-sabe-mas-essa-planta-comum-e-rica-em-omega-3-vegetal-e-e-facil-de-plantar-em-casa\/#primaryimage"},"image":{"@id":"https:\/\/www.correiobraziliense.com.br\/cbradar\/pouca-gente-sabe-mas-essa-planta-comum-e-rica-em-omega-3-vegetal-e-e-facil-de-plantar-em-casa\/#primaryimage"},"thumbnailUrl":"https:\/\/www.correiobraziliense.com.br\/cbradar\/wp-content\/uploads\/2026\/01\/freepik__planta-de-beldroega-fresca-crescendo-em-horta-doms__79719.jpeg","datePublished":"2026-01-31T12:25:23+00:00","author":{"@id":"https:\/\/www.correiobraziliense.com.br\/cbradar\/#\/schema\/person\/7356666e12ec0ee53f348ee5db227032"},"description":"Hortali\u00e7a espont\u00e2nea rica em minerais, fibras e \u00f4mega-3 vegetal chama aten\u00e7\u00e3o pela facilidade de cultivo e uso na alimenta\u00e7\u00e3o.","breadcrumb":{"@id":"https:\/\/www.correiobraziliense.com.br\/cbradar\/pouca-gente-sabe-mas-essa-planta-comum-e-rica-em-omega-3-vegetal-e-e-facil-de-plantar-em-casa\/#breadcrumb"},"inLanguage":"pt-BR","potentialAction":[{"@type":"ReadAction","target":["https:\/\/www.correiobraziliense.com.br\/cbradar\/pouca-gente-sabe-mas-essa-planta-comum-e-rica-em-omega-3-vegetal-e-e-facil-de-plantar-em-casa\/"]}]},{"@type":"ImageObject","inLanguage":"pt-BR","@id":"https:\/\/www.correiobraziliense.com.br\/cbradar\/pouca-gente-sabe-mas-essa-planta-comum-e-rica-em-omega-3-vegetal-e-e-facil-de-plantar-em-casa\/#primaryimage","url":"https:\/\/www.correiobraziliense.com.br\/cbradar\/wp-content\/uploads\/2026\/01\/freepik__planta-de-beldroega-fresca-crescendo-em-horta-doms__79719.jpeg","contentUrl":"https:\/\/www.correiobraziliense.com.br\/cbradar\/wp-content\/uploads\/2026\/01\/freepik__planta-de-beldroega-fresca-crescendo-em-horta-doms__79719.jpeg","width":1280,"height":720,"caption":"A beldroega \u00e9 considerada uma planta aliment\u00edcia n\u00e3o convencional"},{"@type":"BreadcrumbList","@id":"https:\/\/www.correiobraziliense.com.br\/cbradar\/pouca-gente-sabe-mas-essa-planta-comum-e-rica-em-omega-3-vegetal-e-e-facil-de-plantar-em-casa\/#breadcrumb","itemListElement":[{"@type":"ListItem","position":1,"name":"In\u00edcio","item":"https:\/\/www.correiobraziliense.com.br\/cbradar\/"},{"@type":"ListItem","position":2,"name":"Pouca gente sabe, mas essa planta comum \u00e9 rica em \u00f4mega-3 vegetal e \u00e9 f\u00e1cil de plantar em casa"}]},{"@type":"WebSite","@id":"https:\/\/www.correiobraziliense.com.br\/cbradar\/#website","url":"https:\/\/www.correiobraziliense.com.br\/cbradar\/","name":"Correio Braziliense - Radar","description":"Acompanhe as \u00faltimas not\u00edcias e fique bem informado sobre tudo o que acontece no Brasil e no mundo.","potentialAction":[{"@type":"SearchAction","target":{"@type":"EntryPoint","urlTemplate":"https:\/\/www.correiobraziliense.com.br\/cbradar\/?s={search_term_string}"},"query-input":{"@type":"PropertyValueSpecification","valueRequired":true,"valueName":"search_term_string"}}],"inLanguage":"pt-BR"},{"@type":"Person","@id":"https:\/\/www.correiobraziliense.com.br\/cbradar\/#\/schema\/person\/7356666e12ec0ee53f348ee5db227032","name":"Daniely Cardoso","image":{"@type":"ImageObject","inLanguage":"pt-BR","@id":"https:\/\/www.correiobraziliense.com.br\/cbradar\/#\/schema\/person\/image\/","url":"https:\/\/secure.gravatar.com\/avatar\/4b80ddbd124d1f071b626d52d62e5dff?s=96&d=mm&r=g","contentUrl":"https:\/\/secure.gravatar.com\/avatar\/4b80ddbd124d1f071b626d52d62e5dff?s=96&d=mm&r=g","caption":"Daniely Cardoso"},"description":"Redatora nos portais CB Radar e EM Foco, formada pela Universidade Federal de Goi\u00e1s, em Goi\u00e2nia. Apaixonada por comunica\u00e7\u00e3o, arte, decora\u00e7\u00e3o e tend\u00eancias, atuo na produ\u00e7\u00e3o de conte\u00fados envolventes sobre curiosidades, moda, beleza e paisagismo, sempre com um olhar atento \u00e0s novidades do momento.","sameAs":["https:\/\/www.correiobraziliense.com.br\/cbradar"],"url":"https:\/\/www.correiobraziliense.com.br\/cbradar\/author\/danielymyth\/"}]}},"_links":{"self":[{"href":"https:\/\/www.correiobraziliense.com.br\/cbradar\/wp-json\/wp\/v2\/posts\/184343","targetHints":{"allow":["GET"]}}],"collection":[{"href":"https:\/\/www.correiobraziliense.com.br\/cbradar\/wp-json\/wp\/v2\/posts"}],"about":[{"href":"https:\/\/www.correiobraziliense.com.br\/cbradar\/wp-json\/wp\/v2\/types\/post"}],"author":[{"embeddable":true,"href":"https:\/\/www.correiobraziliense.com.br\/cbradar\/wp-json\/wp\/v2\/users\/9"}],"replies":[{"embeddable":true,"href":"https:\/\/www.correiobraziliense.com.br\/cbradar\/wp-json\/wp\/v2\/comments?post=184343"}],"version-history":[{"count":2,"href":"https:\/\/www.correiobraziliense.com.br\/cbradar\/wp-json\/wp\/v2\/posts\/184343\/revisions"}],"predecessor-version":[{"id":184369,"href":"https:\/\/www.correiobraziliense.com.br\/cbradar\/wp-json\/wp\/v2\/posts\/184343\/revisions\/184369"}],"wp:featuredmedia":[{"embeddable":true,"href":"https:\/\/www.correiobraziliense.com.br\/cbradar\/wp-json\/wp\/v2\/media\/184795"}],"wp:attachment":[{"href":"https:\/\/www.correiobraziliense.com.br\/cbradar\/wp-json\/wp\/v2\/media?parent=184343"}],"wp:term":[{"taxonomy":"category","embeddable":true,"href":"https:\/\/www.correiobraziliense.com.br\/cbradar\/wp-json\/wp\/v2\/categories?post=184343"},{"taxonomy":"post_tag","embeddable":true,"href":"https:\/\/www.correiobraziliense.com.br\/cbradar\/wp-json\/wp\/v2\/tags?post=184343"}],"curies":[{"name":"wp","href":"https:\/\/api.w.org\/{rel}","templated":true}]}}