{"id":184636,"date":"2026-02-01T11:35:00","date_gmt":"2026-02-01T14:35:00","guid":{"rendered":"https:\/\/www.correiobraziliense.com.br\/cbradar\/?p=184636"},"modified":"2026-01-31T15:18:36","modified_gmt":"2026-01-31T18:18:36","slug":"o-lugar-na-casa-onde-voce-nunca-deve-colocar-um-espelho-de-acordo-com-o-feng-shui","status":"publish","type":"post","link":"https:\/\/www.correiobraziliense.com.br\/cbradar\/o-lugar-na-casa-onde-voce-nunca-deve-colocar-um-espelho-de-acordo-com-o-feng-shui\/","title":{"rendered":"O lugar na casa onde voc\u00ea nunca deve colocar um espelho, de acordo com o Feng Shui"},"content":{"rendered":"\n<p>Entre os muitos elementos usados para compor a decora\u00e7\u00e3o de uma casa, o <strong>espelho<\/strong> ocupa um lugar de destaque. Ele <strong>amplia ambientes<\/strong>, melhora a ilumina\u00e7\u00e3o e ainda tem fun\u00e7\u00e3o pr\u00e1tica no dia a dia. No entanto, a posi\u00e7\u00e3o em que \u00e9 instalado pode influenciar diretamente no conforto, na sensa\u00e7\u00e3o de bem-estar e at\u00e9 na <strong>qualidade do sono<\/strong>, especialmente quando se fala do <strong>espelho em frente \u00e0 cama<\/strong>, tema que envolve desde arquitetura de interiores at\u00e9 tradi\u00e7\u00f5es como o <strong>Feng Shui<\/strong>.<\/p>\n\n\n\n<h2 class=\"wp-block-heading\">Por que o espelho em frente \u00e0 cama pode atrapalhar o sono<\/h2>\n\n\n\n<p>Nesse tema, o desconforto noturno costuma estar ligado \u00e0 presen\u00e7a de superf\u00edcies refletoras posicionadas diante do local de descanso. Especialistas em sono explicam que o reflexo constante de movimentos, luzes externas ou at\u00e9 da pr\u00f3pria pessoa deitada pode estimular o c\u00e9rebro em momentos em que ele deveria estar relaxado.<\/p>\n\n\n\n<p>Mesmo com os olhos semicerrados, qualquer mudan\u00e7a de luminosidade captada pelo espelho tende a ser percebida pelo organismo como um alerta. Esse processo pode gerar <strong>microdespertares<\/strong>, deixando o sono fragmentado; al\u00e9m disso, ao despertar de madrugada, enxergar um vulto refletido na penumbra pode causar <strong>estranhamento<\/strong>, confus\u00e3o e aumento da sensa\u00e7\u00e3o de inseguran\u00e7a no quarto.<\/p>\n\n\n\n<p>Para aprofundarmos no tema, trouxemos o v\u00eddeo da especialista em feng shui, publicado no perfil @fengshuicasaviva que conta com mais de 24 mil seguidores nas redes sociais:<\/p>\n\n\n\n<blockquote class=\"tiktok-embed\" cite=\"https:\/\/www.tiktok.com\/@fengshuicasaviva\/video\/7415626130419436806\" data-video-id=\"7415626130419436806\" style=\"max-width: 605px;min-width: 325px;\" > <section> <a target=\"_blank\" title=\"@fengshuicasaviva\" href=\"https:\/\/www.tiktok.com\/@fengshuicasaviva?refer=embed\">@fengshuicasaviva<\/a> Conhe\u00e7a o Feng Shui Casa Viva\u00ae\ufe0f e tenha mais harmonia familiar, sa\u00fade e riqueza <a title=\"fengshui\" target=\"_blank\" href=\"https:\/\/www.tiktok.com\/tag\/fengshui?refer=embed\">#fengshui<\/a> <a title=\"casa\" target=\"_blank\" href=\"https:\/\/www.tiktok.com\/tag\/casa?refer=embed\">#casa<\/a> <a title=\"fengshui\" target=\"_blank\" href=\"https:\/\/www.tiktok.com\/tag\/fengshui?refer=embed\">#fengshui<\/a> <a title=\"donadecasa\" target=\"_blank\" href=\"https:\/\/www.tiktok.com\/tag\/donadecasa?refer=embed\">#donadecasa<\/a> <a title=\"riqueza\" target=\"_blank\" href=\"https:\/\/www.tiktok.com\/tag\/riqueza?refer=embed\">#riqueza<\/a> <a title=\"quarto\" target=\"_blank\" href=\"https:\/\/www.tiktok.com\/tag\/quarto?refer=embed\">#quarto<\/a> <a title=\"banheiro\" target=\"_blank\" href=\"https:\/\/www.tiktok.com\/tag\/banheiro?refer=embed\">#banheiro<\/a> <a target=\"_blank\" title=\"\u266c som original - Feng Shui Casa Viva\" href=\"https:\/\/www.tiktok.com\/music\/som-original-7415626167230466821?refer=embed\">\u266c som original &#8211; Feng Shui Casa Viva<\/a> <\/section> <\/blockquote> <script async src=\"https:\/\/www.tiktok.com\/embed.js\"><\/script>\n\n\n\n<h2 class=\"wp-block-heading\">O que o Feng Shui fala sobre espelho em frente \u00e0 cama<\/h2>\n\n\n\n<p>No <strong>Feng Shui<\/strong>, o espelho \u00e9 tratado como um elemento altamente ativo, que reflete e intensifica a energia do espa\u00e7o. Em um c\u00f4modo voltado ao descanso, como o dormit\u00f3rio, a prioridade \u00e9 criar um clima de <strong>estabilidade<\/strong>, sil\u00eancio e recolhimento, por isso se desaconselha colocar espelho em frente \u00e0 cama ou em posi\u00e7\u00e3o em que reflita diretamente quem est\u00e1 deitado.<\/p>\n\n\n\n<p>De acordo com essa pr\u00e1tica, o espelho no quarto pode <strong>agitar a energia<\/strong> do ambiente e interferir no descanso, como se os pensamentos fossem constantemente \u201cduplicados\u201d. Para tornar mais claro como isso se manifesta na rotina, vale destacar alguns efeitos citados por consultores de Feng Shui:<\/p>\n\n\n\n<ul class=\"wp-block-list\">\n<li><strong>Agitar a energia<\/strong> do ambiente, dificultando que a mente desacelere.<\/li>\n\n\n\n<li><strong>Interferir no descanso<\/strong>, tornando o sono mais leve e fragmentado.<\/li>\n\n\n\n<li><strong>Refor\u00e7ar preocupa\u00e7\u00f5es<\/strong>, como se os pensamentos fossem constantemente \u201cduplicados\u201d.<\/li>\n<\/ul>\n\n\n\n<h2 class=\"wp-block-heading\">Quais s\u00e3o as principais solu\u00e7\u00f5es de Feng Shui para espelho no quarto<\/h2>\n\n\n\n<p>Quando n\u00e3o h\u00e1 como retirar o <strong>espelho em frente \u00e0 cama<\/strong>, o Feng Shui sugere alguns ajustes simples para minimizar o impacto energ\u00e9tico e visual. A ideia \u00e9 manter a praticidade do espelho sem prejudicar a sensa\u00e7\u00e3o de abrigo e intimidade que o dormit\u00f3rio deve oferecer.<\/p>\n\n\n\n<p>Entre as solu\u00e7\u00f5es mais usadas est\u00e3o op\u00e7\u00f5es que <strong>reduzem o reflexo direto da cama<\/strong>, como cobrir o espelho \u00e0 noite ou reposicion\u00e1-lo estrategicamente. Essas pequenas mudan\u00e7as podem tornar o ambiente mais acolhedor e favorecer um sono mais profundo e restaurador.<\/p>\n\n\n\n<ol class=\"wp-block-list\">\n<li>Cobrir o espelho durante a noite com uma cortina, biombo ou tecido leve.<\/li>\n\n\n\n<li>Instalar o espelho na porta interna do guarda-roupa, deixando-o escondido quando as portas estiverem fechadas.<\/li>\n\n\n\n<li>Posicionar o espelho de forma que reflita a parede lateral ou uma \u00e1rea neutra, e n\u00e3o a cama.<\/li>\n<\/ol>\n\n\n\n<h2 class=\"wp-block-heading\">Onde \u00e9 melhor colocar espelhos na casa para valorizar os ambientes<\/h2>\n\n\n\n<p>Ainda que o <strong>espelho em frente \u00e0 cama<\/strong> n\u00e3o seja o mais indicado, isso n\u00e3o significa que o acess\u00f3rio deva ser evitado em casa. Pelo contr\u00e1rio, ele pode ser um grande aliado em outros ambientes, desde que usado com crit\u00e9rio para <strong>ampliar espa\u00e7os<\/strong>, valorizar a luz natural e criar sensa\u00e7\u00e3o de profundidade.<\/p>\n\n\n\n<p>Em \u00e1reas sociais, o espelho ajuda a tornar corredores menos opressivos e pode refletir elementos agrad\u00e1veis, como plantas e janelas. Em projetos de <strong>arquitetura de interiores<\/strong>, o posicionamento adequado dos espelhos \u00e9 pensado para somar conforto visual, sem excesso de est\u00edmulos ou reflexos inc\u00f4modos.<\/p>\n\n\n\n<ul class=\"wp-block-list\">\n<li><strong>Sala de estar<\/strong>: o espelho pode refletir uma janela, uma planta ou um quadro, trazendo mais claridade e amplitude visual ao espa\u00e7o.<\/li>\n\n\n\n<li><strong>Corredores e halls<\/strong>: em \u00e1reas longas e estreitas, um espelho grande pode \u201calargar\u201d o ambiente e torn\u00e1-lo menos opressivo.<\/li>\n\n\n\n<li><strong>Sala de jantar<\/strong>: muitas propostas de decora\u00e7\u00e3o sugerem o espelho lateral \u00e0 mesa, e n\u00e3o de frente, para aproveitar a luz e o movimento sem gerar excesso de est\u00edmulos.<\/li>\n\n\n\n<li><strong>Entrada da casa<\/strong>: o espelho pr\u00f3ximo \u00e0 porta facilita ajustes r\u00e1pidos no visual antes de sair, desde que n\u00e3o fique diretamente alinhado com a porta de entrada, segundo interpreta\u00e7\u00f5es do Feng Shui.<\/li>\n<\/ul>\n\n\n\n<figure class=\"wp-block-image size-large\"><img decoding=\"async\" width=\"1024\" height=\"576\" src=\"https:\/\/www.correiobraziliense.com.br\/cbradar\/wp-content\/uploads\/2026\/01\/\u2705-BANNER-MYTH-54-1-1024x576.png\" alt=\"O lugar na casa onde voc\u00ea nunca deve colocar um espelho, de acordo com o Feng Shui\" class=\"wp-image-184638\" srcset=\"https:\/\/www.correiobraziliense.com.br\/cbradar\/wp-content\/uploads\/2026\/01\/\u2705-BANNER-MYTH-54-1-1024x576.png 1024w, https:\/\/www.correiobraziliense.com.br\/cbradar\/wp-content\/uploads\/2026\/01\/\u2705-BANNER-MYTH-54-1-300x169.png 300w, https:\/\/www.correiobraziliense.com.br\/cbradar\/wp-content\/uploads\/2026\/01\/\u2705-BANNER-MYTH-54-1-768x432.png 768w, https:\/\/www.correiobraziliense.com.br\/cbradar\/wp-content\/uploads\/2026\/01\/\u2705-BANNER-MYTH-54-1-750x422.png 750w, https:\/\/www.correiobraziliense.com.br\/cbradar\/wp-content\/uploads\/2026\/01\/\u2705-BANNER-MYTH-54-1-1140x641.png 1140w, https:\/\/www.correiobraziliense.com.br\/cbradar\/wp-content\/uploads\/2026\/01\/\u2705-BANNER-MYTH-54-1.png 1280w\" sizes=\"(max-width: 1024px) 100vw, 1024px\" \/><figcaption class=\"wp-element-caption\"> Espelho em frente \u00e0 cama amplia luz mas perturba sono por reflexos noturnos e sensa\u00e7\u00e3o de vigil\u00e2ncia, segundo Feng Shui e decora\u00e7\u00e3o pr\u00e1tica.<\/figcaption><\/figure>\n\n\n\n<h2 class=\"wp-block-heading\">Como adaptar o quarto sem abrir m\u00e3o do espelho<\/h2>\n\n\n\n<p>Para quem depende do espelho no dia a dia, existem alternativas que permitem manter a praticidade sem comprometer o descanso. Uma solu\u00e7\u00e3o bastante usada \u00e9 o <strong>espelho de corpo inteiro na lateral da cama<\/strong>, em uma parede que n\u00e3o seja a primeira coisa vista ao acordar, ou ainda modelos menores que n\u00e3o dominem visualmente o ambiente.<\/p>\n\n\n\n<p>Tamb\u00e9m \u00e9 poss\u00edvel combinar o espelho com outros elementos que refor\u00e7am a ideia de <strong>aconchego<\/strong> e serenidade, como cortinas de tecido mais encorpado, ilumina\u00e7\u00e3o indireta e paleta de cores suaves. No fim, a posi\u00e7\u00e3o do espelho em frente \u00e0 cama deixa de ser apenas um detalhe est\u00e9tico e passa a ser uma escolha relacionada \u00e0 <strong>sa\u00fade<\/strong>, ao equil\u00edbrio e \u00e0 sensa\u00e7\u00e3o de conforto dentro de casa.<\/p>\n","protected":false},"excerpt":{"rendered":"<p>Evite espelho em frente \u00e0 cama: entenda por que isso prejudica o sono, a energia do quarto e saiba onde colocar espelhos corretamente.<\/p>\n","protected":false},"author":3,"featured_media":185017,"comment_status":"open","ping_status":"open","sticky":false,"template":"","format":"standard","meta":{"_yoast_wpseo_focuskw":"onde n\u00e3o colocar espelho","_yoast_wpseo_title":"%%title%%","_yoast_wpseo_metadesc":"Evite espelho em frente \u00e0 cama: entenda por que isso prejudica o sono, a energia do quarto e saiba onde colocar espelhos corretamente.","jnews-multi-image_gallery":[],"jnews_single_post":{"format":"standard"},"jnews_primary_category":[],"jnews_social_meta":[],"jnews_override_counter":[],"footnotes":""},"categories":[112],"tags":[6727,14595,7398,6376,8540],"class_list":["post-184636","post","type-post","status-publish","format-standard","has-post-thumbnail","hentry","category-curiosidades","tag-cama","tag-curiosidaes","tag-espelho","tag-feng-shui","tag-poucos-sabem"],"yoast_head":"<!-- This site is optimized with the Yoast SEO plugin v24.6 - https:\/\/yoast.com\/wordpress\/plugins\/seo\/ -->\n<title>O lugar na casa onde voc\u00ea nunca deve colocar um espelho, de acordo com o Feng Shui<\/title>\n<meta name=\"description\" content=\"Evite espelho em frente \u00e0 cama: entenda por que isso prejudica o sono, a energia do quarto e saiba onde colocar espelhos corretamente.\" \/>\n<meta name=\"robots\" content=\"index, follow, max-snippet:-1, max-image-preview:large, max-video-preview:-1\" \/>\n<link rel=\"canonical\" href=\"https:\/\/www.correiobraziliense.com.br\/cbradar\/o-lugar-na-casa-onde-voce-nunca-deve-colocar-um-espelho-de-acordo-com-o-feng-shui\/\" \/>\n<meta property=\"og:locale\" content=\"pt_BR\" \/>\n<meta property=\"og:type\" content=\"article\" \/>\n<meta property=\"og:title\" content=\"O lugar na casa onde voc\u00ea nunca deve colocar um espelho, de acordo com o Feng Shui\" \/>\n<meta property=\"og:description\" content=\"Evite espelho em frente \u00e0 cama: entenda por que isso prejudica o sono, a energia do quarto e saiba onde colocar espelhos corretamente.\" \/>\n<meta property=\"og:url\" content=\"https:\/\/www.correiobraziliense.com.br\/cbradar\/o-lugar-na-casa-onde-voce-nunca-deve-colocar-um-espelho-de-acordo-com-o-feng-shui\/\" \/>\n<meta property=\"og:site_name\" content=\"Correio Braziliense - Radar\" \/>\n<meta property=\"article:published_time\" content=\"2026-02-01T14:35:00+00:00\" \/>\n<meta property=\"og:image\" content=\"https:\/\/www.correiobraziliense.com.br\/cbradar\/wp-content\/uploads\/2026\/02\/\u2705-BANNER-MYTH-52.png\" \/>\n\t<meta property=\"og:image:width\" content=\"1280\" \/>\n\t<meta property=\"og:image:height\" content=\"720\" \/>\n\t<meta property=\"og:image:type\" content=\"image\/png\" \/>\n<meta name=\"author\" content=\"Larissa Carvalho\" \/>\n<meta name=\"twitter:card\" content=\"summary_large_image\" \/>\n<meta name=\"twitter:label1\" content=\"Escrito por\" \/>\n\t<meta name=\"twitter:data1\" content=\"Larissa Carvalho\" \/>\n\t<meta name=\"twitter:label2\" content=\"Est. tempo de leitura\" \/>\n\t<meta name=\"twitter:data2\" content=\"6 minutos\" \/>\n<!-- \/ Yoast SEO plugin. -->","yoast_head_json":{"title":"O lugar na casa onde voc\u00ea nunca deve colocar um espelho, de acordo com o Feng Shui","description":"Evite espelho em frente \u00e0 cama: entenda por que isso prejudica o sono, a energia do quarto e saiba onde colocar espelhos corretamente.","robots":{"index":"index","follow":"follow","max-snippet":"max-snippet:-1","max-image-preview":"max-image-preview:large","max-video-preview":"max-video-preview:-1"},"canonical":"https:\/\/www.correiobraziliense.com.br\/cbradar\/o-lugar-na-casa-onde-voce-nunca-deve-colocar-um-espelho-de-acordo-com-o-feng-shui\/","og_locale":"pt_BR","og_type":"article","og_title":"O lugar na casa onde voc\u00ea nunca deve colocar um espelho, de acordo com o Feng Shui","og_description":"Evite espelho em frente \u00e0 cama: entenda por que isso prejudica o sono, a energia do quarto e saiba onde colocar espelhos corretamente.","og_url":"https:\/\/www.correiobraziliense.com.br\/cbradar\/o-lugar-na-casa-onde-voce-nunca-deve-colocar-um-espelho-de-acordo-com-o-feng-shui\/","og_site_name":"Correio Braziliense - Radar","article_published_time":"2026-02-01T14:35:00+00:00","og_image":[{"width":1280,"height":720,"url":"https:\/\/www.correiobraziliense.com.br\/cbradar\/wp-content\/uploads\/2026\/02\/\u2705-BANNER-MYTH-52.png","type":"image\/png"}],"author":"Larissa Carvalho","twitter_card":"summary_large_image","twitter_misc":{"Escrito por":"Larissa Carvalho","Est. tempo de leitura":"6 minutos"},"schema":{"@context":"https:\/\/schema.org","@graph":[{"@type":"WebPage","@id":"https:\/\/www.correiobraziliense.com.br\/cbradar\/o-lugar-na-casa-onde-voce-nunca-deve-colocar-um-espelho-de-acordo-com-o-feng-shui\/","url":"https:\/\/www.correiobraziliense.com.br\/cbradar\/o-lugar-na-casa-onde-voce-nunca-deve-colocar-um-espelho-de-acordo-com-o-feng-shui\/","name":"O lugar na casa onde voc\u00ea nunca deve colocar um espelho, de acordo com o Feng Shui","isPartOf":{"@id":"https:\/\/www.correiobraziliense.com.br\/cbradar\/#website"},"primaryImageOfPage":{"@id":"https:\/\/www.correiobraziliense.com.br\/cbradar\/o-lugar-na-casa-onde-voce-nunca-deve-colocar-um-espelho-de-acordo-com-o-feng-shui\/#primaryimage"},"image":{"@id":"https:\/\/www.correiobraziliense.com.br\/cbradar\/o-lugar-na-casa-onde-voce-nunca-deve-colocar-um-espelho-de-acordo-com-o-feng-shui\/#primaryimage"},"thumbnailUrl":"https:\/\/www.correiobraziliense.com.br\/cbradar\/wp-content\/uploads\/2026\/02\/\u2705-BANNER-MYTH-52.png","datePublished":"2026-02-01T14:35:00+00:00","author":{"@id":"https:\/\/www.correiobraziliense.com.br\/cbradar\/#\/schema\/person\/58422787644df994b53a19d3e56c1513"},"description":"Evite espelho em frente \u00e0 cama: entenda por que isso prejudica o sono, a energia do quarto e saiba onde colocar espelhos corretamente.","breadcrumb":{"@id":"https:\/\/www.correiobraziliense.com.br\/cbradar\/o-lugar-na-casa-onde-voce-nunca-deve-colocar-um-espelho-de-acordo-com-o-feng-shui\/#breadcrumb"},"inLanguage":"pt-BR","potentialAction":[{"@type":"ReadAction","target":["https:\/\/www.correiobraziliense.com.br\/cbradar\/o-lugar-na-casa-onde-voce-nunca-deve-colocar-um-espelho-de-acordo-com-o-feng-shui\/"]}]},{"@type":"ImageObject","inLanguage":"pt-BR","@id":"https:\/\/www.correiobraziliense.com.br\/cbradar\/o-lugar-na-casa-onde-voce-nunca-deve-colocar-um-espelho-de-acordo-com-o-feng-shui\/#primaryimage","url":"https:\/\/www.correiobraziliense.com.br\/cbradar\/wp-content\/uploads\/2026\/02\/\u2705-BANNER-MYTH-52.png","contentUrl":"https:\/\/www.correiobraziliense.com.br\/cbradar\/wp-content\/uploads\/2026\/02\/\u2705-BANNER-MYTH-52.png","width":1280,"height":720,"caption":"Espelho amplia luz e espa\u00e7o na decora\u00e7\u00e3o, mas evite em frente \u00e0 cama pra n\u00e3o perturbar sono com reflexos e energia agitada segundo Feng Shui tradicional."},{"@type":"BreadcrumbList","@id":"https:\/\/www.correiobraziliense.com.br\/cbradar\/o-lugar-na-casa-onde-voce-nunca-deve-colocar-um-espelho-de-acordo-com-o-feng-shui\/#breadcrumb","itemListElement":[{"@type":"ListItem","position":1,"name":"In\u00edcio","item":"https:\/\/www.correiobraziliense.com.br\/cbradar\/"},{"@type":"ListItem","position":2,"name":"O lugar na casa onde voc\u00ea nunca deve colocar um espelho, de acordo com o Feng Shui"}]},{"@type":"WebSite","@id":"https:\/\/www.correiobraziliense.com.br\/cbradar\/#website","url":"https:\/\/www.correiobraziliense.com.br\/cbradar\/","name":"Correio Braziliense - Radar","description":"Acompanhe as \u00faltimas not\u00edcias e fique bem informado sobre tudo o que acontece no Brasil e no mundo.","potentialAction":[{"@type":"SearchAction","target":{"@type":"EntryPoint","urlTemplate":"https:\/\/www.correiobraziliense.com.br\/cbradar\/?s={search_term_string}"},"query-input":{"@type":"PropertyValueSpecification","valueRequired":true,"valueName":"search_term_string"}}],"inLanguage":"pt-BR"},{"@type":"Person","@id":"https:\/\/www.correiobraziliense.com.br\/cbradar\/#\/schema\/person\/58422787644df994b53a19d3e56c1513","name":"Larissa Carvalho","image":{"@type":"ImageObject","inLanguage":"pt-BR","@id":"https:\/\/www.correiobraziliense.com.br\/cbradar\/#\/schema\/person\/image\/","url":"https:\/\/secure.gravatar.com\/avatar\/fe4f91a0de32b52a838d0d612abdc1aa?s=96&d=mm&r=g","contentUrl":"https:\/\/secure.gravatar.com\/avatar\/fe4f91a0de32b52a838d0d612abdc1aa?s=96&d=mm&r=g","caption":"Larissa Carvalho"},"url":"https:\/\/www.correiobraziliense.com.br\/cbradar\/author\/larissamyth\/"}]}},"_links":{"self":[{"href":"https:\/\/www.correiobraziliense.com.br\/cbradar\/wp-json\/wp\/v2\/posts\/184636","targetHints":{"allow":["GET"]}}],"collection":[{"href":"https:\/\/www.correiobraziliense.com.br\/cbradar\/wp-json\/wp\/v2\/posts"}],"about":[{"href":"https:\/\/www.correiobraziliense.com.br\/cbradar\/wp-json\/wp\/v2\/types\/post"}],"author":[{"embeddable":true,"href":"https:\/\/www.correiobraziliense.com.br\/cbradar\/wp-json\/wp\/v2\/users\/3"}],"replies":[{"embeddable":true,"href":"https:\/\/www.correiobraziliense.com.br\/cbradar\/wp-json\/wp\/v2\/comments?post=184636"}],"version-history":[{"count":3,"href":"https:\/\/www.correiobraziliense.com.br\/cbradar\/wp-json\/wp\/v2\/posts\/184636\/revisions"}],"predecessor-version":[{"id":185323,"href":"https:\/\/www.correiobraziliense.com.br\/cbradar\/wp-json\/wp\/v2\/posts\/184636\/revisions\/185323"}],"wp:featuredmedia":[{"embeddable":true,"href":"https:\/\/www.correiobraziliense.com.br\/cbradar\/wp-json\/wp\/v2\/media\/185017"}],"wp:attachment":[{"href":"https:\/\/www.correiobraziliense.com.br\/cbradar\/wp-json\/wp\/v2\/media?parent=184636"}],"wp:term":[{"taxonomy":"category","embeddable":true,"href":"https:\/\/www.correiobraziliense.com.br\/cbradar\/wp-json\/wp\/v2\/categories?post=184636"},{"taxonomy":"post_tag","embeddable":true,"href":"https:\/\/www.correiobraziliense.com.br\/cbradar\/wp-json\/wp\/v2\/tags?post=184636"}],"curies":[{"name":"wp","href":"https:\/\/api.w.org\/{rel}","templated":true}]}}