{"id":184720,"date":"2026-01-31T21:35:00","date_gmt":"2026-02-01T00:35:00","guid":{"rendered":"https:\/\/www.correiobraziliense.com.br\/cbradar\/?p=184720"},"modified":"2026-01-30T11:41:07","modified_gmt":"2026-01-30T14:41:07","slug":"o-alivio-mais-eficaz-para-quem-sofre-com-dor-nas-pernas","status":"publish","type":"post","link":"https:\/\/www.correiobraziliense.com.br\/cbradar\/o-alivio-mais-eficaz-para-quem-sofre-com-dor-nas-pernas\/","title":{"rendered":"O al\u00edvio mais eficaz para quem sofre com dor nas pernas"},"content":{"rendered":"\n<p>A <strong>Dor nas Pernas<\/strong> \u00e9 uma condi\u00e7\u00e3o que envolve v\u00e1rias causas, desde problemas musculares ou articulares at\u00e9 quest\u00f5es circulat\u00f3rias. Muitas pessoas enfrentam essa condi\u00e7\u00e3o em algum momento da vida, especialmente aquelas que possuem rotina intensa de atividades f\u00edsicas ou permanecem muito tempo em p\u00e9. Diferentes tratamentos farmacol\u00f3gicos e caseiros podem ajudar a aliviar os sintomas, mas \u00e9 essencial ter uma avalia\u00e7\u00e3o m\u00e9dica para determinar a origem do problema antes de iniciar qualquer tratamento.<\/p>\n\n\n\n<h2 class=\"wp-block-heading\">Como a\u00e7\u00f5es farmacol\u00f3gicas atuam no al\u00edvio da Dor nas Pernas?<\/h2>\n\n\n\n<p>Os medicamentos frequentemente prescritos para aliviar a Dor nas Pernas incluem anti-inflamat\u00f3rios, analg\u00e9sicos e relaxantes musculares. Anti-inflamat\u00f3rios como diclofenaco, naproxeno e ibuprofeno s\u00e3o utilizados para reduzir a inflama\u00e7\u00e3o e a dor resultante de les\u00f5es ou esfor\u00e7o muscular intenso. J\u00e1 os analg\u00e9sicos, como paracetamol e dipirona, atuam diretamente no al\u00edvio da dor, mas devem ser administrados apenas sob orienta\u00e7\u00e3o <a href=\"https:\/\/www.correiobraziliense.com.br\/cbradar\/doenca-renal-cronica-cresce-de-forma-assustadora-no-pais\/\" target=\"_blank\" rel=\"noreferrer noopener\">m\u00e9dica<\/a>.<\/p>\n\n\n<div class=\"wp-block-image\">\n<figure class=\"aligncenter size-large\"><img decoding=\"async\" width=\"1024\" height=\"576\" src=\"https:\/\/www.correiobraziliense.com.br\/cbradar\/wp-content\/uploads\/2026\/01\/Dor-nas-Pernas_1769783984912-1024x576.jpg\" alt=\"\" class=\"wp-image-184726\" srcset=\"https:\/\/www.correiobraziliense.com.br\/cbradar\/wp-content\/uploads\/2026\/01\/Dor-nas-Pernas_1769783984912-1024x576.jpg 1024w, https:\/\/www.correiobraziliense.com.br\/cbradar\/wp-content\/uploads\/2026\/01\/Dor-nas-Pernas_1769783984912-300x169.jpg 300w, https:\/\/www.correiobraziliense.com.br\/cbradar\/wp-content\/uploads\/2026\/01\/Dor-nas-Pernas_1769783984912-768x432.jpg 768w, https:\/\/www.correiobraziliense.com.br\/cbradar\/wp-content\/uploads\/2026\/01\/Dor-nas-Pernas_1769783984912-750x422.jpg 750w, https:\/\/www.correiobraziliense.com.br\/cbradar\/wp-content\/uploads\/2026\/01\/Dor-nas-Pernas_1769783984912-1140x641.jpg 1140w, https:\/\/www.correiobraziliense.com.br\/cbradar\/wp-content\/uploads\/2026\/01\/Dor-nas-Pernas_1769783984912.jpg 1280w\" sizes=\"(max-width: 1024px) 100vw, 1024px\" \/><figcaption class=\"wp-element-caption\">Dor nas Pernas &#8211; Cr\u00e9ditos: depositphotos.com \/ VitalikRadko<\/figcaption><\/figure><\/div>\n\n\n<h2 class=\"wp-block-heading\">Relaxantes musculares e subst\u00e2ncias naturais: qual \u00e9 a efic\u00e1cia?<\/h2>\n\n\n\n<p>Relaxantes musculares, como carisoprodol e ciclobenzaprina, s\u00e3o eficazes em casos de contraturas ou espasmos, agindo no sistema nervoso central para aliviar a tens\u00e3o muscular. Por outro lado, a combina\u00e7\u00e3o de diosmina e hesperidina \u00e9 usada para melhorar a circula\u00e7\u00e3o sangu\u00ednea, especialmente em casos de varizes e insufici\u00eancia venosa, ajudando a reduzir a sensa\u00e7\u00e3o de peso e incha\u00e7o nas pernas.<\/p>\n\n\n\n<h2 class=\"wp-block-heading\">Quais tratamentos caseiros podem ser utilizados?<\/h2>\n\n\n\n<p>Al\u00e9m dos medicamentos, existem m\u00e9todos caseiros que proporcionam al\u00edvio significativo. Massagens suaves nas pernas podem relaxar os m\u00fasculos e aumentar o bem-estar. O uso de cremes ou \u00f3leos essenciais durante a massagem potencializa esses efeitos. Compressas de calor tamb\u00e9m s\u00e3o recomendadas para relaxar os m\u00fasculos, enquanto meias compressivas auxiliam na melhora da circula\u00e7\u00e3o, mas devem ser usadas conforme orienta\u00e7\u00e3o m\u00e9dica para evitar complica\u00e7\u00f5es. Caminhadas regulares e a manuten\u00e7\u00e3o de um bom n\u00edvel de hidrata\u00e7\u00e3o tamb\u00e9m contribuem para a <a href=\"https:\/\/www.gov.br\/saude\/pt-br\" target=\"_blank\" rel=\"noreferrer noopener\">sa\u00fade <\/a>das pernas.<\/p>\n\n\n\n<h2 class=\"wp-block-heading\">Quais as op\u00e7\u00f5es naturais que proporcionam al\u00edvio imediato?<\/h2>\n\n\n\n<p>Ch\u00e1s anti-inflamat\u00f3rios, como gengibre e c\u00farcuma, possuem propriedades ben\u00e9ficas para reduzir a dor associada a condi\u00e7\u00f5es articulares. Al\u00e9m disso, compressas frias podem ser usadas inicialmente para diminuir a inflama\u00e7\u00e3o, seguidas por compressas quentes para relaxar a musculatura. Alongamentos s\u00e3o outra op\u00e7\u00e3o eficaz, especialmente para problemas relacionados ao nervo ci\u00e1tico, melhorando a flexibilidade e o al\u00edvio da dor.<\/p>\n\n\n\n<h2 class=\"wp-block-heading\">Como Incorporar Pr\u00e1ticas Preventivas na Rotina Di\u00e1ria<\/h2>\n\n\n\n<ul class=\"wp-block-list\">\n<li>Realizar alongamentos di\u00e1rios para manter a flexibilidade dos m\u00fasculos das pernas.<\/li>\n\n\n\n<li>Evitar permanecer na mesma posi\u00e7\u00e3o por longos per\u00edodos.<\/li>\n\n\n\n<li>Alternar entre per\u00edodos de atividade f\u00edsica e descanso para evitar sobrecarga muscular.<\/li>\n\n\n\n<li>Manter uma dieta equilibrada rica em nutrientes que favorecem a circula\u00e7\u00e3o e a sa\u00fade muscular.<\/li>\n<\/ul>\n\n\n\n<p>Embora muitas das medidas discutidas possam aliviar temporariamente a dor nas pernas, \u00e9 crucial buscar atendimento m\u00e9dico para um diagn\u00f3stico preciso e tratamento adequado, especialmente se a dor for persistente e intensa. A combina\u00e7\u00e3o de pr\u00e1ticas farmacol\u00f3gicas e caseiras oferece uma abordagem hol\u00edstica, promovendo n\u00e3o apenas o al\u00edvio dos sintomas, mas tamb\u00e9m a preven\u00e7\u00e3o de poss\u00edveis complica\u00e7\u00f5es futuras.<\/p>\n\n\n<a href=\"https:\/\/www.instagram.com\/dra.annaluisabf\/\" target=\"_blank\" rel=\"noopener\" style=\"text-decoration: none; color: inherit;\">\n    <span style=\"display: inline-block; border: 1px solid #ccc; border-radius: 10px; padding: 15px; max-width: 550px; font-family: sans-serif; box-shadow: 0 2px 5px rgba(0,0,0,0.1); width: 100%;\">\n\n      <!-- T\u00edtulo -->\n      <span style=\"display: block; margin: 0 0 15px 0; font-weight: bold; color: #2c3e50; text-align: center;\">\n        Entre em contato:\n      <\/span>\n\n      <!-- Linha do perfil -->\n      <span style=\"display: flex; align-items: center; gap: 15px;\">\n        <img decoding=\"async\"\n          src=\"https:\/\/www.correiobraziliense.com.br\/cbradar\/wp-content\/uploads\/2025\/08\/dra_anna_luisa.jpeg\"\n          alt=\"Foto da Dra. Anna Lu\u00edsa\"\n          style=\"border-radius: 50%; width: 80px; height: 80px; object-fit: cover;\"\n        \/>\n        <span style=\"display: flex; flex-direction: column;\">\n          <span style=\"font-size: 18px; font-weight: 700; color: #2c3e50;\">Dra. Anna Lu\u00edsa Barbosa Fernandes<\/span>\n          <span style=\"color: #555;\">CRM-GO 33.271<\/span>\n        <\/span>\n      <\/span>\n\n      <!-- Redes -->\n      <span style=\"display: flex; align-items: center; gap: 10px; margin-top: 12px;\">\n        <img decoding=\"async\" src=\"https:\/\/cdn-icons-png.flaticon.com\/24\/1384\/1384063.png\" alt=\"Instagram\" width=\"24\" height=\"24\" \/>\n        <span style=\"text-decoration: underline; color: #2c3e50;\">@dra.annaluisabf<\/span>\n      <\/span>\n\n    <\/span>\n  <\/a>","protected":false},"excerpt":{"rendered":"<p>A Dor nas Pernas \u00e9 uma condi\u00e7\u00e3o que envolve v\u00e1rias causas, desde problemas musculares ou articulares at\u00e9 quest\u00f5es circulat\u00f3rias. Muitas pessoas enfrentam essa condi\u00e7\u00e3o em algum momento da vida, especialmente aquelas que possuem rotina intensa de atividades f\u00edsicas ou permanecem muito tempo em p\u00e9. Diferentes tratamentos farmacol\u00f3gicos e caseiros podem ajudar a aliviar os sintomas, [&hellip;]<\/p>\n","protected":false},"author":14,"featured_media":184727,"comment_status":"open","ping_status":"open","sticky":false,"template":"","format":"standard","meta":{"_yoast_wpseo_focuskw":"Dor nas Pernas","_yoast_wpseo_title":"","_yoast_wpseo_metadesc":"A dor nas pernas pode ter v\u00e1rias causas al\u00e9m do cansa\u00e7o. Veja o que ajuda a aliviar os sintomas e quando procurar um m\u00e9dico.","jnews-multi-image_gallery":[],"jnews_single_post":{"format":"standard"},"jnews_primary_category":[],"jnews_social_meta":[],"jnews_override_counter":[],"footnotes":""},"categories":[4404],"tags":[14601,247,1318],"class_list":["post-184720","post","type-post","status-publish","format-standard","has-post-thumbnail","hentry","category-saude","tag-dor-nas-pernas","tag-qualidade-de-vida","tag-saude-2"],"yoast_head":"<!-- This site is optimized with the Yoast SEO plugin v24.6 - https:\/\/yoast.com\/wordpress\/plugins\/seo\/ -->\n<title>O al\u00edvio mais eficaz para quem sofre com dor nas pernas - Correio Braziliense - Radar<\/title>\n<meta name=\"description\" content=\"A dor nas pernas pode ter v\u00e1rias causas al\u00e9m do cansa\u00e7o. Veja o que ajuda a aliviar os sintomas e quando procurar um m\u00e9dico.\" \/>\n<meta name=\"robots\" content=\"index, follow, max-snippet:-1, max-image-preview:large, max-video-preview:-1\" \/>\n<link rel=\"canonical\" href=\"https:\/\/www.correiobraziliense.com.br\/cbradar\/o-alivio-mais-eficaz-para-quem-sofre-com-dor-nas-pernas\/\" \/>\n<meta property=\"og:locale\" content=\"pt_BR\" \/>\n<meta property=\"og:type\" content=\"article\" \/>\n<meta property=\"og:title\" content=\"O al\u00edvio mais eficaz para quem sofre com dor nas pernas - Correio Braziliense - Radar\" \/>\n<meta property=\"og:description\" content=\"A dor nas pernas pode ter v\u00e1rias causas al\u00e9m do cansa\u00e7o. Veja o que ajuda a aliviar os sintomas e quando procurar um m\u00e9dico.\" \/>\n<meta property=\"og:url\" content=\"https:\/\/www.correiobraziliense.com.br\/cbradar\/o-alivio-mais-eficaz-para-quem-sofre-com-dor-nas-pernas\/\" \/>\n<meta property=\"og:site_name\" content=\"Correio Braziliense - Radar\" \/>\n<meta property=\"article:published_time\" content=\"2026-02-01T00:35:00+00:00\" \/>\n<meta property=\"og:image\" content=\"https:\/\/www.correiobraziliense.com.br\/cbradar\/wp-content\/uploads\/2026\/01\/Dor-nas-Pernas_1769784004493.jpg\" \/>\n\t<meta property=\"og:image:width\" content=\"1280\" \/>\n\t<meta property=\"og:image:height\" content=\"720\" \/>\n\t<meta property=\"og:image:type\" content=\"image\/jpeg\" \/>\n<meta name=\"author\" content=\"guilherme_saude\" \/>\n<meta name=\"twitter:card\" content=\"summary_large_image\" \/>\n<meta name=\"twitter:label1\" content=\"Escrito por\" \/>\n\t<meta name=\"twitter:data1\" content=\"guilherme_saude\" \/>\n\t<meta name=\"twitter:label2\" content=\"Est. tempo de leitura\" \/>\n\t<meta name=\"twitter:data2\" content=\"4 minutos\" \/>\n<!-- \/ Yoast SEO plugin. -->","yoast_head_json":{"title":"O al\u00edvio mais eficaz para quem sofre com dor nas pernas - Correio Braziliense - Radar","description":"A dor nas pernas pode ter v\u00e1rias causas al\u00e9m do cansa\u00e7o. Veja o que ajuda a aliviar os sintomas e quando procurar um m\u00e9dico.","robots":{"index":"index","follow":"follow","max-snippet":"max-snippet:-1","max-image-preview":"max-image-preview:large","max-video-preview":"max-video-preview:-1"},"canonical":"https:\/\/www.correiobraziliense.com.br\/cbradar\/o-alivio-mais-eficaz-para-quem-sofre-com-dor-nas-pernas\/","og_locale":"pt_BR","og_type":"article","og_title":"O al\u00edvio mais eficaz para quem sofre com dor nas pernas - Correio Braziliense - Radar","og_description":"A dor nas pernas pode ter v\u00e1rias causas al\u00e9m do cansa\u00e7o. Veja o que ajuda a aliviar os sintomas e quando procurar um m\u00e9dico.","og_url":"https:\/\/www.correiobraziliense.com.br\/cbradar\/o-alivio-mais-eficaz-para-quem-sofre-com-dor-nas-pernas\/","og_site_name":"Correio Braziliense - Radar","article_published_time":"2026-02-01T00:35:00+00:00","og_image":[{"width":1280,"height":720,"url":"https:\/\/www.correiobraziliense.com.br\/cbradar\/wp-content\/uploads\/2026\/01\/Dor-nas-Pernas_1769784004493.jpg","type":"image\/jpeg"}],"author":"guilherme_saude","twitter_card":"summary_large_image","twitter_misc":{"Escrito por":"guilherme_saude","Est. tempo de leitura":"4 minutos"},"schema":{"@context":"https:\/\/schema.org","@graph":[{"@type":"WebPage","@id":"https:\/\/www.correiobraziliense.com.br\/cbradar\/o-alivio-mais-eficaz-para-quem-sofre-com-dor-nas-pernas\/","url":"https:\/\/www.correiobraziliense.com.br\/cbradar\/o-alivio-mais-eficaz-para-quem-sofre-com-dor-nas-pernas\/","name":"O al\u00edvio mais eficaz para quem sofre com dor nas pernas - Correio Braziliense - Radar","isPartOf":{"@id":"https:\/\/www.correiobraziliense.com.br\/cbradar\/#website"},"primaryImageOfPage":{"@id":"https:\/\/www.correiobraziliense.com.br\/cbradar\/o-alivio-mais-eficaz-para-quem-sofre-com-dor-nas-pernas\/#primaryimage"},"image":{"@id":"https:\/\/www.correiobraziliense.com.br\/cbradar\/o-alivio-mais-eficaz-para-quem-sofre-com-dor-nas-pernas\/#primaryimage"},"thumbnailUrl":"https:\/\/www.correiobraziliense.com.br\/cbradar\/wp-content\/uploads\/2026\/01\/Dor-nas-Pernas_1769784004493.jpg","datePublished":"2026-02-01T00:35:00+00:00","author":{"@id":"https:\/\/www.correiobraziliense.com.br\/cbradar\/#\/schema\/person\/5aa4bf3c8fa699c267933611de12978b"},"description":"A dor nas pernas pode ter v\u00e1rias causas al\u00e9m do cansa\u00e7o. Veja o que ajuda a aliviar os sintomas e quando procurar um m\u00e9dico.","breadcrumb":{"@id":"https:\/\/www.correiobraziliense.com.br\/cbradar\/o-alivio-mais-eficaz-para-quem-sofre-com-dor-nas-pernas\/#breadcrumb"},"inLanguage":"pt-BR","potentialAction":[{"@type":"ReadAction","target":["https:\/\/www.correiobraziliense.com.br\/cbradar\/o-alivio-mais-eficaz-para-quem-sofre-com-dor-nas-pernas\/"]}]},{"@type":"ImageObject","inLanguage":"pt-BR","@id":"https:\/\/www.correiobraziliense.com.br\/cbradar\/o-alivio-mais-eficaz-para-quem-sofre-com-dor-nas-pernas\/#primaryimage","url":"https:\/\/www.correiobraziliense.com.br\/cbradar\/wp-content\/uploads\/2026\/01\/Dor-nas-Pernas_1769784004493.jpg","contentUrl":"https:\/\/www.correiobraziliense.com.br\/cbradar\/wp-content\/uploads\/2026\/01\/Dor-nas-Pernas_1769784004493.jpg","width":1280,"height":720,"caption":"Dor nas Pernas - Cr\u00e9ditos: depositphotos.com \/ imagepointfr"},{"@type":"BreadcrumbList","@id":"https:\/\/www.correiobraziliense.com.br\/cbradar\/o-alivio-mais-eficaz-para-quem-sofre-com-dor-nas-pernas\/#breadcrumb","itemListElement":[{"@type":"ListItem","position":1,"name":"In\u00edcio","item":"https:\/\/www.correiobraziliense.com.br\/cbradar\/"},{"@type":"ListItem","position":2,"name":"O al\u00edvio mais eficaz para quem sofre com dor nas pernas"}]},{"@type":"WebSite","@id":"https:\/\/www.correiobraziliense.com.br\/cbradar\/#website","url":"https:\/\/www.correiobraziliense.com.br\/cbradar\/","name":"Correio Braziliense - Radar","description":"Acompanhe as \u00faltimas not\u00edcias e fique bem informado sobre tudo o que acontece no Brasil e no mundo.","potentialAction":[{"@type":"SearchAction","target":{"@type":"EntryPoint","urlTemplate":"https:\/\/www.correiobraziliense.com.br\/cbradar\/?s={search_term_string}"},"query-input":{"@type":"PropertyValueSpecification","valueRequired":true,"valueName":"search_term_string"}}],"inLanguage":"pt-BR"},{"@type":"Person","@id":"https:\/\/www.correiobraziliense.com.br\/cbradar\/#\/schema\/person\/5aa4bf3c8fa699c267933611de12978b","name":"guilherme_saude","image":{"@type":"ImageObject","inLanguage":"pt-BR","@id":"https:\/\/www.correiobraziliense.com.br\/cbradar\/#\/schema\/person\/image\/","url":"https:\/\/secure.gravatar.com\/avatar\/df9adfb835d344bc0af109d41756253f?s=96&d=mm&r=g","contentUrl":"https:\/\/secure.gravatar.com\/avatar\/df9adfb835d344bc0af109d41756253f?s=96&d=mm&r=g","caption":"guilherme_saude"},"url":"https:\/\/www.correiobraziliense.com.br\/cbradar\/author\/guilherme_saude\/"}]}},"_links":{"self":[{"href":"https:\/\/www.correiobraziliense.com.br\/cbradar\/wp-json\/wp\/v2\/posts\/184720","targetHints":{"allow":["GET"]}}],"collection":[{"href":"https:\/\/www.correiobraziliense.com.br\/cbradar\/wp-json\/wp\/v2\/posts"}],"about":[{"href":"https:\/\/www.correiobraziliense.com.br\/cbradar\/wp-json\/wp\/v2\/types\/post"}],"author":[{"embeddable":true,"href":"https:\/\/www.correiobraziliense.com.br\/cbradar\/wp-json\/wp\/v2\/users\/14"}],"replies":[{"embeddable":true,"href":"https:\/\/www.correiobraziliense.com.br\/cbradar\/wp-json\/wp\/v2\/comments?post=184720"}],"version-history":[{"count":1,"href":"https:\/\/www.correiobraziliense.com.br\/cbradar\/wp-json\/wp\/v2\/posts\/184720\/revisions"}],"predecessor-version":[{"id":184728,"href":"https:\/\/www.correiobraziliense.com.br\/cbradar\/wp-json\/wp\/v2\/posts\/184720\/revisions\/184728"}],"wp:featuredmedia":[{"embeddable":true,"href":"https:\/\/www.correiobraziliense.com.br\/cbradar\/wp-json\/wp\/v2\/media\/184727"}],"wp:attachment":[{"href":"https:\/\/www.correiobraziliense.com.br\/cbradar\/wp-json\/wp\/v2\/media?parent=184720"}],"wp:term":[{"taxonomy":"category","embeddable":true,"href":"https:\/\/www.correiobraziliense.com.br\/cbradar\/wp-json\/wp\/v2\/categories?post=184720"},{"taxonomy":"post_tag","embeddable":true,"href":"https:\/\/www.correiobraziliense.com.br\/cbradar\/wp-json\/wp\/v2\/tags?post=184720"}],"curies":[{"name":"wp","href":"https:\/\/api.w.org\/{rel}","templated":true}]}}