{"id":18484,"date":"2025-04-03T07:10:45","date_gmt":"2025-04-03T10:10:45","guid":{"rendered":"https:\/\/www.correiobraziliense.com.br\/cbradar\/?p=18484"},"modified":"2025-04-03T04:15:10","modified_gmt":"2025-04-03T07:15:10","slug":"aprenda-a-plantar-ameixa-em-vaso-ou-no-jardim-de-casa","status":"publish","type":"post","link":"https:\/\/www.correiobraziliense.com.br\/cbradar\/aprenda-a-plantar-ameixa-em-vaso-ou-no-jardim-de-casa\/","title":{"rendered":"Aprenda a plantar ameixa em vaso ou no jardim de casa"},"content":{"rendered":"\n<p>A <strong>ameixa<\/strong> \u00e9 uma fruta suculenta e saborosa, amplamente cultivada em diversas regi\u00f5es do mundo. Seu cultivo pode ser feito tanto em pomares quanto em <a href=\"https:\/\/www.correiobraziliense.com.br\/cbradar\/aprenda-a-podar-a-rosa-do-deserto-para-um-crescimento-perfeito\/\" target=\"_blank\" rel=\"noreferrer noopener\">vasos<\/a>, desde que as condi\u00e7\u00f5es adequadas sejam atendidas. Confira como plantar e cuidar do <strong>ameixeiro<\/strong> para obter frutos saud\u00e1veis e saborosos.<\/p>\n\n\n\n<h2 class=\"wp-block-heading\">Qual o melhor clima e solo para plantar ameixa?<\/h2>\n\n\n\n<p>O <strong>ameixeiro<\/strong> se adapta melhor ao <strong>clima temperado e subtropical<\/strong>, com temperaturas entre <strong>5\u00b0C e 30\u00b0C<\/strong>. O solo ideal deve ser:<\/p>\n\n\n\n<ul class=\"wp-block-list\">\n<li><strong>Bem drenado e f\u00e9rtil<\/strong>, evitando encharcamento;<\/li>\n\n\n\n<li><strong>Rico em mat\u00e9ria org\u00e2nica<\/strong>, para fornecer os nutrientes necess\u00e1rios;<\/li>\n\n\n\n<li><strong>Levemente \u00e1cido a neutro<\/strong>, com pH entre <strong>5,5 e 6,5<\/strong>;<\/li>\n\n\n\n<li>Bem exposto ao sol, pois a planta precisa de pelo menos <strong>6 horas di\u00e1rias de luz solar<\/strong>.<\/li>\n<\/ul>\n\n\n\n<h2 class=\"wp-block-heading\">Como plantar ameixa a partir de sementes ou mudas?<\/h2>\n\n\n\n<p>A <strong>ameixa<\/strong> pode ser cultivada tanto por <strong>sementes<\/strong> quanto por <strong>mudas enxertadas<\/strong>.<\/p>\n\n\n\n<h3 class=\"wp-block-heading\">Passo a passo:<\/h3>\n\n\n\n<ol class=\"wp-block-list\">\n<li><strong>Sementes<\/strong>: Retire a semente do fruto, lave bem e deixe secar. Plante a <strong>3 cm de profundidade<\/strong> em um substrato rico e mantenha \u00famido;<\/li>\n\n\n\n<li><strong>Mudas<\/strong>: Plante em um buraco de <strong>50 cm de profundidade e largura<\/strong>, adicionando composto org\u00e2nico;<\/li>\n\n\n\n<li>Mantenha um espa\u00e7amento de <strong>4 a 6 metros<\/strong> entre as \u00e1rvores;<\/li>\n\n\n\n<li>Regue regularmente nos primeiros meses para estimular o crescimento;<\/li>\n\n\n\n<li>O p\u00e9 de ameixa cultivado por semente frutifica entre <strong>5 e 7 anos<\/strong>, enquanto as mudas enxertadas produzem frutos em <strong>2 a 3 anos<\/strong>.<\/li>\n<\/ol>\n\n\n\n<h2 class=\"wp-block-heading\">Como regar o ameixeiro corretamente?<\/h2>\n\n\n\n<p>A rega deve ser moderada, pois o <strong>ameixeiro n\u00e3o tolera solos encharcados<\/strong>. Nos primeiros meses, regue <strong>2 a 3 vezes por semana<\/strong>. Ap\u00f3s o crescimento, a rega pode ser reduzida, sendo intensificada apenas na \u00e9poca da flora\u00e7\u00e3o e frutifica\u00e7\u00e3o.<\/p>\n\n\n<div class=\"wp-block-image\">\n<figure class=\"aligncenter size-large\"><img decoding=\"async\" width=\"1024\" height=\"576\" src=\"https:\/\/www.correiobraziliense.com.br\/cbradar\/wp-content\/uploads\/2025\/04\/ameixa_1743617464031-1024x576.jpg\" alt=\"\" class=\"wp-image-18501\" srcset=\"https:\/\/www.correiobraziliense.com.br\/cbradar\/wp-content\/uploads\/2025\/04\/ameixa_1743617464031-1024x576.jpg 1024w, https:\/\/www.correiobraziliense.com.br\/cbradar\/wp-content\/uploads\/2025\/04\/ameixa_1743617464031-300x169.jpg 300w, https:\/\/www.correiobraziliense.com.br\/cbradar\/wp-content\/uploads\/2025\/04\/ameixa_1743617464031-768x432.jpg 768w, https:\/\/www.correiobraziliense.com.br\/cbradar\/wp-content\/uploads\/2025\/04\/ameixa_1743617464031-750x422.jpg 750w, https:\/\/www.correiobraziliense.com.br\/cbradar\/wp-content\/uploads\/2025\/04\/ameixa_1743617464031-1140x641.jpg 1140w, https:\/\/www.correiobraziliense.com.br\/cbradar\/wp-content\/uploads\/2025\/04\/ameixa_1743617464031.jpg 1280w\" sizes=\"(max-width: 1024px) 100vw, 1024px\" \/><figcaption class=\"wp-element-caption\">Ameixa &#8211; Cr\u00e9ditos: depositphotos.com \/ anitasstudio<\/figcaption><\/figure><\/div>\n\n\n<h2 class=\"wp-block-heading\">Como adubar o ameixeiro para um crescimento vigoroso?<\/h2>\n\n\n\n<p>A aduba\u00e7\u00e3o \u00e9 fundamental para um crescimento saud\u00e1vel e boa frutifica\u00e7\u00e3o. Recomenda-se:<\/p>\n\n\n\n<ul class=\"wp-block-list\">\n<li>Aplicar <strong>composto org\u00e2nico ou esterco curtido<\/strong> no in\u00edcio do plantio;<\/li>\n\n\n\n<li>Usar fertilizantes ricos em <strong>f\u00f3sforo (P)<\/strong> para fortalecer as ra\u00edzes;<\/li>\n\n\n\n<li>Aplicar <strong>pot\u00e1ssio (K)<\/strong> durante a frutifica\u00e7\u00e3o para melhorar o sabor dos frutos;<\/li>\n\n\n\n<li>Renovar a aduba\u00e7\u00e3o a cada <strong>3 a 6 meses<\/strong>.<\/li>\n<\/ul>\n\n\n\n<h2 class=\"wp-block-heading\">Quando e como colher?<\/h2>\n\n\n\n<p>A colheita da ameixa ocorre entre <strong>2 e 7 anos ap\u00f3s o plantio<\/strong>, dependendo da variedade. Para colher:<\/p>\n\n\n\n<ol class=\"wp-block-list\">\n<li>Observe a cor do fruto, que deve estar <strong>vibrante e macio ao toque<\/strong>;<\/li>\n\n\n\n<li>Evite colher antes do tempo, pois a ameixa amadurece melhor no p\u00e9;<\/li>\n\n\n\n<li>Armazene em local fresco ou consuma imediatamente ap\u00f3s a colheita.<\/li>\n<\/ol>\n\n\n\n<h2 class=\"wp-block-heading\">Como evitar pragas e doen\u00e7as no cultivo?<\/h2>\n\n\n\n<p>As principais pragas e doen\u00e7as incluem:<\/p>\n\n\n\n<ul class=\"wp-block-list\">\n<li><strong>Pulg\u00f5es<\/strong>, combatidos com calda de fumo ou \u00f3leo de neem;<\/li>\n\n\n\n<li><strong>Cochonilhas<\/strong>, controladas com podas sanit\u00e1rias e calda bordalesa;<\/li>\n\n\n\n<li><strong>Podrid\u00e3o dos frutos<\/strong>, evitada com boa ventila\u00e7\u00e3o e espa\u00e7amento adequado.<\/li>\n<\/ul>\n\n\n\n<h2 class=\"wp-block-heading\">Posso plantar ameixa em vaso?<\/h2>\n\n\n\n<p>Sim! Para isso, escolha uma <strong>variedade an\u00e3<\/strong> e utilize um vaso de pelo menos <strong>50 litros<\/strong>, garantindo boa drenagem e espa\u00e7o para crescimento.<\/p>\n\n\n\n<h2 class=\"wp-block-heading\">FAQ<\/h2>\n\n\n\n<p><strong>1. Quanto tempo o ameixeiro demora para dar frutos?<\/strong><br>Se plantado por semente, de <strong>5 a 7 anos<\/strong>. Mudas enxertadas frutificam em <strong>2 a 3 anos<\/strong>.<\/p>\n\n\n\n<p><strong>2. Posso plantar ameixa a partir da semente do fruto?<\/strong><br>Sim, mas o processo \u00e9 mais demorado do que o cultivo por mudas enxertadas.<\/p>\n\n\n\n<p><strong>3. O ameixeiro precisa de poda?<\/strong><br>Sim! A poda ajuda no controle de pragas e melhora a produ\u00e7\u00e3o de frutos.<\/p>\n\n\n\n<p><strong>4. Quantas vezes por ano o ameixeiro d\u00e1 frutos?<\/strong><br>Geralmente <strong>uma vez ao ano<\/strong>, entre o final do inverno e o ver\u00e3o.<\/p>\n\n\n\n<p><strong>5. Ameixa pode ser cultivada em qualquer regi\u00e3o?<\/strong><br>Sim, mas se adapta melhor a locais com clima temperado e subtropical.<\/p>\n","protected":false},"excerpt":{"rendered":"<p>A ameixa \u00e9 uma fruta suculenta e saborosa, amplamente cultivada em diversas regi\u00f5es do mundo. Seu cultivo pode ser feito tanto em pomares quanto em vasos, desde que as condi\u00e7\u00f5es adequadas sejam atendidas. Confira como plantar e cuidar do ameixeiro para obter frutos saud\u00e1veis e saborosos. Qual o melhor clima e solo para plantar ameixa? [&hellip;]<\/p>\n","protected":false},"author":9,"featured_media":18500,"comment_status":"open","ping_status":"open","sticky":false,"template":"","format":"standard","meta":{"_yoast_wpseo_focuskw":"ameixa","_yoast_wpseo_title":"%%title%% %%page%%","_yoast_wpseo_metadesc":"Saborosa e nutritiva, a ameixa auxilia na digest\u00e3o e pode ser consumida fresca, seca ou em compotas e sobremesas.","jnews-multi-image_gallery":[],"jnews_single_post":{"format":"standard"},"jnews_primary_category":[],"jnews_social_meta":[],"jnews_override_counter":[],"footnotes":""},"categories":[136],"post_tag":[1643,2777,2775,2776],"class_list":["post-18484","post","type-post","status-publish","format-standard","has-post-thumbnail","hentry","category-jardinagem","tag-ameixa","tag-ameixeiro","tag-como-plantar-ameixa","tag-cultivo-de-ameixa"],"yoast_head":"<!-- This site is optimized with the Yoast SEO plugin v24.6 - https:\/\/yoast.com\/wordpress\/plugins\/seo\/ -->\n<title>Aprenda a plantar ameixa em vaso ou no jardim de casa<\/title>\n<meta name=\"description\" content=\"Saborosa e nutritiva, a ameixa auxilia na digest\u00e3o e pode ser consumida fresca, seca ou em compotas e sobremesas.\" \/>\n<meta name=\"robots\" content=\"index, follow, max-snippet:-1, max-image-preview:large, max-video-preview:-1\" \/>\n<link rel=\"canonical\" href=\"https:\/\/www.correiobraziliense.com.br\/cbradar\/aprenda-a-plantar-ameixa-em-vaso-ou-no-jardim-de-casa\/\" \/>\n<meta property=\"og:locale\" content=\"pt_BR\" \/>\n<meta property=\"og:type\" content=\"article\" \/>\n<meta property=\"og:title\" content=\"Aprenda a plantar ameixa em vaso ou no jardim de casa\" \/>\n<meta property=\"og:description\" content=\"Saborosa e nutritiva, a ameixa auxilia na digest\u00e3o e pode ser consumida fresca, seca ou em compotas e sobremesas.\" \/>\n<meta property=\"og:url\" content=\"https:\/\/www.correiobraziliense.com.br\/cbradar\/aprenda-a-plantar-ameixa-em-vaso-ou-no-jardim-de-casa\/\" \/>\n<meta property=\"og:site_name\" content=\"Correio Braziliense - Radar\" \/>\n<meta property=\"article:published_time\" content=\"2025-04-03T10:10:45+00:00\" \/>\n<meta property=\"og:image\" content=\"https:\/\/www.correiobraziliense.com.br\/cbradar\/wp-content\/uploads\/2025\/04\/ameixa_1743617425565.jpg\" \/>\n\t<meta property=\"og:image:width\" content=\"1280\" \/>\n\t<meta property=\"og:image:height\" content=\"720\" \/>\n\t<meta property=\"og:image:type\" content=\"image\/jpeg\" \/>\n<meta name=\"author\" content=\"Daniely Cardoso\" \/>\n<meta name=\"twitter:card\" content=\"summary_large_image\" \/>\n<meta name=\"twitter:label1\" content=\"Escrito por\" \/>\n\t<meta name=\"twitter:data1\" content=\"Daniely Cardoso\" \/>\n\t<meta name=\"twitter:label2\" content=\"Est. tempo de leitura\" \/>\n\t<meta name=\"twitter:data2\" content=\"4 minutos\" \/>\n<!-- \/ Yoast SEO plugin. -->","yoast_head_json":{"title":"Aprenda a plantar ameixa em vaso ou no jardim de casa","description":"Saborosa e nutritiva, a ameixa auxilia na digest\u00e3o e pode ser consumida fresca, seca ou em compotas e sobremesas.","robots":{"index":"index","follow":"follow","max-snippet":"max-snippet:-1","max-image-preview":"max-image-preview:large","max-video-preview":"max-video-preview:-1"},"canonical":"https:\/\/www.correiobraziliense.com.br\/cbradar\/aprenda-a-plantar-ameixa-em-vaso-ou-no-jardim-de-casa\/","og_locale":"pt_BR","og_type":"article","og_title":"Aprenda a plantar ameixa em vaso ou no jardim de casa","og_description":"Saborosa e nutritiva, a ameixa auxilia na digest\u00e3o e pode ser consumida fresca, seca ou em compotas e sobremesas.","og_url":"https:\/\/www.correiobraziliense.com.br\/cbradar\/aprenda-a-plantar-ameixa-em-vaso-ou-no-jardim-de-casa\/","og_site_name":"Correio Braziliense - Radar","article_published_time":"2025-04-03T10:10:45+00:00","og_image":[{"width":1280,"height":720,"url":"https:\/\/www.correiobraziliense.com.br\/cbradar\/wp-content\/uploads\/2025\/04\/ameixa_1743617425565.jpg","type":"image\/jpeg"}],"author":"Daniely Cardoso","twitter_card":"summary_large_image","twitter_misc":{"Escrito por":"Daniely Cardoso","Est. tempo de leitura":"4 minutos"},"schema":{"@context":"https:\/\/schema.org","@graph":[{"@type":"WebPage","@id":"https:\/\/www.correiobraziliense.com.br\/cbradar\/aprenda-a-plantar-ameixa-em-vaso-ou-no-jardim-de-casa\/","url":"https:\/\/www.correiobraziliense.com.br\/cbradar\/aprenda-a-plantar-ameixa-em-vaso-ou-no-jardim-de-casa\/","name":"Aprenda a plantar ameixa em vaso ou no jardim de casa","isPartOf":{"@id":"https:\/\/www.correiobraziliense.com.br\/cbradar\/#website"},"primaryImageOfPage":{"@id":"https:\/\/www.correiobraziliense.com.br\/cbradar\/aprenda-a-plantar-ameixa-em-vaso-ou-no-jardim-de-casa\/#primaryimage"},"image":{"@id":"https:\/\/www.correiobraziliense.com.br\/cbradar\/aprenda-a-plantar-ameixa-em-vaso-ou-no-jardim-de-casa\/#primaryimage"},"thumbnailUrl":"https:\/\/www.correiobraziliense.com.br\/cbradar\/wp-content\/uploads\/2025\/04\/ameixa_1743617425565.jpg","datePublished":"2025-04-03T10:10:45+00:00","author":{"@id":"https:\/\/www.correiobraziliense.com.br\/cbradar\/#\/schema\/person\/7356666e12ec0ee53f348ee5db227032"},"description":"Saborosa e nutritiva, a ameixa auxilia na digest\u00e3o e pode ser consumida fresca, seca ou em compotas e sobremesas.","breadcrumb":{"@id":"https:\/\/www.correiobraziliense.com.br\/cbradar\/aprenda-a-plantar-ameixa-em-vaso-ou-no-jardim-de-casa\/#breadcrumb"},"inLanguage":"pt-BR","potentialAction":[{"@type":"ReadAction","target":["https:\/\/www.correiobraziliense.com.br\/cbradar\/aprenda-a-plantar-ameixa-em-vaso-ou-no-jardim-de-casa\/"]}]},{"@type":"ImageObject","inLanguage":"pt-BR","@id":"https:\/\/www.correiobraziliense.com.br\/cbradar\/aprenda-a-plantar-ameixa-em-vaso-ou-no-jardim-de-casa\/#primaryimage","url":"https:\/\/www.correiobraziliense.com.br\/cbradar\/wp-content\/uploads\/2025\/04\/ameixa_1743617425565.jpg","contentUrl":"https:\/\/www.correiobraziliense.com.br\/cbradar\/wp-content\/uploads\/2025\/04\/ameixa_1743617425565.jpg","width":1280,"height":720,"caption":"Ameixa - Cr\u00e9ditos: depositphotos.com \/ anitasstudio"},{"@type":"BreadcrumbList","@id":"https:\/\/www.correiobraziliense.com.br\/cbradar\/aprenda-a-plantar-ameixa-em-vaso-ou-no-jardim-de-casa\/#breadcrumb","itemListElement":[{"@type":"ListItem","position":1,"name":"In\u00edcio","item":"https:\/\/www.correiobraziliense.com.br\/cbradar\/"},{"@type":"ListItem","position":2,"name":"Aprenda a plantar ameixa em vaso ou no jardim de casa"}]},{"@type":"WebSite","@id":"https:\/\/www.correiobraziliense.com.br\/cbradar\/#website","url":"https:\/\/www.correiobraziliense.com.br\/cbradar\/","name":"Correio Braziliense - Radar","description":"Acompanhe as \u00faltimas not\u00edcias e fique bem informado sobre tudo o que acontece no Brasil e no mundo.","potentialAction":[{"@type":"SearchAction","target":{"@type":"EntryPoint","urlTemplate":"https:\/\/www.correiobraziliense.com.br\/cbradar\/?s={search_term_string}"},"query-input":{"@type":"PropertyValueSpecification","valueRequired":true,"valueName":"search_term_string"}}],"inLanguage":"pt-BR"},{"@type":"Person","@id":"https:\/\/www.correiobraziliense.com.br\/cbradar\/#\/schema\/person\/7356666e12ec0ee53f348ee5db227032","name":"Daniely Cardoso","image":{"@type":"ImageObject","inLanguage":"pt-BR","@id":"https:\/\/www.correiobraziliense.com.br\/cbradar\/#\/schema\/person\/image\/","url":"https:\/\/secure.gravatar.com\/avatar\/4b80ddbd124d1f071b626d52d62e5dff?s=96&d=mm&r=g","contentUrl":"https:\/\/secure.gravatar.com\/avatar\/4b80ddbd124d1f071b626d52d62e5dff?s=96&d=mm&r=g","caption":"Daniely Cardoso"},"description":"Redatora nos portais CB Radar e EM Foco, formada pela Universidade Federal de Goi\u00e1s, em Goi\u00e2nia. Apaixonada por comunica\u00e7\u00e3o, arte, decora\u00e7\u00e3o e tend\u00eancias, atuo na produ\u00e7\u00e3o de conte\u00fados envolventes sobre curiosidades, moda, beleza e paisagismo, sempre com um olhar atento \u00e0s novidades do momento.","sameAs":["https:\/\/www.correiobraziliense.com.br\/cbradar"],"url":"https:\/\/www.correiobraziliense.com.br\/cbradar\/author\/danielymyth\/"}]}},"_links":{"self":[{"href":"https:\/\/www.correiobraziliense.com.br\/cbradar\/wp-json\/wp\/v2\/posts\/18484","targetHints":{"allow":["GET"]}}],"collection":[{"href":"https:\/\/www.correiobraziliense.com.br\/cbradar\/wp-json\/wp\/v2\/posts"}],"about":[{"href":"https:\/\/www.correiobraziliense.com.br\/cbradar\/wp-json\/wp\/v2\/types\/post"}],"author":[{"embeddable":true,"href":"https:\/\/www.correiobraziliense.com.br\/cbradar\/wp-json\/wp\/v2\/users\/9"}],"replies":[{"embeddable":true,"href":"https:\/\/www.correiobraziliense.com.br\/cbradar\/wp-json\/wp\/v2\/comments?post=18484"}],"version-history":[{"count":4,"href":"https:\/\/www.correiobraziliense.com.br\/cbradar\/wp-json\/wp\/v2\/posts\/18484\/revisions"}],"predecessor-version":[{"id":18880,"href":"https:\/\/www.correiobraziliense.com.br\/cbradar\/wp-json\/wp\/v2\/posts\/18484\/revisions\/18880"}],"wp:featuredmedia":[{"embeddable":true,"href":"https:\/\/www.correiobraziliense.com.br\/cbradar\/wp-json\/wp\/v2\/media\/18500"}],"wp:attachment":[{"href":"https:\/\/www.correiobraziliense.com.br\/cbradar\/wp-json\/wp\/v2\/media?parent=18484"}],"wp:term":[{"taxonomy":"category","embeddable":true,"href":"https:\/\/www.correiobraziliense.com.br\/cbradar\/wp-json\/wp\/v2\/categories?post=18484"},{"taxonomy":"post_tag","embeddable":true,"href":"https:\/\/www.correiobraziliense.com.br\/cbradar\/wp-json\/wp\/v2\/post_tag?post=18484"}],"curies":[{"name":"wp","href":"https:\/\/api.w.org\/{rel}","templated":true}]}}