{"id":184845,"date":"2026-01-31T21:05:00","date_gmt":"2026-02-01T00:05:00","guid":{"rendered":"https:\/\/www.correiobraziliense.com.br\/cbradar\/?p=184845"},"modified":"2026-01-30T21:30:01","modified_gmt":"2026-01-31T00:30:01","slug":"um-lugar-surpreendente-no-brasil-esconde-um-paraiso-unico-nas-americas-que-quase-ninguem-sabia","status":"publish","type":"post","link":"https:\/\/www.correiobraziliense.com.br\/cbradar\/um-lugar-surpreendente-no-brasil-esconde-um-paraiso-unico-nas-americas-que-quase-ninguem-sabia\/","title":{"rendered":"Um lugar surpreendente no Brasil esconde um para\u00edso \u00fanico nas Am\u00e9ricas que quase ningu\u00e9m sabia"},"content":{"rendered":"\n<p><strong>Parna\u00edba<\/strong> \u00e9 a <strong>Capital do Delta<\/strong> e o segundo maior munic\u00edpio do <strong>Piau\u00ed<\/strong>, situada a 340 km de <strong>Teresina<\/strong> e pr\u00f3xima \u00e0 divisa com o <strong>Cear\u00e1<\/strong>. O destino \u00e9 o principal centro de servi\u00e7os do litoral piauiense, servindo como porta de entrada para um dos santu\u00e1rios ecol\u00f3gicos mais importantes do mundo.<\/p>\n\n\n\n<h2 class=\"wp-block-heading\">Por que a cidade \u00e9 considerada o centro do \u00fanico delta em mar aberto das Am\u00e9ricas?<\/h2>\n\n\n\n<p>O reconhecimento geogr\u00e1fico de <strong>Parna\u00edba<\/strong> ocorre por abrigar a foz do <strong>Rio Parna\u00edba<\/strong>, que se ramifica em cinco bra\u00e7os principais antes de encontrar o <strong>Oceano Atl\u00e2ntico<\/strong>. Esse fen\u00f4meno raro cria um labirinto de mais de 70 ilhas, manguezais e dunas que atraem pesquisadores e turistas de diversas nacionalidades.<\/p>\n\n\n\n<p>A configura\u00e7\u00e3o do <strong>Delta do Parna\u00edba<\/strong> em mar aberto \u00e9 uma exclusividade no continente americano, assemelhando-se apenas aos deltas do <strong>Nilo<\/strong> e do <strong>Mekong<\/strong>. Essa riqueza natural fundamentou a economia pesqueira e tur\u00edstica da regi\u00e3o, transformando a localidade em um ponto estrat\u00e9gico para a preserva\u00e7\u00e3o ambiental e o lazer.<\/p>\n\n\n<div class=\"wp-block-image\">\n<figure class=\"aligncenter size-large\"><img decoding=\"async\" width=\"1024\" height=\"576\" src=\"https:\/\/www.correiobraziliense.com.br\/cbradar\/wp-content\/uploads\/2025\/05\/Edicoes-19-1024x576.png\" alt=\"Um lugar surpreendente no Brasil esconde um para\u00edso \u00fanico nas Am\u00e9ricas que quase ningu\u00e9m sabia\" class=\"wp-image-40602\" srcset=\"https:\/\/www.correiobraziliense.com.br\/cbradar\/wp-content\/uploads\/2025\/05\/Edicoes-19-1024x576.png 1024w, https:\/\/www.correiobraziliense.com.br\/cbradar\/wp-content\/uploads\/2025\/05\/Edicoes-19-300x169.png 300w, https:\/\/www.correiobraziliense.com.br\/cbradar\/wp-content\/uploads\/2025\/05\/Edicoes-19-768x432.png 768w, https:\/\/www.correiobraziliense.com.br\/cbradar\/wp-content\/uploads\/2025\/05\/Edicoes-19-750x422.png 750w, https:\/\/www.correiobraziliense.com.br\/cbradar\/wp-content\/uploads\/2025\/05\/Edicoes-19-1140x641.png 1140w, https:\/\/www.correiobraziliense.com.br\/cbradar\/wp-content\/uploads\/2025\/05\/Edicoes-19.png 1280w\" sizes=\"(max-width: 1024px) 100vw, 1024px\" \/><figcaption class=\"wp-element-caption\">Descubra a beleza \u00fanica do Delta do Parna\u00edba, um para\u00edso natural no litoral do Piau\u00ed. \/\/ Reprodu\u00e7\u00e3o: Wikip\u00e9dia<\/figcaption><\/figure><\/div>\n\n\n<h2 class=\"wp-block-heading\">Como funciona o estilo de vida na metr\u00f3pole do litoral piauiense?<\/h2>\n\n\n\n<p>Viver em <strong>Parna\u00edba<\/strong> oferece uma experi\u00eancia que mescla a tranquilidade de uma cidade litor\u00e2nea com a conveni\u00eancia de um polo universit\u00e1rio e comercial em expans\u00e3o. A rotina dos moradores \u00e9 pautada pela brisa constante dos ventos al\u00edsios e por uma gastronomia rica em frutos-do-mar, com destaque para o caranguejo-u\u00e7\u00e1.<\/p>\n\n\n\n<p>O munic\u00edpio apresenta uma infraestrutura moderna, contando com o <strong>Parna\u00edba Shopping<\/strong> e uma rede hoteleira diversificada que atende ao fluxo crescente de viajantes. O estilo de vida do <strong>parnaibano<\/strong> equilibra o trabalho t\u00e9cnico nas institui\u00e7\u00f5es de ensino com momentos de descanso nas praias pr\u00f3ximas e na orla revitalizada.<\/p>\n\n\n<div class=\"wp-block-image\">\n<figure class=\"aligncenter size-large\"><img decoding=\"async\" width=\"1024\" height=\"576\" src=\"https:\/\/www.correiobraziliense.com.br\/cbradar\/wp-content\/uploads\/2025\/05\/Edicoes-20-1024x576.png\" alt=\"A cidade litor\u00e2nea com condi\u00e7\u00f5es perfeitas para o Kitesurf o ano todo\" class=\"wp-image-40601\" srcset=\"https:\/\/www.correiobraziliense.com.br\/cbradar\/wp-content\/uploads\/2025\/05\/Edicoes-20-1024x576.png 1024w, https:\/\/www.correiobraziliense.com.br\/cbradar\/wp-content\/uploads\/2025\/05\/Edicoes-20-300x169.png 300w, https:\/\/www.correiobraziliense.com.br\/cbradar\/wp-content\/uploads\/2025\/05\/Edicoes-20-768x432.png 768w, https:\/\/www.correiobraziliense.com.br\/cbradar\/wp-content\/uploads\/2025\/05\/Edicoes-20-750x422.png 750w, https:\/\/www.correiobraziliense.com.br\/cbradar\/wp-content\/uploads\/2025\/05\/Edicoes-20-1140x641.png 1140w, https:\/\/www.correiobraziliense.com.br\/cbradar\/wp-content\/uploads\/2025\/05\/Edicoes-20.png 1280w\" sizes=\"(max-width: 1024px) 100vw, 1024px\" \/><figcaption class=\"wp-element-caption\">Explore o Delta do Parna\u00edba e conhe\u00e7a seu rico patrim\u00f4nio hist\u00f3rico e cultural. \/\/ Reprodu\u00e7\u00e3o: Wikip\u00e9dia<\/figcaption><\/figure><\/div>\n\n\n<h2 class=\"wp-block-heading\">Qual o tamanho da popula\u00e7\u00e3o e o n\u00edvel educacional?<\/h2>\n\n\n\n<p>O <strong>munic\u00edpio<\/strong> abriga 162 mil habitantes e se consolidou como um relevante polo educacional com a presen\u00e7a de campus da <strong>Universidade Federal do Delta do Parna\u00edba<\/strong> (<strong><a href=\"https:\/\/ufdpar.edu.br\/\" target=\"_blank\" rel=\"noreferrer noopener\">UFDPar<\/a><\/strong>). Os dados <strong>Instituto Brasileiro de Geografia e Estat\u00edstica (<a href=\"https:\/\/cidades.ibge.gov.br\/brasil\/pi\/parnaiba\/panorama\" target=\"_blank\" rel=\"noreferrer noopener\">IBGE<\/a>)<\/strong> apontam um <strong>IDH<\/strong> de 0,674 para a localidade.<\/p>\n\n\n\n<p>A educa\u00e7\u00e3o superior e t\u00e9cnica na regi\u00e3o \u00e9 impulsionada pela demanda de setores como turismo, agroneg\u00f3cio e sa\u00fade, qualificando a m\u00e3o de obra local. Esse investimento acad\u00eamico atrai jovens de todo o meio-norte brasileiro, gerando um ambiente intelectualizado e din\u00e2mico que estimula a inova\u00e7\u00e3o tecnol\u00f3gica no litoral.<\/p>\n\n\n\n<h2 class=\"wp-block-heading\">Quais locais s\u00e3o indispens\u00e1veis para o visitante?<\/h2>\n\n\n\n<p><strong>As op\u00e7\u00f5es de lazer na regi\u00e3o envolvem navega\u00e7\u00f5es fluviais, banhos em lagoas de \u00e1gua doce e a visita\u00e7\u00e3o a monumentos hist\u00f3ricos que narram o per\u00edodo \u00e1ureo do com\u00e9rcio de charque. <\/strong>O turismo \u00e9 marcado por experi\u00eancias sensoriais que conectam o visitante \u00e0 imensid\u00e3o das dunas e \u00e0 vida silvestre dos manguezais.<\/p>\n\n\n\n<p>Os pontos tur\u00edsticos mais relevantes proporcionam uma vis\u00e3o completa da diversidade biol\u00f3gica e da import\u00e2ncia hist\u00f3rica da regi\u00e3o norte do estado.<\/p>\n\n\n\n<ul class=\"wp-block-list\">\n<li><strong>Porto das Barcas<\/strong> abriga o centro hist\u00f3rico com casar\u00f5es antigos, lojas de artesanato e museus que contam a hist\u00f3ria comercial da cidade.<\/li>\n\n\n\n<li><strong>Praia da Pedra do Sal<\/strong> oferece um cen\u00e1rio \u00fanico com forma\u00e7\u00f5es rochosas que dividem o mar em um lado agitado e outro manso.<\/li>\n\n\n\n<li><strong>Lagoa do Portinho<\/strong> constitui um espa\u00e7o ideal para a pr\u00e1tica de esportes n\u00e1uticos e lazer familiar cercado por dunas m\u00f3veis.<\/li>\n\n\n\n<li><strong>Revoada dos Guar\u00e1s<\/strong> consiste em um passeio de barco ao entardecer para observar centenas de aves de cor vermelha vibrante retornando aos seus ninhos.<\/li>\n<\/ul>\n\n\n\n<p><strong>Descubra Parna\u00edba, um para\u00edso escondido no litoral do Piau\u00ed que combina praias deslumbrantes, dunas e a rica biodiversidade do Delta.<\/strong> O v\u00eddeo \u00e9 do canal<strong> Hannah Reis<\/strong> e apresenta um roteiro completo com dicas de log\u00edstica a partir de Teresina, passeios imperd\u00edveis como a revoada dos guar\u00e1s e as melhores op\u00e7\u00f5es de gastronomia e lazer na regi\u00e3o:<\/p>\n\n\n\n<figure class=\"wp-block-embed aligncenter is-type-video is-provider-youtube wp-block-embed-youtube wp-embed-aspect-16-9 wp-has-aspect-ratio\"><div class=\"wp-block-embed__wrapper\">\n<div class=\"jeg_video_container jeg_video_content\"><iframe loading=\"lazy\" title=\"PARNAI\u0301BA - PIAUI\u0301 | PARAI\u0301SO ESCONDIDO NO NORDESTE - Roteiro completo com PRE\u00c7OS\" width=\"500\" height=\"281\" src=\"https:\/\/www.youtube.com\/embed\/I0gZB3xTeh8?feature=oembed\" frameborder=\"0\" allow=\"accelerometer; autoplay; clipboard-write; encrypted-media; gyroscope; picture-in-picture; web-share\" referrerpolicy=\"strict-origin-when-cross-origin\" allowfullscreen><\/iframe><\/div>\n<\/div><\/figure>\n\n\n\n<p><strong>Leia tamb\u00e9m: <a href=\"https:\/\/www.correiobraziliense.com.br\/cbradar\/onde-a-natureza-do-pantanal-encontra-uma-capital-desenvolvida-no-coracao-da-america-do-sul-rica-em-qualidade-de-vida\/\" target=\"_blank\" rel=\"noreferrer noopener\">Onde a natureza do Pantanal encontra uma capital desenvolvida no cora\u00e7\u00e3o da Am\u00e9rica do Sul rica em qualidade de vida.<\/a><\/strong><\/p>\n\n\n\n<h2 class=\"wp-block-heading\">Como o tempo se comporta durante as esta\u00e7\u00f5es<\/h2>\n\n\n\n<p>O clima predominante em <strong>Parna\u00edba<\/strong> \u00e9 o tropical litor\u00e2neo, caracterizado por temperaturas elevadas e ventos fortes que amenizam a sensa\u00e7\u00e3o de calor. O regime de chuvas ocorre principalmente no primeiro semestre, enquanto o segundo semestre \u00e9 marcado por um c\u00e9u sempre aberto e sol intenso.<\/p>\n\n\n\n<p>A tabela abaixo detalha o comportamento meteorol\u00f3gico anual para orientar quem pretende explorar o delta ou os esportes de vento.<\/p>\n\n\n\n<style>\n    .clima-container {\n        font-family: -apple-system, BlinkMacSystemFont, \"Segoe UI\", Roboto, Helvetica, Arial, sans-serif;\n        max-width: 900px;\n        margin: 20px auto;\n        padding: 10px;\n    }\n\n    .clima-table-wrapper {\n        background: #ffffff;\n        border-radius: 12px;\n        box-shadow: 0 10px 25px rgba(0, 0, 0, 0.08);\n        overflow: hidden;\n        border: 1px solid #e3f2fd;\n    }\n\n    .clima-table {\n        width: 100%;\n        border-collapse: collapse;\n        text-align: left;\n    }\n\n    .clima-table thead {\n        \/* Gradiente Azulzinho Suave solicitado *\/\n        background: linear-gradient(135deg, #64b5f6 0%, #2196f3 100%);\n        color: #ffffff;\n    }\n\n    .clima-table th {\n        padding: 18px 20px;\n        font-weight: 700;\n        text-transform: uppercase;\n        font-size: 13px;\n        letter-spacing: 0.8px;\n    }\n\n    .clima-table td {\n        padding: 18px 20px;\n        border-bottom: 1px solid #f1f8ff;\n        color: #263238;\n        font-size: 15px;\n        line-height: 1.5;\n    }\n\n    .clima-table tr:last-child td {\n        border-bottom: none;\n    }\n\n    .badge-parnaiba {\n        display: inline-block;\n        padding: 4px 12px;\n        border-radius: 20px;\n        font-size: 11px;\n        font-weight: bold;\n        margin-bottom: 5px;\n        text-transform: uppercase;\n        background: #e3f2fd;\n        color: #1976d2;\n        border: 1px solid #bbdefb;\n    }\n\n    @media (max-width: 767px) {\n        .clima-table thead {\n            display: none;\n        }\n\n        .clima-table, .clima-table tbody, .clima-table tr, .clima-table td {\n            display: block;\n            width: 100%;\n        }\n\n        .clima-table tr {\n            margin-bottom: 15px;\n            border-bottom: 3px solid #64b5f6;\n            padding: 10px 0;\n            background: #fff;\n        }\n\n        .clima-table td {\n            text-align: right;\n            padding-left: 45%;\n            position: relative;\n            border-bottom: none;\n        }\n\n        .clima-table td::before {\n            content: attr(data-label);\n            position: absolute;\n            left: 20px;\n            width: 40%;\n            font-weight: bold;\n            text-align: left;\n            color: #1976d2;\n            font-size: 12px;\n        }\n    }\n<\/style>\n\n<div class=\"clima-container\">\n    <div class=\"clima-table-wrapper\">\n        <table class=\"clima-table\">\n            <thead>\n                <tr>\n                    <th>Per\u00edodo (meses)<\/th>\n                    <th>Temp. M\u00e9dia<\/th>\n                    <th>Clima<\/th>\n                    <th>Atividades Recomendadas<\/th>\n                <\/tr>\n            <\/thead>\n            <tbody>\n                <tr>\n                    <td data-label=\"Per\u00edodo (meses)\">\n                        <span class=\"badge-parnaiba\">Delta e Natureza<\/span><br>\n                        <strong>Junho a Agosto<\/strong>\n                    <\/td>\n                    <td data-label=\"Temp. M\u00e9dia\">26\u00b0C<\/td>\n                    <td data-label=\"Clima\">Ameno e Transi\u00e7\u00e3o<\/td>\n                    <td data-label=\"Atividades Recomendadas\">\u00c9poca perfeita para os passeios no Delta do Parna\u00edba e para contemplar a Revoada dos Guar\u00e1s.<\/td>\n                <\/tr>\n                <tr>\n                    <td data-label=\"Per\u00edodo (meses)\">\n                        <span class=\"badge-parnaiba\">Temporada de Ventos<\/span><br>\n                        <strong>Setembro a Novembro<\/strong>\n                    <\/td>\n                    <td data-label=\"Temp. M\u00e9dia\">29\u00b0C<\/td>\n                    <td data-label=\"Clima\">Seco e Ventoso<\/td>\n                    <td data-label=\"Atividades Recomendadas\">O para\u00edso para o Kitesurf e esportes n\u00e1uticos nas praias de mar aberto como a Pedra do Sal.<\/td>\n                <\/tr>\n                <tr>\n                    <td data-label=\"Per\u00edodo (meses)\">\n                        <span class=\"badge-parnaiba\">Ver\u00e3o e Sol<\/span><br>\n                        <strong>Dezembro a Janeiro<\/strong>\n                    <\/td>\n                    <td data-label=\"Temp. M\u00e9dia\">30\u00b0C<\/td>\n                    <td data-label=\"Clima\">Quente e Ensolarado<\/td>\n                    <td data-label=\"Atividades Recomendadas\">Ideal para o lazer em lagoas pr\u00f3ximas e para desfrutar da infraestrutura dos complexos hoteleiros.<\/td>\n                <\/tr>\n                <tr>\n                    <td data-label=\"Per\u00edodo (meses)\">\n                        <span class=\"badge-parnaiba\">\u00c9poca de Chuvas<\/span><br>\n                        <strong>Fevereiro a Maio<\/strong>\n                    <\/td>\n                    <td data-label=\"Temp. M\u00e9dia\">27\u00b0C<\/td>\n                    <td data-label=\"Clima\">Tropical Chuvoso<\/td>\n                    <td data-label=\"Atividades Recomendadas\">Foco em visitas ao centro hist\u00f3rico, Porto das Barcas e imers\u00e3o na rica gastronomia piauiense.<\/td>\n                <\/tr>\n            <\/tbody>\n        <\/table>\n    <\/div>\n<\/div>\n\n\n\n<p><em>Baseado em dados clim\u00e1ticos aproximados aos do portal <strong><a href=\"https:\/\/www.climatempo.com.br\/previsao-do-tempo\/cidade\/1292\/parnaiba-pi\" target=\"_blank\" rel=\"noreferrer noopener\">Climatempo<\/a><\/strong>.<\/em><\/p>\n\n\n\n<h2 class=\"wp-block-heading\">Motivos para visitar e morar em Parna\u00edba<\/h2>\n\n\n\n<p>A combina\u00e7\u00e3o de belezas naturais raras e o crescimento econ\u00f4mico sustent\u00e1vel faz da cidade um destino promissor para resid\u00eancia e investimentos.<\/p>\n\n\n\n<ul class=\"wp-block-list\">\n<li><strong>Conex\u00e3o com a Natureza<\/strong> atrav\u00e9s do acesso direto ao <strong>Delta do Parna\u00edba<\/strong> e a roteiros ecol\u00f3gicos de preserva\u00e7\u00e3o permanente.<\/li>\n\n\n\n<li><strong>Polo de Servi\u00e7os e Educa\u00e7\u00e3o<\/strong> garantindo acesso a ensino superior de qualidade e uma rede de sa\u00fade em plena expans\u00e3o regional.<\/li>\n\n\n\n<li><strong>Potencial Tur\u00edstico e Esportivo<\/strong> com ventos ideais para esportes n\u00e1uticos e um calend\u00e1rio cultural que celebra as ra\u00edzes nordestinas.<\/li>\n<\/ul>\n\n\n\n<p>Venha visitar e se encantar com a magnitude das \u00e1guas e o horizonte infinito da \u00fanica metr\u00f3pole litor\u00e2nea do <strong>Piau\u00ed<\/strong>.<\/p>\n","protected":false},"excerpt":{"rendered":"<p>Parna\u00edba \u00e9 a Capital do Delta e o segundo maior munic\u00edpio do Piau\u00ed, situada a 340 km de Teresina e pr\u00f3xima \u00e0 divisa com o Cear\u00e1. O destino \u00e9 o principal centro de servi\u00e7os do litoral piauiense, servindo como porta de entrada para um dos santu\u00e1rios ecol\u00f3gicos mais importantes do mundo. Por que a cidade [&hellip;]<\/p>\n","protected":false},"author":8,"featured_media":185121,"comment_status":"open","ping_status":"open","sticky":false,"template":"","format":"standard","meta":{"_yoast_wpseo_focuskw":"\u00fanico nas am\u00e9ricas","_yoast_wpseo_title":"","_yoast_wpseo_metadesc":"Explore um lugar surpreendente no Brasil que esconde um para\u00edso \u00fanico nas Am\u00e9ricas que poucos viajantes conhecem.","jnews-multi-image_gallery":[],"jnews_single_post":{"format":"standard"},"jnews_primary_category":[],"jnews_social_meta":[],"jnews_override_counter":[],"footnotes":""},"categories":[108,111],"tags":[5103,3034],"class_list":["post-184845","post","type-post","status-publish","format-standard","has-post-thumbnail","hentry","category-cidades","category-turismo","tag-parnaiba","tag-piaui"],"yoast_head":"<!-- This site is optimized with the Yoast SEO plugin v24.6 - https:\/\/yoast.com\/wordpress\/plugins\/seo\/ -->\n<title>Um lugar surpreendente no Brasil esconde um para\u00edso \u00fanico nas Am\u00e9ricas que quase ningu\u00e9m sabia - Correio Braziliense - Radar<\/title>\n<meta name=\"description\" content=\"Explore um lugar surpreendente no Brasil que esconde um para\u00edso \u00fanico nas Am\u00e9ricas que poucos viajantes conhecem.\" \/>\n<meta name=\"robots\" content=\"index, follow, max-snippet:-1, max-image-preview:large, max-video-preview:-1\" \/>\n<link rel=\"canonical\" href=\"https:\/\/www.correiobraziliense.com.br\/cbradar\/um-lugar-surpreendente-no-brasil-esconde-um-paraiso-unico-nas-americas-que-quase-ninguem-sabia\/\" \/>\n<meta property=\"og:locale\" content=\"pt_BR\" \/>\n<meta property=\"og:type\" content=\"article\" \/>\n<meta property=\"og:title\" content=\"Um lugar surpreendente no Brasil esconde um para\u00edso \u00fanico nas Am\u00e9ricas que quase ningu\u00e9m sabia - Correio Braziliense - Radar\" \/>\n<meta property=\"og:description\" content=\"Explore um lugar surpreendente no Brasil que esconde um para\u00edso \u00fanico nas Am\u00e9ricas que poucos viajantes conhecem.\" \/>\n<meta property=\"og:url\" content=\"https:\/\/www.correiobraziliense.com.br\/cbradar\/um-lugar-surpreendente-no-brasil-esconde-um-paraiso-unico-nas-americas-que-quase-ninguem-sabia\/\" \/>\n<meta property=\"og:site_name\" content=\"Correio Braziliense - Radar\" \/>\n<meta property=\"article:published_time\" content=\"2026-02-01T00:05:00+00:00\" \/>\n<meta property=\"og:image\" content=\"https:\/\/www.correiobraziliense.com.br\/cbradar\/wp-content\/uploads\/2026\/01\/aaa-2026-01-30T212420.394.png\" \/>\n\t<meta property=\"og:image:width\" content=\"1280\" \/>\n\t<meta property=\"og:image:height\" content=\"720\" \/>\n\t<meta property=\"og:image:type\" content=\"image\/png\" \/>\n<meta name=\"author\" content=\"Maura Pereira\" \/>\n<meta name=\"twitter:card\" content=\"summary_large_image\" \/>\n<meta name=\"twitter:label1\" content=\"Escrito por\" \/>\n\t<meta name=\"twitter:data1\" content=\"Maura Pereira\" \/>\n\t<meta name=\"twitter:label2\" content=\"Est. tempo de leitura\" \/>\n\t<meta name=\"twitter:data2\" content=\"6 minutos\" \/>\n<!-- \/ Yoast SEO plugin. -->","yoast_head_json":{"title":"Um lugar surpreendente no Brasil esconde um para\u00edso \u00fanico nas Am\u00e9ricas que quase ningu\u00e9m sabia - Correio Braziliense - Radar","description":"Explore um lugar surpreendente no Brasil que esconde um para\u00edso \u00fanico nas Am\u00e9ricas que poucos viajantes conhecem.","robots":{"index":"index","follow":"follow","max-snippet":"max-snippet:-1","max-image-preview":"max-image-preview:large","max-video-preview":"max-video-preview:-1"},"canonical":"https:\/\/www.correiobraziliense.com.br\/cbradar\/um-lugar-surpreendente-no-brasil-esconde-um-paraiso-unico-nas-americas-que-quase-ninguem-sabia\/","og_locale":"pt_BR","og_type":"article","og_title":"Um lugar surpreendente no Brasil esconde um para\u00edso \u00fanico nas Am\u00e9ricas que quase ningu\u00e9m sabia - Correio Braziliense - Radar","og_description":"Explore um lugar surpreendente no Brasil que esconde um para\u00edso \u00fanico nas Am\u00e9ricas que poucos viajantes conhecem.","og_url":"https:\/\/www.correiobraziliense.com.br\/cbradar\/um-lugar-surpreendente-no-brasil-esconde-um-paraiso-unico-nas-americas-que-quase-ninguem-sabia\/","og_site_name":"Correio Braziliense - Radar","article_published_time":"2026-02-01T00:05:00+00:00","og_image":[{"width":1280,"height":720,"url":"https:\/\/www.correiobraziliense.com.br\/cbradar\/wp-content\/uploads\/2026\/01\/aaa-2026-01-30T212420.394.png","type":"image\/png"}],"author":"Maura Pereira","twitter_card":"summary_large_image","twitter_misc":{"Escrito por":"Maura Pereira","Est. tempo de leitura":"6 minutos"},"schema":{"@context":"https:\/\/schema.org","@graph":[{"@type":"WebPage","@id":"https:\/\/www.correiobraziliense.com.br\/cbradar\/um-lugar-surpreendente-no-brasil-esconde-um-paraiso-unico-nas-americas-que-quase-ninguem-sabia\/","url":"https:\/\/www.correiobraziliense.com.br\/cbradar\/um-lugar-surpreendente-no-brasil-esconde-um-paraiso-unico-nas-americas-que-quase-ninguem-sabia\/","name":"Um lugar surpreendente no Brasil esconde um para\u00edso \u00fanico nas Am\u00e9ricas que quase ningu\u00e9m sabia - Correio Braziliense - Radar","isPartOf":{"@id":"https:\/\/www.correiobraziliense.com.br\/cbradar\/#website"},"primaryImageOfPage":{"@id":"https:\/\/www.correiobraziliense.com.br\/cbradar\/um-lugar-surpreendente-no-brasil-esconde-um-paraiso-unico-nas-americas-que-quase-ninguem-sabia\/#primaryimage"},"image":{"@id":"https:\/\/www.correiobraziliense.com.br\/cbradar\/um-lugar-surpreendente-no-brasil-esconde-um-paraiso-unico-nas-americas-que-quase-ninguem-sabia\/#primaryimage"},"thumbnailUrl":"https:\/\/www.correiobraziliense.com.br\/cbradar\/wp-content\/uploads\/2026\/01\/aaa-2026-01-30T212420.394.png","datePublished":"2026-02-01T00:05:00+00:00","author":{"@id":"https:\/\/www.correiobraziliense.com.br\/cbradar\/#\/schema\/person\/4053c651a9bfc785afc6f4cbc9032fd3"},"description":"Explore um lugar surpreendente no Brasil que esconde um para\u00edso \u00fanico nas Am\u00e9ricas que poucos viajantes conhecem.","breadcrumb":{"@id":"https:\/\/www.correiobraziliense.com.br\/cbradar\/um-lugar-surpreendente-no-brasil-esconde-um-paraiso-unico-nas-americas-que-quase-ninguem-sabia\/#breadcrumb"},"inLanguage":"pt-BR","potentialAction":[{"@type":"ReadAction","target":["https:\/\/www.correiobraziliense.com.br\/cbradar\/um-lugar-surpreendente-no-brasil-esconde-um-paraiso-unico-nas-americas-que-quase-ninguem-sabia\/"]}]},{"@type":"ImageObject","inLanguage":"pt-BR","@id":"https:\/\/www.correiobraziliense.com.br\/cbradar\/um-lugar-surpreendente-no-brasil-esconde-um-paraiso-unico-nas-americas-que-quase-ninguem-sabia\/#primaryimage","url":"https:\/\/www.correiobraziliense.com.br\/cbradar\/wp-content\/uploads\/2026\/01\/aaa-2026-01-30T212420.394.png","contentUrl":"https:\/\/www.correiobraziliense.com.br\/cbradar\/wp-content\/uploads\/2026\/01\/aaa-2026-01-30T212420.394.png","width":1280,"height":720,"caption":"Viver em Parna\u00edba oferece uma experi\u00eancia que mescla a tranquilidade de uma cidade litor\u00e2nea com a conveni\u00eancia de um polo universit\u00e1rio e comercial em expans\u00e3o. \/ Imagem Ilustrativa"},{"@type":"BreadcrumbList","@id":"https:\/\/www.correiobraziliense.com.br\/cbradar\/um-lugar-surpreendente-no-brasil-esconde-um-paraiso-unico-nas-americas-que-quase-ninguem-sabia\/#breadcrumb","itemListElement":[{"@type":"ListItem","position":1,"name":"In\u00edcio","item":"https:\/\/www.correiobraziliense.com.br\/cbradar\/"},{"@type":"ListItem","position":2,"name":"Um lugar surpreendente no Brasil esconde um para\u00edso \u00fanico nas Am\u00e9ricas que quase ningu\u00e9m sabia"}]},{"@type":"WebSite","@id":"https:\/\/www.correiobraziliense.com.br\/cbradar\/#website","url":"https:\/\/www.correiobraziliense.com.br\/cbradar\/","name":"Correio Braziliense - Radar","description":"Acompanhe as \u00faltimas not\u00edcias e fique bem informado sobre tudo o que acontece no Brasil e no mundo.","potentialAction":[{"@type":"SearchAction","target":{"@type":"EntryPoint","urlTemplate":"https:\/\/www.correiobraziliense.com.br\/cbradar\/?s={search_term_string}"},"query-input":{"@type":"PropertyValueSpecification","valueRequired":true,"valueName":"search_term_string"}}],"inLanguage":"pt-BR"},{"@type":"Person","@id":"https:\/\/www.correiobraziliense.com.br\/cbradar\/#\/schema\/person\/4053c651a9bfc785afc6f4cbc9032fd3","name":"Maura Pereira","image":{"@type":"ImageObject","inLanguage":"pt-BR","@id":"https:\/\/www.correiobraziliense.com.br\/cbradar\/#\/schema\/person\/image\/","url":"https:\/\/secure.gravatar.com\/avatar\/3effd6bdadfa447f15089c7f7144eaa6?s=96&d=mm&r=g","contentUrl":"https:\/\/secure.gravatar.com\/avatar\/3effd6bdadfa447f15089c7f7144eaa6?s=96&d=mm&r=g","caption":"Maura Pereira"},"sameAs":["https:\/\/www.correiobraziliense.com.br\/"],"url":"https:\/\/www.correiobraziliense.com.br\/cbradar\/author\/mauramyth\/"}]}},"_links":{"self":[{"href":"https:\/\/www.correiobraziliense.com.br\/cbradar\/wp-json\/wp\/v2\/posts\/184845","targetHints":{"allow":["GET"]}}],"collection":[{"href":"https:\/\/www.correiobraziliense.com.br\/cbradar\/wp-json\/wp\/v2\/posts"}],"about":[{"href":"https:\/\/www.correiobraziliense.com.br\/cbradar\/wp-json\/wp\/v2\/types\/post"}],"author":[{"embeddable":true,"href":"https:\/\/www.correiobraziliense.com.br\/cbradar\/wp-json\/wp\/v2\/users\/8"}],"replies":[{"embeddable":true,"href":"https:\/\/www.correiobraziliense.com.br\/cbradar\/wp-json\/wp\/v2\/comments?post=184845"}],"version-history":[{"count":16,"href":"https:\/\/www.correiobraziliense.com.br\/cbradar\/wp-json\/wp\/v2\/posts\/184845\/revisions"}],"predecessor-version":[{"id":185125,"href":"https:\/\/www.correiobraziliense.com.br\/cbradar\/wp-json\/wp\/v2\/posts\/184845\/revisions\/185125"}],"wp:featuredmedia":[{"embeddable":true,"href":"https:\/\/www.correiobraziliense.com.br\/cbradar\/wp-json\/wp\/v2\/media\/185121"}],"wp:attachment":[{"href":"https:\/\/www.correiobraziliense.com.br\/cbradar\/wp-json\/wp\/v2\/media?parent=184845"}],"wp:term":[{"taxonomy":"category","embeddable":true,"href":"https:\/\/www.correiobraziliense.com.br\/cbradar\/wp-json\/wp\/v2\/categories?post=184845"},{"taxonomy":"post_tag","embeddable":true,"href":"https:\/\/www.correiobraziliense.com.br\/cbradar\/wp-json\/wp\/v2\/tags?post=184845"}],"curies":[{"name":"wp","href":"https:\/\/api.w.org\/{rel}","templated":true}]}}