{"id":18486,"date":"2025-04-03T08:10:59","date_gmt":"2025-04-03T11:10:59","guid":{"rendered":"https:\/\/www.correiobraziliense.com.br\/cbradar\/?p=18486"},"modified":"2025-04-03T04:15:58","modified_gmt":"2025-04-03T07:15:58","slug":"aprenda-a-plantar-berinjela-e-aproveite-seus-beneficios-nutricionais","status":"publish","type":"post","link":"https:\/\/www.correiobraziliense.com.br\/cbradar\/aprenda-a-plantar-berinjela-e-aproveite-seus-beneficios-nutricionais\/","title":{"rendered":"Aprenda a plantar berinjela em casa e aproveite seus benef\u00edcios nutricionais"},"content":{"rendered":"\n<p>A <strong>berinjela<\/strong> (Solanum melongena) \u00e9 uma hortali\u00e7a vers\u00e1til, <a href=\"https:\/\/www.correiobraziliense.com.br\/cbradar\/aprenda-a-plantar-acai-em-casa-e-colha-frutas-frescas-e-deliciosas\/\" target=\"_blank\" rel=\"noreferrer noopener\">rica <\/a>em nutrientes e f\u00e1cil de cultivar, tanto em hortas quanto em vasos. Seu cultivo exige cuidados espec\u00edficos para garantir frutos saud\u00e1veis e saborosos. Veja o passo a passo para plantar e colher sua pr\u00f3pria <strong>berinjela<\/strong>.<\/p>\n\n\n\n<h2 class=\"wp-block-heading\">Qual \u00e9 o clima ideal para o cultivo?<\/h2>\n\n\n\n<p>A <strong>berinjela<\/strong> se desenvolve melhor em climas quentes, com temperaturas entre <strong>20\u00b0C e 30\u00b0C<\/strong>. Ela n\u00e3o tolera geadas e precisa de bastante luz solar. Em regi\u00f5es mais frias, recomenda-se o cultivo em estufas ou o plantio em per\u00edodos mais quentes do ano.<\/p>\n\n\n\n<h2 class=\"wp-block-heading\">Como escolher o solo adequado para o plantio?<\/h2>\n\n\n\n<p>O solo ideal para o cultivo da <strong>berinjela<\/strong> deve ser <strong>f\u00e9rtil, bem drenado e rico em mat\u00e9ria org\u00e2nica<\/strong>, com pH entre <strong>5,5 e 6,5<\/strong>. Antes do plantio, recomenda-se adicionar composto org\u00e2nico ou esterco bem curtido para melhorar a fertilidade.<\/p>\n\n\n\n<h2 class=\"wp-block-heading\">Como plantar as sementes?<\/h2>\n\n\n\n<p>As sementes de <strong>berinjela<\/strong> devem ser plantadas em sementeiras ou copinhos individuais, com uma profundidade de <strong>0,5 cm<\/strong>. Ap\u00f3s <strong>7 a 14 dias<\/strong>, as mudas germinam e podem ser transplantadas para o local definitivo quando atingirem <strong>10 a 15 cm de altura<\/strong>. O espa\u00e7amento ideal \u00e9 de <strong>50 cm entre as plantas<\/strong> e <strong>80 cm entre as linhas<\/strong>.<\/p>\n\n\n<div class=\"wp-block-image\">\n<figure class=\"aligncenter size-large\"><img decoding=\"async\" width=\"1024\" height=\"576\" src=\"https:\/\/www.correiobraziliense.com.br\/cbradar\/wp-content\/uploads\/2025\/04\/berinjela-_1743618919774-1024x576.jpg\" alt=\"\" class=\"wp-image-18514\" srcset=\"https:\/\/www.correiobraziliense.com.br\/cbradar\/wp-content\/uploads\/2025\/04\/berinjela-_1743618919774-1024x576.jpg 1024w, https:\/\/www.correiobraziliense.com.br\/cbradar\/wp-content\/uploads\/2025\/04\/berinjela-_1743618919774-300x169.jpg 300w, https:\/\/www.correiobraziliense.com.br\/cbradar\/wp-content\/uploads\/2025\/04\/berinjela-_1743618919774-768x432.jpg 768w, https:\/\/www.correiobraziliense.com.br\/cbradar\/wp-content\/uploads\/2025\/04\/berinjela-_1743618919774-750x422.jpg 750w, https:\/\/www.correiobraziliense.com.br\/cbradar\/wp-content\/uploads\/2025\/04\/berinjela-_1743618919774-1140x641.jpg 1140w, https:\/\/www.correiobraziliense.com.br\/cbradar\/wp-content\/uploads\/2025\/04\/berinjela-_1743618919774.jpg 1280w\" sizes=\"(max-width: 1024px) 100vw, 1024px\" \/><figcaption class=\"wp-element-caption\">Berinjela &#8211; Cr\u00e9ditos: depositphotos.com \/ dpfoxfoto<\/figcaption><\/figure><\/div>\n\n\n<h2 class=\"wp-block-heading\">Qual a frequ\u00eancia de rega necess\u00e1ria?<\/h2>\n\n\n\n<p>A <strong>berinjela<\/strong> precisa de umidade constante, mas sem encharcamento. Regue regularmente, mantendo o solo levemente \u00famido. A irriga\u00e7\u00e3o deve ser feita preferencialmente pela manh\u00e3 ou no final da tarde.<\/p>\n\n\n\n<h2 class=\"wp-block-heading\">Quando e como ocorre a colheita?<\/h2>\n\n\n\n<p>A colheita da <strong>berinjela<\/strong> ocorre entre <strong>90 e 120 dias ap\u00f3s o plantio<\/strong>. Os frutos devem ser colhidos quando estiverem firmes, brilhantes e com <strong>15 a 25 cm de comprimento<\/strong>, dependendo da variedade. Use uma tesoura ou faca afiada para cortar os frutos sem danificar a planta.<\/p>\n\n\n\n<h2 class=\"wp-block-heading\">Como armazenar e conservar?<\/h2>\n\n\n\n<p>Ap\u00f3s a colheita, as <strong>berinjelas<\/strong> podem ser armazenadas na geladeira por at\u00e9 <strong>uma semana<\/strong>. Para evitar que fiquem amargas, recomenda-se consumi-las frescas. Tamb\u00e9m podem ser congeladas ap\u00f3s o cozimento.<\/p>\n\n\n\n<h2 class=\"wp-block-heading\">Quais pragas e doen\u00e7as podem afetar?<\/h2>\n\n\n\n<p>A <strong>berinjela<\/strong> pode ser atacada por <strong>pulg\u00f5es, \u00e1caros e brocas<\/strong>, al\u00e9m de doen\u00e7as como a <strong>murcha bacteriana<\/strong> e o <strong>m\u00edldio<\/strong>. Para evitar problemas, fa\u00e7a rota\u00e7\u00e3o de culturas, utilize cobertura morta e monitore as plantas regularmente.<\/p>\n\n\n\n<h2 class=\"wp-block-heading\">FAQ<\/h2>\n\n\n\n<h3 class=\"wp-block-heading\">1. A berinjela pode ser cultivada em vasos?<\/h3>\n\n\n\n<p>Sim, desde que o vaso tenha pelo menos <strong>40 cm de profundidade<\/strong> e um solo bem drenado.<\/p>\n\n\n\n<h3 class=\"wp-block-heading\">2. Quanto tempo leva para a berinjela crescer?<\/h3>\n\n\n\n<p>O ciclo de crescimento varia entre <strong>90 e 120 dias<\/strong>, desde o plantio at\u00e9 a colheita.<\/p>\n\n\n\n<h3 class=\"wp-block-heading\">3. A berinjela precisa de muita luz solar?<\/h3>\n\n\n\n<p>Sim, ela deve ser cultivada em um local com pelo menos <strong>6 a 8 horas di\u00e1rias de sol<\/strong>.<\/p>\n\n\n\n<h3 class=\"wp-block-heading\">4. Como evitar que as berinjelas fiquem amargas?<\/h3>\n\n\n\n<p>Colha os frutos no momento certo e evite deix\u00e1-los muito tempo na planta, pois isso pode torn\u00e1-los amargos.<\/p>\n\n\n\n<h3 class=\"wp-block-heading\">5. Como fazer a poda da berinjela?<\/h3>\n\n\n\n<p>A poda deve ser feita para remover folhas secas e galhos doentes, al\u00e9m de incentivar o crescimento de novos frutos.<\/p>\n","protected":false},"excerpt":{"rendered":"<p>A berinjela (Solanum melongena) \u00e9 uma hortali\u00e7a vers\u00e1til, rica em nutrientes e f\u00e1cil de cultivar, tanto em hortas quanto em vasos. Seu cultivo exige cuidados espec\u00edficos para garantir frutos saud\u00e1veis e saborosos. Veja o passo a passo para plantar e colher sua pr\u00f3pria berinjela. Qual \u00e9 o clima ideal para o cultivo? A berinjela se [&hellip;]<\/p>\n","protected":false},"author":9,"featured_media":18513,"comment_status":"open","ping_status":"open","sticky":false,"template":"","format":"standard","meta":{"_yoast_wpseo_focuskw":"berinjela","_yoast_wpseo_title":"%%title%% %%page%%","_yoast_wpseo_metadesc":"Fonte de fibras e antioxidantes, a berinjela \u00e9 ideal para grelhados, assados e refogados, trazendo sabor e benef\u00edcios \u00e0 sa\u00fade.","jnews-multi-image_gallery":[],"jnews_single_post":{"format":"standard"},"jnews_primary_category":[],"jnews_social_meta":[],"jnews_override_counter":[],"footnotes":""},"categories":[136],"post_tag":[2780,2779,2778,266],"class_list":["post-18486","post","type-post","status-publish","format-standard","has-post-thumbnail","hentry","category-jardinagem","tag-berinjela-passo-a-passo","tag-como-plantar-berinjela","tag-cultivo-de-berinjela","tag-horta-caseira"],"yoast_head":"<!-- This site is optimized with the Yoast SEO plugin v24.6 - https:\/\/yoast.com\/wordpress\/plugins\/seo\/ -->\n<title>Aprenda a plantar berinjela em casa e aproveite seus benef\u00edcios nutricionais<\/title>\n<meta name=\"description\" content=\"Fonte de fibras e antioxidantes, a berinjela \u00e9 ideal para grelhados, assados e refogados, trazendo sabor e benef\u00edcios \u00e0 sa\u00fade.\" \/>\n<meta name=\"robots\" content=\"index, follow, max-snippet:-1, max-image-preview:large, max-video-preview:-1\" \/>\n<link rel=\"canonical\" href=\"https:\/\/www.correiobraziliense.com.br\/cbradar\/aprenda-a-plantar-berinjela-e-aproveite-seus-beneficios-nutricionais\/\" \/>\n<meta property=\"og:locale\" content=\"pt_BR\" \/>\n<meta property=\"og:type\" content=\"article\" \/>\n<meta property=\"og:title\" content=\"Aprenda a plantar berinjela em casa e aproveite seus benef\u00edcios nutricionais\" \/>\n<meta property=\"og:description\" content=\"Fonte de fibras e antioxidantes, a berinjela \u00e9 ideal para grelhados, assados e refogados, trazendo sabor e benef\u00edcios \u00e0 sa\u00fade.\" \/>\n<meta property=\"og:url\" content=\"https:\/\/www.correiobraziliense.com.br\/cbradar\/aprenda-a-plantar-berinjela-e-aproveite-seus-beneficios-nutricionais\/\" \/>\n<meta property=\"og:site_name\" content=\"Correio Braziliense - Radar\" \/>\n<meta property=\"article:published_time\" content=\"2025-04-03T11:10:59+00:00\" \/>\n<meta property=\"og:image\" content=\"https:\/\/www.correiobraziliense.com.br\/cbradar\/wp-content\/uploads\/2025\/04\/berinjela-_1743618626735.jpg\" \/>\n\t<meta property=\"og:image:width\" content=\"1280\" \/>\n\t<meta property=\"og:image:height\" content=\"720\" \/>\n\t<meta property=\"og:image:type\" content=\"image\/jpeg\" \/>\n<meta name=\"author\" content=\"Daniely Cardoso\" \/>\n<meta name=\"twitter:card\" content=\"summary_large_image\" \/>\n<meta name=\"twitter:label1\" content=\"Escrito por\" \/>\n\t<meta name=\"twitter:data1\" content=\"Daniely Cardoso\" \/>\n\t<meta name=\"twitter:label2\" content=\"Est. tempo de leitura\" \/>\n\t<meta name=\"twitter:data2\" content=\"4 minutos\" \/>\n<!-- \/ Yoast SEO plugin. -->","yoast_head_json":{"title":"Aprenda a plantar berinjela em casa e aproveite seus benef\u00edcios nutricionais","description":"Fonte de fibras e antioxidantes, a berinjela \u00e9 ideal para grelhados, assados e refogados, trazendo sabor e benef\u00edcios \u00e0 sa\u00fade.","robots":{"index":"index","follow":"follow","max-snippet":"max-snippet:-1","max-image-preview":"max-image-preview:large","max-video-preview":"max-video-preview:-1"},"canonical":"https:\/\/www.correiobraziliense.com.br\/cbradar\/aprenda-a-plantar-berinjela-e-aproveite-seus-beneficios-nutricionais\/","og_locale":"pt_BR","og_type":"article","og_title":"Aprenda a plantar berinjela em casa e aproveite seus benef\u00edcios nutricionais","og_description":"Fonte de fibras e antioxidantes, a berinjela \u00e9 ideal para grelhados, assados e refogados, trazendo sabor e benef\u00edcios \u00e0 sa\u00fade.","og_url":"https:\/\/www.correiobraziliense.com.br\/cbradar\/aprenda-a-plantar-berinjela-e-aproveite-seus-beneficios-nutricionais\/","og_site_name":"Correio Braziliense - Radar","article_published_time":"2025-04-03T11:10:59+00:00","og_image":[{"width":1280,"height":720,"url":"https:\/\/www.correiobraziliense.com.br\/cbradar\/wp-content\/uploads\/2025\/04\/berinjela-_1743618626735.jpg","type":"image\/jpeg"}],"author":"Daniely Cardoso","twitter_card":"summary_large_image","twitter_misc":{"Escrito por":"Daniely Cardoso","Est. tempo de leitura":"4 minutos"},"schema":{"@context":"https:\/\/schema.org","@graph":[{"@type":"WebPage","@id":"https:\/\/www.correiobraziliense.com.br\/cbradar\/aprenda-a-plantar-berinjela-e-aproveite-seus-beneficios-nutricionais\/","url":"https:\/\/www.correiobraziliense.com.br\/cbradar\/aprenda-a-plantar-berinjela-e-aproveite-seus-beneficios-nutricionais\/","name":"Aprenda a plantar berinjela em casa e aproveite seus benef\u00edcios nutricionais","isPartOf":{"@id":"https:\/\/www.correiobraziliense.com.br\/cbradar\/#website"},"primaryImageOfPage":{"@id":"https:\/\/www.correiobraziliense.com.br\/cbradar\/aprenda-a-plantar-berinjela-e-aproveite-seus-beneficios-nutricionais\/#primaryimage"},"image":{"@id":"https:\/\/www.correiobraziliense.com.br\/cbradar\/aprenda-a-plantar-berinjela-e-aproveite-seus-beneficios-nutricionais\/#primaryimage"},"thumbnailUrl":"https:\/\/www.correiobraziliense.com.br\/cbradar\/wp-content\/uploads\/2025\/04\/berinjela-_1743618626735.jpg","datePublished":"2025-04-03T11:10:59+00:00","author":{"@id":"https:\/\/www.correiobraziliense.com.br\/cbradar\/#\/schema\/person\/7356666e12ec0ee53f348ee5db227032"},"description":"Fonte de fibras e antioxidantes, a berinjela \u00e9 ideal para grelhados, assados e refogados, trazendo sabor e benef\u00edcios \u00e0 sa\u00fade.","breadcrumb":{"@id":"https:\/\/www.correiobraziliense.com.br\/cbradar\/aprenda-a-plantar-berinjela-e-aproveite-seus-beneficios-nutricionais\/#breadcrumb"},"inLanguage":"pt-BR","potentialAction":[{"@type":"ReadAction","target":["https:\/\/www.correiobraziliense.com.br\/cbradar\/aprenda-a-plantar-berinjela-e-aproveite-seus-beneficios-nutricionais\/"]}]},{"@type":"ImageObject","inLanguage":"pt-BR","@id":"https:\/\/www.correiobraziliense.com.br\/cbradar\/aprenda-a-plantar-berinjela-e-aproveite-seus-beneficios-nutricionais\/#primaryimage","url":"https:\/\/www.correiobraziliense.com.br\/cbradar\/wp-content\/uploads\/2025\/04\/berinjela-_1743618626735.jpg","contentUrl":"https:\/\/www.correiobraziliense.com.br\/cbradar\/wp-content\/uploads\/2025\/04\/berinjela-_1743618626735.jpg","width":1280,"height":720,"caption":"Berinjela - Cr\u00e9ditos: depositphotos.com \/ jrp_studio"},{"@type":"BreadcrumbList","@id":"https:\/\/www.correiobraziliense.com.br\/cbradar\/aprenda-a-plantar-berinjela-e-aproveite-seus-beneficios-nutricionais\/#breadcrumb","itemListElement":[{"@type":"ListItem","position":1,"name":"In\u00edcio","item":"https:\/\/www.correiobraziliense.com.br\/cbradar\/"},{"@type":"ListItem","position":2,"name":"Aprenda a plantar berinjela em casa e aproveite seus benef\u00edcios nutricionais"}]},{"@type":"WebSite","@id":"https:\/\/www.correiobraziliense.com.br\/cbradar\/#website","url":"https:\/\/www.correiobraziliense.com.br\/cbradar\/","name":"Correio Braziliense - Radar","description":"Acompanhe as \u00faltimas not\u00edcias e fique bem informado sobre tudo o que acontece no Brasil e no mundo.","potentialAction":[{"@type":"SearchAction","target":{"@type":"EntryPoint","urlTemplate":"https:\/\/www.correiobraziliense.com.br\/cbradar\/?s={search_term_string}"},"query-input":{"@type":"PropertyValueSpecification","valueRequired":true,"valueName":"search_term_string"}}],"inLanguage":"pt-BR"},{"@type":"Person","@id":"https:\/\/www.correiobraziliense.com.br\/cbradar\/#\/schema\/person\/7356666e12ec0ee53f348ee5db227032","name":"Daniely Cardoso","image":{"@type":"ImageObject","inLanguage":"pt-BR","@id":"https:\/\/www.correiobraziliense.com.br\/cbradar\/#\/schema\/person\/image\/","url":"https:\/\/secure.gravatar.com\/avatar\/4b80ddbd124d1f071b626d52d62e5dff?s=96&d=mm&r=g","contentUrl":"https:\/\/secure.gravatar.com\/avatar\/4b80ddbd124d1f071b626d52d62e5dff?s=96&d=mm&r=g","caption":"Daniely Cardoso"},"description":"Redatora nos portais CB Radar e EM Foco, formada pela Universidade Federal de Goi\u00e1s, em Goi\u00e2nia. Apaixonada por comunica\u00e7\u00e3o, arte, decora\u00e7\u00e3o e tend\u00eancias, atuo na produ\u00e7\u00e3o de conte\u00fados envolventes sobre curiosidades, moda, beleza e paisagismo, sempre com um olhar atento \u00e0s novidades do momento.","sameAs":["https:\/\/www.correiobraziliense.com.br\/cbradar"],"url":"https:\/\/www.correiobraziliense.com.br\/cbradar\/author\/danielymyth\/"}]}},"_links":{"self":[{"href":"https:\/\/www.correiobraziliense.com.br\/cbradar\/wp-json\/wp\/v2\/posts\/18486","targetHints":{"allow":["GET"]}}],"collection":[{"href":"https:\/\/www.correiobraziliense.com.br\/cbradar\/wp-json\/wp\/v2\/posts"}],"about":[{"href":"https:\/\/www.correiobraziliense.com.br\/cbradar\/wp-json\/wp\/v2\/types\/post"}],"author":[{"embeddable":true,"href":"https:\/\/www.correiobraziliense.com.br\/cbradar\/wp-json\/wp\/v2\/users\/9"}],"replies":[{"embeddable":true,"href":"https:\/\/www.correiobraziliense.com.br\/cbradar\/wp-json\/wp\/v2\/comments?post=18486"}],"version-history":[{"count":5,"href":"https:\/\/www.correiobraziliense.com.br\/cbradar\/wp-json\/wp\/v2\/posts\/18486\/revisions"}],"predecessor-version":[{"id":18881,"href":"https:\/\/www.correiobraziliense.com.br\/cbradar\/wp-json\/wp\/v2\/posts\/18486\/revisions\/18881"}],"wp:featuredmedia":[{"embeddable":true,"href":"https:\/\/www.correiobraziliense.com.br\/cbradar\/wp-json\/wp\/v2\/media\/18513"}],"wp:attachment":[{"href":"https:\/\/www.correiobraziliense.com.br\/cbradar\/wp-json\/wp\/v2\/media?parent=18486"}],"wp:term":[{"taxonomy":"category","embeddable":true,"href":"https:\/\/www.correiobraziliense.com.br\/cbradar\/wp-json\/wp\/v2\/categories?post=18486"},{"taxonomy":"post_tag","embeddable":true,"href":"https:\/\/www.correiobraziliense.com.br\/cbradar\/wp-json\/wp\/v2\/post_tag?post=18486"}],"curies":[{"name":"wp","href":"https:\/\/api.w.org\/{rel}","templated":true}]}}