{"id":18487,"date":"2025-04-03T09:10:59","date_gmt":"2025-04-03T12:10:59","guid":{"rendered":"https:\/\/www.correiobraziliense.com.br\/cbradar\/?p=18487"},"modified":"2025-04-02T15:43:24","modified_gmt":"2025-04-02T18:43:24","slug":"plante-acafrao-da-terra-em-casa-e-colha-tempero-fresco-o-ano-todo","status":"publish","type":"post","link":"https:\/\/www.correiobraziliense.com.br\/cbradar\/plante-acafrao-da-terra-em-casa-e-colha-tempero-fresco-o-ano-todo\/","title":{"rendered":"Plante a\u00e7afr\u00e3o-da-terra em casa e colha tempero fresco o ano todo"},"content":{"rendered":"\n<p>O <strong>a\u00e7afr\u00e3o-da-terra<\/strong> (Curcuma longa), tamb\u00e9m conhecido como <strong>c\u00farcuma<\/strong>, \u00e9 uma <a href=\"https:\/\/www.correiobraziliense.com.br\/cbradar\/aprenda-a-plantar-pimenta-de-cheiro-e-ter-uma-colheita-abundante\/\" target=\"_blank\" rel=\"noreferrer noopener\">planta <\/a>amplamente cultivada por suas propriedades medicinais e culin\u00e1rias. Seu rizoma, rico em curcumina, \u00e9 utilizado como tempero e corante natural. O cultivo do <strong>a\u00e7afr\u00e3o<\/strong> \u00e9 simples e pode ser feito em vasos, hortas ou em \u00e1reas maiores. Confira o passo a passo para plantar e colher seu pr\u00f3prio <strong>a\u00e7afr\u00e3o-da-terra<\/strong>.<\/p>\n\n\n\n<h2 class=\"wp-block-heading\">Qual \u00e9 o clima ideal para o cultivo do?<\/h2>\n\n\n\n<p>O <strong>a\u00e7afr\u00e3o-da-terra<\/strong> se desenvolve melhor em climas <strong>tropicais e subtropicais<\/strong>, com temperaturas entre <strong>20\u00b0C e 30\u00b0C<\/strong>. Ele precisa de <strong>bastante umidade<\/strong>, principalmente durante o crescimento, e n\u00e3o tolera geadas.<\/p>\n\n\n\n<h2 class=\"wp-block-heading\">Como escolher o solo adequado para o plantio?<\/h2>\n\n\n\n<p>O solo ideal para o cultivo do <strong>a\u00e7afr\u00e3o<\/strong> deve ser <strong>leve, bem drenado e rico em mat\u00e9ria org\u00e2nica<\/strong>, com pH entre <strong>5,5 e 6,5<\/strong>. Solos compactados devem ser evitados, pois dificultam o crescimento dos rizomas.<\/p>\n\n\n\n<h2 class=\"wp-block-heading\">Como plantar?<\/h2>\n\n\n\n<p>O <strong>a\u00e7afr\u00e3o-da-terra<\/strong> \u00e9 cultivado por meio de seus pr\u00f3prios rizomas. Siga os passos abaixo:<\/p>\n\n\n\n<ol class=\"wp-block-list\">\n<li><strong>Escolha dos rizomas:<\/strong> Utilize rizomas saud\u00e1veis e sem sinais de mofo ou apodrecimento.<\/li>\n\n\n\n<li><strong>Prepara\u00e7\u00e3o do solo:<\/strong> Revolva a terra e adicione composto org\u00e2nico ou esterco curtido.<\/li>\n\n\n\n<li><strong>Plantio:<\/strong> Plante os rizomas a <strong>5 cm de profundidade<\/strong>, deixando <strong>15 a 20 cm de dist\u00e2ncia entre cada um<\/strong>.<\/li>\n\n\n\n<li><strong>Rega:<\/strong> Mantenha o solo \u00famido, mas sem encharcar.<\/li>\n\n\n\n<li><strong>Sombramento:<\/strong> Nos primeiros meses, proteja as mudas do sol direto excessivo.<\/li>\n<\/ol>\n\n\n<div class=\"wp-block-image\">\n<figure class=\"aligncenter size-large\"><img decoding=\"async\" width=\"1024\" height=\"576\" src=\"https:\/\/www.correiobraziliense.com.br\/cbradar\/wp-content\/uploads\/2025\/04\/acafrao-da-terra_1743619037654-1024x576.jpg\" alt=\"\" class=\"wp-image-18517\" srcset=\"https:\/\/www.correiobraziliense.com.br\/cbradar\/wp-content\/uploads\/2025\/04\/acafrao-da-terra_1743619037654-1024x576.jpg 1024w, https:\/\/www.correiobraziliense.com.br\/cbradar\/wp-content\/uploads\/2025\/04\/acafrao-da-terra_1743619037654-300x169.jpg 300w, https:\/\/www.correiobraziliense.com.br\/cbradar\/wp-content\/uploads\/2025\/04\/acafrao-da-terra_1743619037654-768x432.jpg 768w, https:\/\/www.correiobraziliense.com.br\/cbradar\/wp-content\/uploads\/2025\/04\/acafrao-da-terra_1743619037654-750x422.jpg 750w, https:\/\/www.correiobraziliense.com.br\/cbradar\/wp-content\/uploads\/2025\/04\/acafrao-da-terra_1743619037654-1140x641.jpg 1140w, https:\/\/www.correiobraziliense.com.br\/cbradar\/wp-content\/uploads\/2025\/04\/acafrao-da-terra_1743619037654.jpg 1280w\" sizes=\"(max-width: 1024px) 100vw, 1024px\" \/><figcaption class=\"wp-element-caption\">A\u00e7afr\u00e3o da terra &#8211; Cr\u00e9ditos: depositphotos.com \/ doidam10<\/figcaption><\/figure><\/div>\n\n\n<h2 class=\"wp-block-heading\">Qual a frequ\u00eancia de rega necess\u00e1ria?<\/h2>\n\n\n\n<p>O <strong>a\u00e7afr\u00e3o-da-terra<\/strong> precisa de regas frequentes, especialmente nos per\u00edodos de crescimento. O solo deve permanecer levemente \u00famido, mas nunca encharcado, para evitar o apodrecimento dos rizomas.<\/p>\n\n\n\n<h2 class=\"wp-block-heading\">Quando e como ocorre a colheita?<\/h2>\n\n\n\n<p>A colheita do <strong>a\u00e7afr\u00e3o<\/strong> ocorre entre <strong>7 e 10 meses ap\u00f3s o plantio<\/strong>, quando as folhas come\u00e7am a secar e amarelar. Para colher, basta escavar a terra com cuidado e retirar os rizomas.<\/p>\n\n\n\n<h2 class=\"wp-block-heading\">Como armazenar e conservar?<\/h2>\n\n\n\n<p>Os rizomas frescos podem ser armazenados na geladeira por <strong>semanas<\/strong> ou secos e mo\u00eddos para conserva\u00e7\u00e3o de longo prazo. Para secagem, lave os rizomas, corte-os em peda\u00e7os e deixe ao sol at\u00e9 ficarem completamente secos antes de tritur\u00e1-los.<\/p>\n\n\n\n<h2 class=\"wp-block-heading\">Quais pragas e doen\u00e7as podem afetar o cultivo?<\/h2>\n\n\n\n<p>As principais pragas do <strong>a\u00e7afr\u00e3o-da-terra<\/strong> incluem <strong>lesmas, carac\u00f3is e brocas<\/strong>, enquanto doen\u00e7as f\u00fangicas podem surgir em solos muito \u00famidos. O controle pode ser feito com aduba\u00e7\u00e3o equilibrada, boa drenagem e inspe\u00e7\u00e3o regular das plantas.<\/p>\n\n\n\n<h2 class=\"wp-block-heading\">FAQ<\/h2>\n\n\n\n<h3 class=\"wp-block-heading\">1. O a\u00e7afr\u00e3o-da-terra pode ser cultivado em vasos?<\/h3>\n\n\n\n<p>Sim, desde que o vaso tenha pelo menos <strong>30 cm de profundidade<\/strong> e boa drenagem.<\/p>\n\n\n\n<h3 class=\"wp-block-heading\">2. Quanto tempo leva para o a\u00e7afr\u00e3o crescer?<\/h3>\n\n\n\n<p>O ciclo completo dura entre <strong>7 e 10 meses<\/strong>, dependendo do clima e das condi\u00e7\u00f5es do solo.<\/p>\n\n\n\n<h3 class=\"wp-block-heading\">3. O a\u00e7afr\u00e3o precisa de muita luz?<\/h3>\n\n\n\n<p>Sim, ele prefere <strong>luz solar indireta ou meia sombra<\/strong>, mas pode tolerar algumas horas de sol direto.<\/p>\n\n\n\n<h3 class=\"wp-block-heading\">4. Como adubar o a\u00e7afr\u00e3o-da-terra corretamente?<\/h3>\n\n\n\n<p>Use adubos org\u00e2nicos ricos em <strong>pot\u00e1ssio e nitrog\u00eanio<\/strong> para estimular o crescimento dos rizomas.<\/p>\n\n\n\n<h3 class=\"wp-block-heading\">5. Posso replantar os rizomas colhidos?<\/h3>\n\n\n\n<p>Sim, basta selecionar os mais saud\u00e1veis e replant\u00e1-los imediatamente para uma nova safra.<\/p>\n","protected":false},"excerpt":{"rendered":"<p>O a\u00e7afr\u00e3o-da-terra (Curcuma longa), tamb\u00e9m conhecido como c\u00farcuma, \u00e9 uma planta amplamente cultivada por suas propriedades medicinais e culin\u00e1rias. Seu rizoma, rico em curcumina, \u00e9 utilizado como tempero e corante natural. O cultivo do a\u00e7afr\u00e3o \u00e9 simples e pode ser feito em vasos, hortas ou em \u00e1reas maiores. Confira o passo a passo para plantar [&hellip;]<\/p>\n","protected":false},"author":9,"featured_media":18509,"comment_status":"open","ping_status":"open","sticky":false,"template":"","format":"standard","meta":{"_yoast_wpseo_focuskw":"a\u00e7afr\u00e3o","_yoast_wpseo_title":"%%title%% %%page%%","_yoast_wpseo_metadesc":"Valorizado pelo sabor e cor intensa, o a\u00e7afr\u00e3o \u00e9 um tempero nobre com propriedades antioxidantes e anti-inflamat\u00f3rias.","jnews-multi-image_gallery":[],"jnews_single_post":{"format":"standard"},"jnews_primary_category":[],"jnews_social_meta":[],"jnews_override_counter":[],"footnotes":""},"categories":[136],"post_tag":[2782,2781,2783,266],"class_list":["post-18487","post","type-post","status-publish","format-standard","has-post-thumbnail","hentry","category-jardinagem","tag-como-plantar-curcuma","tag-cultivo-de-acafrao","tag-especiarias-naturais","tag-horta-caseira"],"yoast_head":"<!-- This site is optimized with the Yoast SEO plugin v24.6 - https:\/\/yoast.com\/wordpress\/plugins\/seo\/ -->\n<title>Plante a\u00e7afr\u00e3o-da-terra em casa e colha tempero fresco o ano todo<\/title>\n<meta name=\"description\" content=\"Valorizado pelo sabor e cor intensa, o a\u00e7afr\u00e3o \u00e9 um tempero nobre com propriedades antioxidantes e anti-inflamat\u00f3rias.\" \/>\n<meta name=\"robots\" content=\"index, follow, max-snippet:-1, max-image-preview:large, max-video-preview:-1\" \/>\n<link rel=\"canonical\" href=\"https:\/\/www.correiobraziliense.com.br\/cbradar\/plante-acafrao-da-terra-em-casa-e-colha-tempero-fresco-o-ano-todo\/\" \/>\n<meta property=\"og:locale\" content=\"pt_BR\" \/>\n<meta property=\"og:type\" content=\"article\" \/>\n<meta property=\"og:title\" content=\"Plante a\u00e7afr\u00e3o-da-terra em casa e colha tempero fresco o ano todo\" \/>\n<meta property=\"og:description\" content=\"Valorizado pelo sabor e cor intensa, o a\u00e7afr\u00e3o \u00e9 um tempero nobre com propriedades antioxidantes e anti-inflamat\u00f3rias.\" \/>\n<meta property=\"og:url\" content=\"https:\/\/www.correiobraziliense.com.br\/cbradar\/plante-acafrao-da-terra-em-casa-e-colha-tempero-fresco-o-ano-todo\/\" \/>\n<meta property=\"og:site_name\" content=\"Correio Braziliense - Radar\" \/>\n<meta property=\"article:published_time\" content=\"2025-04-03T12:10:59+00:00\" \/>\n<meta property=\"og:image\" content=\"https:\/\/www.correiobraziliense.com.br\/cbradar\/wp-content\/uploads\/2025\/04\/acafrao-da-terra_1743618237167.jpg\" \/>\n\t<meta property=\"og:image:width\" content=\"1280\" \/>\n\t<meta property=\"og:image:height\" content=\"720\" \/>\n\t<meta property=\"og:image:type\" content=\"image\/jpeg\" \/>\n<meta name=\"author\" content=\"Daniely Cardoso\" \/>\n<meta name=\"twitter:card\" content=\"summary_large_image\" \/>\n<meta name=\"twitter:label1\" content=\"Escrito por\" \/>\n\t<meta name=\"twitter:data1\" content=\"Daniely Cardoso\" \/>\n\t<meta name=\"twitter:label2\" content=\"Est. tempo de leitura\" \/>\n\t<meta name=\"twitter:data2\" content=\"4 minutos\" \/>\n<!-- \/ Yoast SEO plugin. -->","yoast_head_json":{"title":"Plante a\u00e7afr\u00e3o-da-terra em casa e colha tempero fresco o ano todo","description":"Valorizado pelo sabor e cor intensa, o a\u00e7afr\u00e3o \u00e9 um tempero nobre com propriedades antioxidantes e anti-inflamat\u00f3rias.","robots":{"index":"index","follow":"follow","max-snippet":"max-snippet:-1","max-image-preview":"max-image-preview:large","max-video-preview":"max-video-preview:-1"},"canonical":"https:\/\/www.correiobraziliense.com.br\/cbradar\/plante-acafrao-da-terra-em-casa-e-colha-tempero-fresco-o-ano-todo\/","og_locale":"pt_BR","og_type":"article","og_title":"Plante a\u00e7afr\u00e3o-da-terra em casa e colha tempero fresco o ano todo","og_description":"Valorizado pelo sabor e cor intensa, o a\u00e7afr\u00e3o \u00e9 um tempero nobre com propriedades antioxidantes e anti-inflamat\u00f3rias.","og_url":"https:\/\/www.correiobraziliense.com.br\/cbradar\/plante-acafrao-da-terra-em-casa-e-colha-tempero-fresco-o-ano-todo\/","og_site_name":"Correio Braziliense - Radar","article_published_time":"2025-04-03T12:10:59+00:00","og_image":[{"width":1280,"height":720,"url":"https:\/\/www.correiobraziliense.com.br\/cbradar\/wp-content\/uploads\/2025\/04\/acafrao-da-terra_1743618237167.jpg","type":"image\/jpeg"}],"author":"Daniely Cardoso","twitter_card":"summary_large_image","twitter_misc":{"Escrito por":"Daniely Cardoso","Est. tempo de leitura":"4 minutos"},"schema":{"@context":"https:\/\/schema.org","@graph":[{"@type":"WebPage","@id":"https:\/\/www.correiobraziliense.com.br\/cbradar\/plante-acafrao-da-terra-em-casa-e-colha-tempero-fresco-o-ano-todo\/","url":"https:\/\/www.correiobraziliense.com.br\/cbradar\/plante-acafrao-da-terra-em-casa-e-colha-tempero-fresco-o-ano-todo\/","name":"Plante a\u00e7afr\u00e3o-da-terra em casa e colha tempero fresco o ano todo","isPartOf":{"@id":"https:\/\/www.correiobraziliense.com.br\/cbradar\/#website"},"primaryImageOfPage":{"@id":"https:\/\/www.correiobraziliense.com.br\/cbradar\/plante-acafrao-da-terra-em-casa-e-colha-tempero-fresco-o-ano-todo\/#primaryimage"},"image":{"@id":"https:\/\/www.correiobraziliense.com.br\/cbradar\/plante-acafrao-da-terra-em-casa-e-colha-tempero-fresco-o-ano-todo\/#primaryimage"},"thumbnailUrl":"https:\/\/www.correiobraziliense.com.br\/cbradar\/wp-content\/uploads\/2025\/04\/acafrao-da-terra_1743618237167.jpg","datePublished":"2025-04-03T12:10:59+00:00","author":{"@id":"https:\/\/www.correiobraziliense.com.br\/cbradar\/#\/schema\/person\/7356666e12ec0ee53f348ee5db227032"},"description":"Valorizado pelo sabor e cor intensa, o a\u00e7afr\u00e3o \u00e9 um tempero nobre com propriedades antioxidantes e anti-inflamat\u00f3rias.","breadcrumb":{"@id":"https:\/\/www.correiobraziliense.com.br\/cbradar\/plante-acafrao-da-terra-em-casa-e-colha-tempero-fresco-o-ano-todo\/#breadcrumb"},"inLanguage":"pt-BR","potentialAction":[{"@type":"ReadAction","target":["https:\/\/www.correiobraziliense.com.br\/cbradar\/plante-acafrao-da-terra-em-casa-e-colha-tempero-fresco-o-ano-todo\/"]}]},{"@type":"ImageObject","inLanguage":"pt-BR","@id":"https:\/\/www.correiobraziliense.com.br\/cbradar\/plante-acafrao-da-terra-em-casa-e-colha-tempero-fresco-o-ano-todo\/#primaryimage","url":"https:\/\/www.correiobraziliense.com.br\/cbradar\/wp-content\/uploads\/2025\/04\/acafrao-da-terra_1743618237167.jpg","contentUrl":"https:\/\/www.correiobraziliense.com.br\/cbradar\/wp-content\/uploads\/2025\/04\/acafrao-da-terra_1743618237167.jpg","width":1280,"height":720,"caption":"A\u00e7\u00e3o anti-inflamat\u00f3ria comprovada em estudos cl\u00ednicos - Cr\u00e9ditos: depositphotos.com \/ sommaill"},{"@type":"BreadcrumbList","@id":"https:\/\/www.correiobraziliense.com.br\/cbradar\/plante-acafrao-da-terra-em-casa-e-colha-tempero-fresco-o-ano-todo\/#breadcrumb","itemListElement":[{"@type":"ListItem","position":1,"name":"In\u00edcio","item":"https:\/\/www.correiobraziliense.com.br\/cbradar\/"},{"@type":"ListItem","position":2,"name":"Plante a\u00e7afr\u00e3o-da-terra em casa e colha tempero fresco o ano todo"}]},{"@type":"WebSite","@id":"https:\/\/www.correiobraziliense.com.br\/cbradar\/#website","url":"https:\/\/www.correiobraziliense.com.br\/cbradar\/","name":"Correio Braziliense - Radar","description":"Acompanhe as \u00faltimas not\u00edcias e fique bem informado sobre tudo o que acontece no Brasil e no mundo.","potentialAction":[{"@type":"SearchAction","target":{"@type":"EntryPoint","urlTemplate":"https:\/\/www.correiobraziliense.com.br\/cbradar\/?s={search_term_string}"},"query-input":{"@type":"PropertyValueSpecification","valueRequired":true,"valueName":"search_term_string"}}],"inLanguage":"pt-BR"},{"@type":"Person","@id":"https:\/\/www.correiobraziliense.com.br\/cbradar\/#\/schema\/person\/7356666e12ec0ee53f348ee5db227032","name":"Daniely Cardoso","image":{"@type":"ImageObject","inLanguage":"pt-BR","@id":"https:\/\/www.correiobraziliense.com.br\/cbradar\/#\/schema\/person\/image\/","url":"https:\/\/secure.gravatar.com\/avatar\/4b80ddbd124d1f071b626d52d62e5dff?s=96&d=mm&r=g","contentUrl":"https:\/\/secure.gravatar.com\/avatar\/4b80ddbd124d1f071b626d52d62e5dff?s=96&d=mm&r=g","caption":"Daniely Cardoso"},"description":"Redatora nos portais CB Radar e EM Foco, formada pela Universidade Federal de Goi\u00e1s, em Goi\u00e2nia. Apaixonada por comunica\u00e7\u00e3o, arte, decora\u00e7\u00e3o e tend\u00eancias, atuo na produ\u00e7\u00e3o de conte\u00fados envolventes sobre curiosidades, moda, beleza e paisagismo, sempre com um olhar atento \u00e0s novidades do momento.","sameAs":["https:\/\/www.correiobraziliense.com.br\/cbradar"],"url":"https:\/\/www.correiobraziliense.com.br\/cbradar\/author\/danielymyth\/"}]}},"_links":{"self":[{"href":"https:\/\/www.correiobraziliense.com.br\/cbradar\/wp-json\/wp\/v2\/posts\/18487","targetHints":{"allow":["GET"]}}],"collection":[{"href":"https:\/\/www.correiobraziliense.com.br\/cbradar\/wp-json\/wp\/v2\/posts"}],"about":[{"href":"https:\/\/www.correiobraziliense.com.br\/cbradar\/wp-json\/wp\/v2\/types\/post"}],"author":[{"embeddable":true,"href":"https:\/\/www.correiobraziliense.com.br\/cbradar\/wp-json\/wp\/v2\/users\/9"}],"replies":[{"embeddable":true,"href":"https:\/\/www.correiobraziliense.com.br\/cbradar\/wp-json\/wp\/v2\/comments?post=18487"}],"version-history":[{"count":4,"href":"https:\/\/www.correiobraziliense.com.br\/cbradar\/wp-json\/wp\/v2\/posts\/18487\/revisions"}],"predecessor-version":[{"id":18518,"href":"https:\/\/www.correiobraziliense.com.br\/cbradar\/wp-json\/wp\/v2\/posts\/18487\/revisions\/18518"}],"wp:featuredmedia":[{"embeddable":true,"href":"https:\/\/www.correiobraziliense.com.br\/cbradar\/wp-json\/wp\/v2\/media\/18509"}],"wp:attachment":[{"href":"https:\/\/www.correiobraziliense.com.br\/cbradar\/wp-json\/wp\/v2\/media?parent=18487"}],"wp:term":[{"taxonomy":"category","embeddable":true,"href":"https:\/\/www.correiobraziliense.com.br\/cbradar\/wp-json\/wp\/v2\/categories?post=18487"},{"taxonomy":"post_tag","embeddable":true,"href":"https:\/\/www.correiobraziliense.com.br\/cbradar\/wp-json\/wp\/v2\/post_tag?post=18487"}],"curies":[{"name":"wp","href":"https:\/\/api.w.org\/{rel}","templated":true}]}}