{"id":18493,"date":"2025-04-03T10:10:38","date_gmt":"2025-04-03T13:10:38","guid":{"rendered":"https:\/\/www.correiobraziliense.com.br\/cbradar\/?p=18493"},"modified":"2025-04-02T16:00:53","modified_gmt":"2025-04-02T19:00:53","slug":"aprenda-a-plantar-cupuacu-e-colher-frutas-naturais-e-deliciosas","status":"publish","type":"post","link":"https:\/\/www.correiobraziliense.com.br\/cbradar\/aprenda-a-plantar-cupuacu-e-colher-frutas-naturais-e-deliciosas\/","title":{"rendered":"Aprenda a plantar cupua\u00e7u e colher frutas naturais e deliciosas"},"content":{"rendered":"\n<p>O <strong>cupua\u00e7u<\/strong> (Theobroma grandiflorum) \u00e9 uma <a href=\"https:\/\/www.correiobraziliense.com.br\/cbradar\/guia-definitivo-para-plantar-blueberries-no-jardim-ou-em-vasos\/\" target=\"_blank\" rel=\"noreferrer noopener\">fruta <\/a>tropical nativa da <strong>Amaz\u00f4nia<\/strong>, muito valorizada por seu sabor \u00fanico e sua polpa nutritiva. O cultivo do <strong>cupua\u00e7uzeiro<\/strong> pode ser feito em quintais, s\u00edtios e at\u00e9 pequenas propriedades comerciais. Veja como plantar e cuidar dessa \u00e1rvore frut\u00edfera de maneira eficiente.<\/p>\n\n\n\n<h2 class=\"wp-block-heading\">Qual \u00e9 o clima ideal para o cultivo?<\/h2>\n\n\n\n<p>O <strong>cupua\u00e7uzeiro<\/strong> cresce melhor em climas <strong>quentes e \u00famidos<\/strong>, t\u00edpicos da regi\u00e3o amaz\u00f4nica. A temperatura ideal varia entre <strong>22\u00b0C e 30\u00b0C<\/strong>, e a umidade relativa do ar deve ser alta. Ele n\u00e3o tolera geadas e precisa de <strong>meia sombra nos primeiros anos de vida<\/strong>.<\/p>\n\n\n\n<h2 class=\"wp-block-heading\">Como escolher o solo adequado para o plantio?<\/h2>\n\n\n\n<p>O solo ideal para o cultivo do <strong>cupua\u00e7u<\/strong> deve ser <strong>rico em mat\u00e9ria org\u00e2nica, profundo e bem drenado<\/strong>, com pH entre <strong>5,0 e 6,5<\/strong>. Antes do plantio, recomenda-se adubar com <strong>composto org\u00e2nico, esterco curtido ou h\u00famus de minhoca<\/strong> para garantir uma boa nutri\u00e7\u00e3o inicial.<\/p>\n\n\n\n<h2 class=\"wp-block-heading\">Como plantar?<\/h2>\n\n\n\n<p>O <strong>cupua\u00e7u<\/strong> pode ser cultivado por meio de <strong>sementes ou mudas enxertadas<\/strong>. O m\u00e9todo mais comum \u00e9 por sementes, mas mudas enxertadas garantem frutifica\u00e7\u00e3o mais r\u00e1pida.<\/p>\n\n\n\n<ol class=\"wp-block-list\">\n<li><strong>Escolha do local:<\/strong> Prefira \u00e1reas sombreadas nos primeiros anos de crescimento.<\/li>\n\n\n\n<li><strong>Prepara\u00e7\u00e3o do solo:<\/strong> Cave uma cova de <strong>40 cm de profundidade e largura<\/strong> e misture mat\u00e9ria org\u00e2nica.<\/li>\n\n\n\n<li><strong>Plantio da semente ou muda:<\/strong>\n<ul class=\"wp-block-list\">\n<li>Para sementes: Plante a uma profundidade de <strong>3 cm<\/strong> e mantenha o solo \u00famido.<\/li>\n\n\n\n<li>Para mudas: Plante no centro da cova e cubra as ra\u00edzes com terra.<\/li>\n<\/ul>\n<\/li>\n\n\n\n<li><strong>Espa\u00e7amento:<\/strong> O ideal \u00e9 manter <strong>5 a 7 metros entre as \u00e1rvores<\/strong> para um bom crescimento.<\/li>\n<\/ol>\n\n\n\n<h2 class=\"wp-block-heading\">Qual a frequ\u00eancia de rega necess\u00e1ria?<\/h2>\n\n\n\n<p>Nos primeiros anos, o <strong>cupua\u00e7uzeiro<\/strong> precisa de regas frequentes, mantendo o solo sempre \u00famido, mas sem encharcar. Ap\u00f3s estabelecido, a \u00e1rvore se torna mais resistente \u00e0 seca, mas ainda requer boa irriga\u00e7\u00e3o na \u00e9poca de frutifica\u00e7\u00e3o.<\/p>\n\n\n<div class=\"wp-block-image\">\n<figure class=\"aligncenter size-large\"><img decoding=\"async\" width=\"1024\" height=\"576\" src=\"https:\/\/www.correiobraziliense.com.br\/cbradar\/wp-content\/uploads\/2025\/04\/cupuacu-_1743620399409-1024x576.jpg\" alt=\"\" class=\"wp-image-18542\" srcset=\"https:\/\/www.correiobraziliense.com.br\/cbradar\/wp-content\/uploads\/2025\/04\/cupuacu-_1743620399409-1024x576.jpg 1024w, https:\/\/www.correiobraziliense.com.br\/cbradar\/wp-content\/uploads\/2025\/04\/cupuacu-_1743620399409-300x169.jpg 300w, https:\/\/www.correiobraziliense.com.br\/cbradar\/wp-content\/uploads\/2025\/04\/cupuacu-_1743620399409-768x432.jpg 768w, https:\/\/www.correiobraziliense.com.br\/cbradar\/wp-content\/uploads\/2025\/04\/cupuacu-_1743620399409-750x422.jpg 750w, https:\/\/www.correiobraziliense.com.br\/cbradar\/wp-content\/uploads\/2025\/04\/cupuacu-_1743620399409-1140x641.jpg 1140w, https:\/\/www.correiobraziliense.com.br\/cbradar\/wp-content\/uploads\/2025\/04\/cupuacu-_1743620399409.jpg 1280w\" sizes=\"(max-width: 1024px) 100vw, 1024px\" \/><figcaption class=\"wp-element-caption\">Cupua\u00e7u &#8211; Cr\u00e9ditos: depositphotos.com \/ casadaphoto<\/figcaption><\/figure><\/div>\n\n\n<h2 class=\"wp-block-heading\">Quando e como ocorre a colheita?<\/h2>\n\n\n\n<p>A colheita do <strong>cupua\u00e7u<\/strong> ocorre entre <strong>3 a 5 anos ap\u00f3s o plantio<\/strong>, dependendo das condi\u00e7\u00f5es de cultivo. Os frutos s\u00e3o colhidos <strong>quando caem naturalmente da \u00e1rvore<\/strong>, indicando que est\u00e3o maduros. A polpa \u00e9 retirada e utilizada para sucos, doces e outras receitas.<\/p>\n\n\n\n<h2 class=\"wp-block-heading\">Como armazenar e conservar?<\/h2>\n\n\n\n<p>A <strong>polpa do cupua\u00e7u<\/strong> pode ser refrigerada por at\u00e9 <strong>5 dias<\/strong> ou congelada por <strong>meses<\/strong> para uso posterior. O armazenamento adequado mant\u00e9m o sabor e as propriedades nutricionais do fruto.<\/p>\n\n\n\n<h2 class=\"wp-block-heading\">Quais pragas e doen\u00e7as podem afetar o cupua\u00e7uzeiro?<\/h2>\n\n\n\n<p>As principais pragas que atacam o <strong>cupua\u00e7uzeiro<\/strong> incluem <strong>brocas e lagartas<\/strong>, enquanto as doen\u00e7as mais comuns s\u00e3o a <strong>vassoura-de-bruxa e a antracnose<\/strong>. O controle pode ser feito com podas sanit\u00e1rias e aplica\u00e7\u00e3o de fungicidas naturais.<\/p>\n\n\n\n<h2 class=\"wp-block-heading\">FAQ<\/h2>\n\n\n\n<h3 class=\"wp-block-heading\">1. O cupua\u00e7u pode ser cultivado em vasos?<\/h3>\n\n\n\n<p>N\u00e3o \u00e9 recomendado, pois a \u00e1rvore pode atingir at\u00e9 <strong>15 metros de altura<\/strong>.<\/p>\n\n\n\n<h3 class=\"wp-block-heading\">2. Quanto tempo leva para o cupua\u00e7uzeiro dar frutos?<\/h3>\n\n\n\n<p>O tempo m\u00e9dio \u00e9 de <strong>3 a 5 anos<\/strong>, podendo ser menor com mudas enxertadas.<\/p>\n\n\n\n<h3 class=\"wp-block-heading\">3. O cupua\u00e7u precisa de muita \u00e1gua?<\/h3>\n\n\n\n<p>Sim, ele necessita de solo sempre \u00famido, principalmente nos primeiros anos.<\/p>\n\n\n\n<h3 class=\"wp-block-heading\">4. Como adubar o cupua\u00e7uzeiro corretamente?<\/h3>\n\n\n\n<p>Use adubos ricos em <strong>pot\u00e1ssio e f\u00f3sforo<\/strong> para estimular a frutifica\u00e7\u00e3o e mat\u00e9ria org\u00e2nica para um crescimento saud\u00e1vel.<\/p>\n\n\n\n<h3 class=\"wp-block-heading\">5. Como evitar a vassoura-de-bruxa no cupua\u00e7uzeiro?<\/h3>\n\n\n\n<p>Realize podas regulares, evite ac\u00famulo de umidade nas folhas e utilize variedades resistentes.<\/p>\n","protected":false},"excerpt":{"rendered":"<p>O cupua\u00e7u (Theobroma grandiflorum) \u00e9 uma fruta tropical nativa da Amaz\u00f4nia, muito valorizada por seu sabor \u00fanico e sua polpa nutritiva. O cultivo do cupua\u00e7uzeiro pode ser feito em quintais, s\u00edtios e at\u00e9 pequenas propriedades comerciais. Veja como plantar e cuidar dessa \u00e1rvore frut\u00edfera de maneira eficiente. Qual \u00e9 o clima ideal para o cultivo? [&hellip;]<\/p>\n","protected":false},"author":9,"featured_media":18540,"comment_status":"open","ping_status":"open","sticky":false,"template":"","format":"standard","meta":{"_yoast_wpseo_focuskw":"cupua\u00e7u","_yoast_wpseo_title":"%%title%% %%page%%","_yoast_wpseo_metadesc":"Fruta amaz\u00f4nica arom\u00e1tica e cremosa, o cupua\u00e7u \u00e9 usado em sucos, doces e cosm\u00e9ticos devido aos seus benef\u00edcios nutritivos.","jnews-multi-image_gallery":[],"jnews_single_post":{"format":"standard"},"jnews_primary_category":[],"jnews_social_meta":[],"jnews_override_counter":[],"footnotes":""},"categories":[136],"post_tag":[2785,2784,2786,2457],"class_list":["post-18493","post","type-post","status-publish","format-standard","has-post-thumbnail","hentry","category-jardinagem","tag-como-plantar-cupuacu","tag-cultivo-de-cupuacu","tag-frutas-amazonicas","tag-frutiferas-tropicais"],"yoast_head":"<!-- This site is optimized with the Yoast SEO plugin v24.6 - https:\/\/yoast.com\/wordpress\/plugins\/seo\/ -->\n<title>Aprenda a plantar cupua\u00e7u e colher frutas naturais e deliciosas<\/title>\n<meta name=\"description\" content=\"Fruta amaz\u00f4nica arom\u00e1tica e cremosa, o cupua\u00e7u \u00e9 usado em sucos, doces e cosm\u00e9ticos devido aos seus benef\u00edcios nutritivos.\" \/>\n<meta name=\"robots\" content=\"index, follow, max-snippet:-1, max-image-preview:large, max-video-preview:-1\" \/>\n<link rel=\"canonical\" href=\"https:\/\/www.correiobraziliense.com.br\/cbradar\/aprenda-a-plantar-cupuacu-e-colher-frutas-naturais-e-deliciosas\/\" \/>\n<meta property=\"og:locale\" content=\"pt_BR\" \/>\n<meta property=\"og:type\" content=\"article\" \/>\n<meta property=\"og:title\" content=\"Aprenda a plantar cupua\u00e7u e colher frutas naturais e deliciosas\" \/>\n<meta property=\"og:description\" content=\"Fruta amaz\u00f4nica arom\u00e1tica e cremosa, o cupua\u00e7u \u00e9 usado em sucos, doces e cosm\u00e9ticos devido aos seus benef\u00edcios nutritivos.\" \/>\n<meta property=\"og:url\" content=\"https:\/\/www.correiobraziliense.com.br\/cbradar\/aprenda-a-plantar-cupuacu-e-colher-frutas-naturais-e-deliciosas\/\" \/>\n<meta property=\"og:site_name\" content=\"Correio Braziliense - Radar\" \/>\n<meta property=\"article:published_time\" content=\"2025-04-03T13:10:38+00:00\" \/>\n<meta property=\"og:image\" content=\"https:\/\/www.correiobraziliense.com.br\/cbradar\/wp-content\/uploads\/2025\/04\/cupuacu-_1743620311071.jpg\" \/>\n\t<meta property=\"og:image:width\" content=\"1280\" \/>\n\t<meta property=\"og:image:height\" content=\"720\" \/>\n\t<meta property=\"og:image:type\" content=\"image\/jpeg\" \/>\n<meta name=\"author\" content=\"Daniely Cardoso\" \/>\n<meta name=\"twitter:card\" content=\"summary_large_image\" \/>\n<meta name=\"twitter:label1\" content=\"Escrito por\" \/>\n\t<meta name=\"twitter:data1\" content=\"Daniely Cardoso\" \/>\n\t<meta name=\"twitter:label2\" content=\"Est. tempo de leitura\" \/>\n\t<meta name=\"twitter:data2\" content=\"4 minutos\" \/>\n<!-- \/ Yoast SEO plugin. -->","yoast_head_json":{"title":"Aprenda a plantar cupua\u00e7u e colher frutas naturais e deliciosas","description":"Fruta amaz\u00f4nica arom\u00e1tica e cremosa, o cupua\u00e7u \u00e9 usado em sucos, doces e cosm\u00e9ticos devido aos seus benef\u00edcios nutritivos.","robots":{"index":"index","follow":"follow","max-snippet":"max-snippet:-1","max-image-preview":"max-image-preview:large","max-video-preview":"max-video-preview:-1"},"canonical":"https:\/\/www.correiobraziliense.com.br\/cbradar\/aprenda-a-plantar-cupuacu-e-colher-frutas-naturais-e-deliciosas\/","og_locale":"pt_BR","og_type":"article","og_title":"Aprenda a plantar cupua\u00e7u e colher frutas naturais e deliciosas","og_description":"Fruta amaz\u00f4nica arom\u00e1tica e cremosa, o cupua\u00e7u \u00e9 usado em sucos, doces e cosm\u00e9ticos devido aos seus benef\u00edcios nutritivos.","og_url":"https:\/\/www.correiobraziliense.com.br\/cbradar\/aprenda-a-plantar-cupuacu-e-colher-frutas-naturais-e-deliciosas\/","og_site_name":"Correio Braziliense - Radar","article_published_time":"2025-04-03T13:10:38+00:00","og_image":[{"width":1280,"height":720,"url":"https:\/\/www.correiobraziliense.com.br\/cbradar\/wp-content\/uploads\/2025\/04\/cupuacu-_1743620311071.jpg","type":"image\/jpeg"}],"author":"Daniely Cardoso","twitter_card":"summary_large_image","twitter_misc":{"Escrito por":"Daniely Cardoso","Est. tempo de leitura":"4 minutos"},"schema":{"@context":"https:\/\/schema.org","@graph":[{"@type":"WebPage","@id":"https:\/\/www.correiobraziliense.com.br\/cbradar\/aprenda-a-plantar-cupuacu-e-colher-frutas-naturais-e-deliciosas\/","url":"https:\/\/www.correiobraziliense.com.br\/cbradar\/aprenda-a-plantar-cupuacu-e-colher-frutas-naturais-e-deliciosas\/","name":"Aprenda a plantar cupua\u00e7u e colher frutas naturais e deliciosas","isPartOf":{"@id":"https:\/\/www.correiobraziliense.com.br\/cbradar\/#website"},"primaryImageOfPage":{"@id":"https:\/\/www.correiobraziliense.com.br\/cbradar\/aprenda-a-plantar-cupuacu-e-colher-frutas-naturais-e-deliciosas\/#primaryimage"},"image":{"@id":"https:\/\/www.correiobraziliense.com.br\/cbradar\/aprenda-a-plantar-cupuacu-e-colher-frutas-naturais-e-deliciosas\/#primaryimage"},"thumbnailUrl":"https:\/\/www.correiobraziliense.com.br\/cbradar\/wp-content\/uploads\/2025\/04\/cupuacu-_1743620311071.jpg","datePublished":"2025-04-03T13:10:38+00:00","author":{"@id":"https:\/\/www.correiobraziliense.com.br\/cbradar\/#\/schema\/person\/7356666e12ec0ee53f348ee5db227032"},"description":"Fruta amaz\u00f4nica arom\u00e1tica e cremosa, o cupua\u00e7u \u00e9 usado em sucos, doces e cosm\u00e9ticos devido aos seus benef\u00edcios nutritivos.","breadcrumb":{"@id":"https:\/\/www.correiobraziliense.com.br\/cbradar\/aprenda-a-plantar-cupuacu-e-colher-frutas-naturais-e-deliciosas\/#breadcrumb"},"inLanguage":"pt-BR","potentialAction":[{"@type":"ReadAction","target":["https:\/\/www.correiobraziliense.com.br\/cbradar\/aprenda-a-plantar-cupuacu-e-colher-frutas-naturais-e-deliciosas\/"]}]},{"@type":"ImageObject","inLanguage":"pt-BR","@id":"https:\/\/www.correiobraziliense.com.br\/cbradar\/aprenda-a-plantar-cupuacu-e-colher-frutas-naturais-e-deliciosas\/#primaryimage","url":"https:\/\/www.correiobraziliense.com.br\/cbradar\/wp-content\/uploads\/2025\/04\/cupuacu-_1743620311071.jpg","contentUrl":"https:\/\/www.correiobraziliense.com.br\/cbradar\/wp-content\/uploads\/2025\/04\/cupuacu-_1743620311071.jpg","width":1280,"height":720,"caption":"Poder antioxidante devido aos flavonoides e \u00e1cidos fen\u00f3licos - Cr\u00e9ditos: depositphotos.com \/ casadaphoto"},{"@type":"BreadcrumbList","@id":"https:\/\/www.correiobraziliense.com.br\/cbradar\/aprenda-a-plantar-cupuacu-e-colher-frutas-naturais-e-deliciosas\/#breadcrumb","itemListElement":[{"@type":"ListItem","position":1,"name":"In\u00edcio","item":"https:\/\/www.correiobraziliense.com.br\/cbradar\/"},{"@type":"ListItem","position":2,"name":"Aprenda a plantar cupua\u00e7u e colher frutas naturais e deliciosas"}]},{"@type":"WebSite","@id":"https:\/\/www.correiobraziliense.com.br\/cbradar\/#website","url":"https:\/\/www.correiobraziliense.com.br\/cbradar\/","name":"Correio Braziliense - Radar","description":"Acompanhe as \u00faltimas not\u00edcias e fique bem informado sobre tudo o que acontece no Brasil e no mundo.","potentialAction":[{"@type":"SearchAction","target":{"@type":"EntryPoint","urlTemplate":"https:\/\/www.correiobraziliense.com.br\/cbradar\/?s={search_term_string}"},"query-input":{"@type":"PropertyValueSpecification","valueRequired":true,"valueName":"search_term_string"}}],"inLanguage":"pt-BR"},{"@type":"Person","@id":"https:\/\/www.correiobraziliense.com.br\/cbradar\/#\/schema\/person\/7356666e12ec0ee53f348ee5db227032","name":"Daniely Cardoso","image":{"@type":"ImageObject","inLanguage":"pt-BR","@id":"https:\/\/www.correiobraziliense.com.br\/cbradar\/#\/schema\/person\/image\/","url":"https:\/\/secure.gravatar.com\/avatar\/4b80ddbd124d1f071b626d52d62e5dff?s=96&d=mm&r=g","contentUrl":"https:\/\/secure.gravatar.com\/avatar\/4b80ddbd124d1f071b626d52d62e5dff?s=96&d=mm&r=g","caption":"Daniely Cardoso"},"description":"Redatora nos portais CB Radar e EM Foco, formada pela Universidade Federal de Goi\u00e1s, em Goi\u00e2nia. Apaixonada por comunica\u00e7\u00e3o, arte, decora\u00e7\u00e3o e tend\u00eancias, atuo na produ\u00e7\u00e3o de conte\u00fados envolventes sobre curiosidades, moda, beleza e paisagismo, sempre com um olhar atento \u00e0s novidades do momento.","sameAs":["https:\/\/www.correiobraziliense.com.br\/cbradar"],"url":"https:\/\/www.correiobraziliense.com.br\/cbradar\/author\/danielymyth\/"}]}},"_links":{"self":[{"href":"https:\/\/www.correiobraziliense.com.br\/cbradar\/wp-json\/wp\/v2\/posts\/18493","targetHints":{"allow":["GET"]}}],"collection":[{"href":"https:\/\/www.correiobraziliense.com.br\/cbradar\/wp-json\/wp\/v2\/posts"}],"about":[{"href":"https:\/\/www.correiobraziliense.com.br\/cbradar\/wp-json\/wp\/v2\/types\/post"}],"author":[{"embeddable":true,"href":"https:\/\/www.correiobraziliense.com.br\/cbradar\/wp-json\/wp\/v2\/users\/9"}],"replies":[{"embeddable":true,"href":"https:\/\/www.correiobraziliense.com.br\/cbradar\/wp-json\/wp\/v2\/comments?post=18493"}],"version-history":[{"count":3,"href":"https:\/\/www.correiobraziliense.com.br\/cbradar\/wp-json\/wp\/v2\/posts\/18493\/revisions"}],"predecessor-version":[{"id":18543,"href":"https:\/\/www.correiobraziliense.com.br\/cbradar\/wp-json\/wp\/v2\/posts\/18493\/revisions\/18543"}],"wp:featuredmedia":[{"embeddable":true,"href":"https:\/\/www.correiobraziliense.com.br\/cbradar\/wp-json\/wp\/v2\/media\/18540"}],"wp:attachment":[{"href":"https:\/\/www.correiobraziliense.com.br\/cbradar\/wp-json\/wp\/v2\/media?parent=18493"}],"wp:term":[{"taxonomy":"category","embeddable":true,"href":"https:\/\/www.correiobraziliense.com.br\/cbradar\/wp-json\/wp\/v2\/categories?post=18493"},{"taxonomy":"post_tag","embeddable":true,"href":"https:\/\/www.correiobraziliense.com.br\/cbradar\/wp-json\/wp\/v2\/post_tag?post=18493"}],"curies":[{"name":"wp","href":"https:\/\/api.w.org\/{rel}","templated":true}]}}