{"id":185200,"date":"2026-02-01T11:45:00","date_gmt":"2026-02-01T14:45:00","guid":{"rendered":"https:\/\/www.correiobraziliense.com.br\/cbradar\/?p=185200"},"modified":"2026-02-01T01:56:57","modified_gmt":"2026-02-01T04:56:57","slug":"um-paraiso-ecologico-brasileiro-considerado-um-dos-mais-bonitos-do-mundo-e-famoso-ao-unir-preservacao-ambiental-e-turismo-luxuoso","status":"publish","type":"post","link":"https:\/\/www.correiobraziliense.com.br\/cbradar\/um-paraiso-ecologico-brasileiro-considerado-um-dos-mais-bonitos-do-mundo-e-famoso-ao-unir-preservacao-ambiental-e-turismo-luxuoso\/","title":{"rendered":"Um para\u00edso ecol\u00f3gico brasileiro, considerado um dos mais bonitos do mundo, \u00e9 famoso ao unir preserva\u00e7\u00e3o ambiental e turismo luxuoso"},"content":{"rendered":"\n<p>O <strong>Santu\u00e1rio Ecol\u00f3gico<\/strong> mais famoso do pa\u00eds ostenta o t\u00edtulo de Patrim\u00f4nio Natural da Humanidade e est\u00e1 localizado a 545 km da capital <strong>Recife<\/strong>. <strong>Fernando de Noronha<\/strong> combina praias eleitas como as mais bonitas do mundo com um modelo de sustentabilidade que serve de exemplo global.<\/p>\n\n\n\n<h2 class=\"wp-block-heading\">Por que o arquip\u00e9lago \u00e9 considerado um laborat\u00f3rio de biodiversidade marinha<\/h2>\n\n\n\n<p>O isolamento geogr\u00e1fico no meio do <strong>Oceano Atl\u00e2ntico<\/strong> permitiu que o ecossistema local desenvolvesse caracter\u00edsticas \u00fanicas e preservasse esp\u00e9cies em risco de extin\u00e7\u00e3o. A converg\u00eancia de correntes marinhas ricas em nutrientes atrai grandes popula\u00e7\u00f5es de golfinhos-rotadores e tartarugas-marinhas para suas \u00e1guas cristalinas.<\/p>\n\n\n\n<p>Atualmente, a localidade \u00e9 protegida pelo <strong>Parque Nacional Marinho<\/strong>, que controla rigorosamente o fluxo de visitantes para evitar o impacto ambiental negativo. Esse cuidado garante que a visibilidade da \u00e1gua atinja at\u00e9 50 metros de profundidade, proporcionando um dos melhores pontos de mergulho do planeta.<\/p>\n\n\n<div class=\"wp-block-image\">\n<figure class=\"aligncenter size-large\"><img decoding=\"async\" width=\"1024\" height=\"576\" src=\"https:\/\/www.correiobraziliense.com.br\/cbradar\/wp-content\/uploads\/2025\/02\/Fernando-de-Noronha_1739517599057-1024x576.jpg\" alt=\"Um para\u00edso ecol\u00f3gico brasileiro, considerado um dos mais bonitos do mundo, \u00e9 famoso ao unir preserva\u00e7\u00e3o ambiental e turismo luxuoso\" class=\"wp-image-2706\" srcset=\"https:\/\/www.correiobraziliense.com.br\/cbradar\/wp-content\/uploads\/2025\/02\/Fernando-de-Noronha_1739517599057-1024x576.jpg 1024w, https:\/\/www.correiobraziliense.com.br\/cbradar\/wp-content\/uploads\/2025\/02\/Fernando-de-Noronha_1739517599057-300x169.jpg 300w, https:\/\/www.correiobraziliense.com.br\/cbradar\/wp-content\/uploads\/2025\/02\/Fernando-de-Noronha_1739517599057-768x432.jpg 768w, https:\/\/www.correiobraziliense.com.br\/cbradar\/wp-content\/uploads\/2025\/02\/Fernando-de-Noronha_1739517599057-750x422.jpg 750w, https:\/\/www.correiobraziliense.com.br\/cbradar\/wp-content\/uploads\/2025\/02\/Fernando-de-Noronha_1739517599057-1140x641.jpg 1140w, https:\/\/www.correiobraziliense.com.br\/cbradar\/wp-content\/uploads\/2025\/02\/Fernando-de-Noronha_1739517599057.jpg 1280w\" sizes=\"(max-width: 1024px) 100vw, 1024px\" \/><figcaption class=\"wp-element-caption\">Conhe\u00e7a Fernando de Noronha, para\u00edso brasileiro com praias exuberantes e natureza preservada. \/\/ Cr\u00e9ditos: depositphotos.com \/ KcrisRamos<\/figcaption><\/figure><\/div>\n\n\n<h2 class=\"wp-block-heading\">Como \u00e9 o estilo de vida na ilha mais restrita do Brasil?<\/h2>\n\n\n\n<p>Viver em <strong>Fernando de Noronha<\/strong> exige adapta\u00e7\u00e3o a uma log\u00edstica complexa, onde quase todos os insumos chegam via transporte mar\u00edtimo ou a\u00e9reo. O cotidiano dos <strong>noronhenses<\/strong> \u00e9 marcado pela simplicidade e pelo respeito absoluto \u00e0s leis ambientais, como a proibi\u00e7\u00e3o de pl\u00e1sticos descart\u00e1veis no territ\u00f3rio.<\/p>\n\n\n\n<p>A rotina \u00e9 pautada pelo ritmo das mar\u00e9s e pela calmaria de um lugar sem sem\u00e1foros ou tr\u00e2nsito pesado, onde a seguran\u00e7a \u00e9 um dos maiores pilares sociais. A vida comunit\u00e1ria \u00e9 forte, com moradores e profissionais do turismo compartilhando um senso de urg\u00eancia na prote\u00e7\u00e3o deste fr\u00e1gil tesouro pernambucano.<\/p>\n\n\n\n<p><strong>Prepare-se para conhecer o para\u00edso brasileiro com dicas valiosas para aproveitar cada momento.<\/strong> O v\u00eddeo \u00e9 do canal <strong>Trip Partiu<\/strong>, que conta com mais de <strong>100 mil inscritos<\/strong>, e oferece um roteiro completo por Fernando de Noronha, detalhando os melhores passeios como o Ilha Tour, a vida marinha exuberante da Praia do Porto e a ic\u00f4nica descida at\u00e9 a Praia do Sancho:<\/p>\n\n\n\n<figure class=\"wp-block-embed aligncenter is-type-video is-provider-youtube wp-block-embed-youtube wp-embed-aspect-16-9 wp-has-aspect-ratio\"><div class=\"wp-block-embed__wrapper\">\n<div class=\"jeg_video_container jeg_video_content\"><iframe loading=\"lazy\" title=\"FERNANDO DE NORONHA - roteiro completo com DICAS e PRE\u00c7OS\" width=\"500\" height=\"281\" src=\"https:\/\/www.youtube.com\/embed\/bVlo7Wr5gF0?feature=oembed\" frameborder=\"0\" allow=\"accelerometer; autoplay; clipboard-write; encrypted-media; gyroscope; picture-in-picture; web-share\" referrerpolicy=\"strict-origin-when-cross-origin\" allowfullscreen><\/iframe><\/div>\n<\/div><\/figure>\n\n\n\n<h2 class=\"wp-block-heading\">Qual o n\u00famero de habitantes e o n\u00edvel de desenvolvimento social?<\/h2>\n\n\n\n<p>O distrito estadual conta com cerca de tr\u00eas mil habitantes e apresenta um dos custos de vida mais elevados do <strong>Nordeste<\/strong> devido \u00e0 sua localiza\u00e7\u00e3o remota. Segundo dados do <strong>Instituto Brasileiro de Geografia e Estat\u00edstica<\/strong> (<strong><a href=\"https:\/\/cidades.ibge.gov.br\/brasil\/sp\/presidente-prudente\/panorama\" target=\"_blank\" rel=\"noreferrer noopener\">IBGE<\/a><\/strong>), o local aponta um <strong>IDH<\/strong> de 0,788.<\/p>\n\n\n\n<p>Este \u00edndice reflete o alto n\u00edvel de escolaridade e a efici\u00eancia dos servi\u00e7os de sa\u00fade voltados \u00e0 comunidade local e aos visitantes. A economia \u00e9 totalmente dependente do turismo sustent\u00e1vel, o que gera uma renda per capita alta, mas exige gest\u00e3o constante da infraestrutura de saneamento e energia.<\/p>\n\n\n<div class=\"wp-block-image\">\n<figure class=\"aligncenter size-large\"><img decoding=\"async\" width=\"1024\" height=\"576\" src=\"https:\/\/www.correiobraziliense.com.br\/cbradar\/wp-content\/uploads\/2025\/02\/Fernando-de-Noronha_1739517635155-1024x576.jpg\" alt=\"Uma ilha brasileira une \u00e1guas cristalinas e golfinhos em um santu\u00e1rio que parece outro planeta\" class=\"wp-image-2707\" srcset=\"https:\/\/www.correiobraziliense.com.br\/cbradar\/wp-content\/uploads\/2025\/02\/Fernando-de-Noronha_1739517635155-1024x576.jpg 1024w, https:\/\/www.correiobraziliense.com.br\/cbradar\/wp-content\/uploads\/2025\/02\/Fernando-de-Noronha_1739517635155-300x169.jpg 300w, https:\/\/www.correiobraziliense.com.br\/cbradar\/wp-content\/uploads\/2025\/02\/Fernando-de-Noronha_1739517635155-768x432.jpg 768w, https:\/\/www.correiobraziliense.com.br\/cbradar\/wp-content\/uploads\/2025\/02\/Fernando-de-Noronha_1739517635155-750x422.jpg 750w, https:\/\/www.correiobraziliense.com.br\/cbradar\/wp-content\/uploads\/2025\/02\/Fernando-de-Noronha_1739517635155-1140x641.jpg 1140w, https:\/\/www.correiobraziliense.com.br\/cbradar\/wp-content\/uploads\/2025\/02\/Fernando-de-Noronha_1739517635155.jpg 1280w\" sizes=\"(max-width: 1024px) 100vw, 1024px\" \/><figcaption class=\"wp-element-caption\">Conhe\u00e7a Fernando de Noronha, para\u00edso brasileiro com praias exuberantes e natureza preservada. \/\/ Cr\u00e9ditos: depositphotos.com \/ nachosuch<\/figcaption><\/figure><\/div>\n\n\n<h2 class=\"wp-block-heading\">Quais s\u00e3o os principais destinos naturais e hist\u00f3ricos do arquip\u00e9lago?<\/h2>\n\n\n\n<p><strong>O turismo na localidade \u00e9 definido por trilhas ecol\u00f3gicas, mergulhos aut\u00f4nomos e a observa\u00e7\u00e3o de animais silvestres em seu habitat natural.<\/strong> Visitantes encontram um cen\u00e1rio dominado por fal\u00e9sias vulc\u00e2nicas e areias douradas que contrastam com o azul profundo do mar nordestino.<\/p>\n\n\n\n<p>As op\u00e7\u00f5es de lazer priorizam o baixo impacto, incentivando a educa\u00e7\u00e3o ambiental em cada passeio realizado pelas ba\u00edas protegidas. Os pontos destacados abaixo representam as experi\u00eancias fundamentais para compreender a magnitude deste destino em <strong>Pernambuco<\/strong>.<\/p>\n\n\n\n<ul class=\"wp-block-list\">\n<li><strong>Ba\u00eda do Sancho<\/strong>: eleita diversas vezes como a melhor praia do mundo, acess\u00edvel por escadarias encravadas na fenda de uma fal\u00e9sia.<\/li>\n\n\n\n<li><strong>Ba\u00eda dos Porcos<\/strong>: local ideal para observar o <strong>Morro do Pico<\/strong> e nadar em piscinas naturais repletas de peixes coloridos.<\/li>\n\n\n\n<li><strong>Forte de Nossa Senhora dos Rem\u00e9dios<\/strong>: principal estrutura hist\u00f3rica da ilha, oferecendo uma vista panor\u00e2mica completa do arquip\u00e9lago.<\/li>\n\n\n\n<li><strong>Praia do Le\u00e3o<\/strong>: santu\u00e1rio de desova de tartarugas com mar aberto e um visual selvagem que impressiona pela for\u00e7a das ondas.<\/li>\n\n\n\n<li><strong>Buraco do Galego<\/strong>: piscina natural localizada na <strong>Praia do Cachorro<\/strong>, famosa por suas fotos ic\u00f4nicas e \u00e1guas esmeraldas.<\/li>\n<\/ul>\n\n\n\n<p><strong>Leia tamb\u00e9m: <a href=\"https:\/\/www.correiobraziliense.com.br\/cbradar\/quem-ja-passou-dos-60-ano-precisa-evitar-esses-2-alimentos-prejudiciais\/\" target=\"_blank\" rel=\"noreferrer noopener\">Quem j\u00e1 passou dos 60 anos precisa evitar esses 2 alimentos prejudiciais.<\/a><\/strong><\/p>\n\n\n<div class=\"wp-block-image\">\n<figure class=\"aligncenter size-large\"><img decoding=\"async\" width=\"1024\" height=\"576\" src=\"https:\/\/www.correiobraziliense.com.br\/cbradar\/wp-content\/uploads\/2025\/06\/Fernando-de-Noronha_1750570559032-1024x576.jpg\" alt=\"Essa ilha paradis\u00edaca est\u00e1 conquistando turistas com suas \u00e1guas cristalinas que parecem de outro mundo\" class=\"wp-image-57356\" srcset=\"https:\/\/www.correiobraziliense.com.br\/cbradar\/wp-content\/uploads\/2025\/06\/Fernando-de-Noronha_1750570559032-1024x576.jpg 1024w, https:\/\/www.correiobraziliense.com.br\/cbradar\/wp-content\/uploads\/2025\/06\/Fernando-de-Noronha_1750570559032-300x169.jpg 300w, https:\/\/www.correiobraziliense.com.br\/cbradar\/wp-content\/uploads\/2025\/06\/Fernando-de-Noronha_1750570559032-768x432.jpg 768w, https:\/\/www.correiobraziliense.com.br\/cbradar\/wp-content\/uploads\/2025\/06\/Fernando-de-Noronha_1750570559032-750x422.jpg 750w, https:\/\/www.correiobraziliense.com.br\/cbradar\/wp-content\/uploads\/2025\/06\/Fernando-de-Noronha_1750570559032-1140x641.jpg 1140w, https:\/\/www.correiobraziliense.com.br\/cbradar\/wp-content\/uploads\/2025\/06\/Fernando-de-Noronha_1750570559032.jpg 1280w\" sizes=\"(max-width: 1024px) 100vw, 1024px\" \/><figcaption class=\"wp-element-caption\">A ilha possui cerca de 3.000 habitantes e recebe limite di\u00e1rio de 500 turistas para conserva\u00e7\u00e3o ambiental. \/\/ Cr\u00e9ditos: depositphotos.com \/ diegograndi<\/figcaption><\/figure><\/div>\n\n\n<h2 class=\"wp-block-heading\">Como o clima tropical influencia as janelas de visita\u00e7\u00e3o<\/h2>\n\n\n\n<p>O tempo na regi\u00e3o \u00e9 dividido em duas esta\u00e7\u00f5es claras: a seca e a chuvosa, ambas com temperaturas m\u00e9dias elevadas e sol presente. A altitude m\u00e1xima de 323 metros no <strong>Morro do Pico<\/strong> n\u00e3o interfere drasticamente na temperatura, mas a brisa mar\u00edtima \u00e9 constante durante todo o ano.<\/p>\n\n\n\n<p>A temporada de chuvas ocorre entre os meses de mar\u00e7o e julho, per\u00edodo em que a ilha fica mais verde e as cachoeiras tempor\u00e1rias aparecem nas encostas. A tabela detalha as condi\u00e7\u00f5es para voc\u00ea planejar seu mergulho ou a pr\u00e1tica de surfe nas ondas famosas da regi\u00e3o.<\/p>\n\n\n\n<figure class=\"wp-block-table\"><table class=\"has-fixed-layout\"><tbody><tr><th>Per\u00edodo (meses)<\/th><th>Temperatura m\u00e9dia<\/th><th>Clima<\/th><th>Atividades recomendadas<\/th><\/tr><tr><td>Agosto a Dezembro<\/td><td>28\u00b0C<\/td><td>Seco (Mar calmo)<\/td><td>Mergulho com cilindro e snorkeling<\/td><\/tr><tr><td>Janeiro a Mar\u00e7o<\/td><td>27\u00b0C<\/td><td>Seco (Ondula\u00e7\u00f5es)<\/td><td>Surfe e esportes n\u00e1uticos radicais<\/td><\/tr><tr><td>Abril a Junho<\/td><td>26\u00b0C<\/td><td>Chuvoso<\/td><td>Trilhas hist\u00f3ricas e observa\u00e7\u00e3o de fauna<\/td><\/tr><tr><td>Julho<\/td><td>25\u00b0C<\/td><td>Ventos fortes<\/td><td>Passeios de barco e p\u00f4r do sol nos fortes<\/td><\/tr><\/tbody><\/table><\/figure>\n\n\n\n<p><em>Segundo dados aproximados do portal <strong><a href=\"https:\/\/www.climatempo.com.br\/previsao-do-tempo\/cidade\/1565\/fernandodenoronha-pe\" target=\"_blank\" rel=\"noreferrer noopener\">Climatempo<\/a><\/strong>.<\/em><\/p>\n\n\n\n<h2 class=\"wp-block-heading\">Motivos para visitar e preservar Fernando de Noronha<\/h2>\n\n\n\n<p>A localidade oferece a oportunidade rara de vivenciar um ecossistema equilibrado, onde a natureza \u00e9 a protagonista absoluta de todas as rela\u00e7\u00f5es. O investimento em taxas de preserva\u00e7\u00e3o retorna em forma de servi\u00e7os ambientais que garantem a sobreviv\u00eancia do arquip\u00e9lago para o futuro.<\/p>\n\n\n\n<ul class=\"wp-block-list\">\n<li><strong>Exclusividade Ambiental<\/strong>: vivenciar um dos poucos lugares do <strong>Brasil<\/strong> com controle populacional e r\u00edgida pol\u00edtica de lixo zero.<\/li>\n\n\n\n<li><strong>Mergulho de Classe Mundial<\/strong>: acesso a naufr\u00e1gios hist\u00f3ricos e recifes de corais preservados com visibilidade inigual\u00e1vel.<\/li>\n\n\n\n<li><strong>Conex\u00e3o com a Natureza<\/strong>: possibilidade de nadar com tubar\u00f5es, raias e tartarugas em um ambiente de total liberdade e seguran\u00e7a.<\/li>\n<\/ul>\n\n\n\n<p>Voc\u00ea precisa conhecer este \u00e9den brasileiro e entender por que ele \u00e9 o maior orgulho ecol\u00f3gico de <strong>Pernambuco<\/strong>.<\/p>\n","protected":false},"excerpt":{"rendered":"<p>O Santu\u00e1rio Ecol\u00f3gico mais famoso do pa\u00eds ostenta o t\u00edtulo de Patrim\u00f4nio Natural da Humanidade e est\u00e1 localizado a 545 km da capital Recife. Fernando de Noronha combina praias eleitas como as mais bonitas do mundo com um modelo de sustentabilidade que serve de exemplo global. Por que o arquip\u00e9lago \u00e9 considerado um laborat\u00f3rio de [&hellip;]<\/p>\n","protected":false},"author":8,"featured_media":57354,"comment_status":"open","ping_status":"open","sticky":false,"template":"","format":"standard","meta":{"_yoast_wpseo_focuskw":"para\u00edso ecol\u00f3gico","_yoast_wpseo_title":"","_yoast_wpseo_metadesc":"Esse para\u00edso ecol\u00f3gico \u00e9 considerado um dos mais bonitos do mundo ao unir preserva\u00e7\u00e3o ambiental rigorosa e turismo de alto padr\u00e3o.","jnews-multi-image_gallery":[],"jnews_single_post":{"format":"standard"},"jnews_primary_category":[],"jnews_social_meta":[],"jnews_override_counter":[],"footnotes":""},"categories":[108,111],"tags":[699,940],"class_list":["post-185200","post","type-post","status-publish","format-standard","has-post-thumbnail","hentry","category-cidades","category-turismo","tag-fernando-de-noronha","tag-pernambuco"],"yoast_head":"<!-- This site is optimized with the Yoast SEO plugin v24.6 - https:\/\/yoast.com\/wordpress\/plugins\/seo\/ -->\n<title>Um para\u00edso ecol\u00f3gico brasileiro, considerado um dos mais bonitos do mundo, \u00e9 famoso ao unir preserva\u00e7\u00e3o ambiental e turismo luxuoso - Correio Braziliense - Radar<\/title>\n<meta name=\"description\" content=\"Esse para\u00edso ecol\u00f3gico \u00e9 considerado um dos mais bonitos do mundo ao unir preserva\u00e7\u00e3o ambiental rigorosa e turismo de alto padr\u00e3o.\" \/>\n<meta name=\"robots\" content=\"index, follow, max-snippet:-1, max-image-preview:large, max-video-preview:-1\" \/>\n<link rel=\"canonical\" href=\"https:\/\/www.correiobraziliense.com.br\/cbradar\/um-paraiso-ecologico-brasileiro-considerado-um-dos-mais-bonitos-do-mundo-e-famoso-ao-unir-preservacao-ambiental-e-turismo-luxuoso\/\" \/>\n<meta property=\"og:locale\" content=\"pt_BR\" \/>\n<meta property=\"og:type\" content=\"article\" \/>\n<meta property=\"og:title\" content=\"Um para\u00edso ecol\u00f3gico brasileiro, considerado um dos mais bonitos do mundo, \u00e9 famoso ao unir preserva\u00e7\u00e3o ambiental e turismo luxuoso - Correio Braziliense - Radar\" \/>\n<meta property=\"og:description\" content=\"Esse para\u00edso ecol\u00f3gico \u00e9 considerado um dos mais bonitos do mundo ao unir preserva\u00e7\u00e3o ambiental rigorosa e turismo de alto padr\u00e3o.\" \/>\n<meta property=\"og:url\" content=\"https:\/\/www.correiobraziliense.com.br\/cbradar\/um-paraiso-ecologico-brasileiro-considerado-um-dos-mais-bonitos-do-mundo-e-famoso-ao-unir-preservacao-ambiental-e-turismo-luxuoso\/\" \/>\n<meta property=\"og:site_name\" content=\"Correio Braziliense - Radar\" \/>\n<meta property=\"article:published_time\" content=\"2026-02-01T14:45:00+00:00\" \/>\n<meta property=\"og:image\" content=\"https:\/\/www.correiobraziliense.com.br\/cbradar\/wp-content\/uploads\/2025\/06\/Fernando-de-Noronha_1750570483165.jpg\" \/>\n\t<meta property=\"og:image:width\" content=\"1280\" \/>\n\t<meta property=\"og:image:height\" content=\"720\" \/>\n\t<meta property=\"og:image:type\" content=\"image\/jpeg\" \/>\n<meta name=\"author\" content=\"Maura Pereira\" \/>\n<meta name=\"twitter:card\" content=\"summary_large_image\" \/>\n<meta name=\"twitter:label1\" content=\"Escrito por\" \/>\n\t<meta name=\"twitter:data1\" content=\"Maura Pereira\" \/>\n\t<meta name=\"twitter:label2\" content=\"Est. tempo de leitura\" \/>\n\t<meta name=\"twitter:data2\" content=\"7 minutos\" \/>\n<!-- \/ Yoast SEO plugin. -->","yoast_head_json":{"title":"Um para\u00edso ecol\u00f3gico brasileiro, considerado um dos mais bonitos do mundo, \u00e9 famoso ao unir preserva\u00e7\u00e3o ambiental e turismo luxuoso - Correio Braziliense - Radar","description":"Esse para\u00edso ecol\u00f3gico \u00e9 considerado um dos mais bonitos do mundo ao unir preserva\u00e7\u00e3o ambiental rigorosa e turismo de alto padr\u00e3o.","robots":{"index":"index","follow":"follow","max-snippet":"max-snippet:-1","max-image-preview":"max-image-preview:large","max-video-preview":"max-video-preview:-1"},"canonical":"https:\/\/www.correiobraziliense.com.br\/cbradar\/um-paraiso-ecologico-brasileiro-considerado-um-dos-mais-bonitos-do-mundo-e-famoso-ao-unir-preservacao-ambiental-e-turismo-luxuoso\/","og_locale":"pt_BR","og_type":"article","og_title":"Um para\u00edso ecol\u00f3gico brasileiro, considerado um dos mais bonitos do mundo, \u00e9 famoso ao unir preserva\u00e7\u00e3o ambiental e turismo luxuoso - Correio Braziliense - Radar","og_description":"Esse para\u00edso ecol\u00f3gico \u00e9 considerado um dos mais bonitos do mundo ao unir preserva\u00e7\u00e3o ambiental rigorosa e turismo de alto padr\u00e3o.","og_url":"https:\/\/www.correiobraziliense.com.br\/cbradar\/um-paraiso-ecologico-brasileiro-considerado-um-dos-mais-bonitos-do-mundo-e-famoso-ao-unir-preservacao-ambiental-e-turismo-luxuoso\/","og_site_name":"Correio Braziliense - Radar","article_published_time":"2026-02-01T14:45:00+00:00","og_image":[{"width":1280,"height":720,"url":"https:\/\/www.correiobraziliense.com.br\/cbradar\/wp-content\/uploads\/2025\/06\/Fernando-de-Noronha_1750570483165.jpg","type":"image\/jpeg"}],"author":"Maura Pereira","twitter_card":"summary_large_image","twitter_misc":{"Escrito por":"Maura Pereira","Est. tempo de leitura":"7 minutos"},"schema":{"@context":"https:\/\/schema.org","@graph":[{"@type":"WebPage","@id":"https:\/\/www.correiobraziliense.com.br\/cbradar\/um-paraiso-ecologico-brasileiro-considerado-um-dos-mais-bonitos-do-mundo-e-famoso-ao-unir-preservacao-ambiental-e-turismo-luxuoso\/","url":"https:\/\/www.correiobraziliense.com.br\/cbradar\/um-paraiso-ecologico-brasileiro-considerado-um-dos-mais-bonitos-do-mundo-e-famoso-ao-unir-preservacao-ambiental-e-turismo-luxuoso\/","name":"Um para\u00edso ecol\u00f3gico brasileiro, considerado um dos mais bonitos do mundo, \u00e9 famoso ao unir preserva\u00e7\u00e3o ambiental e turismo luxuoso - Correio Braziliense - Radar","isPartOf":{"@id":"https:\/\/www.correiobraziliense.com.br\/cbradar\/#website"},"primaryImageOfPage":{"@id":"https:\/\/www.correiobraziliense.com.br\/cbradar\/um-paraiso-ecologico-brasileiro-considerado-um-dos-mais-bonitos-do-mundo-e-famoso-ao-unir-preservacao-ambiental-e-turismo-luxuoso\/#primaryimage"},"image":{"@id":"https:\/\/www.correiobraziliense.com.br\/cbradar\/um-paraiso-ecologico-brasileiro-considerado-um-dos-mais-bonitos-do-mundo-e-famoso-ao-unir-preservacao-ambiental-e-turismo-luxuoso\/#primaryimage"},"thumbnailUrl":"https:\/\/www.correiobraziliense.com.br\/cbradar\/wp-content\/uploads\/2025\/06\/Fernando-de-Noronha_1750570483165.jpg","datePublished":"2026-02-01T14:45:00+00:00","author":{"@id":"https:\/\/www.correiobraziliense.com.br\/cbradar\/#\/schema\/person\/4053c651a9bfc785afc6f4cbc9032fd3"},"description":"Esse para\u00edso ecol\u00f3gico \u00e9 considerado um dos mais bonitos do mundo ao unir preserva\u00e7\u00e3o ambiental rigorosa e turismo de alto padr\u00e3o.","breadcrumb":{"@id":"https:\/\/www.correiobraziliense.com.br\/cbradar\/um-paraiso-ecologico-brasileiro-considerado-um-dos-mais-bonitos-do-mundo-e-famoso-ao-unir-preservacao-ambiental-e-turismo-luxuoso\/#breadcrumb"},"inLanguage":"pt-BR","potentialAction":[{"@type":"ReadAction","target":["https:\/\/www.correiobraziliense.com.br\/cbradar\/um-paraiso-ecologico-brasileiro-considerado-um-dos-mais-bonitos-do-mundo-e-famoso-ao-unir-preservacao-ambiental-e-turismo-luxuoso\/"]}]},{"@type":"ImageObject","inLanguage":"pt-BR","@id":"https:\/\/www.correiobraziliense.com.br\/cbradar\/um-paraiso-ecologico-brasileiro-considerado-um-dos-mais-bonitos-do-mundo-e-famoso-ao-unir-preservacao-ambiental-e-turismo-luxuoso\/#primaryimage","url":"https:\/\/www.correiobraziliense.com.br\/cbradar\/wp-content\/uploads\/2025\/06\/Fernando-de-Noronha_1750570483165.jpg","contentUrl":"https:\/\/www.correiobraziliense.com.br\/cbradar\/wp-content\/uploads\/2025\/06\/Fernando-de-Noronha_1750570483165.jpg","width":1280,"height":720,"caption":"Noronha \u00e9 Patrim\u00f4nio Natural da Humanidade pela UNESCO e limita visitantes para preservar o ecossistema. \/\/ Cr\u00e9ditos: depositphotos.com \/ nachosuch"},{"@type":"BreadcrumbList","@id":"https:\/\/www.correiobraziliense.com.br\/cbradar\/um-paraiso-ecologico-brasileiro-considerado-um-dos-mais-bonitos-do-mundo-e-famoso-ao-unir-preservacao-ambiental-e-turismo-luxuoso\/#breadcrumb","itemListElement":[{"@type":"ListItem","position":1,"name":"In\u00edcio","item":"https:\/\/www.correiobraziliense.com.br\/cbradar\/"},{"@type":"ListItem","position":2,"name":"Um para\u00edso ecol\u00f3gico brasileiro, considerado um dos mais bonitos do mundo, \u00e9 famoso ao unir preserva\u00e7\u00e3o ambiental e turismo luxuoso"}]},{"@type":"WebSite","@id":"https:\/\/www.correiobraziliense.com.br\/cbradar\/#website","url":"https:\/\/www.correiobraziliense.com.br\/cbradar\/","name":"Correio Braziliense - Radar","description":"Acompanhe as \u00faltimas not\u00edcias e fique bem informado sobre tudo o que acontece no Brasil e no mundo.","potentialAction":[{"@type":"SearchAction","target":{"@type":"EntryPoint","urlTemplate":"https:\/\/www.correiobraziliense.com.br\/cbradar\/?s={search_term_string}"},"query-input":{"@type":"PropertyValueSpecification","valueRequired":true,"valueName":"search_term_string"}}],"inLanguage":"pt-BR"},{"@type":"Person","@id":"https:\/\/www.correiobraziliense.com.br\/cbradar\/#\/schema\/person\/4053c651a9bfc785afc6f4cbc9032fd3","name":"Maura Pereira","image":{"@type":"ImageObject","inLanguage":"pt-BR","@id":"https:\/\/www.correiobraziliense.com.br\/cbradar\/#\/schema\/person\/image\/","url":"https:\/\/secure.gravatar.com\/avatar\/3effd6bdadfa447f15089c7f7144eaa6?s=96&d=mm&r=g","contentUrl":"https:\/\/secure.gravatar.com\/avatar\/3effd6bdadfa447f15089c7f7144eaa6?s=96&d=mm&r=g","caption":"Maura Pereira"},"sameAs":["https:\/\/www.correiobraziliense.com.br\/"],"url":"https:\/\/www.correiobraziliense.com.br\/cbradar\/author\/mauramyth\/"}]}},"_links":{"self":[{"href":"https:\/\/www.correiobraziliense.com.br\/cbradar\/wp-json\/wp\/v2\/posts\/185200","targetHints":{"allow":["GET"]}}],"collection":[{"href":"https:\/\/www.correiobraziliense.com.br\/cbradar\/wp-json\/wp\/v2\/posts"}],"about":[{"href":"https:\/\/www.correiobraziliense.com.br\/cbradar\/wp-json\/wp\/v2\/types\/post"}],"author":[{"embeddable":true,"href":"https:\/\/www.correiobraziliense.com.br\/cbradar\/wp-json\/wp\/v2\/users\/8"}],"replies":[{"embeddable":true,"href":"https:\/\/www.correiobraziliense.com.br\/cbradar\/wp-json\/wp\/v2\/comments?post=185200"}],"version-history":[{"count":15,"href":"https:\/\/www.correiobraziliense.com.br\/cbradar\/wp-json\/wp\/v2\/posts\/185200\/revisions"}],"predecessor-version":[{"id":185447,"href":"https:\/\/www.correiobraziliense.com.br\/cbradar\/wp-json\/wp\/v2\/posts\/185200\/revisions\/185447"}],"wp:featuredmedia":[{"embeddable":true,"href":"https:\/\/www.correiobraziliense.com.br\/cbradar\/wp-json\/wp\/v2\/media\/57354"}],"wp:attachment":[{"href":"https:\/\/www.correiobraziliense.com.br\/cbradar\/wp-json\/wp\/v2\/media?parent=185200"}],"wp:term":[{"taxonomy":"category","embeddable":true,"href":"https:\/\/www.correiobraziliense.com.br\/cbradar\/wp-json\/wp\/v2\/categories?post=185200"},{"taxonomy":"post_tag","embeddable":true,"href":"https:\/\/www.correiobraziliense.com.br\/cbradar\/wp-json\/wp\/v2\/tags?post=185200"}],"curies":[{"name":"wp","href":"https:\/\/api.w.org\/{rel}","templated":true}]}}