{"id":185210,"date":"2026-02-01T14:05:00","date_gmt":"2026-02-01T17:05:00","guid":{"rendered":"https:\/\/www.correiobraziliense.com.br\/cbradar\/?p=185210"},"modified":"2026-02-01T02:12:18","modified_gmt":"2026-02-01T05:12:18","slug":"as-3-melhores-cidades-do-nordeste-para-visitar-em-fevereiro-com-clima-agradavel-praias-mais-vazias-menos-turistas-e-experiencias-tranquilas-para-aproveitar-ao-maximo","status":"publish","type":"post","link":"https:\/\/www.correiobraziliense.com.br\/cbradar\/as-3-melhores-cidades-do-nordeste-para-visitar-em-fevereiro-com-clima-agradavel-praias-mais-vazias-menos-turistas-e-experiencias-tranquilas-para-aproveitar-ao-maximo\/","title":{"rendered":"As 3 melhores cidades do Nordeste para visitar em fevereiro, com clima agrad\u00e1vel, praias mais vazias, menos turistas e experi\u00eancias tranquilas para aproveitar ao m\u00e1ximo"},"content":{"rendered":"\n<p>Fevereiro \u00e9 o m\u00eas que define a alma da regi\u00e3o e oferece op\u00e7\u00f5es que v\u00e3o do agito cultural absoluto \u00e0 tranquilidade de praias desertas. As cidades selecionadas combinam infraestrutura de ponta, clima favor\u00e1vel e experi\u00eancias aut\u00eanticas para o viajante exigente em 2026.<\/p>\n\n\n\n<h2 class=\"wp-block-heading\">Por que Salvador \u00e9 a escolha principal para quem busca cultura?<\/h2>\n\n\n\n<p>A capital baiana pulsa em uma frequ\u00eancia \u00fanica durante o segundo m\u00eas do ano, impulsionada pelas festas populares e ensaios que antecedem o per\u00edodo carnavalesco. O munic\u00edpio de <strong>Salvador<\/strong>, localizado a 350 km de <strong>Aracaju<\/strong>, transforma-se no maior palco ao ar livre do <strong>Brasil<\/strong>.<\/p>\n\n\n\n<p>Al\u00e9m das celebra\u00e7\u00f5es, a cidade investiu na revitaliza\u00e7\u00e3o do centro hist\u00f3rico e da orla, permitindo um turismo de experi\u00eancia que une gastronomia e hist\u00f3ria. Segundo dados do <strong>Instituto Brasileiro de Geografia e Estat\u00edstica<\/strong> (<strong><a href=\"https:\/\/cidades.ibge.gov.br\/brasil\/ba\/salvador\/panorama\" target=\"_blank\" rel=\"noreferrer noopener\">IBGE<\/a><\/strong>), o local aponta um <strong>IDH<\/strong> de 0,759, o que reflete a robustez de sua rede de servi\u00e7os tur\u00edsticos.<\/p>\n\n\n<div class=\"wp-block-image\">\n<figure class=\"aligncenter size-large\"><img decoding=\"async\" width=\"1024\" height=\"576\" src=\"https:\/\/www.correiobraziliense.com.br\/cbradar\/wp-content\/uploads\/2025\/12\/Salvador-_1764814466324-1024x576.jpg\" alt=\"Uma capital brasileira com praias de \u00e1guas cristalinas encanta os visitantes por ser \u00f3tima para viver a ainda aproveitar o mar\" class=\"wp-image-149677\" srcset=\"https:\/\/www.correiobraziliense.com.br\/cbradar\/wp-content\/uploads\/2025\/12\/Salvador-_1764814466324-1024x576.jpg 1024w, https:\/\/www.correiobraziliense.com.br\/cbradar\/wp-content\/uploads\/2025\/12\/Salvador-_1764814466324-300x169.jpg 300w, https:\/\/www.correiobraziliense.com.br\/cbradar\/wp-content\/uploads\/2025\/12\/Salvador-_1764814466324-768x432.jpg 768w, https:\/\/www.correiobraziliense.com.br\/cbradar\/wp-content\/uploads\/2025\/12\/Salvador-_1764814466324-750x422.jpg 750w, https:\/\/www.correiobraziliense.com.br\/cbradar\/wp-content\/uploads\/2025\/12\/Salvador-_1764814466324-1140x641.jpg 1140w, https:\/\/www.correiobraziliense.com.br\/cbradar\/wp-content\/uploads\/2025\/12\/Salvador-_1764814466324.jpg 1280w\" sizes=\"(max-width: 1024px) 100vw, 1024px\" \/><figcaption class=\"wp-element-caption\">Salvador lidera o turismo nordestino com o Carnaval mais famoso do mundo e praias premiadas como Stella Maris e Itapu\u00e3. \/\/ Cr\u00e9ditos: depositphotos.com \/ gustavofrazao<\/figcaption><\/figure><\/div>\n\n\n<h2 class=\"wp-block-heading\">Como Porto de Galinhas oferece o melhor lazer em fam\u00edlia?<\/h2>\n\n\n\n<p>Localizada em <strong>Ipojuca<\/strong>, a apenas 50 km de <strong>Recife<\/strong>, esta vila \u00e9 reconhecida pelas piscinas naturais formadas por arrecifes de corais. O cotidiano em <strong>Porto de Galinhas<\/strong> em fevereiro \u00e9 marcado por mar\u00e9s baixas e \u00e1guas extremamente cristalinas, ideais para o mergulho com crian\u00e7as.<\/p>\n\n\n\n<p>O munic\u00edpio de <strong>Ipojuca<\/strong> possui 98 mil habitantes e apresenta uma infraestrutura hoteleira que \u00e9 refer\u00eancia no <strong>Nordeste<\/strong>. Segundo o <strong><a href=\"https:\/\/www.climatempo.com.br\/previsao-do-tempo\/cidade\/2017\/ipojuca-pe\" target=\"_blank\" rel=\"noreferrer noopener\">IBGE<\/a><\/strong>, a localidade ostenta um <strong>IDH<\/strong> de 0,740, garantindo seguran\u00e7a e conforto em resorts que operam com tecnologias de sustentabilidade ambiental de \u00faltima gera\u00e7\u00e3o.<\/p>\n\n\n\n<p><strong>Explore as \u00e1guas cristalinas e a vibe \u00fanica de um dos destinos mais paradis\u00edacos de Pernambuco<\/strong>. O v\u00eddeo \u00e9 do canal <strong>Partiu de F\u00e9rias<\/strong>, que conta com mais de <strong>300 mil inscritos<\/strong>, e detalha as principais atra\u00e7\u00f5es de Porto de Galinhas, como o passeio de jangada pelas piscinas naturais, a tranquilidade da Praia de Muro Alto e o p\u00f4r do sol espetacular no Pontal do Maraca\u00edpe:<\/p>\n\n\n\n<figure class=\"wp-block-embed aligncenter is-type-video is-provider-youtube wp-block-embed-youtube wp-embed-aspect-16-9 wp-has-aspect-ratio\"><div class=\"wp-block-embed__wrapper\">\n<div class=\"jeg_video_container jeg_video_content\"><iframe loading=\"lazy\" title=\"\ud83c\udf34 Descubra Porto de Galinhas, Pernambuco: Para\u00edso Brasileiro com Pre\u00e7os Atualizados de Passeios! \ud83c\udf0a\" width=\"500\" height=\"281\" src=\"https:\/\/www.youtube.com\/embed\/QsBPTrJ5QdI?feature=oembed\" frameborder=\"0\" allow=\"accelerometer; autoplay; clipboard-write; encrypted-media; gyroscope; picture-in-picture; web-share\" referrerpolicy=\"strict-origin-when-cross-origin\" allowfullscreen><\/iframe><\/div>\n<\/div><\/figure>\n\n\n\n<h2 class=\"wp-block-heading\">Qual \u00e9 o diferencial de Jo\u00e3o Pessoa para quem busca sossego?<\/h2>\n\n\n\n<p>A <strong>Porta do Sol<\/strong> destaca-se como a capital mais arborizada da regi\u00e3o e oferece um ritmo muito mais calmo se comparado \u00e0s vizinhas. <strong>Jo\u00e3o Pessoa<\/strong> \u00e9 o destino ideal para quem deseja fugir das grandes multid\u00f5es sem abrir m\u00e3o de uma orla moderna e gastronomia de alta qualidade.<\/p>\n\n\n\n<p>A cidade possui<strong> 833 mil habitantes<\/strong> e \u00e9 famosa pela preserva\u00e7\u00e3o de suas praias urbanas, onde a constru\u00e7\u00e3o de pr\u00e9dios altos na orla \u00e9 proibida por lei. Com um <strong>IDH<\/strong> de 0,763, o munic\u00edpio garante uma experi\u00eancia de viagem pautada pela organiza\u00e7\u00e3o urbana e pelo contato direto com a natureza preservada.<\/p>\n\n\n\n<p>Escolher entre estes destinos exige entender o perfil do viajante, pois cada localidade oferece uma atmosfera distinta sob o sol nordestino. Os pontos listados abaixo ajudam a definir a prioridade de sua viagem no m\u00eas de fevereiro.<\/p>\n\n\n\n<ul class=\"wp-block-list\">\n<li><strong>Salvador<\/strong>: <strong>Pelourinho<\/strong> e <strong>Rio Vermelho<\/strong> para quem ama m\u00fasica, hist\u00f3ria colonial e a energia das festas de rua.<\/li>\n\n\n\n<li><strong>Porto de Galinhas<\/strong>: <strong>Pontal de Maraca\u00edpe<\/strong> e piscinas naturais para entusiastas de esportes n\u00e1uticos e vida marinha.<\/li>\n\n\n\n<li><strong>Jo\u00e3o Pessoa<\/strong>: <strong>Ponta do Seixas<\/strong> e <strong>Areia Vermelha<\/strong> para viajantes que priorizam o p\u00f4r do sol e caminhadas tranquilas.<\/li>\n<\/ul>\n\n\n<div class=\"wp-block-image\">\n<figure class=\"aligncenter size-large\"><img decoding=\"async\" width=\"1024\" height=\"576\" src=\"https:\/\/www.correiobraziliense.com.br\/cbradar\/wp-content\/uploads\/2025\/06\/joao-pessoa_1751162859079-1024x576.jpg\" alt=\"Onde o nascer do sol mais cedo das Am\u00e9ricas se une a uma das melhores qualidade de vida do Nordeste\" class=\"wp-image-61083\" srcset=\"https:\/\/www.correiobraziliense.com.br\/cbradar\/wp-content\/uploads\/2025\/06\/joao-pessoa_1751162859079-1024x576.jpg 1024w, https:\/\/www.correiobraziliense.com.br\/cbradar\/wp-content\/uploads\/2025\/06\/joao-pessoa_1751162859079-300x169.jpg 300w, https:\/\/www.correiobraziliense.com.br\/cbradar\/wp-content\/uploads\/2025\/06\/joao-pessoa_1751162859079-768x432.jpg 768w, https:\/\/www.correiobraziliense.com.br\/cbradar\/wp-content\/uploads\/2025\/06\/joao-pessoa_1751162859079-750x422.jpg 750w, https:\/\/www.correiobraziliense.com.br\/cbradar\/wp-content\/uploads\/2025\/06\/joao-pessoa_1751162859079-1140x641.jpg 1140w, https:\/\/www.correiobraziliense.com.br\/cbradar\/wp-content\/uploads\/2025\/06\/joao-pessoa_1751162859079.jpg 1280w\" sizes=\"(max-width: 1024px) 100vw, 1024px\" \/><figcaption class=\"wp-element-caption\">Jo\u00e3o Pessoa registra aumento na procura por moradia litor\u00e2nea e turismo voltado \u00e0 qualidade de vida. \/\/ Cr\u00e9ditos: depositphotos.com \/ contato@caciomurilo.com.br<\/figcaption><\/figure><\/div>\n\n\n<p><strong>Leia tamb\u00e9m: <a href=\"https:\/\/www.correiobraziliense.com.br\/cbradar\/quem-ja-passou-dos-60-ano-precisa-evitar-esses-2-alimentos-prejudiciais\/\" target=\"_blank\" rel=\"noreferrer noopener\">Quem j\u00e1 passou dos 60 anos precisa evitar esses 2 alimentos prejudiciais.<\/a><\/strong><\/p>\n\n\n\n<h2 class=\"wp-block-heading\">Como o clima de fevereiro favorece a viagem ao Nordeste?<\/h2>\n\n\n\n<p><strong>O tempo na regi\u00e3o durante este per\u00edodo \u00e9 marcado pela transi\u00e7\u00e3o para o ver\u00e3o seco, com temperaturas que raramente caem abaixo dos 25\u202f\u00b0C.<\/strong> A incid\u00eancia solar \u00e9 m\u00e1xima, o que exige prote\u00e7\u00e3o constante, mas garante que os passeios de barco e trilhas n\u00e3o sejam interrompidos por chuvas.<\/p>\n\n\n\n<p>A visibilidade da \u00e1gua atinge seu \u00e1pice neste m\u00eas, favorecendo o snorkeling e a fotografia subaqu\u00e1tica em todo o litoral. A tabela a seguir compara as condi\u00e7\u00f5es t\u00e9rmicas e o que esperar de cada um destes destinos de elite.<\/p>\n\n\n\n<figure class=\"wp-block-table\"><table class=\"has-fixed-layout\"><tbody><tr><th>Cidade<\/th><th>Temperatura m\u00e9dia<\/th><th>Clima<\/th><th>Atividade recomendada<\/th><\/tr><tr><td>Salvador<\/td><td>28\u00b0C<\/td><td>Ensolarado<\/td><td>Roteiros hist\u00f3ricos e festas populares<\/td><\/tr><tr><td>Porto de Galinhas<\/td><td>29\u00b0C<\/td><td>Quente e seco<\/td><td>Mergulho nas piscinas naturais e passeios de buggy<\/td><\/tr><tr><td>Jo\u00e3o Pessoa<\/td><td>27\u00b0C<\/td><td>Suave com brisa<\/td><td>Contempla\u00e7\u00e3o do p\u00f4r do sol no Jacar\u00e9<\/td><\/tr><\/tbody><\/table><\/figure>\n\n\n\n<p><em>Segundo dados aproximados do portal <strong><a href=\"https:\/\/www.climatempo.com.br\/previsao-do-tempo\/cidade\/56\/salvador-ba\" target=\"_blank\" rel=\"noreferrer noopener\">Climatempo<\/a><\/strong>.<\/em><\/p>\n\n\n\n<h2 class=\"wp-block-heading\">Motivos para visitar o Nordeste em fevereiro<\/h2>\n\n\n\n<p>A localidade oferece a melhor combina\u00e7\u00e3o de calor, \u00e1guas mornas e servi\u00e7os tur\u00edsticos operando em capacidade total. O vigor cultural e a beleza natural preservada fazem desta regi\u00e3o o porto seguro para quem busca o aut\u00eantico ver\u00e3o brasileiro em 2026.<\/p>\n\n\n\n<ul class=\"wp-block-list\">\n<li><strong>Condi\u00e7\u00f5es de Navega\u00e7\u00e3o<\/strong>: mar calmo e ventos favor\u00e1veis para todos os tipos de embarca\u00e7\u00f5es e passeios litor\u00e2neos.<\/li>\n\n\n\n<li><strong>Gastronomia Sazonal<\/strong>: \u00e9poca de abund\u00e2ncia de frutos do mar frescos e frutas tropicais t\u00edpicas do auge do ver\u00e3o.<\/li>\n\n\n\n<li><strong>Infraestrutura Pronta<\/strong>: cidades preparadas para o fluxo internacional, oferecendo seguran\u00e7a e atendimento multil\u00edngue.<\/li>\n<\/ul>\n\n\n\n<p>Voc\u00ea precisa conhecer estes para\u00edsos iluminados e sentir a energia \u00fanica que s\u00f3 o <strong>Nordeste<\/strong> pode oferecer nesta \u00e9poca do ano.<\/p>\n","protected":false},"excerpt":{"rendered":"<p>Fevereiro \u00e9 o m\u00eas que define a alma da regi\u00e3o e oferece op\u00e7\u00f5es que v\u00e3o do agito cultural absoluto \u00e0 tranquilidade de praias desertas. As cidades selecionadas combinam infraestrutura de ponta, clima favor\u00e1vel e experi\u00eancias aut\u00eanticas para o viajante exigente em 2026. Por que Salvador \u00e9 a escolha principal para quem busca cultura? A capital [&hellip;]<\/p>\n","protected":false},"author":8,"featured_media":167123,"comment_status":"open","ping_status":"open","sticky":false,"template":"","format":"standard","meta":{"_yoast_wpseo_focuskw":"cidades do nordeste","_yoast_wpseo_title":"","_yoast_wpseo_metadesc":"Essas s\u00e3o as 3 melhores cidades do Nordeste para visitar em fevereiro, com praias quase desertas, clima ideal e tranquilidade para descansar.","jnews-multi-image_gallery":[],"jnews_single_post":{"format":"standard"},"jnews_primary_category":[],"jnews_social_meta":[],"jnews_override_counter":[],"footnotes":""},"categories":[108,111],"tags":[109,632,861],"class_list":["post-185210","post","type-post","status-publish","format-standard","has-post-thumbnail","hentry","category-cidades","category-turismo","tag-cidades","tag-nordeste","tag-praias"],"yoast_head":"<!-- This site is optimized with the Yoast SEO plugin v24.6 - https:\/\/yoast.com\/wordpress\/plugins\/seo\/ -->\n<title>As 3 melhores cidades do Nordeste para visitar em fevereiro, com clima agrad\u00e1vel, praias mais vazias, menos turistas e experi\u00eancias tranquilas para aproveitar ao m\u00e1ximo - Correio Braziliense - Radar<\/title>\n<meta name=\"description\" content=\"Essas s\u00e3o as 3 melhores cidades do Nordeste para visitar em fevereiro, com praias quase desertas, clima ideal e tranquilidade para descansar.\" \/>\n<meta name=\"robots\" content=\"index, follow, max-snippet:-1, max-image-preview:large, max-video-preview:-1\" \/>\n<link rel=\"canonical\" href=\"https:\/\/www.correiobraziliense.com.br\/cbradar\/as-3-melhores-cidades-do-nordeste-para-visitar-em-fevereiro-com-clima-agradavel-praias-mais-vazias-menos-turistas-e-experiencias-tranquilas-para-aproveitar-ao-maximo\/\" \/>\n<meta property=\"og:locale\" content=\"pt_BR\" \/>\n<meta property=\"og:type\" content=\"article\" \/>\n<meta property=\"og:title\" content=\"As 3 melhores cidades do Nordeste para visitar em fevereiro, com clima agrad\u00e1vel, praias mais vazias, menos turistas e experi\u00eancias tranquilas para aproveitar ao m\u00e1ximo - Correio Braziliense - Radar\" \/>\n<meta property=\"og:description\" content=\"Essas s\u00e3o as 3 melhores cidades do Nordeste para visitar em fevereiro, com praias quase desertas, clima ideal e tranquilidade para descansar.\" \/>\n<meta property=\"og:url\" content=\"https:\/\/www.correiobraziliense.com.br\/cbradar\/as-3-melhores-cidades-do-nordeste-para-visitar-em-fevereiro-com-clima-agradavel-praias-mais-vazias-menos-turistas-e-experiencias-tranquilas-para-aproveitar-ao-maximo\/\" \/>\n<meta property=\"og:site_name\" content=\"Correio Braziliense - Radar\" \/>\n<meta property=\"article:published_time\" content=\"2026-02-01T17:05:00+00:00\" \/>\n<meta property=\"og:image\" content=\"https:\/\/www.correiobraziliense.com.br\/cbradar\/wp-content\/uploads\/2026\/01\/A-Suica-do-Brasil-chama-atencao-pelo-clima-frio-no-Nordeste-5.png\" \/>\n\t<meta property=\"og:image:width\" content=\"1280\" \/>\n\t<meta property=\"og:image:height\" content=\"720\" \/>\n\t<meta property=\"og:image:type\" content=\"image\/png\" \/>\n<meta name=\"author\" content=\"Maura Pereira\" \/>\n<meta name=\"twitter:card\" content=\"summary_large_image\" \/>\n<meta name=\"twitter:label1\" content=\"Escrito por\" \/>\n\t<meta name=\"twitter:data1\" content=\"Maura Pereira\" \/>\n\t<meta name=\"twitter:label2\" content=\"Est. tempo de leitura\" \/>\n\t<meta name=\"twitter:data2\" content=\"6 minutos\" \/>\n<!-- \/ Yoast SEO plugin. -->","yoast_head_json":{"title":"As 3 melhores cidades do Nordeste para visitar em fevereiro, com clima agrad\u00e1vel, praias mais vazias, menos turistas e experi\u00eancias tranquilas para aproveitar ao m\u00e1ximo - Correio Braziliense - Radar","description":"Essas s\u00e3o as 3 melhores cidades do Nordeste para visitar em fevereiro, com praias quase desertas, clima ideal e tranquilidade para descansar.","robots":{"index":"index","follow":"follow","max-snippet":"max-snippet:-1","max-image-preview":"max-image-preview:large","max-video-preview":"max-video-preview:-1"},"canonical":"https:\/\/www.correiobraziliense.com.br\/cbradar\/as-3-melhores-cidades-do-nordeste-para-visitar-em-fevereiro-com-clima-agradavel-praias-mais-vazias-menos-turistas-e-experiencias-tranquilas-para-aproveitar-ao-maximo\/","og_locale":"pt_BR","og_type":"article","og_title":"As 3 melhores cidades do Nordeste para visitar em fevereiro, com clima agrad\u00e1vel, praias mais vazias, menos turistas e experi\u00eancias tranquilas para aproveitar ao m\u00e1ximo - Correio Braziliense - Radar","og_description":"Essas s\u00e3o as 3 melhores cidades do Nordeste para visitar em fevereiro, com praias quase desertas, clima ideal e tranquilidade para descansar.","og_url":"https:\/\/www.correiobraziliense.com.br\/cbradar\/as-3-melhores-cidades-do-nordeste-para-visitar-em-fevereiro-com-clima-agradavel-praias-mais-vazias-menos-turistas-e-experiencias-tranquilas-para-aproveitar-ao-maximo\/","og_site_name":"Correio Braziliense - Radar","article_published_time":"2026-02-01T17:05:00+00:00","og_image":[{"width":1280,"height":720,"url":"https:\/\/www.correiobraziliense.com.br\/cbradar\/wp-content\/uploads\/2026\/01\/A-Suica-do-Brasil-chama-atencao-pelo-clima-frio-no-Nordeste-5.png","type":"image\/png"}],"author":"Maura Pereira","twitter_card":"summary_large_image","twitter_misc":{"Escrito por":"Maura Pereira","Est. tempo de leitura":"6 minutos"},"schema":{"@context":"https:\/\/schema.org","@graph":[{"@type":"WebPage","@id":"https:\/\/www.correiobraziliense.com.br\/cbradar\/as-3-melhores-cidades-do-nordeste-para-visitar-em-fevereiro-com-clima-agradavel-praias-mais-vazias-menos-turistas-e-experiencias-tranquilas-para-aproveitar-ao-maximo\/","url":"https:\/\/www.correiobraziliense.com.br\/cbradar\/as-3-melhores-cidades-do-nordeste-para-visitar-em-fevereiro-com-clima-agradavel-praias-mais-vazias-menos-turistas-e-experiencias-tranquilas-para-aproveitar-ao-maximo\/","name":"As 3 melhores cidades do Nordeste para visitar em fevereiro, com clima agrad\u00e1vel, praias mais vazias, menos turistas e experi\u00eancias tranquilas para aproveitar ao m\u00e1ximo - Correio Braziliense - Radar","isPartOf":{"@id":"https:\/\/www.correiobraziliense.com.br\/cbradar\/#website"},"primaryImageOfPage":{"@id":"https:\/\/www.correiobraziliense.com.br\/cbradar\/as-3-melhores-cidades-do-nordeste-para-visitar-em-fevereiro-com-clima-agradavel-praias-mais-vazias-menos-turistas-e-experiencias-tranquilas-para-aproveitar-ao-maximo\/#primaryimage"},"image":{"@id":"https:\/\/www.correiobraziliense.com.br\/cbradar\/as-3-melhores-cidades-do-nordeste-para-visitar-em-fevereiro-com-clima-agradavel-praias-mais-vazias-menos-turistas-e-experiencias-tranquilas-para-aproveitar-ao-maximo\/#primaryimage"},"thumbnailUrl":"https:\/\/www.correiobraziliense.com.br\/cbradar\/wp-content\/uploads\/2026\/01\/A-Suica-do-Brasil-chama-atencao-pelo-clima-frio-no-Nordeste-5.png","datePublished":"2026-02-01T17:05:00+00:00","author":{"@id":"https:\/\/www.correiobraziliense.com.br\/cbradar\/#\/schema\/person\/4053c651a9bfc785afc6f4cbc9032fd3"},"description":"Essas s\u00e3o as 3 melhores cidades do Nordeste para visitar em fevereiro, com praias quase desertas, clima ideal e tranquilidade para descansar.","breadcrumb":{"@id":"https:\/\/www.correiobraziliense.com.br\/cbradar\/as-3-melhores-cidades-do-nordeste-para-visitar-em-fevereiro-com-clima-agradavel-praias-mais-vazias-menos-turistas-e-experiencias-tranquilas-para-aproveitar-ao-maximo\/#breadcrumb"},"inLanguage":"pt-BR","potentialAction":[{"@type":"ReadAction","target":["https:\/\/www.correiobraziliense.com.br\/cbradar\/as-3-melhores-cidades-do-nordeste-para-visitar-em-fevereiro-com-clima-agradavel-praias-mais-vazias-menos-turistas-e-experiencias-tranquilas-para-aproveitar-ao-maximo\/"]}]},{"@type":"ImageObject","inLanguage":"pt-BR","@id":"https:\/\/www.correiobraziliense.com.br\/cbradar\/as-3-melhores-cidades-do-nordeste-para-visitar-em-fevereiro-com-clima-agradavel-praias-mais-vazias-menos-turistas-e-experiencias-tranquilas-para-aproveitar-ao-maximo\/#primaryimage","url":"https:\/\/www.correiobraziliense.com.br\/cbradar\/wp-content\/uploads\/2026\/01\/A-Suica-do-Brasil-chama-atencao-pelo-clima-frio-no-Nordeste-5.png","contentUrl":"https:\/\/www.correiobraziliense.com.br\/cbradar\/wp-content\/uploads\/2026\/01\/A-Suica-do-Brasil-chama-atencao-pelo-clima-frio-no-Nordeste-5.png","width":1280,"height":720,"caption":"Porto de Galinhas, no munic\u00edpio de Ipojuca, \u00e9 um dos destinos de praia mais galardoados do Brasil."},{"@type":"BreadcrumbList","@id":"https:\/\/www.correiobraziliense.com.br\/cbradar\/as-3-melhores-cidades-do-nordeste-para-visitar-em-fevereiro-com-clima-agradavel-praias-mais-vazias-menos-turistas-e-experiencias-tranquilas-para-aproveitar-ao-maximo\/#breadcrumb","itemListElement":[{"@type":"ListItem","position":1,"name":"In\u00edcio","item":"https:\/\/www.correiobraziliense.com.br\/cbradar\/"},{"@type":"ListItem","position":2,"name":"As 3 melhores cidades do Nordeste para visitar em fevereiro, com clima agrad\u00e1vel, praias mais vazias, menos turistas e experi\u00eancias tranquilas para aproveitar ao m\u00e1ximo"}]},{"@type":"WebSite","@id":"https:\/\/www.correiobraziliense.com.br\/cbradar\/#website","url":"https:\/\/www.correiobraziliense.com.br\/cbradar\/","name":"Correio Braziliense - Radar","description":"Acompanhe as \u00faltimas not\u00edcias e fique bem informado sobre tudo o que acontece no Brasil e no mundo.","potentialAction":[{"@type":"SearchAction","target":{"@type":"EntryPoint","urlTemplate":"https:\/\/www.correiobraziliense.com.br\/cbradar\/?s={search_term_string}"},"query-input":{"@type":"PropertyValueSpecification","valueRequired":true,"valueName":"search_term_string"}}],"inLanguage":"pt-BR"},{"@type":"Person","@id":"https:\/\/www.correiobraziliense.com.br\/cbradar\/#\/schema\/person\/4053c651a9bfc785afc6f4cbc9032fd3","name":"Maura Pereira","image":{"@type":"ImageObject","inLanguage":"pt-BR","@id":"https:\/\/www.correiobraziliense.com.br\/cbradar\/#\/schema\/person\/image\/","url":"https:\/\/secure.gravatar.com\/avatar\/3effd6bdadfa447f15089c7f7144eaa6?s=96&d=mm&r=g","contentUrl":"https:\/\/secure.gravatar.com\/avatar\/3effd6bdadfa447f15089c7f7144eaa6?s=96&d=mm&r=g","caption":"Maura Pereira"},"sameAs":["https:\/\/www.correiobraziliense.com.br\/"],"url":"https:\/\/www.correiobraziliense.com.br\/cbradar\/author\/mauramyth\/"}]}},"_links":{"self":[{"href":"https:\/\/www.correiobraziliense.com.br\/cbradar\/wp-json\/wp\/v2\/posts\/185210","targetHints":{"allow":["GET"]}}],"collection":[{"href":"https:\/\/www.correiobraziliense.com.br\/cbradar\/wp-json\/wp\/v2\/posts"}],"about":[{"href":"https:\/\/www.correiobraziliense.com.br\/cbradar\/wp-json\/wp\/v2\/types\/post"}],"author":[{"embeddable":true,"href":"https:\/\/www.correiobraziliense.com.br\/cbradar\/wp-json\/wp\/v2\/users\/8"}],"replies":[{"embeddable":true,"href":"https:\/\/www.correiobraziliense.com.br\/cbradar\/wp-json\/wp\/v2\/comments?post=185210"}],"version-history":[{"count":15,"href":"https:\/\/www.correiobraziliense.com.br\/cbradar\/wp-json\/wp\/v2\/posts\/185210\/revisions"}],"predecessor-version":[{"id":185474,"href":"https:\/\/www.correiobraziliense.com.br\/cbradar\/wp-json\/wp\/v2\/posts\/185210\/revisions\/185474"}],"wp:featuredmedia":[{"embeddable":true,"href":"https:\/\/www.correiobraziliense.com.br\/cbradar\/wp-json\/wp\/v2\/media\/167123"}],"wp:attachment":[{"href":"https:\/\/www.correiobraziliense.com.br\/cbradar\/wp-json\/wp\/v2\/media?parent=185210"}],"wp:term":[{"taxonomy":"category","embeddable":true,"href":"https:\/\/www.correiobraziliense.com.br\/cbradar\/wp-json\/wp\/v2\/categories?post=185210"},{"taxonomy":"post_tag","embeddable":true,"href":"https:\/\/www.correiobraziliense.com.br\/cbradar\/wp-json\/wp\/v2\/tags?post=185210"}],"curies":[{"name":"wp","href":"https:\/\/api.w.org\/{rel}","templated":true}]}}