{"id":185475,"date":"2026-02-01T15:25:00","date_gmt":"2026-02-01T18:25:00","guid":{"rendered":"https:\/\/www.correiobraziliense.com.br\/cbradar\/?p=185475"},"modified":"2026-02-01T02:30:22","modified_gmt":"2026-02-01T05:30:22","slug":"a-cidade-historica-em-minas-gerais-conhecida-por-transportar-seus-visitantes-ao-passado-com-sua-beleza-colonial","status":"publish","type":"post","link":"https:\/\/www.correiobraziliense.com.br\/cbradar\/a-cidade-historica-em-minas-gerais-conhecida-por-transportar-seus-visitantes-ao-passado-com-sua-beleza-colonial\/","title":{"rendered":"A cidade hist\u00f3rica em Minas Gerais conhecida por transportar seus visitantes ao passado com sua beleza colonial"},"content":{"rendered":"\n<p>O <strong>Ber\u00e7o da Liberdade<\/strong> destaca-se como um dos conjuntos arquitet\u00f4nicos mais preservados do <strong>Brasil<\/strong> e est\u00e1 situada a 190 km da capital <strong>Belo Horizonte<\/strong>. <strong>Tiradentes<\/strong> combina o charme das ruas de pedra com um calend\u00e1rio cultural que atrai visitantes de todo o mundo em 2026.<\/p>\n\n\n\n<h2 class=\"wp-block-heading\">Por que o munic\u00edpio \u00e9 o cen\u00e1rio mais aut\u00eantico do Barroco Mineiro<\/h2>\n\n\n\n<p>O desenvolvimento da cidade ocorreu durante o ciclo do ouro, mas o seu relativo isolamento econ\u00f4mico no s\u00e9culo dezenove garantiu a preserva\u00e7\u00e3o de suas fachadas originais. Diferente de outras cidades hist\u00f3ricas, o local manteve uma escala humana e buc\u00f3lica, onde o casario colonial emoldura a <strong>Serra de S\u00e3o Jos\u00e9<\/strong>.<\/p>\n\n\n\n<p>Atualmente, o centro hist\u00f3rico \u00e9 protegido pelo <strong>Instituto do Patrim\u00f4nio Hist\u00f3rico e Art\u00edstico Nacional<\/strong> (<strong><a href=\"http:\/\/portal.iphan.gov.br\/pagina\/detalhes\/377\/\" target=\"_blank\" rel=\"noreferrer noopener\">IPHAN<\/a><\/strong>), impedindo descaracteriza\u00e7\u00f5es urbanas. Esse rigor preservacionista transformou a localidade em um museu vivo, onde cada igreja e chafariz narra um cap\u00edtulo fundamental da <strong>Inconfid\u00eancia Mineira<\/strong>.<\/p>\n\n\n<div class=\"wp-block-image\">\n<figure class=\"aligncenter size-large\"><img decoding=\"async\" width=\"1024\" height=\"576\" src=\"https:\/\/www.correiobraziliense.com.br\/cbradar\/wp-content\/uploads\/2025\/07\/Edicoes-2025-07-29T205302.440-1-1024x576.png\" alt=\"A cidade hist\u00f3rica em Minas Gerais conhecida por transportar seus visitantes ao passado com sua beleza colonial\" class=\"wp-image-77676\" srcset=\"https:\/\/www.correiobraziliense.com.br\/cbradar\/wp-content\/uploads\/2025\/07\/Edicoes-2025-07-29T205302.440-1-1024x576.png 1024w, https:\/\/www.correiobraziliense.com.br\/cbradar\/wp-content\/uploads\/2025\/07\/Edicoes-2025-07-29T205302.440-1-300x169.png 300w, https:\/\/www.correiobraziliense.com.br\/cbradar\/wp-content\/uploads\/2025\/07\/Edicoes-2025-07-29T205302.440-1-768x432.png 768w, https:\/\/www.correiobraziliense.com.br\/cbradar\/wp-content\/uploads\/2025\/07\/Edicoes-2025-07-29T205302.440-1-750x422.png 750w, https:\/\/www.correiobraziliense.com.br\/cbradar\/wp-content\/uploads\/2025\/07\/Edicoes-2025-07-29T205302.440-1-1140x641.png 1140w, https:\/\/www.correiobraziliense.com.br\/cbradar\/wp-content\/uploads\/2025\/07\/Edicoes-2025-07-29T205302.440-1.png 1280w\" sizes=\"(max-width: 1024px) 100vw, 1024px\" \/><figcaption class=\"wp-element-caption\">Tiradentes combina patrim\u00f4nio hist\u00f3rico com atrativos culturais, atraindo visitantes e investindo em turismo sustent\u00e1vel. \/\/ Cr\u00e9ditos: YouTube @Miapelomundo<\/figcaption><\/figure><\/div>\n\n\n<h2 class=\"wp-block-heading\">Como \u00e9 o estilo de vida aos p\u00e9s da Serra de S\u00e3o Jos\u00e9?<\/h2>\n\n\n\n<p>Viver em <strong>Tiradentes<\/strong> oferece a experi\u00eancia de um ritmo desacelerado, onde o som das charretes e dos sinos das igrejas ainda dita o compasso do dia. O cotidiano dos <strong>tiradentinos<\/strong> \u00e9 marcado pela hospitalidade mineira e por uma rotina integrada \u00e0 natureza exuberante que cerca o per\u00edmetro urbano.<\/p>\n\n\n\n<p>A vida social \u00e9 vibrante, impulsionada por festivais de cinema e gastronomia que elevam o padr\u00e3o de servi\u00e7os e com\u00e9rcio local. A cidade oferece seguran\u00e7a e tranquilidade, sendo um destino desejado por artistas, intelectuais e profissionais que buscam qualidade de vida longe das metr\u00f3poles agitadas.<\/p>\n\n\n\n<p><strong>Descubra o charme e o sossego de uma das cidades hist\u00f3ricas mais preservadas de Minas Gerais. <\/strong>O v\u00eddeo \u00e9 do canal <strong>Por onde andei<\/strong>, com <strong>Fernanda G\u00f6tz<\/strong>, que conta com mais de <strong>100 mil inscritos<\/strong>, e oferece um roteiro completo por Tiradentes, destacando as igrejas barrocas, dicas de compras de artesanato e doces t\u00edpicos, al\u00e9m de sugest\u00f5es de hospedagem e gastronomia:<\/p>\n\n\n\n<figure class=\"wp-block-embed aligncenter is-type-video is-provider-youtube wp-block-embed-youtube wp-embed-aspect-16-9 wp-has-aspect-ratio\"><div class=\"wp-block-embed__wrapper\">\n<div class=\"jeg_video_container jeg_video_content\"><iframe loading=\"lazy\" title=\"ROTEIRO DE 2 DIAS EM TIRADENTES MG -  Dicas de compras, passeios, centro hist\u00f3rico e hospedagem\" width=\"500\" height=\"281\" src=\"https:\/\/www.youtube.com\/embed\/h-Dyn4wGahM?feature=oembed\" frameborder=\"0\" allow=\"accelerometer; autoplay; clipboard-write; encrypted-media; gyroscope; picture-in-picture; web-share\" referrerpolicy=\"strict-origin-when-cross-origin\" allowfullscreen><\/iframe><\/div>\n<\/div><\/figure>\n\n\n\n<h2 class=\"wp-block-heading\">Qual o n\u00famero de habitantes e o \u00edndice de desenvolvimento humano?<\/h2>\n\n\n\n<p>O munic\u00edpio conta com oito mil habitantes e apresenta uma economia focada integralmente no turismo qualificado e na produ\u00e7\u00e3o artesanal. Segundo dados do <strong>Instituto Brasileiro de Geografia e Estat\u00edstica<\/strong> (<strong><a href=\"https:\/\/cidades.ibge.gov.br\/brasil\/mg\/tiradentes\/panorama\" target=\"_blank\" rel=\"noreferrer noopener\">IBGE<\/a><\/strong>), o local aponta um <strong>IDH<\/strong> de 0,721.<\/p>\n\n\n\n<p>Devido ao \u00edndice ser focado em turismo e atrativos hist\u00f3ricos, a gest\u00e3o municipal prioriza a conserva\u00e7\u00e3o do patrim\u00f4nio como motor de bem-estar. O investimento em infraestrutura tur\u00edstica reflete diretamente na manuten\u00e7\u00e3o dos servi\u00e7os de sa\u00fade e educa\u00e7\u00e3o, que atendem com efici\u00eancia a comunidade local.<\/p>\n\n\n<div class=\"wp-block-image\">\n<figure class=\"aligncenter size-large\"><img decoding=\"async\" width=\"1024\" height=\"576\" src=\"https:\/\/www.correiobraziliense.com.br\/cbradar\/wp-content\/uploads\/2025\/04\/Edicoes-51-1024x576.png\" alt=\"A cidade hist\u00f3rica conhecida por transportar seus visitantes ao passado com sua beleza colonial\" class=\"wp-image-23970\" srcset=\"https:\/\/www.correiobraziliense.com.br\/cbradar\/wp-content\/uploads\/2025\/04\/Edicoes-51-1024x576.png 1024w, https:\/\/www.correiobraziliense.com.br\/cbradar\/wp-content\/uploads\/2025\/04\/Edicoes-51-300x169.png 300w, https:\/\/www.correiobraziliense.com.br\/cbradar\/wp-content\/uploads\/2025\/04\/Edicoes-51-768x432.png 768w, https:\/\/www.correiobraziliense.com.br\/cbradar\/wp-content\/uploads\/2025\/04\/Edicoes-51-750x422.png 750w, https:\/\/www.correiobraziliense.com.br\/cbradar\/wp-content\/uploads\/2025\/04\/Edicoes-51-1140x641.png 1140w, https:\/\/www.correiobraziliense.com.br\/cbradar\/wp-content\/uploads\/2025\/04\/Edicoes-51.png 1280w\" sizes=\"(max-width: 1024px) 100vw, 1024px\" \/><figcaption class=\"wp-element-caption\">Pequena cidade com foco em turismo de alto impacto, infraestrutura hoteleira em desenvolvimento e conserva\u00e7\u00e3o de seu conjunto arquitet\u00f4nico. \/\/ Reprodu\u00e7\u00e3o: Wikimedia Commons<\/figcaption><\/figure><\/div>\n\n\n<h2 class=\"wp-block-heading\">Quais s\u00e3o os principais destinos hist\u00f3ricos e gastron\u00f4micos?<\/h2>\n\n\n\n<p>O turismo na localidade \u00e9 definido pela riqueza das igrejas decoradas em ouro e por um roteiro culin\u00e1rio que figura entre os melhores do pa\u00eds. Visitantes encontram desde ateliers de arte sacra at\u00e9 restaurantes premiados que reinventam os sabores tradicionais do <strong>Mato Dentro<\/strong>.<\/p>\n\n\n\n<p>As op\u00e7\u00f5es de lazer integram o patrim\u00f4nio constru\u00eddo com trilhas ecol\u00f3gicas que revelam vistas panor\u00e2micas da regi\u00e3o mineira. Os pontos destacados abaixo s\u00e3o paradas obrigat\u00f3rias para quem deseja vivenciar a ess\u00eancia desta joia colonial em <strong>Minas Gerais<\/strong>.<\/p>\n\n\n\n<ul class=\"wp-block-list\">\n<li><strong>Igreja Matriz de Santo Ant\u00f4nio<\/strong>: obra de <strong>Aleijadinho<\/strong> com interior revestido por centenas de quilos de ouro e talhas barrocas.<\/li>\n\n\n\n<li><strong>Chafariz de S\u00e3o Jos\u00e9<\/strong>: imponente constru\u00e7\u00e3o de 1749 que ainda fornece \u00e1gua pot\u00e1vel vinda das nascentes da serra.<\/li>\n\n\n\n<li><strong>Museu de Sant&#8217;Ana<\/strong>: instalado na antiga cadeia p\u00fablica, abriga uma cole\u00e7\u00e3o rara de imagens sacras de artistas populares.<\/li>\n\n\n\n<li><strong>Maria Fuma\u00e7a<\/strong>: passeio de trem a vapor que liga a cidade a <strong>S\u00e3o Jo\u00e3o del-Rei<\/strong> margeando o <strong>Rio das Mortes<\/strong>.<\/li>\n\n\n\n<li><strong>Largo das Forras<\/strong>: cora\u00e7\u00e3o da vida social, cercado por lojas de artesanato e alguns dos melhores restaurantes mineiros.<\/li>\n<\/ul>\n\n\n<div class=\"wp-block-image\">\n<figure class=\"aligncenter size-large\"><img decoding=\"async\" width=\"1024\" height=\"576\" src=\"https:\/\/www.correiobraziliense.com.br\/cbradar\/wp-content\/uploads\/2025\/07\/Edicoes-2025-07-29T205342.868-1024x576.png\" alt=\"A cidade hist\u00f3rica conhecida por transportar seus visitantes ao passado com sua beleza colonial\" class=\"wp-image-77673\" srcset=\"https:\/\/www.correiobraziliense.com.br\/cbradar\/wp-content\/uploads\/2025\/07\/Edicoes-2025-07-29T205342.868-1024x576.png 1024w, https:\/\/www.correiobraziliense.com.br\/cbradar\/wp-content\/uploads\/2025\/07\/Edicoes-2025-07-29T205342.868-300x169.png 300w, https:\/\/www.correiobraziliense.com.br\/cbradar\/wp-content\/uploads\/2025\/07\/Edicoes-2025-07-29T205342.868-768x432.png 768w, https:\/\/www.correiobraziliense.com.br\/cbradar\/wp-content\/uploads\/2025\/07\/Edicoes-2025-07-29T205342.868-750x422.png 750w, https:\/\/www.correiobraziliense.com.br\/cbradar\/wp-content\/uploads\/2025\/07\/Edicoes-2025-07-29T205342.868-1140x641.png 1140w, https:\/\/www.correiobraziliense.com.br\/cbradar\/wp-content\/uploads\/2025\/07\/Edicoes-2025-07-29T205342.868.png 1280w\" sizes=\"(max-width: 1024px) 100vw, 1024px\" \/><figcaption class=\"wp-element-caption\">Tiradentes tem centro hist\u00f3rico tombado, Festival de Gastronomia anual e \u00e9 set de novelas como Hilda Furac\u00e3o. \/\/ Cr\u00e9ditos: YouTube @Miapelomundo<\/figcaption><\/figure><\/div>\n\n\n<p><strong>Leia tamb\u00e9m: <a href=\"https:\/\/www.correiobraziliense.com.br\/cbradar\/a-melhor-maneira-de-decorar-a-parede-do-apartamento-alugado-sem-furar-a-parede\/\" target=\"_blank\" rel=\"noreferrer noopener\">A melhor maneira de decorar a parede do apartamento alugado sem furar a parede.<\/a><\/strong><\/p>\n\n\n\n<h2 class=\"wp-block-heading\">Como o relevo da serra influencia o clima local?<\/h2>\n\n\n\n<p><strong>O tempo na regi\u00e3o \u00e9 caracterizado pelo clima tropical de altitude, apresentando invernos secos e frios que convidam ao consumo de caf\u00e9s.<\/strong> A altitude de 927 metros garante noites frescas mesmo no ver\u00e3o, proporcionando um conforto t\u00e9rmico ideal para as caminhadas pelas ladeiras.<\/p>\n\n\n\n<p>As manh\u00e3s de outono costumam ser cobertas por uma neblina que confere um ar po\u00e9tico ao casario colonial da cidade. A tabela a seguir organiza as m\u00e9dias sazonais para facilitar o planejamento de quem pretende visitar ou residir no munic\u00edpio.<\/p>\n\n\n\n<figure class=\"wp-block-table\"><table class=\"has-fixed-layout\"><tbody><tr><th>Per\u00edodo (meses)<\/th><th>Temperatura m\u00e9dia<\/th><th>Clima<\/th><th>Atividades recomendadas<\/th><\/tr><tr><td>Dezembro a Mar\u00e7o<\/td><td>23\u00b0C<\/td><td>Quente e \u00famido<\/td><td>Almo\u00e7os demorados e visitas a museus<\/td><\/tr><tr><td>Abril a Junho<\/td><td>19\u00b0C<\/td><td>Ameno e seco<\/td><td>Caminhadas hist\u00f3ricas e trilhas na serra<\/td><\/tr><tr><td>Julho a Agosto<\/td><td>16\u00b0C<\/td><td>Frio<\/td><td>Festivais de gastronomia e vinhos locais<\/td><\/tr><tr><td>Setembro a Novembro<\/td><td>21\u00b0C<\/td><td>Inst\u00e1vel<\/td><td>Fotografia de arquitetura e eventos culturais<\/td><\/tr><\/tbody><\/table><\/figure>\n\n\n\n<p><em>Segundo dados aproximados do portal <strong><a href=\"https:\/\/www.climatempo.com.br\/previsao-do-tempo\/cidade\/197\/tiradentes-mg\" target=\"_blank\" rel=\"noreferrer noopener\">Climatempo<\/a><\/strong>.<\/em><\/p>\n\n\n\n<h2 class=\"wp-block-heading\">Motivos para escolher morar ou visitar Tiradentes<\/h2>\n\n\n\n<p>A localidade oferece a oportunidade rara de viver em um cen\u00e1rio de cinema com o conforto da modernidade nos servi\u00e7os de hospitalidade. O potencial de valoriza\u00e7\u00e3o cultural e o ambiente seguro fazem do destino uma escolha estrat\u00e9gica para quem valoriza a hist\u00f3ria e a arte.<\/p>\n\n\n\n<ul class=\"wp-block-list\">\n<li><strong>Patrim\u00f4nio Preservado<\/strong>: viver em uma cidade que respeita seu passado, garantindo uma est\u00e9tica urbana harmoniosa e sem polui\u00e7\u00e3o.<\/li>\n\n\n\n<li><strong>Polo Gastron\u00f4mico<\/strong>: acesso di\u00e1rio a ingredientes frescos e a uma culin\u00e1ria que \u00e9 refer\u00eancia internacional em criatividade.<\/li>\n\n\n\n<li><strong>Conex\u00e3o Cultural<\/strong>: proximidade com centros universit\u00e1rios e um calend\u00e1rio intenso de eventos eruditos durante todo o ano.<\/li>\n<\/ul>\n\n\n\n<p>Venha visitar esta p\u00e9rola barroca e sinta o tempo parar entre os muros de pedra de <strong>Tiradentes<\/strong>.<\/p>\n","protected":false},"excerpt":{"rendered":"<p>O Ber\u00e7o da Liberdade destaca-se como um dos conjuntos arquitet\u00f4nicos mais preservados do Brasil e est\u00e1 situada a 190 km da capital Belo Horizonte. Tiradentes combina o charme das ruas de pedra com um calend\u00e1rio cultural que atrai visitantes de todo o mundo em 2026. Por que o munic\u00edpio \u00e9 o cen\u00e1rio mais aut\u00eantico do [&hellip;]<\/p>\n","protected":false},"author":8,"featured_media":23971,"comment_status":"open","ping_status":"open","sticky":false,"template":"","format":"standard","meta":{"_yoast_wpseo_focuskw":"cidade hist\u00f3rica","_yoast_wpseo_title":"","_yoast_wpseo_metadesc":"Essa \u00e9 a cidade hist\u00f3rica de Minas Gerais famosa por sua beleza colonial, ruas de pedra e arquitetura que fazem o visitante viajar no tempo.","jnews-multi-image_gallery":[],"jnews_single_post":{"format":"standard"},"jnews_primary_category":[],"jnews_social_meta":[],"jnews_override_counter":[],"footnotes":""},"categories":[108,111],"tags":[8218,388],"class_list":["post-185475","post","type-post","status-publish","format-standard","has-post-thumbnail","hentry","category-cidades","category-turismo","tag-cidade-historica","tag-minas-gerais"],"yoast_head":"<!-- This site is optimized with the Yoast SEO plugin v24.6 - https:\/\/yoast.com\/wordpress\/plugins\/seo\/ -->\n<title>A cidade hist\u00f3rica em Minas Gerais conhecida por transportar seus visitantes ao passado com sua beleza colonial - Correio Braziliense - Radar<\/title>\n<meta name=\"description\" content=\"Essa \u00e9 a cidade hist\u00f3rica de Minas Gerais famosa por sua beleza colonial, ruas de pedra e arquitetura que fazem o visitante viajar no tempo.\" \/>\n<meta name=\"robots\" content=\"index, follow, max-snippet:-1, max-image-preview:large, max-video-preview:-1\" \/>\n<link rel=\"canonical\" href=\"https:\/\/www.correiobraziliense.com.br\/cbradar\/a-cidade-historica-em-minas-gerais-conhecida-por-transportar-seus-visitantes-ao-passado-com-sua-beleza-colonial\/\" \/>\n<meta property=\"og:locale\" content=\"pt_BR\" \/>\n<meta property=\"og:type\" content=\"article\" \/>\n<meta property=\"og:title\" content=\"A cidade hist\u00f3rica em Minas Gerais conhecida por transportar seus visitantes ao passado com sua beleza colonial - Correio Braziliense - Radar\" \/>\n<meta property=\"og:description\" content=\"Essa \u00e9 a cidade hist\u00f3rica de Minas Gerais famosa por sua beleza colonial, ruas de pedra e arquitetura que fazem o visitante viajar no tempo.\" \/>\n<meta property=\"og:url\" content=\"https:\/\/www.correiobraziliense.com.br\/cbradar\/a-cidade-historica-em-minas-gerais-conhecida-por-transportar-seus-visitantes-ao-passado-com-sua-beleza-colonial\/\" \/>\n<meta property=\"og:site_name\" content=\"Correio Braziliense - Radar\" \/>\n<meta property=\"article:published_time\" content=\"2026-02-01T18:25:00+00:00\" \/>\n<meta property=\"og:image\" content=\"https:\/\/www.correiobraziliense.com.br\/cbradar\/wp-content\/uploads\/2025\/04\/Edicoes-50.png\" \/>\n\t<meta property=\"og:image:width\" content=\"1280\" \/>\n\t<meta property=\"og:image:height\" content=\"720\" \/>\n\t<meta property=\"og:image:type\" content=\"image\/png\" \/>\n<meta name=\"author\" content=\"Maura Pereira\" \/>\n<meta name=\"twitter:card\" content=\"summary_large_image\" \/>\n<meta name=\"twitter:label1\" content=\"Escrito por\" \/>\n\t<meta name=\"twitter:data1\" content=\"Maura Pereira\" \/>\n\t<meta name=\"twitter:label2\" content=\"Est. tempo de leitura\" \/>\n\t<meta name=\"twitter:data2\" content=\"6 minutos\" \/>\n<!-- \/ Yoast SEO plugin. -->","yoast_head_json":{"title":"A cidade hist\u00f3rica em Minas Gerais conhecida por transportar seus visitantes ao passado com sua beleza colonial - Correio Braziliense - Radar","description":"Essa \u00e9 a cidade hist\u00f3rica de Minas Gerais famosa por sua beleza colonial, ruas de pedra e arquitetura que fazem o visitante viajar no tempo.","robots":{"index":"index","follow":"follow","max-snippet":"max-snippet:-1","max-image-preview":"max-image-preview:large","max-video-preview":"max-video-preview:-1"},"canonical":"https:\/\/www.correiobraziliense.com.br\/cbradar\/a-cidade-historica-em-minas-gerais-conhecida-por-transportar-seus-visitantes-ao-passado-com-sua-beleza-colonial\/","og_locale":"pt_BR","og_type":"article","og_title":"A cidade hist\u00f3rica em Minas Gerais conhecida por transportar seus visitantes ao passado com sua beleza colonial - Correio Braziliense - Radar","og_description":"Essa \u00e9 a cidade hist\u00f3rica de Minas Gerais famosa por sua beleza colonial, ruas de pedra e arquitetura que fazem o visitante viajar no tempo.","og_url":"https:\/\/www.correiobraziliense.com.br\/cbradar\/a-cidade-historica-em-minas-gerais-conhecida-por-transportar-seus-visitantes-ao-passado-com-sua-beleza-colonial\/","og_site_name":"Correio Braziliense - Radar","article_published_time":"2026-02-01T18:25:00+00:00","og_image":[{"width":1280,"height":720,"url":"https:\/\/www.correiobraziliense.com.br\/cbradar\/wp-content\/uploads\/2025\/04\/Edicoes-50.png","type":"image\/png"}],"author":"Maura Pereira","twitter_card":"summary_large_image","twitter_misc":{"Escrito por":"Maura Pereira","Est. tempo de leitura":"6 minutos"},"schema":{"@context":"https:\/\/schema.org","@graph":[{"@type":"WebPage","@id":"https:\/\/www.correiobraziliense.com.br\/cbradar\/a-cidade-historica-em-minas-gerais-conhecida-por-transportar-seus-visitantes-ao-passado-com-sua-beleza-colonial\/","url":"https:\/\/www.correiobraziliense.com.br\/cbradar\/a-cidade-historica-em-minas-gerais-conhecida-por-transportar-seus-visitantes-ao-passado-com-sua-beleza-colonial\/","name":"A cidade hist\u00f3rica em Minas Gerais conhecida por transportar seus visitantes ao passado com sua beleza colonial - Correio Braziliense - Radar","isPartOf":{"@id":"https:\/\/www.correiobraziliense.com.br\/cbradar\/#website"},"primaryImageOfPage":{"@id":"https:\/\/www.correiobraziliense.com.br\/cbradar\/a-cidade-historica-em-minas-gerais-conhecida-por-transportar-seus-visitantes-ao-passado-com-sua-beleza-colonial\/#primaryimage"},"image":{"@id":"https:\/\/www.correiobraziliense.com.br\/cbradar\/a-cidade-historica-em-minas-gerais-conhecida-por-transportar-seus-visitantes-ao-passado-com-sua-beleza-colonial\/#primaryimage"},"thumbnailUrl":"https:\/\/www.correiobraziliense.com.br\/cbradar\/wp-content\/uploads\/2025\/04\/Edicoes-50.png","datePublished":"2026-02-01T18:25:00+00:00","author":{"@id":"https:\/\/www.correiobraziliense.com.br\/cbradar\/#\/schema\/person\/4053c651a9bfc785afc6f4cbc9032fd3"},"description":"Essa \u00e9 a cidade hist\u00f3rica de Minas Gerais famosa por sua beleza colonial, ruas de pedra e arquitetura que fazem o visitante viajar no tempo.","breadcrumb":{"@id":"https:\/\/www.correiobraziliense.com.br\/cbradar\/a-cidade-historica-em-minas-gerais-conhecida-por-transportar-seus-visitantes-ao-passado-com-sua-beleza-colonial\/#breadcrumb"},"inLanguage":"pt-BR","potentialAction":[{"@type":"ReadAction","target":["https:\/\/www.correiobraziliense.com.br\/cbradar\/a-cidade-historica-em-minas-gerais-conhecida-por-transportar-seus-visitantes-ao-passado-com-sua-beleza-colonial\/"]}]},{"@type":"ImageObject","inLanguage":"pt-BR","@id":"https:\/\/www.correiobraziliense.com.br\/cbradar\/a-cidade-historica-em-minas-gerais-conhecida-por-transportar-seus-visitantes-ao-passado-com-sua-beleza-colonial\/#primaryimage","url":"https:\/\/www.correiobraziliense.com.br\/cbradar\/wp-content\/uploads\/2025\/04\/Edicoes-50.png","contentUrl":"https:\/\/www.correiobraziliense.com.br\/cbradar\/wp-content\/uploads\/2025\/04\/Edicoes-50.png","width":1280,"height":720,"caption":"Viva a hist\u00f3ria viva de Tiradentes, onde cada rua conta uma obra de arte e tradi\u00e7\u00e3o mineira. \/\/ Reprodu\u00e7\u00e3o: Wikimedia Commons"},{"@type":"BreadcrumbList","@id":"https:\/\/www.correiobraziliense.com.br\/cbradar\/a-cidade-historica-em-minas-gerais-conhecida-por-transportar-seus-visitantes-ao-passado-com-sua-beleza-colonial\/#breadcrumb","itemListElement":[{"@type":"ListItem","position":1,"name":"In\u00edcio","item":"https:\/\/www.correiobraziliense.com.br\/cbradar\/"},{"@type":"ListItem","position":2,"name":"A cidade hist\u00f3rica em Minas Gerais conhecida por transportar seus visitantes ao passado com sua beleza colonial"}]},{"@type":"WebSite","@id":"https:\/\/www.correiobraziliense.com.br\/cbradar\/#website","url":"https:\/\/www.correiobraziliense.com.br\/cbradar\/","name":"Correio Braziliense - Radar","description":"Acompanhe as \u00faltimas not\u00edcias e fique bem informado sobre tudo o que acontece no Brasil e no mundo.","potentialAction":[{"@type":"SearchAction","target":{"@type":"EntryPoint","urlTemplate":"https:\/\/www.correiobraziliense.com.br\/cbradar\/?s={search_term_string}"},"query-input":{"@type":"PropertyValueSpecification","valueRequired":true,"valueName":"search_term_string"}}],"inLanguage":"pt-BR"},{"@type":"Person","@id":"https:\/\/www.correiobraziliense.com.br\/cbradar\/#\/schema\/person\/4053c651a9bfc785afc6f4cbc9032fd3","name":"Maura Pereira","image":{"@type":"ImageObject","inLanguage":"pt-BR","@id":"https:\/\/www.correiobraziliense.com.br\/cbradar\/#\/schema\/person\/image\/","url":"https:\/\/secure.gravatar.com\/avatar\/3effd6bdadfa447f15089c7f7144eaa6?s=96&d=mm&r=g","contentUrl":"https:\/\/secure.gravatar.com\/avatar\/3effd6bdadfa447f15089c7f7144eaa6?s=96&d=mm&r=g","caption":"Maura Pereira"},"sameAs":["https:\/\/www.correiobraziliense.com.br\/"],"url":"https:\/\/www.correiobraziliense.com.br\/cbradar\/author\/mauramyth\/"}]}},"_links":{"self":[{"href":"https:\/\/www.correiobraziliense.com.br\/cbradar\/wp-json\/wp\/v2\/posts\/185475","targetHints":{"allow":["GET"]}}],"collection":[{"href":"https:\/\/www.correiobraziliense.com.br\/cbradar\/wp-json\/wp\/v2\/posts"}],"about":[{"href":"https:\/\/www.correiobraziliense.com.br\/cbradar\/wp-json\/wp\/v2\/types\/post"}],"author":[{"embeddable":true,"href":"https:\/\/www.correiobraziliense.com.br\/cbradar\/wp-json\/wp\/v2\/users\/8"}],"replies":[{"embeddable":true,"href":"https:\/\/www.correiobraziliense.com.br\/cbradar\/wp-json\/wp\/v2\/comments?post=185475"}],"version-history":[{"count":19,"href":"https:\/\/www.correiobraziliense.com.br\/cbradar\/wp-json\/wp\/v2\/posts\/185475\/revisions"}],"predecessor-version":[{"id":185499,"href":"https:\/\/www.correiobraziliense.com.br\/cbradar\/wp-json\/wp\/v2\/posts\/185475\/revisions\/185499"}],"wp:featuredmedia":[{"embeddable":true,"href":"https:\/\/www.correiobraziliense.com.br\/cbradar\/wp-json\/wp\/v2\/media\/23971"}],"wp:attachment":[{"href":"https:\/\/www.correiobraziliense.com.br\/cbradar\/wp-json\/wp\/v2\/media?parent=185475"}],"wp:term":[{"taxonomy":"category","embeddable":true,"href":"https:\/\/www.correiobraziliense.com.br\/cbradar\/wp-json\/wp\/v2\/categories?post=185475"},{"taxonomy":"post_tag","embeddable":true,"href":"https:\/\/www.correiobraziliense.com.br\/cbradar\/wp-json\/wp\/v2\/tags?post=185475"}],"curies":[{"name":"wp","href":"https:\/\/api.w.org\/{rel}","templated":true}]}}