{"id":18670,"date":"2025-04-04T15:30:00","date_gmt":"2025-04-04T18:30:00","guid":{"rendered":"https:\/\/www.correiobraziliense.com.br\/cbradar\/?p=18670"},"modified":"2025-06-28T02:08:41","modified_gmt":"2025-06-28T05:08:41","slug":"series-da-netflix-que-vao-te-fazer-chorar-e-refletir","status":"publish","type":"post","link":"https:\/\/www.correiobraziliense.com.br\/cbradar\/series-da-netflix-que-vao-te-fazer-chorar-e-refletir\/","title":{"rendered":"S\u00e9ries da Netflix que v\u00e3o te fazer chorar e refletir"},"content":{"rendered":"\n<p>A <a href=\"https:\/\/www.correiobraziliense.com.br\/cbradar\/os-melhores-filmes-de-ficcao-cientifica-que-sao-totalmente-desconhecidos\/\" target=\"_blank\" rel=\"noreferrer noopener\"><strong>Netflix<\/strong> <\/a>tem apostado estrategicamente em produ\u00e7\u00f5es que retratam realidades sociais complexas, conquistando audi\u00eancias mundiais atrav\u00e9s de narrativas aut\u00eanticas e emocionalmente impactantes. Entre os sucessos recentes da plataforma, tr\u00eas s\u00e9ries exemplificam essa tend\u00eancia: <strong>&#8220;Justi\u00e7a por Uphaar&#8221;<\/strong>, <strong>&#8220;Respira&#8221;<\/strong> e <strong>&#8220;Inacredit\u00e1vel&#8221;<\/strong>. Cada produ\u00e7\u00e3o aborda temas sens\u00edveis com abordagens distintas, demonstrando como o streaming global tem priorizado conte\u00fado que vai al\u00e9m do entretenimento puro.<\/p>\n\n\n\n<p>A estrat\u00e9gia da <strong>Netflix<\/strong> reflete mudan\u00e7a significativa no consumo de m\u00eddia. Espectadores contempor\u00e2neos buscam hist\u00f3rias que ofere\u00e7am perspectivas sobre quest\u00f5es reais, combinando entretenimento com consci\u00eancia social. Essas tr\u00eas produ\u00e7\u00f5es representam diferentes facetas dessa demanda: trauma coletivo, sistemas de sa\u00fade em crise e justi\u00e7a para v\u00edtimas de crimes. O sucesso comercial e cr\u00edtico dessas s\u00e9ries comprova viabilidade de conte\u00fado socialmente relevante no mercado global de streaming.<\/p>\n\n\n\n<h2 class=\"wp-block-heading\"><strong>Como &#8220;Justi\u00e7a por Uphaar&#8221; transformou trag\u00e9dia em narrativa universal?<\/strong><\/h2>\n\n\n\n<p>A miniss\u00e9rie indiana <strong>&#8220;Justi\u00e7a por Uphaar&#8221;<\/strong> estreou na <strong>Netflix<\/strong> em janeiro de 2023, baseada na trag\u00e9dia real do inc\u00eandio no cinema <strong>Uphaar<\/strong> em <strong>Delhi<\/strong>, ocorrida em 13 de junho de 1997. O evento resultou na morte de 59 pessoas, incluindo os dois filhos adolescentes do casal <strong>Neelam<\/strong> e <strong>Shekhar Krishnamoorthy<\/strong>. A produ\u00e7\u00e3o acompanha a luta de 25 anos da fam\u00edlia por justi\u00e7a contra os propriet\u00e1rios do cinema, os irm\u00e3os <strong>Ansal<\/strong>.<\/p>\n\n\n\n<p>A s\u00e9rie se destaca pela abordagem realista do sistema judici\u00e1rio indiano e pela representa\u00e7\u00e3o aut\u00eantica do luto. <strong>Abhay Deol<\/strong> e <strong>Rajshri Deshpande<\/strong> interpretam o casal com nuances que evitam dramatiza\u00e7\u00e3o excessiva. A produ\u00e7\u00e3o recebeu elogios internacionais por sua dire\u00e7\u00e3o de <strong>Prashant Nair<\/strong> e <strong>Randeep Jha<\/strong>, que constru\u00edram narrativa visual que intensifica o desespero sem explorar o sofrimento. O impacto da s\u00e9rie transcendeu fronteiras culturais, conectando-se com audi\u00eancias que reconhecem padr\u00f5es universais de injusti\u00e7a social.<\/p>\n\n\n\n<figure class=\"wp-block-image size-large\"><img decoding=\"async\" width=\"1024\" height=\"576\" src=\"https:\/\/www.correiobraziliense.com.br\/cbradar\/wp-content\/uploads\/2025\/04\/netflix_1743644898000-1024x576.jpg\" alt=\"S\u00e9ries da Netflix que v\u00e3o te fazer chorar e refletir\" class=\"wp-image-18676\" srcset=\"https:\/\/www.correiobraziliense.com.br\/cbradar\/wp-content\/uploads\/2025\/04\/netflix_1743644898000-1024x576.jpg 1024w, https:\/\/www.correiobraziliense.com.br\/cbradar\/wp-content\/uploads\/2025\/04\/netflix_1743644898000-300x169.jpg 300w, https:\/\/www.correiobraziliense.com.br\/cbradar\/wp-content\/uploads\/2025\/04\/netflix_1743644898000-768x432.jpg 768w, https:\/\/www.correiobraziliense.com.br\/cbradar\/wp-content\/uploads\/2025\/04\/netflix_1743644898000-750x422.jpg 750w, https:\/\/www.correiobraziliense.com.br\/cbradar\/wp-content\/uploads\/2025\/04\/netflix_1743644898000-1140x641.jpg 1140w, https:\/\/www.correiobraziliense.com.br\/cbradar\/wp-content\/uploads\/2025\/04\/netflix_1743644898000.jpg 1280w\" sizes=\"(max-width: 1024px) 100vw, 1024px\" \/><figcaption class=\"wp-element-caption\">Pessoa escolhendo S\u00e9rie na Netflix\nCr\u00e9ditos: depositphotos.com \/ Info@vantagedrones.co.uk<\/figcaption><\/figure>\n\n\n\n<h2 class=\"wp-block-heading\"><strong>Por que &#8220;Respira&#8221; conquistou rankings internacionais da Netflix?<\/strong><\/h2>\n\n\n\n<p><strong>&#8220;Respira&#8221;<\/strong> estreou em agosto de 2024, criada por <strong>Carlos Montero<\/strong> (de <strong>&#8220;Elite&#8221;<\/strong>), e rapidamente alcan\u00e7ou o quarto lugar no ranking mundial da <strong>Netflix<\/strong>. A s\u00e9rie espanhola retrata o cotidiano ca\u00f3tico do <strong>Hospital Joaqu\u00edn Sorolla<\/strong> em <strong>Val\u00eancia<\/strong>, onde profissionais de sa\u00fade enfrentam greve geral sem servi\u00e7os m\u00ednimos. A produ\u00e7\u00e3o mistura drama m\u00e9dico com cr\u00edtica social sobre o sistema p\u00fablico de sa\u00fade espanhol.<\/p>\n\n\n\n<p>O elenco inclui <strong>Najwa Nimri<\/strong> (de <strong>&#8220;La Casa de Papel&#8221;<\/strong>), <strong>Manu R\u00edos<\/strong> (de <strong>&#8220;Elite&#8221;<\/strong>) e <strong>Blanca Su\u00e1rez<\/strong>, criando ponte entre sucessos anteriores da <strong>Netflix<\/strong> e nova propriedade. A s\u00e9rie conquistou primeiro lugar em oito pa\u00edses durante sua estreia, demonstrando apelo internacional de narrativas sobre sistemas de sa\u00fade em crise. <strong>&#8220;Respira&#8221;<\/strong> diferencia-se de dramas m\u00e9dicos tradicionais ao focar nas tens\u00f5es pol\u00edticas e pessoais dos profissionais, explorando como press\u00f5es externas afetam capacidade de salvar vidas.<\/p>\n\n\n\n<iframe loading=\"lazy\" width=\"560\" height=\"315\" src=\"https:\/\/www.youtube.com\/embed\/QtiLE45ZmhA?si=_ILjK4NgQPhfGgFZ\" title=\"YouTube video player\" frameborder=\"0\" allow=\"accelerometer; autoplay; clipboard-write; encrypted-media; gyroscope; picture-in-picture; web-share\" referrerpolicy=\"strict-origin-when-cross-origin\" allowfullscreen><\/iframe>\n\n\n\n<h2 class=\"wp-block-heading\"><strong>Qual \u00e9 o impacto cultural de &#8220;Inacredit\u00e1vel&#8221; na discuss\u00e3o sobre trauma?<\/strong><\/h2>\n\n\n\n<p><strong>&#8220;Inacredit\u00e1vel&#8221;<\/strong> aborda tema extremamente sens\u00edvel: uma jovem v\u00edtima de estupro que enfrenta descren\u00e7a das autoridades e da sociedade. A s\u00e9rie, baseada em eventos reais, acompanha duas detetives que assumem o caso e se tornam defensoras da v\u00edtima. A produ\u00e7\u00e3o desafia espectadores a refletir sobre import\u00e2ncia de acreditar em relatos de trauma e combater injusti\u00e7as sist\u00eamicas.<\/p>\n\n\n\n<p>A narrativa explora resil\u00eancia feminina e for\u00e7a necess\u00e1ria para buscar justi\u00e7a em sistemas que frequentemente falham com v\u00edtimas. A s\u00e9rie oferece perspectiva sens\u00edvel sobre impacto emocional do trauma, evitando explora\u00e7\u00e3o voyeur\u00edstica do sofrimento. <strong>&#8220;Inacredit\u00e1vel&#8221;<\/strong> contribuiu para discuss\u00f5es globais sobre consentimento, credibilidade de v\u00edtimas e reforma de protocolos policiais para casos de viol\u00eancia sexual. O sucesso da produ\u00e7\u00e3o demonstra apetite de audi\u00eancias por hist\u00f3rias que confrontam realidades desconfort\u00e1veis mas necess\u00e1rias.<\/p>\n\n\n\n<iframe loading=\"lazy\" width=\"560\" height=\"315\" src=\"https:\/\/www.youtube.com\/embed\/2UlW4zoRwoE?si=7bZul5ICGJKFVu-f\" title=\"YouTube video player\" frameborder=\"0\" allow=\"accelerometer; autoplay; clipboard-write; encrypted-media; gyroscope; picture-in-picture; web-share\" referrerpolicy=\"strict-origin-when-cross-origin\" allowfullscreen><\/iframe>\n\n\n\n<h2 class=\"wp-block-heading\"><strong>Como essas produ\u00e7\u00f5es redefinem o papel do entretenimento global?<\/strong><\/h2>\n\n\n\n<p>O sucesso conjunto dessas tr\u00eas s\u00e9ries indica transforma\u00e7\u00e3o no papel social do entretenimento. A <strong>Netflix<\/strong> reconheceu que audi\u00eancias globais valorizam autenticidade e relev\u00e2ncia social, n\u00e3o apenas escapismo. Essa tend\u00eancia reflete maturidade do p\u00fablico de streaming, que busca conte\u00fado que provoque reflex\u00e3o al\u00e9m do entretenimento imediato.<\/p>\n\n\n\n<p>As produ\u00e7\u00f5es demonstram como narrativas locais podem alcan\u00e7ar impacto universal quando abordam temas fundamentalmente humanos: busca por justi\u00e7a, press\u00f5es profissionais e recupera\u00e7\u00e3o de trauma. A estrat\u00e9gia da <strong>Netflix<\/strong> de investir em hist\u00f3rias socialmente relevantes posiciona a plataforma como ve\u00edculo de consci\u00eancia global, n\u00e3o apenas fornecedor de entretenimento. Essas s\u00e9ries provam que dramas baseados em realidade podem ser comercialmente vi\u00e1veis enquanto promovem discuss\u00f5es importantes sobre quest\u00f5es sociais contempor\u00e2neas.<\/p>\n","protected":false},"excerpt":{"rendered":"<p>Descubra s\u00e9ries emocionantes na Netflix. Esta sele\u00e7\u00e3o inclui dramas comoventes e intensos que o deixar\u00e3o reflexivo e entretido.<\/p>\n","protected":false},"author":3,"featured_media":18675,"comment_status":"open","ping_status":"open","sticky":false,"template":"","format":"standard","meta":{"_yoast_wpseo_focuskw":"series imperd\u00edveis da Netflix","_yoast_wpseo_title":"%%title%%","_yoast_wpseo_metadesc":"Descubra s\u00e9ries emocionantes na Netflix. Esta sele\u00e7\u00e3o inclui dramas comoventes e intensos que o deixar\u00e3o reflexivo e entretido.","jnews-multi-image_gallery":[],"jnews_single_post":{"format":"standard"},"jnews_primary_category":[],"jnews_social_meta":[],"jnews_override_counter":[],"footnotes":""},"categories":[140],"post_tag":[141,568],"class_list":["post-18670","post","type-post","status-publish","format-standard","has-post-thumbnail","hentry","category-entretenimento","tag-netflix","tag-series-e-filmes"],"yoast_head":"<!-- This site is optimized with the Yoast SEO plugin v24.6 - https:\/\/yoast.com\/wordpress\/plugins\/seo\/ -->\n<title>S\u00e9ries da Netflix que v\u00e3o te fazer chorar e refletir<\/title>\n<meta name=\"description\" content=\"Descubra s\u00e9ries emocionantes na Netflix. Esta sele\u00e7\u00e3o inclui dramas comoventes e intensos que o deixar\u00e3o reflexivo e entretido.\" \/>\n<meta name=\"robots\" content=\"index, follow, max-snippet:-1, max-image-preview:large, max-video-preview:-1\" \/>\n<link rel=\"canonical\" href=\"https:\/\/www.correiobraziliense.com.br\/cbradar\/series-da-netflix-que-vao-te-fazer-chorar-e-refletir\/\" \/>\n<meta property=\"og:locale\" content=\"pt_BR\" \/>\n<meta property=\"og:type\" content=\"article\" \/>\n<meta property=\"og:title\" content=\"S\u00e9ries da Netflix que v\u00e3o te fazer chorar e refletir\" \/>\n<meta property=\"og:description\" content=\"Descubra s\u00e9ries emocionantes na Netflix. Esta sele\u00e7\u00e3o inclui dramas comoventes e intensos que o deixar\u00e3o reflexivo e entretido.\" \/>\n<meta property=\"og:url\" content=\"https:\/\/www.correiobraziliense.com.br\/cbradar\/series-da-netflix-que-vao-te-fazer-chorar-e-refletir\/\" \/>\n<meta property=\"og:site_name\" content=\"Correio Braziliense - Radar\" \/>\n<meta property=\"article:published_time\" content=\"2025-04-04T18:30:00+00:00\" \/>\n<meta property=\"article:modified_time\" content=\"2025-06-28T05:08:41+00:00\" \/>\n<meta property=\"og:image\" content=\"https:\/\/www.correiobraziliense.com.br\/cbradar\/wp-content\/uploads\/2025\/04\/netflix_1743644857144.jpg\" \/>\n\t<meta property=\"og:image:width\" content=\"1280\" \/>\n\t<meta property=\"og:image:height\" content=\"720\" \/>\n\t<meta property=\"og:image:type\" content=\"image\/jpeg\" \/>\n<meta name=\"author\" content=\"Larissa Carvalho\" \/>\n<meta name=\"twitter:card\" content=\"summary_large_image\" \/>\n<meta name=\"twitter:label1\" content=\"Escrito por\" \/>\n\t<meta name=\"twitter:data1\" content=\"Larissa Carvalho\" \/>\n\t<meta name=\"twitter:label2\" content=\"Est. tempo de leitura\" \/>\n\t<meta name=\"twitter:data2\" content=\"5 minutos\" \/>\n<!-- \/ Yoast SEO plugin. -->","yoast_head_json":{"title":"S\u00e9ries da Netflix que v\u00e3o te fazer chorar e refletir","description":"Descubra s\u00e9ries emocionantes na Netflix. Esta sele\u00e7\u00e3o inclui dramas comoventes e intensos que o deixar\u00e3o reflexivo e entretido.","robots":{"index":"index","follow":"follow","max-snippet":"max-snippet:-1","max-image-preview":"max-image-preview:large","max-video-preview":"max-video-preview:-1"},"canonical":"https:\/\/www.correiobraziliense.com.br\/cbradar\/series-da-netflix-que-vao-te-fazer-chorar-e-refletir\/","og_locale":"pt_BR","og_type":"article","og_title":"S\u00e9ries da Netflix que v\u00e3o te fazer chorar e refletir","og_description":"Descubra s\u00e9ries emocionantes na Netflix. Esta sele\u00e7\u00e3o inclui dramas comoventes e intensos que o deixar\u00e3o reflexivo e entretido.","og_url":"https:\/\/www.correiobraziliense.com.br\/cbradar\/series-da-netflix-que-vao-te-fazer-chorar-e-refletir\/","og_site_name":"Correio Braziliense - Radar","article_published_time":"2025-04-04T18:30:00+00:00","article_modified_time":"2025-06-28T05:08:41+00:00","og_image":[{"width":1280,"height":720,"url":"https:\/\/www.correiobraziliense.com.br\/cbradar\/wp-content\/uploads\/2025\/04\/netflix_1743644857144.jpg","type":"image\/jpeg"}],"author":"Larissa Carvalho","twitter_card":"summary_large_image","twitter_misc":{"Escrito por":"Larissa Carvalho","Est. tempo de leitura":"5 minutos"},"schema":{"@context":"https:\/\/schema.org","@graph":[{"@type":"WebPage","@id":"https:\/\/www.correiobraziliense.com.br\/cbradar\/series-da-netflix-que-vao-te-fazer-chorar-e-refletir\/","url":"https:\/\/www.correiobraziliense.com.br\/cbradar\/series-da-netflix-que-vao-te-fazer-chorar-e-refletir\/","name":"S\u00e9ries da Netflix que v\u00e3o te fazer chorar e refletir","isPartOf":{"@id":"https:\/\/www.correiobraziliense.com.br\/cbradar\/#website"},"primaryImageOfPage":{"@id":"https:\/\/www.correiobraziliense.com.br\/cbradar\/series-da-netflix-que-vao-te-fazer-chorar-e-refletir\/#primaryimage"},"image":{"@id":"https:\/\/www.correiobraziliense.com.br\/cbradar\/series-da-netflix-que-vao-te-fazer-chorar-e-refletir\/#primaryimage"},"thumbnailUrl":"https:\/\/www.correiobraziliense.com.br\/cbradar\/wp-content\/uploads\/2025\/04\/netflix_1743644857144.jpg","datePublished":"2025-04-04T18:30:00+00:00","dateModified":"2025-06-28T05:08:41+00:00","author":{"@id":"https:\/\/www.correiobraziliense.com.br\/cbradar\/#\/schema\/person\/58422787644df994b53a19d3e56c1513"},"description":"Descubra s\u00e9ries emocionantes na Netflix. Esta sele\u00e7\u00e3o inclui dramas comoventes e intensos que o deixar\u00e3o reflexivo e entretido.","breadcrumb":{"@id":"https:\/\/www.correiobraziliense.com.br\/cbradar\/series-da-netflix-que-vao-te-fazer-chorar-e-refletir\/#breadcrumb"},"inLanguage":"pt-BR","potentialAction":[{"@type":"ReadAction","target":["https:\/\/www.correiobraziliense.com.br\/cbradar\/series-da-netflix-que-vao-te-fazer-chorar-e-refletir\/"]}]},{"@type":"ImageObject","inLanguage":"pt-BR","@id":"https:\/\/www.correiobraziliense.com.br\/cbradar\/series-da-netflix-que-vao-te-fazer-chorar-e-refletir\/#primaryimage","url":"https:\/\/www.correiobraziliense.com.br\/cbradar\/wp-content\/uploads\/2025\/04\/netflix_1743644857144.jpg","contentUrl":"https:\/\/www.correiobraziliense.com.br\/cbradar\/wp-content\/uploads\/2025\/04\/netflix_1743644857144.jpg","width":1280,"height":720,"caption":"Netflix Cr\u00e9ditos: depositphotos.com \/ Info@vantagedrones.co.uk"},{"@type":"BreadcrumbList","@id":"https:\/\/www.correiobraziliense.com.br\/cbradar\/series-da-netflix-que-vao-te-fazer-chorar-e-refletir\/#breadcrumb","itemListElement":[{"@type":"ListItem","position":1,"name":"In\u00edcio","item":"https:\/\/www.correiobraziliense.com.br\/cbradar\/"},{"@type":"ListItem","position":2,"name":"S\u00e9ries da Netflix que v\u00e3o te fazer chorar e refletir"}]},{"@type":"WebSite","@id":"https:\/\/www.correiobraziliense.com.br\/cbradar\/#website","url":"https:\/\/www.correiobraziliense.com.br\/cbradar\/","name":"Correio Braziliense - Radar","description":"Acompanhe as \u00faltimas not\u00edcias e fique bem informado sobre tudo o que acontece no Brasil e no mundo.","potentialAction":[{"@type":"SearchAction","target":{"@type":"EntryPoint","urlTemplate":"https:\/\/www.correiobraziliense.com.br\/cbradar\/?s={search_term_string}"},"query-input":{"@type":"PropertyValueSpecification","valueRequired":true,"valueName":"search_term_string"}}],"inLanguage":"pt-BR"},{"@type":"Person","@id":"https:\/\/www.correiobraziliense.com.br\/cbradar\/#\/schema\/person\/58422787644df994b53a19d3e56c1513","name":"Larissa Carvalho","image":{"@type":"ImageObject","inLanguage":"pt-BR","@id":"https:\/\/www.correiobraziliense.com.br\/cbradar\/#\/schema\/person\/image\/","url":"https:\/\/secure.gravatar.com\/avatar\/fe4f91a0de32b52a838d0d612abdc1aa?s=96&d=mm&r=g","contentUrl":"https:\/\/secure.gravatar.com\/avatar\/fe4f91a0de32b52a838d0d612abdc1aa?s=96&d=mm&r=g","caption":"Larissa Carvalho"},"url":"https:\/\/www.correiobraziliense.com.br\/cbradar\/author\/larissamyth\/"}]}},"_links":{"self":[{"href":"https:\/\/www.correiobraziliense.com.br\/cbradar\/wp-json\/wp\/v2\/posts\/18670","targetHints":{"allow":["GET"]}}],"collection":[{"href":"https:\/\/www.correiobraziliense.com.br\/cbradar\/wp-json\/wp\/v2\/posts"}],"about":[{"href":"https:\/\/www.correiobraziliense.com.br\/cbradar\/wp-json\/wp\/v2\/types\/post"}],"author":[{"embeddable":true,"href":"https:\/\/www.correiobraziliense.com.br\/cbradar\/wp-json\/wp\/v2\/users\/3"}],"replies":[{"embeddable":true,"href":"https:\/\/www.correiobraziliense.com.br\/cbradar\/wp-json\/wp\/v2\/comments?post=18670"}],"version-history":[{"count":4,"href":"https:\/\/www.correiobraziliense.com.br\/cbradar\/wp-json\/wp\/v2\/posts\/18670\/revisions"}],"predecessor-version":[{"id":60697,"href":"https:\/\/www.correiobraziliense.com.br\/cbradar\/wp-json\/wp\/v2\/posts\/18670\/revisions\/60697"}],"wp:featuredmedia":[{"embeddable":true,"href":"https:\/\/www.correiobraziliense.com.br\/cbradar\/wp-json\/wp\/v2\/media\/18675"}],"wp:attachment":[{"href":"https:\/\/www.correiobraziliense.com.br\/cbradar\/wp-json\/wp\/v2\/media?parent=18670"}],"wp:term":[{"taxonomy":"category","embeddable":true,"href":"https:\/\/www.correiobraziliense.com.br\/cbradar\/wp-json\/wp\/v2\/categories?post=18670"},{"taxonomy":"post_tag","embeddable":true,"href":"https:\/\/www.correiobraziliense.com.br\/cbradar\/wp-json\/wp\/v2\/post_tag?post=18670"}],"curies":[{"name":"wp","href":"https:\/\/api.w.org\/{rel}","templated":true}]}}