{"id":18775,"date":"2025-04-04T15:50:00","date_gmt":"2025-04-04T18:50:00","guid":{"rendered":"https:\/\/www.correiobraziliense.com.br\/cbradar\/?p=18775"},"modified":"2025-04-03T01:07:27","modified_gmt":"2025-04-03T04:07:27","slug":"o-incrivel-paraiso-conhecido-como-o-caribe-brasileiro","status":"publish","type":"post","link":"https:\/\/www.correiobraziliense.com.br\/cbradar\/o-incrivel-paraiso-conhecido-como-o-caribe-brasileiro\/","title":{"rendered":"O incr\u00edvel para\u00edso conhecido como o &#8220;Caribe brasileiro&#8221;"},"content":{"rendered":"\n<p>Localizada no litoral norte de <strong>Alagoas<\/strong>, <a href=\"https:\/\/maragogi.al.gov.br\/\" target=\"_blank\" rel=\"noreferrer noopener\"><strong>Maragogi<\/strong> <\/a>\u00e9 um dos destinos tur\u00edsticos mais procurados do <strong><a href=\"https:\/\/www.correiobraziliense.com.br\/cbradar\/essa-cidade-carrega-o-antigo-encanto-do-brasil-colonial\/\" target=\"_blank\" rel=\"noreferrer noopener\">Brasil<\/a><\/strong>, especialmente por suas famosas piscinas naturais, tamb\u00e9m conhecidas como <strong>Gal\u00e9s<\/strong>. Com um mar de tonalidades azul-turquesa e praias paradis\u00edacas, a regi\u00e3o \u00e9 um verdadeiro ref\u00fagio para quem busca tranquilidade e belezas naturais.<\/p>\n\n\n\n<p>Neste artigo, voc\u00ea vai conhecer a hist\u00f3ria de <strong>Maragogi<\/strong>, curiosidades sobre a cidade, suas principais atra\u00e7\u00f5es tur\u00edsticas, a melhor \u00e9poca para visitar e dicas essenciais para aproveitar ao m\u00e1ximo sua viagem. Continue lendo e descubra por que esse destino \u00e9 t\u00e3o especial!<\/p>\n\n\n\n<h2 class=\"wp-block-heading\">Qual \u00e9 a hist\u00f3ria de Maragogi?<\/h2>\n\n\n\n<p>A regi\u00e3o onde hoje se encontra <strong>Maragogi<\/strong> era habitada pelos \u00edndios <strong>Caet\u00e9s<\/strong> antes da chegada dos colonizadores portugueses no s\u00e9culo <strong>XVI<\/strong>. A cidade surgiu oficialmente em <strong>1875<\/strong>, com o nome de <strong>Gamela<\/strong>, sendo posteriormente renomeada para <strong>Maragogi<\/strong> em refer\u00eancia ao rio que corta a regi\u00e3o. Durante o per\u00edodo colonial, teve papel importante na produ\u00e7\u00e3o de <strong>cana-de-a\u00e7\u00facar<\/strong>, sendo influenciada pelos ciclos econ\u00f4micos da \u00e9poca.<\/p>\n\n\n\n<p>Ao longo dos anos, <strong>Maragogi<\/strong> se tornou um dos principais polos tur\u00edsticos do <strong>Nordeste brasileiro<\/strong>, atraindo visitantes interessados em suas paisagens naturais, gastronomia \u00edmpar e hist\u00f3ria rica. Atualmente, a cidade \u00e9 reconhecida nacionalmente como um dos destinos mais bonitos do <strong>Brasil<\/strong>.<\/p>\n\n\n<div class=\"wp-block-image\">\n<figure class=\"aligncenter size-large\"><img decoding=\"async\" width=\"1024\" height=\"576\" src=\"https:\/\/www.correiobraziliense.com.br\/cbradar\/wp-content\/uploads\/2025\/04\/Maragogi_1743652852178-1024x576.jpg\" alt=\"\" class=\"wp-image-18782\" srcset=\"https:\/\/www.correiobraziliense.com.br\/cbradar\/wp-content\/uploads\/2025\/04\/Maragogi_1743652852178-1024x576.jpg 1024w, https:\/\/www.correiobraziliense.com.br\/cbradar\/wp-content\/uploads\/2025\/04\/Maragogi_1743652852178-300x169.jpg 300w, https:\/\/www.correiobraziliense.com.br\/cbradar\/wp-content\/uploads\/2025\/04\/Maragogi_1743652852178-768x432.jpg 768w, https:\/\/www.correiobraziliense.com.br\/cbradar\/wp-content\/uploads\/2025\/04\/Maragogi_1743652852178-750x422.jpg 750w, https:\/\/www.correiobraziliense.com.br\/cbradar\/wp-content\/uploads\/2025\/04\/Maragogi_1743652852178-1140x641.jpg 1140w, https:\/\/www.correiobraziliense.com.br\/cbradar\/wp-content\/uploads\/2025\/04\/Maragogi_1743652852178.jpg 1280w\" sizes=\"(max-width: 1024px) 100vw, 1024px\" \/><figcaption class=\"wp-element-caption\">Maragogi \/\/ Cr\u00e9ditos: depositphotos.com \/ Cristian_Lourenco<\/figcaption><\/figure><\/div>\n\n\n<h2 class=\"wp-block-heading\">Quais s\u00e3o as curiosidades mais interessantes sobre Maragogi?<\/h2>\n\n\n\n<p>Al\u00e9m de suas praias paradis\u00edacas, <strong>Maragogi<\/strong> \u00e9 conhecida como o &#8220;<strong>Caribe Brasileiro<\/strong>&#8221; devido \u00e0 semelhan\u00e7a com destinos caribenhos famosos. Suas <strong>piscinas naturais<\/strong>, formadas por recifes de corais, s\u00e3o consideradas algumas das mais belas do <strong>Brasil<\/strong>, oferecendo uma experi\u00eancia \u00fanica de mergulho com peixes coloridos e \u00e1guas cristalinas.<\/p>\n\n\n\n<p>Outro fato interessante \u00e9 que a cidade possui uma forte tradi\u00e7\u00e3o na produ\u00e7\u00e3o de artesanato, principalmente em palha e renda. Al\u00e9m disso, <strong>Maragogi<\/strong> tamb\u00e9m \u00e9 famosa por seus doces caseiros, como a cocada e o bolo de goma, que s\u00e3o encontrados facilmente nas feiras e mercados locais.<\/p>\n\n\n\n<h2 class=\"wp-block-heading\">Quais s\u00e3o os principais pontos tur\u00edsticos de Maragogi?<\/h2>\n\n\n\n<p>A principal atra\u00e7\u00e3o de <strong>Maragogi<\/strong> s\u00e3o as <strong>Gal\u00e9s<\/strong>, piscinas naturais formadas por recifes de corais que proporcionam um espet\u00e1culo \u00e0 parte para os visitantes. Com \u00e1guas incrivelmente transparentes e vida marinha exuberante, \u00e9 um local perfeito para mergulho e fotos inesquec\u00edveis.<\/p>\n\n\n\n<p>Outras praias imperd\u00edveis s\u00e3o <strong>Antunes<\/strong>, com seu mar azul e coqueiros a perder de vista, e <strong>Ponta de Mangue<\/strong>, conhecida pela tranquilidade e beleza singular. Al\u00e9m das praias, a Trilha do Visgueiro \u00e9 uma \u00f3tima op\u00e7\u00e3o para os amantes do ecoturismo, levando a um centen\u00e1rio <strong>visgueiro<\/strong>, uma \u00e1rvore s\u00edmbolo da regi\u00e3o.<\/p>\n\n\n\n<h2 class=\"wp-block-heading\">Como \u00e9 o clima local e qual a melhor \u00e9poca para visitar?<\/h2>\n\n\n\n<p>O clima de <strong>Maragogi<\/strong> \u00e9 tropical, com temperaturas agrad\u00e1veis ao longo de todo o ano, variando entre <strong>24\u00b0C<\/strong> e <strong>32\u00b0C<\/strong>. O per\u00edodo mais seco vai de <strong>setembro<\/strong> a <strong>mar\u00e7o<\/strong>, quando o sol brilha intensamente e o mar fica ainda mais cristalino, ideal para aproveitar as piscinas naturais.<\/p>\n\n\n\n<p>Os meses de <strong>abril<\/strong> a <strong>agosto<\/strong> marcam a temporada de chuvas, o que pode interferir na visibilidade das \u00e1guas. Por isso, se o objetivo \u00e9 aproveitar ao m\u00e1ximo os passeios em mar aberto, o ver\u00e3o \u00e9 a melhor op\u00e7\u00e3o para visitar a regi\u00e3o.<\/p>\n\n\n\n<h2 class=\"wp-block-heading\">O que fazer em Maragogi al\u00e9m dos pontos tur\u00edsticos?<\/h2>\n\n\n\n<p>Para quem deseja vivenciar a cultura local, visitar as feirinhas de artesanato e provar pratos t\u00edpicos \u00e9 uma \u00f3tima op\u00e7\u00e3o. Restaurantes renomados oferecem del\u00edcias como o <strong>peixe na telha<\/strong> e a <strong>lagosta grelhada<\/strong>, acompanhados de temperos tipicamente nordestinos.<\/p>\n\n\n\n<p>No quesito hospedagem, <strong>Maragogi<\/strong> conta com op\u00e7\u00f5es para todos os bolsos, desde pousadas aconchegantes at\u00e9 resorts \u00e0 beira-mar. O transporte na cidade \u00e9 facilitado por aplicativos de mobilidade e vans tur\u00edsticas, garantindo conforto na locomo\u00e7\u00e3o.<\/p>\n\n\n\n<h2 class=\"wp-block-heading\">Dicas essenciais<\/h2>\n\n\n\n<p>Para garantir uma experi\u00eancia segura e tranquila, \u00e9 fundamental estar atento aos pertences pessoais e optar por passeios credenciados. O transporte p\u00fablico \u00e9 limitado, por isso \u00e9 recomend\u00e1vel alugar um carro ou contar com servi\u00e7os de transfer.<\/p>\n\n\n\n<p>Economizar tamb\u00e9m \u00e9 poss\u00edvel! Evitar alta temporada e reservar hospedagem com anteced\u00eancia s\u00e3o formas de garantir pre\u00e7os mais acess\u00edveis. Al\u00e9m disso, fique atento a taxas adicionais em passeios e prefira empresas bem avaliadas.<\/p>\n\n\n\n<h2 class=\"wp-block-heading\">Perguntas frequentes (FAQ)<\/h2>\n\n\n\n<p><strong>Qual \u00e9 a melhor \u00e9poca do ano para visitar Maragogi?<\/strong><br>A melhor \u00e9poca \u00e9 entre <strong>setembro<\/strong> e <strong>mar\u00e7o<\/strong>, quando o clima est\u00e1 mais seco e as \u00e1guas cristalinas.<\/p>\n\n\n\n<p><strong>Quais pratos t\u00edpicos devem ser experimentados?<\/strong><br>Peixe na telha, lagosta grelhada e as famosas cocadas caseiras s\u00e3o imperd\u00edveis.<\/p>\n\n\n\n<p><strong>Quais s\u00e3o as melhores op\u00e7\u00f5es de transporte na cidade?<\/strong><br>Carros alugados, vans tur\u00edsticas e aplicativos de transporte s\u00e3o as melhores op\u00e7\u00f5es para se locomover.<\/p>\n\n\n\n<p><strong>Maragogi \u00e9 segura para turistas?<\/strong><br>Sim, mas \u00e9 importante manter os cuidados habituais com objetos de valor e evitar lugares desertos \u00e0 noite.<\/p>\n\n\n\n<p><strong>Que eventos e festivais ocorrem anualmente em Maragogi?<\/strong><br>O Festival da Lagosta e as celebra\u00e7\u00f5es de fim de ano s\u00e3o os mais aguardados pelos visitantes.<\/p>\n","protected":false},"excerpt":{"rendered":"<p>Localizada no litoral norte de Alagoas, Maragogi \u00e9 um dos destinos tur\u00edsticos mais procurados do Brasil, especialmente por suas famosas piscinas naturais, tamb\u00e9m conhecidas como Gal\u00e9s. Com um mar de tonalidades azul-turquesa e praias paradis\u00edacas, a regi\u00e3o \u00e9 um verdadeiro ref\u00fagio para quem busca tranquilidade e belezas naturais. Neste artigo, voc\u00ea vai conhecer a hist\u00f3ria [&hellip;]<\/p>\n","protected":false},"author":8,"featured_media":2380,"comment_status":"open","ping_status":"open","sticky":false,"template":"","format":"standard","meta":{"_yoast_wpseo_focuskw":"Maragogi","_yoast_wpseo_title":"","_yoast_wpseo_metadesc":"Descubra Maragogi, o \"Caribe brasileiro\", com praias paradis\u00edacas, piscinas naturais e um mar de \u00e1guas cristalinas!","jnews-multi-image_gallery":[],"jnews_single_post":{"format":"standard"},"jnews_primary_category":[],"jnews_social_meta":[],"jnews_override_counter":[],"footnotes":""},"categories":[108,111],"post_tag":[2815,389,632],"class_list":["post-18775","post","type-post","status-publish","format-standard","has-post-thumbnail","hentry","category-cidades","category-turismo","tag-alagoas","tag-maragogi","tag-nordeste"],"yoast_head":"<!-- This site is optimized with the Yoast SEO plugin v24.6 - https:\/\/yoast.com\/wordpress\/plugins\/seo\/ -->\n<title>O incr\u00edvel para\u00edso conhecido como o &quot;Caribe brasileiro&quot; - Correio Braziliense - Radar<\/title>\n<meta name=\"description\" content=\"Descubra Maragogi, o &quot;Caribe brasileiro&quot;, com praias paradis\u00edacas, piscinas naturais e um mar de \u00e1guas cristalinas!\" \/>\n<meta name=\"robots\" content=\"index, follow, max-snippet:-1, max-image-preview:large, max-video-preview:-1\" \/>\n<link rel=\"canonical\" href=\"https:\/\/www.correiobraziliense.com.br\/cbradar\/o-incrivel-paraiso-conhecido-como-o-caribe-brasileiro\/\" \/>\n<meta property=\"og:locale\" content=\"pt_BR\" \/>\n<meta property=\"og:type\" content=\"article\" \/>\n<meta property=\"og:title\" content=\"O incr\u00edvel para\u00edso conhecido como o &quot;Caribe brasileiro&quot; - Correio Braziliense - Radar\" \/>\n<meta property=\"og:description\" content=\"Descubra Maragogi, o &quot;Caribe brasileiro&quot;, com praias paradis\u00edacas, piscinas naturais e um mar de \u00e1guas cristalinas!\" \/>\n<meta property=\"og:url\" content=\"https:\/\/www.correiobraziliense.com.br\/cbradar\/o-incrivel-paraiso-conhecido-como-o-caribe-brasileiro\/\" \/>\n<meta property=\"og:site_name\" content=\"Correio Braziliense - Radar\" \/>\n<meta property=\"article:published_time\" content=\"2025-04-04T18:50:00+00:00\" \/>\n<meta property=\"og:image\" content=\"https:\/\/www.correiobraziliense.com.br\/cbradar\/wp-content\/uploads\/2025\/02\/Maragogi_1739488750421.jpg\" \/>\n\t<meta property=\"og:image:width\" content=\"1280\" \/>\n\t<meta property=\"og:image:height\" content=\"720\" \/>\n\t<meta property=\"og:image:type\" content=\"image\/jpeg\" \/>\n<meta name=\"author\" content=\"Maura Pereira\" \/>\n<meta name=\"twitter:card\" content=\"summary_large_image\" \/>\n<meta name=\"twitter:label1\" content=\"Escrito por\" \/>\n\t<meta name=\"twitter:data1\" content=\"Maura Pereira\" \/>\n\t<meta name=\"twitter:label2\" content=\"Est. tempo de leitura\" \/>\n\t<meta name=\"twitter:data2\" content=\"5 minutos\" \/>\n<!-- \/ Yoast SEO plugin. -->","yoast_head_json":{"title":"O incr\u00edvel para\u00edso conhecido como o \"Caribe brasileiro\" - Correio Braziliense - Radar","description":"Descubra Maragogi, o \"Caribe brasileiro\", com praias paradis\u00edacas, piscinas naturais e um mar de \u00e1guas cristalinas!","robots":{"index":"index","follow":"follow","max-snippet":"max-snippet:-1","max-image-preview":"max-image-preview:large","max-video-preview":"max-video-preview:-1"},"canonical":"https:\/\/www.correiobraziliense.com.br\/cbradar\/o-incrivel-paraiso-conhecido-como-o-caribe-brasileiro\/","og_locale":"pt_BR","og_type":"article","og_title":"O incr\u00edvel para\u00edso conhecido como o \"Caribe brasileiro\" - Correio Braziliense - Radar","og_description":"Descubra Maragogi, o \"Caribe brasileiro\", com praias paradis\u00edacas, piscinas naturais e um mar de \u00e1guas cristalinas!","og_url":"https:\/\/www.correiobraziliense.com.br\/cbradar\/o-incrivel-paraiso-conhecido-como-o-caribe-brasileiro\/","og_site_name":"Correio Braziliense - Radar","article_published_time":"2025-04-04T18:50:00+00:00","og_image":[{"width":1280,"height":720,"url":"https:\/\/www.correiobraziliense.com.br\/cbradar\/wp-content\/uploads\/2025\/02\/Maragogi_1739488750421.jpg","type":"image\/jpeg"}],"author":"Maura Pereira","twitter_card":"summary_large_image","twitter_misc":{"Escrito por":"Maura Pereira","Est. tempo de leitura":"5 minutos"},"schema":{"@context":"https:\/\/schema.org","@graph":[{"@type":"WebPage","@id":"https:\/\/www.correiobraziliense.com.br\/cbradar\/o-incrivel-paraiso-conhecido-como-o-caribe-brasileiro\/","url":"https:\/\/www.correiobraziliense.com.br\/cbradar\/o-incrivel-paraiso-conhecido-como-o-caribe-brasileiro\/","name":"O incr\u00edvel para\u00edso conhecido como o \"Caribe brasileiro\" - Correio Braziliense - Radar","isPartOf":{"@id":"https:\/\/www.correiobraziliense.com.br\/cbradar\/#website"},"primaryImageOfPage":{"@id":"https:\/\/www.correiobraziliense.com.br\/cbradar\/o-incrivel-paraiso-conhecido-como-o-caribe-brasileiro\/#primaryimage"},"image":{"@id":"https:\/\/www.correiobraziliense.com.br\/cbradar\/o-incrivel-paraiso-conhecido-como-o-caribe-brasileiro\/#primaryimage"},"thumbnailUrl":"https:\/\/www.correiobraziliense.com.br\/cbradar\/wp-content\/uploads\/2025\/02\/Maragogi_1739488750421.jpg","datePublished":"2025-04-04T18:50:00+00:00","author":{"@id":"https:\/\/www.correiobraziliense.com.br\/cbradar\/#\/schema\/person\/4053c651a9bfc785afc6f4cbc9032fd3"},"description":"Descubra Maragogi, o \"Caribe brasileiro\", com praias paradis\u00edacas, piscinas naturais e um mar de \u00e1guas cristalinas!","breadcrumb":{"@id":"https:\/\/www.correiobraziliense.com.br\/cbradar\/o-incrivel-paraiso-conhecido-como-o-caribe-brasileiro\/#breadcrumb"},"inLanguage":"pt-BR","potentialAction":[{"@type":"ReadAction","target":["https:\/\/www.correiobraziliense.com.br\/cbradar\/o-incrivel-paraiso-conhecido-como-o-caribe-brasileiro\/"]}]},{"@type":"ImageObject","inLanguage":"pt-BR","@id":"https:\/\/www.correiobraziliense.com.br\/cbradar\/o-incrivel-paraiso-conhecido-como-o-caribe-brasileiro\/#primaryimage","url":"https:\/\/www.correiobraziliense.com.br\/cbradar\/wp-content\/uploads\/2025\/02\/Maragogi_1739488750421.jpg","contentUrl":"https:\/\/www.correiobraziliense.com.br\/cbradar\/wp-content\/uploads\/2025\/02\/Maragogi_1739488750421.jpg","width":1280,"height":720,"caption":"Maragogi destaca-se como destino tur\u00edstico em alta no litoral alagoano. \/\/ Cr\u00e9ditos: depositphotos.com \/ Cristian_Lourenco"},{"@type":"BreadcrumbList","@id":"https:\/\/www.correiobraziliense.com.br\/cbradar\/o-incrivel-paraiso-conhecido-como-o-caribe-brasileiro\/#breadcrumb","itemListElement":[{"@type":"ListItem","position":1,"name":"In\u00edcio","item":"https:\/\/www.correiobraziliense.com.br\/cbradar\/"},{"@type":"ListItem","position":2,"name":"O incr\u00edvel para\u00edso conhecido como o &#8220;Caribe brasileiro&#8221;"}]},{"@type":"WebSite","@id":"https:\/\/www.correiobraziliense.com.br\/cbradar\/#website","url":"https:\/\/www.correiobraziliense.com.br\/cbradar\/","name":"Correio Braziliense - Radar","description":"Acompanhe as \u00faltimas not\u00edcias e fique bem informado sobre tudo o que acontece no Brasil e no mundo.","potentialAction":[{"@type":"SearchAction","target":{"@type":"EntryPoint","urlTemplate":"https:\/\/www.correiobraziliense.com.br\/cbradar\/?s={search_term_string}"},"query-input":{"@type":"PropertyValueSpecification","valueRequired":true,"valueName":"search_term_string"}}],"inLanguage":"pt-BR"},{"@type":"Person","@id":"https:\/\/www.correiobraziliense.com.br\/cbradar\/#\/schema\/person\/4053c651a9bfc785afc6f4cbc9032fd3","name":"Maura Pereira","image":{"@type":"ImageObject","inLanguage":"pt-BR","@id":"https:\/\/www.correiobraziliense.com.br\/cbradar\/#\/schema\/person\/image\/","url":"https:\/\/secure.gravatar.com\/avatar\/3effd6bdadfa447f15089c7f7144eaa6?s=96&d=mm&r=g","contentUrl":"https:\/\/secure.gravatar.com\/avatar\/3effd6bdadfa447f15089c7f7144eaa6?s=96&d=mm&r=g","caption":"Maura Pereira"},"sameAs":["https:\/\/www.correiobraziliense.com.br\/"],"url":"https:\/\/www.correiobraziliense.com.br\/cbradar\/author\/mauramyth\/"}]}},"_links":{"self":[{"href":"https:\/\/www.correiobraziliense.com.br\/cbradar\/wp-json\/wp\/v2\/posts\/18775","targetHints":{"allow":["GET"]}}],"collection":[{"href":"https:\/\/www.correiobraziliense.com.br\/cbradar\/wp-json\/wp\/v2\/posts"}],"about":[{"href":"https:\/\/www.correiobraziliense.com.br\/cbradar\/wp-json\/wp\/v2\/types\/post"}],"author":[{"embeddable":true,"href":"https:\/\/www.correiobraziliense.com.br\/cbradar\/wp-json\/wp\/v2\/users\/8"}],"replies":[{"embeddable":true,"href":"https:\/\/www.correiobraziliense.com.br\/cbradar\/wp-json\/wp\/v2\/comments?post=18775"}],"version-history":[{"count":7,"href":"https:\/\/www.correiobraziliense.com.br\/cbradar\/wp-json\/wp\/v2\/posts\/18775\/revisions"}],"predecessor-version":[{"id":18786,"href":"https:\/\/www.correiobraziliense.com.br\/cbradar\/wp-json\/wp\/v2\/posts\/18775\/revisions\/18786"}],"wp:featuredmedia":[{"embeddable":true,"href":"https:\/\/www.correiobraziliense.com.br\/cbradar\/wp-json\/wp\/v2\/media\/2380"}],"wp:attachment":[{"href":"https:\/\/www.correiobraziliense.com.br\/cbradar\/wp-json\/wp\/v2\/media?parent=18775"}],"wp:term":[{"taxonomy":"category","embeddable":true,"href":"https:\/\/www.correiobraziliense.com.br\/cbradar\/wp-json\/wp\/v2\/categories?post=18775"},{"taxonomy":"post_tag","embeddable":true,"href":"https:\/\/www.correiobraziliense.com.br\/cbradar\/wp-json\/wp\/v2\/post_tag?post=18775"}],"curies":[{"name":"wp","href":"https:\/\/api.w.org\/{rel}","templated":true}]}}