{"id":18776,"date":"2025-04-04T17:50:00","date_gmt":"2025-04-04T20:50:00","guid":{"rendered":"https:\/\/www.correiobraziliense.com.br\/cbradar\/?p=18776"},"modified":"2025-04-03T01:16:55","modified_gmt":"2025-04-03T04:16:55","slug":"conheca-essa-vila-isolada-de-pescadores-encantadora-no-brasil","status":"publish","type":"post","link":"https:\/\/www.correiobraziliense.com.br\/cbradar\/conheca-essa-vila-isolada-de-pescadores-encantadora-no-brasil\/","title":{"rendered":"Conhe\u00e7a essa vila isolada de pescadores encantadora no Brasil!"},"content":{"rendered":"\n<p><a href=\"https:\/\/www.jijocadejericoacoara.ce.gov.br\/\" target=\"_blank\" rel=\"noreferrer noopener\"><strong>Jericoacoara<\/strong> <\/a>era uma vila de pescadores isolada at\u00e9 os anos <strong>1980<\/strong>, quando foi descoberta por turistas em busca de praias paradis\u00edacas e natureza intocada. Sua hist\u00f3ria remonta \u00e0s comunidades ind\u00edgenas que habitavam a regi\u00e3o antes da chegada dos colonizadores portugueses, que exploraram a \u00e1rea durante os s\u00e9culos <strong>XVII<\/strong> e <strong>XVIII<\/strong>.<\/p>\n\n\n\n<p>Ao longo do tempo, <strong>Jericoacoara<\/strong> cresceu sem perder seu charme r\u00fastico. Em <strong>2002<\/strong>, a vila foi inclu\u00edda na lista das mais belas praias do mundo pela &#8220;<strong>Washington Post Magazine<\/strong>&#8220;. Hoje, a cidade faz parte de uma \u00e1rea de prote\u00e7\u00e3o ambiental, garantindo a preserva\u00e7\u00e3o de suas paisagens e cultura local.<\/p>\n\n\n\n<h2 class=\"wp-block-heading\">Quais s\u00e3o as curiosidades mais interessantes sobre Jericoacoara?<\/h2>\n\n\n\n<p>Uma das curiosidades mais marcantes de <strong>Jericoacoara<\/strong> \u00e9 que a vila n\u00e3o possui ilumina\u00e7\u00e3o p\u00fablica tradicional. Essa escolha visa preservar o c\u00e9u estrelado e proporcionar uma atmosfera \u00fanica para os visitantes. Outra peculiaridade \u00e9 que as ruas s\u00e3o cobertas de areia, mantendo o aspecto natural da regi\u00e3o.<\/p>\n\n\n\n<p>Al\u00e9m disso, a vila \u00e9 conhecida pelo famoso p\u00f4r do sol na <strong>Duna do P\u00f4r do Sol<\/strong>, onde turistas se re\u00fanem diariamente para assistir ao espet\u00e1culo natural. Tamb\u00e9m h\u00e1 uma lenda local sobre a <strong>Pedra Furada<\/strong>, que diz que casais que passam pelo seu arco juntos t\u00eam um relacionamento duradouro.<\/p>\n\n\n<div class=\"wp-block-image\">\n<figure class=\"aligncenter size-large\"><img decoding=\"async\" src=\"https:\/\/www.correiobraziliense.com.br\/cbradar\/wp-content\/uploads\/2025\/02\/Jericoacoara_1739429038682-1024x576.jpg\" alt=\"Descubra o para\u00edso tropical de dunas e praias incr\u00edveis no Brasil\" class=\"wp-image-2188\"\/><figcaption class=\"wp-element-caption\">Jericoacoara \/\/ Cr\u00e9ditos: depositphotos.com \/ xura<\/figcaption><\/figure><\/div>\n\n\n<h2 class=\"wp-block-heading\">Quais s\u00e3o os principais pontos tur\u00edsticos?<\/h2>\n\n\n\n<p>A <strong><a href=\"https:\/\/www.correiobraziliense.com.br\/cbradar\/conheca-a-cidade-da-misteriosa-lenda-da-pedra-furada\/\" target=\"_blank\" rel=\"noreferrer noopener\">Pedra Furada<\/a><\/strong> \u00e9 um dos pontos mais ic\u00f4nicos de <strong>Jericoacoara<\/strong>, uma forma\u00e7\u00e3o rochosa esculpida pela a\u00e7\u00e3o das ondas e do vento. Outra atra\u00e7\u00e3o imperd\u00edvel \u00e9 a <strong>Lagoa do Para\u00edso<\/strong>, com suas \u00e1guas cristalinas e redes dentro d&#8217;\u00e1gua para descanso.<\/p>\n\n\n\n<p>A <strong>Duna do P\u00f4r do Sol<\/strong> \u00e9 um dos locais mais visitados no fim do dia, proporcionando uma vista espetacular. Para os amantes do ecoturismo, o passeio de buggy pelo litoral at\u00e9 a <strong>Tatajuba<\/strong> \u00e9 uma experi\u00eancia emocionante, com dunas m\u00f3veis e lagoas paradis\u00edacas.<\/p>\n\n\n\n<h2 class=\"wp-block-heading\">Como \u00e9 o clima local e qual a melhor \u00e9poca para visitar?<\/h2>\n\n\n\n<p>O clima de <strong>Jericoacoara<\/strong> \u00e9 quente e seco na maior parte do ano, com temperaturas que variam entre <strong>25\u00b0C<\/strong> e <strong>35\u00b0C<\/strong>. A regi\u00e3o tem uma esta\u00e7\u00e3o chuvosa entre <strong>fevereiro<\/strong> e <strong>maio<\/strong>, sendo os meses de <strong>julho a dezembro<\/strong> os mais indicados para visitar, pois apresentam c\u00e9u limpo e ventos ideais para pr\u00e1ticas como kitesurf.<\/p>\n\n\n\n<p>Visitar fora da alta temporada pode ser uma boa estrat\u00e9gia para evitar aglomera\u00e7\u00f5es e aproveitar pre\u00e7os mais acess\u00edveis. No entanto, se a inten\u00e7\u00e3o for curtir o movimento, os meses de <strong>dezembro<\/strong> e <strong>janeiro<\/strong> s\u00e3o os mais badalados.<\/p>\n\n\n\n<h2 class=\"wp-block-heading\">O que fazer em Jericoacoara al\u00e9m dos pontos tur\u00edsticos?<\/h2>\n\n\n\n<p>Al\u00e9m das atra\u00e7\u00f5es cl\u00e1ssicas, a vida noturna da vila \u00e9 bastante animada, com bares e restaurantes \u00e0 beira-mar. Experimente pratos t\u00edpicos como o peixe na telha e a lagosta grelhada, especialidades dos restaurantes locais.<\/p>\n\n\n\n<p>Para quem busca relaxamento, \u00e9 poss\u00edvel fazer aulas de yoga na praia ou desfrutar de uma massagem com vista para o mar. Tamb\u00e9m h\u00e1 passeios de cavalo ao entardecer, proporcionando uma experi\u00eancia \u00fanica e rom\u00e2ntica.<\/p>\n\n\n\n<h2 class=\"wp-block-heading\">Dicas essenciais<\/h2>\n\n\n\n<p>Apesar de ser um destino seguro, \u00e9 importante estar atento aos pertences pessoais, especialmente em per\u00edodos de maior movimento. Como n\u00e3o h\u00e1 bancos na vila, \u00e9 recomend\u00e1vel levar dinheiro em esp\u00e9cie para evitar imprevistos.<\/p>\n\n\n\n<p>Outra dica valiosa \u00e9 planejar com anteced\u00eancia a hospedagem, pois, na alta temporada, os pre\u00e7os sobem consideravelmente. Para economizar, vale a pena considerar pousadas fora do centro ou agendar a viagem na baixa temporada.<\/p>\n\n\n\n<h2 class=\"wp-block-heading\">Perguntas frequentes (FAQ)<\/h2>\n\n\n\n<p><strong>Qual \u00e9 a melhor \u00e9poca do ano para visitar Jericoacoara? <\/strong><\/p>\n\n\n\n<p>Os meses de <strong>julho a dezembro<\/strong> s\u00e3o os mais indicados, com clima seco e ventos fortes.<\/p>\n\n\n\n<p><strong>Quais pratos t\u00edpicos devem ser experimentados? <\/strong><\/p>\n\n\n\n<p>O peixe na telha e a lagosta grelhada s\u00e3o especialidades imperd\u00edveis.<\/p>\n\n\n\n<p><strong>Quais s\u00e3o as melhores op\u00e7\u00f5es de transporte na cidade? <\/strong><\/p>\n\n\n\n<p>A vila \u00e9 acess\u00edvel por jardineiras e buggies, e n\u00e3o permite carros particulares.<\/p>\n\n\n\n<p><strong>Jericoacoara \u00e9 segura para turistas? <\/strong><\/p>\n\n\n\n<p>Sim, mas \u00e9 recomend\u00e1vel tomar os cuidados b\u00e1sicos com pertences pessoais.<\/p>\n\n\n\n<p><strong>Que eventos e festivais ocorrem anualmente em Jericoacoara? <\/strong><\/p>\n\n\n\n<p>A vila recebe festivais de m\u00fasica, kitesurf e gastronomia ao longo do ano.<\/p>\n","protected":false},"excerpt":{"rendered":"<p>Jericoacoara era uma vila de pescadores isolada at\u00e9 os anos 1980, quando foi descoberta por turistas em busca de praias paradis\u00edacas e natureza intocada. Sua hist\u00f3ria remonta \u00e0s comunidades ind\u00edgenas que habitavam a regi\u00e3o antes da chegada dos colonizadores portugueses, que exploraram a \u00e1rea durante os s\u00e9culos XVII e XVIII. Ao longo do tempo, Jericoacoara [&hellip;]<\/p>\n","protected":false},"author":8,"featured_media":0,"comment_status":"open","ping_status":"open","sticky":false,"template":"","format":"standard","meta":{"_yoast_wpseo_focuskw":"vila","_yoast_wpseo_title":"","_yoast_wpseo_metadesc":"Explore esta charmosa vila de pescadores, um ref\u00fagio isolado com praias paradis\u00edacas, natureza preservada e muito encanto!","jnews-multi-image_gallery":[],"jnews_single_post":{"format":"standard"},"jnews_primary_category":[],"jnews_social_meta":[],"jnews_override_counter":[],"footnotes":""},"categories":[108,111],"tags":[648,2816],"class_list":["post-18776","post","type-post","status-publish","format-standard","hentry","category-cidades","category-turismo","tag-jericoacoara","tag-vila-pedra-furada"],"yoast_head":"<!-- This site is optimized with the Yoast SEO plugin v24.6 - https:\/\/yoast.com\/wordpress\/plugins\/seo\/ -->\n<title>Conhe\u00e7a essa vila isolada de pescadores encantadora no Brasil! - Correio Braziliense - Radar<\/title>\n<meta name=\"description\" content=\"Explore esta charmosa vila de pescadores, um ref\u00fagio isolado com praias paradis\u00edacas, natureza preservada e muito encanto!\" \/>\n<meta name=\"robots\" content=\"index, follow, max-snippet:-1, max-image-preview:large, max-video-preview:-1\" \/>\n<link rel=\"canonical\" href=\"https:\/\/www.correiobraziliense.com.br\/cbradar\/conheca-essa-vila-isolada-de-pescadores-encantadora-no-brasil\/\" \/>\n<meta property=\"og:locale\" content=\"pt_BR\" \/>\n<meta property=\"og:type\" content=\"article\" \/>\n<meta property=\"og:title\" content=\"Conhe\u00e7a essa vila isolada de pescadores encantadora no Brasil! - Correio Braziliense - Radar\" \/>\n<meta property=\"og:description\" content=\"Explore esta charmosa vila de pescadores, um ref\u00fagio isolado com praias paradis\u00edacas, natureza preservada e muito encanto!\" \/>\n<meta property=\"og:url\" content=\"https:\/\/www.correiobraziliense.com.br\/cbradar\/conheca-essa-vila-isolada-de-pescadores-encantadora-no-brasil\/\" \/>\n<meta property=\"og:site_name\" content=\"Correio Braziliense - Radar\" \/>\n<meta property=\"article:published_time\" content=\"2025-04-04T20:50:00+00:00\" \/>\n<meta property=\"og:image\" content=\"https:\/\/www.correiobraziliense.com.br\/cbradar\/wp-content\/uploads\/2025\/02\/Jericoacoara_1740685298787.jpg\" \/>\n\t<meta property=\"og:image:width\" content=\"1280\" \/>\n\t<meta property=\"og:image:height\" content=\"720\" \/>\n\t<meta property=\"og:image:type\" content=\"image\/jpeg\" \/>\n<meta name=\"author\" content=\"Maura Pereira\" \/>\n<meta name=\"twitter:card\" content=\"summary_large_image\" \/>\n<meta name=\"twitter:label1\" content=\"Escrito por\" \/>\n\t<meta name=\"twitter:data1\" content=\"Maura Pereira\" \/>\n\t<meta name=\"twitter:label2\" content=\"Est. tempo de leitura\" \/>\n\t<meta name=\"twitter:data2\" content=\"5 minutos\" \/>\n<!-- \/ Yoast SEO plugin. -->","yoast_head_json":{"title":"Conhe\u00e7a essa vila isolada de pescadores encantadora no Brasil! - Correio Braziliense - Radar","description":"Explore esta charmosa vila de pescadores, um ref\u00fagio isolado com praias paradis\u00edacas, natureza preservada e muito encanto!","robots":{"index":"index","follow":"follow","max-snippet":"max-snippet:-1","max-image-preview":"max-image-preview:large","max-video-preview":"max-video-preview:-1"},"canonical":"https:\/\/www.correiobraziliense.com.br\/cbradar\/conheca-essa-vila-isolada-de-pescadores-encantadora-no-brasil\/","og_locale":"pt_BR","og_type":"article","og_title":"Conhe\u00e7a essa vila isolada de pescadores encantadora no Brasil! - Correio Braziliense - Radar","og_description":"Explore esta charmosa vila de pescadores, um ref\u00fagio isolado com praias paradis\u00edacas, natureza preservada e muito encanto!","og_url":"https:\/\/www.correiobraziliense.com.br\/cbradar\/conheca-essa-vila-isolada-de-pescadores-encantadora-no-brasil\/","og_site_name":"Correio Braziliense - Radar","article_published_time":"2025-04-04T20:50:00+00:00","og_image":[{"width":1280,"height":720,"url":"https:\/\/www.correiobraziliense.com.br\/cbradar\/wp-content\/uploads\/2025\/02\/Jericoacoara_1740685298787.jpg","type":"image\/jpeg"}],"author":"Maura Pereira","twitter_card":"summary_large_image","twitter_misc":{"Escrito por":"Maura Pereira","Est. tempo de leitura":"5 minutos"},"schema":{"@context":"https:\/\/schema.org","@graph":[{"@type":"WebPage","@id":"https:\/\/www.correiobraziliense.com.br\/cbradar\/conheca-essa-vila-isolada-de-pescadores-encantadora-no-brasil\/","url":"https:\/\/www.correiobraziliense.com.br\/cbradar\/conheca-essa-vila-isolada-de-pescadores-encantadora-no-brasil\/","name":"Conhe\u00e7a essa vila isolada de pescadores encantadora no Brasil! - Correio Braziliense - Radar","isPartOf":{"@id":"https:\/\/www.correiobraziliense.com.br\/cbradar\/#website"},"primaryImageOfPage":{"@id":"https:\/\/www.correiobraziliense.com.br\/cbradar\/conheca-essa-vila-isolada-de-pescadores-encantadora-no-brasil\/#primaryimage"},"image":{"@id":"https:\/\/www.correiobraziliense.com.br\/cbradar\/conheca-essa-vila-isolada-de-pescadores-encantadora-no-brasil\/#primaryimage"},"thumbnailUrl":"https:\/\/www.correiobraziliense.com.br\/cbradar\/wp-content\/uploads\/2025\/02\/Jericoacoara_1739429038682-1024x576.jpg","datePublished":"2025-04-04T20:50:00+00:00","author":{"@id":"https:\/\/www.correiobraziliense.com.br\/cbradar\/#\/schema\/person\/4053c651a9bfc785afc6f4cbc9032fd3"},"description":"Explore esta charmosa vila de pescadores, um ref\u00fagio isolado com praias paradis\u00edacas, natureza preservada e muito encanto!","breadcrumb":{"@id":"https:\/\/www.correiobraziliense.com.br\/cbradar\/conheca-essa-vila-isolada-de-pescadores-encantadora-no-brasil\/#breadcrumb"},"inLanguage":"pt-BR","potentialAction":[{"@type":"ReadAction","target":["https:\/\/www.correiobraziliense.com.br\/cbradar\/conheca-essa-vila-isolada-de-pescadores-encantadora-no-brasil\/"]}]},{"@type":"ImageObject","inLanguage":"pt-BR","@id":"https:\/\/www.correiobraziliense.com.br\/cbradar\/conheca-essa-vila-isolada-de-pescadores-encantadora-no-brasil\/#primaryimage","url":"","contentUrl":""},{"@type":"BreadcrumbList","@id":"https:\/\/www.correiobraziliense.com.br\/cbradar\/conheca-essa-vila-isolada-de-pescadores-encantadora-no-brasil\/#breadcrumb","itemListElement":[{"@type":"ListItem","position":1,"name":"In\u00edcio","item":"https:\/\/www.correiobraziliense.com.br\/cbradar\/"},{"@type":"ListItem","position":2,"name":"Conhe\u00e7a essa vila isolada de pescadores encantadora no Brasil!"}]},{"@type":"WebSite","@id":"https:\/\/www.correiobraziliense.com.br\/cbradar\/#website","url":"https:\/\/www.correiobraziliense.com.br\/cbradar\/","name":"Correio Braziliense - Radar","description":"Acompanhe as \u00faltimas not\u00edcias e fique bem informado sobre tudo o que acontece no Brasil e no mundo.","potentialAction":[{"@type":"SearchAction","target":{"@type":"EntryPoint","urlTemplate":"https:\/\/www.correiobraziliense.com.br\/cbradar\/?s={search_term_string}"},"query-input":{"@type":"PropertyValueSpecification","valueRequired":true,"valueName":"search_term_string"}}],"inLanguage":"pt-BR"},{"@type":"Person","@id":"https:\/\/www.correiobraziliense.com.br\/cbradar\/#\/schema\/person\/4053c651a9bfc785afc6f4cbc9032fd3","name":"Maura Pereira","image":{"@type":"ImageObject","inLanguage":"pt-BR","@id":"https:\/\/www.correiobraziliense.com.br\/cbradar\/#\/schema\/person\/image\/","url":"https:\/\/secure.gravatar.com\/avatar\/3effd6bdadfa447f15089c7f7144eaa6?s=96&d=mm&r=g","contentUrl":"https:\/\/secure.gravatar.com\/avatar\/3effd6bdadfa447f15089c7f7144eaa6?s=96&d=mm&r=g","caption":"Maura Pereira"},"sameAs":["https:\/\/www.correiobraziliense.com.br\/"],"url":"https:\/\/www.correiobraziliense.com.br\/cbradar\/author\/mauramyth\/"}]}},"_links":{"self":[{"href":"https:\/\/www.correiobraziliense.com.br\/cbradar\/wp-json\/wp\/v2\/posts\/18776","targetHints":{"allow":["GET"]}}],"collection":[{"href":"https:\/\/www.correiobraziliense.com.br\/cbradar\/wp-json\/wp\/v2\/posts"}],"about":[{"href":"https:\/\/www.correiobraziliense.com.br\/cbradar\/wp-json\/wp\/v2\/types\/post"}],"author":[{"embeddable":true,"href":"https:\/\/www.correiobraziliense.com.br\/cbradar\/wp-json\/wp\/v2\/users\/8"}],"replies":[{"embeddable":true,"href":"https:\/\/www.correiobraziliense.com.br\/cbradar\/wp-json\/wp\/v2\/comments?post=18776"}],"version-history":[{"count":8,"href":"https:\/\/www.correiobraziliense.com.br\/cbradar\/wp-json\/wp\/v2\/posts\/18776\/revisions"}],"predecessor-version":[{"id":18795,"href":"https:\/\/www.correiobraziliense.com.br\/cbradar\/wp-json\/wp\/v2\/posts\/18776\/revisions\/18795"}],"wp:attachment":[{"href":"https:\/\/www.correiobraziliense.com.br\/cbradar\/wp-json\/wp\/v2\/media?parent=18776"}],"wp:term":[{"taxonomy":"category","embeddable":true,"href":"https:\/\/www.correiobraziliense.com.br\/cbradar\/wp-json\/wp\/v2\/categories?post=18776"},{"taxonomy":"post_tag","embeddable":true,"href":"https:\/\/www.correiobraziliense.com.br\/cbradar\/wp-json\/wp\/v2\/tags?post=18776"}],"curies":[{"name":"wp","href":"https:\/\/api.w.org\/{rel}","templated":true}]}}