{"id":18824,"date":"2025-04-05T21:50:00","date_gmt":"2025-04-06T00:50:00","guid":{"rendered":"https:\/\/www.correiobraziliense.com.br\/cbradar\/?p=18824"},"modified":"2025-04-03T02:15:44","modified_gmt":"2025-04-03T05:15:44","slug":"um-paraiso-escondido-famoso-por-ser-o-melhor-litoral-gaucho","status":"publish","type":"post","link":"https:\/\/www.correiobraziliense.com.br\/cbradar\/um-paraiso-escondido-famoso-por-ser-o-melhor-litoral-gaucho\/","title":{"rendered":"Um para\u00edso escondido famoso por ser o melhor litoral ga\u00facho!"},"content":{"rendered":"\n<p>Localizada no litoral norte do <strong>Rio Grande do Sul<\/strong>, <a href=\"https:\/\/torres.rs.gov.br\/\" target=\"_blank\" rel=\"noreferrer noopener\"><strong>Torres<\/strong> <\/a>\u00e9 um dos destinos mais encantadores do estado. Com suas forma\u00e7\u00f5es rochosas impressionantes, praias paradis\u00edacas e um dos festivais de balonismo mais famosos do <strong><a href=\"https:\/\/www.correiobraziliense.com.br\/cbradar\/essa-cidade-carrega-o-antigo-encanto-do-brasil-colonial\/\" target=\"_blank\" rel=\"noreferrer noopener\">Brasil<\/a><\/strong>, a cidade atrai turistas em busca de beleza natural e aventuras inesquec\u00edveis. Al\u00e9m de sua rica hist\u00f3ria, <strong>Torres<\/strong> oferece uma infraestrutura tur\u00edstica completa, garantindo uma experi\u00eancia agrad\u00e1vel para todos os visitantes.<\/p>\n\n\n\n<p>Neste artigo, vamos explorar os principais atrativos, curiosidades e dicas essenciais para que voc\u00ea possa planejar sua viagem com tranquilidade. Se deseja conhecer um dos destinos mais bonitos do sul do <strong>Brasil<\/strong>, continue a leitura e descubra tudo o que <strong>Torres<\/strong> tem a oferecer!<\/p>\n\n\n\n<h2 class=\"wp-block-heading\">O que faz Torres um destino imperd\u00edvel?<\/h2>\n\n\n\n<p><strong>Torres<\/strong>, localizada no litoral norte do <strong>Rio Grande do Sul<\/strong>, \u00e9 um dos destinos mais belos do estado. Conhecida por suas fal\u00e9sias \u00e0 beira-mar e pelo famoso <strong>Festival Internacional de Balonismo<\/strong>, a cidade atrai turistas que buscam paisagens naturais exuberantes e experi\u00eancias \u00fanicas. Neste artigo, vamos explorar a hist\u00f3ria, as principais atra\u00e7\u00f5es e dicas essenciais para tornar sua visita inesquec\u00edvel.<\/p>\n\n\n<div class=\"wp-block-image\">\n<figure class=\"aligncenter size-large\"><img decoding=\"async\" width=\"1024\" height=\"576\" src=\"https:\/\/www.correiobraziliense.com.br\/cbradar\/wp-content\/uploads\/2025\/02\/Design-sem-nome-2-1024x576.png\" alt=\"O para\u00edso escondido no litoral do sul do Brasil que voc\u00ea precisa conhecer\" class=\"wp-image-1754\" srcset=\"https:\/\/www.correiobraziliense.com.br\/cbradar\/wp-content\/uploads\/2025\/02\/Design-sem-nome-2-1024x576.png 1024w, https:\/\/www.correiobraziliense.com.br\/cbradar\/wp-content\/uploads\/2025\/02\/Design-sem-nome-2-300x169.png 300w, https:\/\/www.correiobraziliense.com.br\/cbradar\/wp-content\/uploads\/2025\/02\/Design-sem-nome-2-768x432.png 768w, https:\/\/www.correiobraziliense.com.br\/cbradar\/wp-content\/uploads\/2025\/02\/Design-sem-nome-2-750x422.png 750w, https:\/\/www.correiobraziliense.com.br\/cbradar\/wp-content\/uploads\/2025\/02\/Design-sem-nome-2-1140x641.png 1140w, https:\/\/www.correiobraziliense.com.br\/cbradar\/wp-content\/uploads\/2025\/02\/Design-sem-nome-2.png 1280w\" sizes=\"(max-width: 1024px) 100vw, 1024px\" \/><figcaption class=\"wp-element-caption\">Rio Mampituba, Torres, RS \/\/ Reprodu\u00e7\u00e3o: Prefeitura de Torres (https:\/\/torres.rs.gov.br)<\/figcaption><\/figure><\/div>\n\n\n<h2 class=\"wp-block-heading\">Qual \u00e9 a hist\u00f3ria de Torres?<\/h2>\n\n\n\n<p>A regi\u00e3o de <strong>Torres<\/strong> foi habitada originalmente por povos ind\u00edgenas, como os <strong>Guaranis <\/strong>e os <strong>Kaingangs<\/strong>. Durante o per\u00edodo colonial, a localiza\u00e7\u00e3o estrat\u00e9gica atraiu exploradores portugueses e espanh\u00f3is, que disputavam territ\u00f3rio na regi\u00e3o sul do <strong>Brasil<\/strong>. Em <strong>1878<\/strong>, <strong>Torres<\/strong> foi emancipada, tornando-se um importante ponto de refer\u00eancia para o turismo e a pesca na regi\u00e3o.<\/p>\n\n\n\n<p>Ao longo do s\u00e9culo <strong>XX<\/strong>, o litoral ga\u00facho cresceu como destino tur\u00edstico, especialmente por suas paisagens naturais \u00fanicas. As famosas torres de basalto, que d\u00e3o nome \u00e0 cidade, s\u00e3o forma\u00e7\u00f5es rochosas impressionantes que se destacam na orla e s\u00e3o um s\u00edmbolo local.<\/p>\n\n\n\n<h2 class=\"wp-block-heading\">Quais s\u00e3o as curiosidades mais interessantes sobre Torres?<\/h2>\n\n\n\n<p>Al\u00e9m das belas paisagens, <strong>Torres<\/strong> abriga o maior evento de balonismo da <strong>Am\u00e9rica do Sul<\/strong>, atraindo competidores de diversas partes do mundo. Durante o festival, o c\u00e9u da cidade se enche de cores, proporcionando um espet\u00e1culo inesquec\u00edvel para visitantes e moradores.<\/p>\n\n\n\n<p>Outro fato curioso \u00e9 que <strong>Torres<\/strong> <strong>\u00e9 a \u00fanica cidade do Rio Grande do Sul com praias banhadas pelo<\/strong> <strong>Oceano Atl\u00e2ntico<\/strong>, tornando-se um destino diferenciado no estado. Sua bandeira e bras\u00e3o t\u00eam elementos que representam o mar, as torres de pedra e a hist\u00f3ria local.<\/p>\n\n\n\n<h2 class=\"wp-block-heading\">Quais s\u00e3o os principais pontos tur\u00edsticos de Torres?<\/h2>\n\n\n\n<p>Um dos destaques \u00e9 o <strong>Parque Estadual da Guarita<\/strong>, onde est\u00e3o as ic\u00f4nicas fal\u00e9sias que d\u00e3o nome \u00e0 cidade. O local \u00e9 ideal para trilhas, fotografia e contempla\u00e7\u00e3o da natureza. Outra parada obrigat\u00f3ria \u00e9 a <strong>Praia da Guarita<\/strong>, famosa por suas \u00e1guas cristalinas e cen\u00e1rio paradis\u00edaco.<\/p>\n\n\n\n<p>Para os aventureiros, o litoral ga\u00facho guarda o <strong>Morro do Farol<\/strong>, que oferece uma vista panor\u00e2mica impressionante, sendo um excelente ponto para observa\u00e7\u00e3o de baleias-francas entre julho e novembro. J\u00e1 o <strong>Rio Mampituba<\/strong> marca a divisa entre <strong>Rio Grande do Sul<\/strong> e <strong>Santa Catarina<\/strong>, proporcionando passeios de barco relaxantes.<\/p>\n\n\n\n<h2 class=\"wp-block-heading\">Como \u00e9 o clima local e qual a melhor \u00e9poca para visitar?<\/h2>\n\n\n\n<p>O clima de <strong>Torres<\/strong> \u00e9 subtropical \u00famido, com ver\u00f5es quentes e invernos amenos. Durante o ver\u00e3o, as temperaturas podem chegar a <strong>30\u00b0C<\/strong>, sendo a alta temporada para turistas. No inverno, a temperatura m\u00e9dia fica em torno de <strong>15\u00b0C<\/strong>, tornando-se uma \u00e9poca mais tranquila para visitar.<\/p>\n\n\n\n<p>A melhor \u00e9poca para conhecer <strong>Torres<\/strong> depende do que voc\u00ea busca. Se deseja aproveitar as praias, os meses de dezembro a mar\u00e7o s\u00e3o ideais. J\u00e1 para os amantes do balonismo, o festival ocorre geralmente em abril ou maio, proporcionando um evento imperd\u00edvel.<\/p>\n\n\n\n<h2 class=\"wp-block-heading\">O que fazer em Torres al\u00e9m dos pontos tur\u00edsticos?<\/h2>\n\n\n\n<p>Para uma experi\u00eancia aut\u00eantica, vale a pena visitar as feiras de artesanato local e saborear pratos t\u00edpicos da culin\u00e1ria ga\u00facha. Restaurantes especializados em frutos-do-mar oferecem pratos \u00e0 base de peixe e camar\u00e3o frescos, uma verdadeira del\u00edcia.<\/p>\n\n\n\n<p>Quem busca hospedagem pode encontrar desde pousadas aconchegantes at\u00e9 hot\u00e9is sofisticados com vista para o mar. O transporte \u00e9 facilitado por \u00f4nibus urbanos e aplicativos de mobilidade, garantindo deslocamento tranquilo pela cidade.<\/p>\n\n\n\n<h2 class=\"wp-block-heading\">Dicas essenciais<\/h2>\n\n\n\n<p>Mantenha sempre aten\u00e7\u00e3o aos pertences pessoais, especialmente em \u00e9pocas de grande movimento tur\u00edstico. O transporte p\u00fablico \u00e9 eficiente, mas alugar um carro pode ser uma op\u00e7\u00e3o vantajosa para explorar a regi\u00e3o com mais liberdade.<\/p>\n\n\n\n<p>Para economizar, busque por promo\u00e7\u00f5es de hospedagem e evite a alta temporada, pois durante o ver\u00e3o turistas tendem a viajar para o litoral ga\u00facho. Al\u00e9m disso, fique atento a restaurantes e passeios tur\u00edsticos que oferecem descontos especiais para turistas.<\/p>\n\n\n\n<h2 class=\"wp-block-heading\">Perguntas frequentes (FAQ)<\/h2>\n\n\n\n<p><strong>Qual \u00e9 a melhor \u00e9poca do ano para visitar Torres?<\/strong><br>Depende do clima e dos eventos locais, como o Festival de Balonismo.<\/p>\n\n\n\n<p><strong>Quais pratos t\u00edpicos devem ser experimentados?<\/strong><br>Comida t\u00edpica de um bom litoral. Frutos-do-mar frescos e churrasco ga\u00facho s\u00e3o imperd\u00edveis.<\/p>\n\n\n\n<p><strong>Quais s\u00e3o as melhores op\u00e7\u00f5es de transporte na cidade?<\/strong><br>\u00d4nibus, aplicativos de transporte e aluguel de carros s\u00e3o boas op\u00e7\u00f5es.<\/p>\n\n\n\n<p><strong>Torres \u00e9 segura para turistas?<\/strong><br>Sim, mas \u00e9 sempre recomend\u00e1vel manter aten\u00e7\u00e3o aos pertences.<\/p>\n\n\n\n<p><strong>Que eventos e festivais ocorrem anualmente em Torres?<\/strong><br>O Festival Internacional de Balonismo \u00e9 o mais famoso, al\u00e9m de eventos culturais e esportivos.<\/p>\n\n\n\n<p>Seja para relaxar em praias paradis\u00edacas, explorar trilhas ou vivenciar o espet\u00e1culo do balonismo, <strong>Torres<\/strong> \u00e9 um destino que surpreende em cada detalhe. N\u00e3o perca a chance de conhecer esse para\u00edso ga\u00facho e aproveitar tudo o que a cidade tem a oferecer!<\/p>\n","protected":false},"excerpt":{"rendered":"<p>Localizada no litoral norte do Rio Grande do Sul, Torres \u00e9 um dos destinos mais encantadores do estado. Com suas forma\u00e7\u00f5es rochosas impressionantes, praias paradis\u00edacas e um dos festivais de balonismo mais famosos do Brasil, a cidade atrai turistas em busca de beleza natural e aventuras inesquec\u00edveis. Al\u00e9m de sua rica hist\u00f3ria, Torres oferece uma [&hellip;]<\/p>\n","protected":false},"author":8,"featured_media":1755,"comment_status":"open","ping_status":"open","sticky":false,"template":"","format":"standard","meta":{"_yoast_wpseo_focuskw":"litoral","_yoast_wpseo_title":"","_yoast_wpseo_metadesc":"Explore este para\u00edso escondido, considerado o melhor litoral do Rio Grande do Sul, com praias deslumbrantes, eventos e natureza exuberante!","jnews-multi-image_gallery":[],"jnews_single_post":{"format":"standard"},"jnews_primary_category":[],"jnews_social_meta":[],"jnews_override_counter":[],"footnotes":""},"categories":[108,111],"tags":[217,579],"class_list":["post-18824","post","type-post","status-publish","format-standard","has-post-thumbnail","hentry","category-cidades","category-turismo","tag-rio-grande-do-sul","tag-torres"],"yoast_head":"<!-- This site is optimized with the Yoast SEO plugin v24.6 - https:\/\/yoast.com\/wordpress\/plugins\/seo\/ -->\n<title>Um para\u00edso escondido famoso por ser o melhor litoral ga\u00facho! - Correio Braziliense - Radar<\/title>\n<meta name=\"description\" content=\"Explore este para\u00edso escondido, considerado o melhor litoral do Rio Grande do Sul, com praias deslumbrantes, eventos e natureza exuberante!\" \/>\n<meta name=\"robots\" content=\"index, follow, max-snippet:-1, max-image-preview:large, max-video-preview:-1\" \/>\n<link rel=\"canonical\" href=\"https:\/\/www.correiobraziliense.com.br\/cbradar\/um-paraiso-escondido-famoso-por-ser-o-melhor-litoral-gaucho\/\" \/>\n<meta property=\"og:locale\" content=\"pt_BR\" \/>\n<meta property=\"og:type\" content=\"article\" \/>\n<meta property=\"og:title\" content=\"Um para\u00edso escondido famoso por ser o melhor litoral ga\u00facho! - Correio Braziliense - Radar\" \/>\n<meta property=\"og:description\" content=\"Explore este para\u00edso escondido, considerado o melhor litoral do Rio Grande do Sul, com praias deslumbrantes, eventos e natureza exuberante!\" \/>\n<meta property=\"og:url\" content=\"https:\/\/www.correiobraziliense.com.br\/cbradar\/um-paraiso-escondido-famoso-por-ser-o-melhor-litoral-gaucho\/\" \/>\n<meta property=\"og:site_name\" content=\"Correio Braziliense - Radar\" \/>\n<meta property=\"article:published_time\" content=\"2025-04-06T00:50:00+00:00\" \/>\n<meta property=\"og:image\" content=\"https:\/\/www.correiobraziliense.com.br\/cbradar\/wp-content\/uploads\/2025\/02\/Design-sem-nome-3.png\" \/>\n\t<meta property=\"og:image:width\" content=\"1280\" \/>\n\t<meta property=\"og:image:height\" content=\"720\" \/>\n\t<meta property=\"og:image:type\" content=\"image\/png\" \/>\n<meta name=\"author\" content=\"Maura Pereira\" \/>\n<meta name=\"twitter:card\" content=\"summary_large_image\" \/>\n<meta name=\"twitter:label1\" content=\"Escrito por\" \/>\n\t<meta name=\"twitter:data1\" content=\"Maura Pereira\" \/>\n\t<meta name=\"twitter:label2\" content=\"Est. tempo de leitura\" \/>\n\t<meta name=\"twitter:data2\" content=\"6 minutos\" \/>\n<!-- \/ Yoast SEO plugin. -->","yoast_head_json":{"title":"Um para\u00edso escondido famoso por ser o melhor litoral ga\u00facho! - Correio Braziliense - Radar","description":"Explore este para\u00edso escondido, considerado o melhor litoral do Rio Grande do Sul, com praias deslumbrantes, eventos e natureza exuberante!","robots":{"index":"index","follow":"follow","max-snippet":"max-snippet:-1","max-image-preview":"max-image-preview:large","max-video-preview":"max-video-preview:-1"},"canonical":"https:\/\/www.correiobraziliense.com.br\/cbradar\/um-paraiso-escondido-famoso-por-ser-o-melhor-litoral-gaucho\/","og_locale":"pt_BR","og_type":"article","og_title":"Um para\u00edso escondido famoso por ser o melhor litoral ga\u00facho! - Correio Braziliense - Radar","og_description":"Explore este para\u00edso escondido, considerado o melhor litoral do Rio Grande do Sul, com praias deslumbrantes, eventos e natureza exuberante!","og_url":"https:\/\/www.correiobraziliense.com.br\/cbradar\/um-paraiso-escondido-famoso-por-ser-o-melhor-litoral-gaucho\/","og_site_name":"Correio Braziliense - Radar","article_published_time":"2025-04-06T00:50:00+00:00","og_image":[{"width":1280,"height":720,"url":"https:\/\/www.correiobraziliense.com.br\/cbradar\/wp-content\/uploads\/2025\/02\/Design-sem-nome-3.png","type":"image\/png"}],"author":"Maura Pereira","twitter_card":"summary_large_image","twitter_misc":{"Escrito por":"Maura Pereira","Est. tempo de leitura":"6 minutos"},"schema":{"@context":"https:\/\/schema.org","@graph":[{"@type":"WebPage","@id":"https:\/\/www.correiobraziliense.com.br\/cbradar\/um-paraiso-escondido-famoso-por-ser-o-melhor-litoral-gaucho\/","url":"https:\/\/www.correiobraziliense.com.br\/cbradar\/um-paraiso-escondido-famoso-por-ser-o-melhor-litoral-gaucho\/","name":"Um para\u00edso escondido famoso por ser o melhor litoral ga\u00facho! - Correio Braziliense - Radar","isPartOf":{"@id":"https:\/\/www.correiobraziliense.com.br\/cbradar\/#website"},"primaryImageOfPage":{"@id":"https:\/\/www.correiobraziliense.com.br\/cbradar\/um-paraiso-escondido-famoso-por-ser-o-melhor-litoral-gaucho\/#primaryimage"},"image":{"@id":"https:\/\/www.correiobraziliense.com.br\/cbradar\/um-paraiso-escondido-famoso-por-ser-o-melhor-litoral-gaucho\/#primaryimage"},"thumbnailUrl":"https:\/\/www.correiobraziliense.com.br\/cbradar\/wp-content\/uploads\/2025\/02\/Design-sem-nome-3.png","datePublished":"2025-04-06T00:50:00+00:00","author":{"@id":"https:\/\/www.correiobraziliense.com.br\/cbradar\/#\/schema\/person\/4053c651a9bfc785afc6f4cbc9032fd3"},"description":"Explore este para\u00edso escondido, considerado o melhor litoral do Rio Grande do Sul, com praias deslumbrantes, eventos e natureza exuberante!","breadcrumb":{"@id":"https:\/\/www.correiobraziliense.com.br\/cbradar\/um-paraiso-escondido-famoso-por-ser-o-melhor-litoral-gaucho\/#breadcrumb"},"inLanguage":"pt-BR","potentialAction":[{"@type":"ReadAction","target":["https:\/\/www.correiobraziliense.com.br\/cbradar\/um-paraiso-escondido-famoso-por-ser-o-melhor-litoral-gaucho\/"]}]},{"@type":"ImageObject","inLanguage":"pt-BR","@id":"https:\/\/www.correiobraziliense.com.br\/cbradar\/um-paraiso-escondido-famoso-por-ser-o-melhor-litoral-gaucho\/#primaryimage","url":"https:\/\/www.correiobraziliense.com.br\/cbradar\/wp-content\/uploads\/2025\/02\/Design-sem-nome-3.png","contentUrl":"https:\/\/www.correiobraziliense.com.br\/cbradar\/wp-content\/uploads\/2025\/02\/Design-sem-nome-3.png","width":1280,"height":720,"caption":"Torres, Rio Grande do Sul \/\/ Reprodu\u00e7\u00e3o: Prefeitura de Torres (https:\/\/torres.rs.gov.br)"},{"@type":"BreadcrumbList","@id":"https:\/\/www.correiobraziliense.com.br\/cbradar\/um-paraiso-escondido-famoso-por-ser-o-melhor-litoral-gaucho\/#breadcrumb","itemListElement":[{"@type":"ListItem","position":1,"name":"In\u00edcio","item":"https:\/\/www.correiobraziliense.com.br\/cbradar\/"},{"@type":"ListItem","position":2,"name":"Um para\u00edso escondido famoso por ser o melhor litoral ga\u00facho!"}]},{"@type":"WebSite","@id":"https:\/\/www.correiobraziliense.com.br\/cbradar\/#website","url":"https:\/\/www.correiobraziliense.com.br\/cbradar\/","name":"Correio Braziliense - Radar","description":"Acompanhe as \u00faltimas not\u00edcias e fique bem informado sobre tudo o que acontece no Brasil e no mundo.","potentialAction":[{"@type":"SearchAction","target":{"@type":"EntryPoint","urlTemplate":"https:\/\/www.correiobraziliense.com.br\/cbradar\/?s={search_term_string}"},"query-input":{"@type":"PropertyValueSpecification","valueRequired":true,"valueName":"search_term_string"}}],"inLanguage":"pt-BR"},{"@type":"Person","@id":"https:\/\/www.correiobraziliense.com.br\/cbradar\/#\/schema\/person\/4053c651a9bfc785afc6f4cbc9032fd3","name":"Maura Pereira","image":{"@type":"ImageObject","inLanguage":"pt-BR","@id":"https:\/\/www.correiobraziliense.com.br\/cbradar\/#\/schema\/person\/image\/","url":"https:\/\/secure.gravatar.com\/avatar\/3effd6bdadfa447f15089c7f7144eaa6?s=96&d=mm&r=g","contentUrl":"https:\/\/secure.gravatar.com\/avatar\/3effd6bdadfa447f15089c7f7144eaa6?s=96&d=mm&r=g","caption":"Maura Pereira"},"sameAs":["https:\/\/www.correiobraziliense.com.br\/"],"url":"https:\/\/www.correiobraziliense.com.br\/cbradar\/author\/mauramyth\/"}]}},"_links":{"self":[{"href":"https:\/\/www.correiobraziliense.com.br\/cbradar\/wp-json\/wp\/v2\/posts\/18824","targetHints":{"allow":["GET"]}}],"collection":[{"href":"https:\/\/www.correiobraziliense.com.br\/cbradar\/wp-json\/wp\/v2\/posts"}],"about":[{"href":"https:\/\/www.correiobraziliense.com.br\/cbradar\/wp-json\/wp\/v2\/types\/post"}],"author":[{"embeddable":true,"href":"https:\/\/www.correiobraziliense.com.br\/cbradar\/wp-json\/wp\/v2\/users\/8"}],"replies":[{"embeddable":true,"href":"https:\/\/www.correiobraziliense.com.br\/cbradar\/wp-json\/wp\/v2\/comments?post=18824"}],"version-history":[{"count":13,"href":"https:\/\/www.correiobraziliense.com.br\/cbradar\/wp-json\/wp\/v2\/posts\/18824\/revisions"}],"predecessor-version":[{"id":18873,"href":"https:\/\/www.correiobraziliense.com.br\/cbradar\/wp-json\/wp\/v2\/posts\/18824\/revisions\/18873"}],"wp:featuredmedia":[{"embeddable":true,"href":"https:\/\/www.correiobraziliense.com.br\/cbradar\/wp-json\/wp\/v2\/media\/1755"}],"wp:attachment":[{"href":"https:\/\/www.correiobraziliense.com.br\/cbradar\/wp-json\/wp\/v2\/media?parent=18824"}],"wp:term":[{"taxonomy":"category","embeddable":true,"href":"https:\/\/www.correiobraziliense.com.br\/cbradar\/wp-json\/wp\/v2\/categories?post=18824"},{"taxonomy":"post_tag","embeddable":true,"href":"https:\/\/www.correiobraziliense.com.br\/cbradar\/wp-json\/wp\/v2\/tags?post=18824"}],"curies":[{"name":"wp","href":"https:\/\/api.w.org\/{rel}","templated":true}]}}