{"id":18888,"date":"2025-04-04T18:10:00","date_gmt":"2025-04-04T21:10:00","guid":{"rendered":"https:\/\/www.correiobraziliense.com.br\/cbradar\/?p=18888"},"modified":"2025-06-28T02:14:15","modified_gmt":"2025-06-28T05:14:15","slug":"serie-com-jornada-epica-esta-escondida-na-netflix","status":"publish","type":"post","link":"https:\/\/www.correiobraziliense.com.br\/cbradar\/serie-com-jornada-epica-esta-escondida-na-netflix\/","title":{"rendered":"S\u00e9rie com jornada \u00e9pica est\u00e1 escondida na Netflix"},"content":{"rendered":"\n<p>A <strong>Netflix<\/strong> enfrenta um dos maiores desafios da hist\u00f3ria do <strong><a href=\"https:\/\/www.correiobraziliense.com.br\/cbradar\/os-melhores-filmes-de-ficcao-cientifica-que-sao-totalmente-desconhecidos\/\" target=\"_blank\" rel=\"noreferrer noopener\">streaming <\/a><\/strong>com a substitui\u00e7\u00e3o de <strong>Henry Cavill<\/strong> por <strong>Liam Hemsworth<\/strong> no papel central de <strong>Geralt de Rivia<\/strong> em <strong>&#8220;The Witcher&#8221;<\/strong>. A mudan\u00e7a, anunciada em outubro de 2022, divide f\u00e3s e cria press\u00e3o in\u00e9dita sobre a quarta temporada, prevista para estrear no final de 2025. A produ\u00e7\u00e3o representa um teste crucial para viabilidade de grandes recasts em s\u00e9ries consolidadas, especialmente quando envolvem protagonistas carism\u00e1ticos.<\/p>\n\n\n\n<p>A sa\u00edda de <strong>Cavill<\/strong> ap\u00f3s tr\u00eas temporadas gerou especula\u00e7\u00f5es intensas sobre os motivos da decis\u00e3o. O ator, reconhecido f\u00e3 dos livros de <strong>Andrzej Sapkowski<\/strong> e dos jogos da <strong>CD Projekt Red<\/strong>, havia se comprometido publicamente com sete temporadas da s\u00e9rie. Sua partida coincidiu com cr\u00edticas crescentes de f\u00e3s sobre mudan\u00e7as narrativas em rela\u00e7\u00e3o ao material original, sugerindo poss\u00edvel tens\u00e3o criativa entre o ator e a produ\u00e7\u00e3o liderada por <strong>Lauren Schmidt Hissrich<\/strong>.<\/p>\n\n\n\n<h2 class=\"wp-block-heading\"><strong>Como a produ\u00e7\u00e3o justifica narrativamente a troca de protagonistas?<\/strong><\/h2>\n\n\n\n<p>A <strong>Netflix<\/strong> adotou estrat\u00e9gia in\u00e9dita ao incorporar meta-narrativamente a mudan\u00e7a de ator dentro da pr\u00f3pria hist\u00f3ria. Vazamentos de bastidores revelam que a quarta temporada utilizar\u00e1 os personagens <strong>Nimue<\/strong> e <strong>Stribog<\/strong> &#8211; narradores que aparecem no futuro dos livros &#8211; para abordar diretamente a transi\u00e7\u00e3o. Essa abordagem quebra conven\u00e7\u00f5es televisivas tradicionais, onde recasts s\u00e3o geralmente ignorados pelos roteiros.<\/p>\n\n\n\n<p><strong>Stribog<\/strong>, interpretado como contador de hist\u00f3rias sobre <strong>Geralt<\/strong>, ser\u00e1 interrompido por <strong>Nimue<\/strong> com alega\u00e7\u00f5es de que &#8220;certos detalhes estavam errados&#8221; nas narrativas anteriores. A estrat\u00e9gia permite recontextualizar eventos passados e justificar diferen\u00e7as visuais e interpretativas entre <strong>Cavill<\/strong> e <strong>Hemsworth<\/strong>. Fotos vazadas do set mostram <strong>Hemsworth<\/strong> recriando cenas ic\u00f4nicas de temporadas anteriores, incluindo o confronto com <strong>Vilgefortz<\/strong>, sugerindo que parte da narrativa ser\u00e1 revista sob nova perspectiva.<\/p>\n\n\n\n<figure class=\"wp-block-image size-large\"><img decoding=\"async\" width=\"1024\" height=\"576\" src=\"https:\/\/www.correiobraziliense.com.br\/cbradar\/wp-content\/uploads\/2025\/04\/Netflix_1743672068555-1024x576.jpg\" alt=\"The Witcher: uma jornada \u00e9pica na Netflix\" class=\"wp-image-18890\" srcset=\"https:\/\/www.correiobraziliense.com.br\/cbradar\/wp-content\/uploads\/2025\/04\/Netflix_1743672068555-1024x576.jpg 1024w, https:\/\/www.correiobraziliense.com.br\/cbradar\/wp-content\/uploads\/2025\/04\/Netflix_1743672068555-300x169.jpg 300w, https:\/\/www.correiobraziliense.com.br\/cbradar\/wp-content\/uploads\/2025\/04\/Netflix_1743672068555-768x432.jpg 768w, https:\/\/www.correiobraziliense.com.br\/cbradar\/wp-content\/uploads\/2025\/04\/Netflix_1743672068555-750x422.jpg 750w, https:\/\/www.correiobraziliense.com.br\/cbradar\/wp-content\/uploads\/2025\/04\/Netflix_1743672068555-1140x641.jpg 1140w, https:\/\/www.correiobraziliense.com.br\/cbradar\/wp-content\/uploads\/2025\/04\/Netflix_1743672068555.jpg 1280w\" sizes=\"(max-width: 1024px) 100vw, 1024px\" \/><figcaption class=\"wp-element-caption\">Netflix\nCr\u00e9ditos: depositphotos.com \/ rafapress<\/figcaption><\/figure>\n\n\n\n<h2 class=\"wp-block-heading\"><strong>Qual \u00e9 o n\u00edvel de press\u00e3o sobre Liam Hemsworth?<\/strong><\/h2>\n\n\n\n<p><strong>Hemsworth<\/strong> enfrenta desafio compar\u00e1vel ao de atores que assumiram pap\u00e9is ic\u00f4nicos em franquias estabelecidas. Aos 34 anos, o ator australiano conhecido por <strong>&#8220;Jogos Vorazes&#8221;<\/strong> deve estabelecer credibilidade em personagem que <strong>Cavill<\/strong> interpretou com aclama\u00e7\u00e3o cr\u00edtica e popular durante seis anos. As filmagens da quarta temporada, conclu\u00eddas em outubro de 2024, foram realizadas simultaneamente com a quinta temporada, intensificando a press\u00e3o para acerto imediato.<\/p>\n\n\n\n<p>A situa\u00e7\u00e3o complica-se com o lan\u00e7amento do filme animado <strong>&#8220;The Witcher: Sirens of the Deep&#8221;<\/strong> em fevereiro de 2025, onde <strong>Doug Cockle<\/strong> &#8211; voz original de <strong>Geralt<\/strong> nos videojogos &#8211; dubla o personagem. Isso significa que tr\u00eas atores diferentes interpretar\u00e3o <strong>Geralt<\/strong> em 2025, criando compara\u00e7\u00f5es inevit\u00e1veis que podem prejudicar a recep\u00e7\u00e3o de <strong>Hemsworth<\/strong>. O ator demonstrou comprometimento f\u00edsico atrav\u00e9s de treinamento intensivo documentado nas redes sociais, mas a performance final permanece inc\u00f3gnita.<\/p>\n\n\n\n<h2 class=\"wp-block-heading\"><strong>Por que a Netflix mant\u00e9m a s\u00e9rie apesar das controv\u00e9rsias?<\/strong><\/h2>\n\n\n\n<p><strong>&#8220;The Witcher&#8221;<\/strong> continua sendo propriedade valiosa para a <strong>Netflix<\/strong> devido a n\u00fameros de audi\u00eancia consistentes, apesar de cr\u00edticas de f\u00e3s dos livros. A plataforma investiu significativamente no universo expandido, incluindo a prequel <strong>&#8220;Blood Origin&#8221;<\/strong> e m\u00faltiplos projetos em desenvolvimento. A decis\u00e3o de filmar as temporadas 4 e 5 consecutivamente indica confian\u00e7a no material e necessidade de concluir adapta\u00e7\u00e3o dos livros restantes.<\/p>\n\n\n\n<p>A estrat\u00e9gia reflete tamb\u00e9m limita\u00e7\u00f5es or\u00e7ament\u00e1rias e contratuais. Com <strong>Hemsworth<\/strong> custando menos que <strong>Cavill<\/strong> e possibilidade de renegociar contratos de elenco secund\u00e1rio, a <strong>Netflix<\/strong> pode reduzir custos de produ\u00e7\u00e3o mantendo qualidade visual. A quinta temporada j\u00e1 confirmada como final oferece cronograma definido para conclus\u00e3o da adapta\u00e7\u00e3o de <strong>Sapkowski<\/strong>, criando meta clara independente de recep\u00e7\u00e3o da transi\u00e7\u00e3o.<\/p>\n\n\n\n<iframe loading=\"lazy\" width=\"560\" height=\"315\" src=\"https:\/\/www.youtube.com\/embed\/tjujvMkqWe4?si=TD_Tyw1Pwf4Klx9Z\" title=\"YouTube video player\" frameborder=\"0\" allow=\"accelerometer; autoplay; clipboard-write; encrypted-media; gyroscope; picture-in-picture; web-share\" referrerpolicy=\"strict-origin-when-cross-origin\" allowfullscreen><\/iframe>\n\n\n\n<h2 class=\"wp-block-heading\"><strong>O que determina o sucesso ou fracasso desta estrat\u00e9gia?<\/strong><\/h2>\n\n\n\n<p>O sucesso da transi\u00e7\u00e3o depende primariamente da capacidade de <strong>Hemsworth<\/strong> capturar ess\u00eancia de <strong>Geralt<\/strong> sem imitar <strong>Cavill<\/strong>. Especialistas em desenvolvimento de personagens enfatizam a import\u00e2ncia de maneirismos espec\u00edficos &#8211; os grunhidos caracter\u00edsticos, timing c\u00f4mico e presen\u00e7a f\u00edsica &#8211; que definem <strong>Geralt<\/strong> al\u00e9m do di\u00e1logo. <strong>Hemsworth<\/strong> deve equilibrar continuidade com inova\u00e7\u00e3o interpretativa.<\/p>\n\n\n\n<p>A recep\u00e7\u00e3o cr\u00edtica das primeiras semanas ser\u00e1 determinante para a longevidade da estrat\u00e9gia. Dados iniciais de visualiza\u00e7\u00e3o e engajamento nas redes sociais influenciar\u00e3o decis\u00f5es sobre futuros projetos no universo <strong>Witcher<\/strong>. A <strong>Netflix<\/strong> monitora m\u00e9tricas de reten\u00e7\u00e3o de audi\u00eancia e conclus\u00e3o de epis\u00f3dios para avaliar a aceita\u00e7\u00e3o da mudan\u00e7a. Falha significativa pode resultar em cancelamento prematuro de spin-offs planejados e reavaliar viabilidade de grandes recasts em produ\u00e7\u00f5es futuras.<\/p>\n","protected":false},"excerpt":{"rendered":"<p>Embarque em uma jornada \u00e9pica com The Witcher, uma s\u00e9rie da Netflix que cativa com seu enredo intrincado e personagens complexos.<\/p>\n","protected":false},"author":3,"featured_media":18889,"comment_status":"open","ping_status":"open","sticky":false,"template":"","format":"standard","meta":{"_yoast_wpseo_focuskw":"The Witcher Netflix","_yoast_wpseo_title":"%%title%%","_yoast_wpseo_metadesc":"Embarque em uma jornada \u00e9pica com The Witcher, uma s\u00e9rie da Netflix que cativa com seu enredo intrincado e personagens complexos.","jnews-multi-image_gallery":[],"jnews_single_post":{"format":"standard"},"jnews_primary_category":[],"jnews_social_meta":[],"jnews_override_counter":[],"footnotes":""},"categories":[140],"post_tag":[141,568],"class_list":["post-18888","post","type-post","status-publish","format-standard","has-post-thumbnail","hentry","category-entretenimento","tag-netflix","tag-series-e-filmes"],"yoast_head":"<!-- This site is optimized with the Yoast SEO plugin v24.6 - https:\/\/yoast.com\/wordpress\/plugins\/seo\/ -->\n<title>S\u00e9rie com jornada \u00e9pica est\u00e1 escondida na Netflix<\/title>\n<meta name=\"description\" content=\"Embarque em uma jornada \u00e9pica com The Witcher, uma s\u00e9rie da Netflix que cativa com seu enredo intrincado e personagens complexos.\" \/>\n<meta name=\"robots\" content=\"index, follow, max-snippet:-1, max-image-preview:large, max-video-preview:-1\" \/>\n<link rel=\"canonical\" href=\"https:\/\/www.correiobraziliense.com.br\/cbradar\/serie-com-jornada-epica-esta-escondida-na-netflix\/\" \/>\n<meta property=\"og:locale\" content=\"pt_BR\" \/>\n<meta property=\"og:type\" content=\"article\" \/>\n<meta property=\"og:title\" content=\"S\u00e9rie com jornada \u00e9pica est\u00e1 escondida na Netflix\" \/>\n<meta property=\"og:description\" content=\"Embarque em uma jornada \u00e9pica com The Witcher, uma s\u00e9rie da Netflix que cativa com seu enredo intrincado e personagens complexos.\" \/>\n<meta property=\"og:url\" content=\"https:\/\/www.correiobraziliense.com.br\/cbradar\/serie-com-jornada-epica-esta-escondida-na-netflix\/\" \/>\n<meta property=\"og:site_name\" content=\"Correio Braziliense - Radar\" \/>\n<meta property=\"article:published_time\" content=\"2025-04-04T21:10:00+00:00\" \/>\n<meta property=\"article:modified_time\" content=\"2025-06-28T05:14:15+00:00\" \/>\n<meta property=\"og:image\" content=\"https:\/\/www.correiobraziliense.com.br\/cbradar\/wp-content\/uploads\/2025\/04\/Henry-Cavill_1743671990108.jpg\" \/>\n\t<meta property=\"og:image:width\" content=\"1280\" \/>\n\t<meta property=\"og:image:height\" content=\"720\" \/>\n\t<meta property=\"og:image:type\" content=\"image\/jpeg\" \/>\n<meta name=\"author\" content=\"Larissa Carvalho\" \/>\n<meta name=\"twitter:card\" content=\"summary_large_image\" \/>\n<meta name=\"twitter:label1\" content=\"Escrito por\" \/>\n\t<meta name=\"twitter:data1\" content=\"Larissa Carvalho\" \/>\n\t<meta name=\"twitter:label2\" content=\"Est. tempo de leitura\" \/>\n\t<meta name=\"twitter:data2\" content=\"5 minutos\" \/>\n<!-- \/ Yoast SEO plugin. -->","yoast_head_json":{"title":"S\u00e9rie com jornada \u00e9pica est\u00e1 escondida na Netflix","description":"Embarque em uma jornada \u00e9pica com The Witcher, uma s\u00e9rie da Netflix que cativa com seu enredo intrincado e personagens complexos.","robots":{"index":"index","follow":"follow","max-snippet":"max-snippet:-1","max-image-preview":"max-image-preview:large","max-video-preview":"max-video-preview:-1"},"canonical":"https:\/\/www.correiobraziliense.com.br\/cbradar\/serie-com-jornada-epica-esta-escondida-na-netflix\/","og_locale":"pt_BR","og_type":"article","og_title":"S\u00e9rie com jornada \u00e9pica est\u00e1 escondida na Netflix","og_description":"Embarque em uma jornada \u00e9pica com The Witcher, uma s\u00e9rie da Netflix que cativa com seu enredo intrincado e personagens complexos.","og_url":"https:\/\/www.correiobraziliense.com.br\/cbradar\/serie-com-jornada-epica-esta-escondida-na-netflix\/","og_site_name":"Correio Braziliense - Radar","article_published_time":"2025-04-04T21:10:00+00:00","article_modified_time":"2025-06-28T05:14:15+00:00","og_image":[{"width":1280,"height":720,"url":"https:\/\/www.correiobraziliense.com.br\/cbradar\/wp-content\/uploads\/2025\/04\/Henry-Cavill_1743671990108.jpg","type":"image\/jpeg"}],"author":"Larissa Carvalho","twitter_card":"summary_large_image","twitter_misc":{"Escrito por":"Larissa Carvalho","Est. tempo de leitura":"5 minutos"},"schema":{"@context":"https:\/\/schema.org","@graph":[{"@type":"WebPage","@id":"https:\/\/www.correiobraziliense.com.br\/cbradar\/serie-com-jornada-epica-esta-escondida-na-netflix\/","url":"https:\/\/www.correiobraziliense.com.br\/cbradar\/serie-com-jornada-epica-esta-escondida-na-netflix\/","name":"S\u00e9rie com jornada \u00e9pica est\u00e1 escondida na Netflix","isPartOf":{"@id":"https:\/\/www.correiobraziliense.com.br\/cbradar\/#website"},"primaryImageOfPage":{"@id":"https:\/\/www.correiobraziliense.com.br\/cbradar\/serie-com-jornada-epica-esta-escondida-na-netflix\/#primaryimage"},"image":{"@id":"https:\/\/www.correiobraziliense.com.br\/cbradar\/serie-com-jornada-epica-esta-escondida-na-netflix\/#primaryimage"},"thumbnailUrl":"https:\/\/www.correiobraziliense.com.br\/cbradar\/wp-content\/uploads\/2025\/04\/Henry-Cavill_1743671990108.jpg","datePublished":"2025-04-04T21:10:00+00:00","dateModified":"2025-06-28T05:14:15+00:00","author":{"@id":"https:\/\/www.correiobraziliense.com.br\/cbradar\/#\/schema\/person\/58422787644df994b53a19d3e56c1513"},"description":"Embarque em uma jornada \u00e9pica com The Witcher, uma s\u00e9rie da Netflix que cativa com seu enredo intrincado e personagens complexos.","breadcrumb":{"@id":"https:\/\/www.correiobraziliense.com.br\/cbradar\/serie-com-jornada-epica-esta-escondida-na-netflix\/#breadcrumb"},"inLanguage":"pt-BR","potentialAction":[{"@type":"ReadAction","target":["https:\/\/www.correiobraziliense.com.br\/cbradar\/serie-com-jornada-epica-esta-escondida-na-netflix\/"]}]},{"@type":"ImageObject","inLanguage":"pt-BR","@id":"https:\/\/www.correiobraziliense.com.br\/cbradar\/serie-com-jornada-epica-esta-escondida-na-netflix\/#primaryimage","url":"https:\/\/www.correiobraziliense.com.br\/cbradar\/wp-content\/uploads\/2025\/04\/Henry-Cavill_1743671990108.jpg","contentUrl":"https:\/\/www.correiobraziliense.com.br\/cbradar\/wp-content\/uploads\/2025\/04\/Henry-Cavill_1743671990108.jpg","width":1280,"height":720,"caption":"Henry Cavill Cr\u00e9ditos: depositphotos.com \/ Image Press Agency"},{"@type":"BreadcrumbList","@id":"https:\/\/www.correiobraziliense.com.br\/cbradar\/serie-com-jornada-epica-esta-escondida-na-netflix\/#breadcrumb","itemListElement":[{"@type":"ListItem","position":1,"name":"In\u00edcio","item":"https:\/\/www.correiobraziliense.com.br\/cbradar\/"},{"@type":"ListItem","position":2,"name":"S\u00e9rie com jornada \u00e9pica est\u00e1 escondida na Netflix"}]},{"@type":"WebSite","@id":"https:\/\/www.correiobraziliense.com.br\/cbradar\/#website","url":"https:\/\/www.correiobraziliense.com.br\/cbradar\/","name":"Correio Braziliense - Radar","description":"Acompanhe as \u00faltimas not\u00edcias e fique bem informado sobre tudo o que acontece no Brasil e no mundo.","potentialAction":[{"@type":"SearchAction","target":{"@type":"EntryPoint","urlTemplate":"https:\/\/www.correiobraziliense.com.br\/cbradar\/?s={search_term_string}"},"query-input":{"@type":"PropertyValueSpecification","valueRequired":true,"valueName":"search_term_string"}}],"inLanguage":"pt-BR"},{"@type":"Person","@id":"https:\/\/www.correiobraziliense.com.br\/cbradar\/#\/schema\/person\/58422787644df994b53a19d3e56c1513","name":"Larissa Carvalho","image":{"@type":"ImageObject","inLanguage":"pt-BR","@id":"https:\/\/www.correiobraziliense.com.br\/cbradar\/#\/schema\/person\/image\/","url":"https:\/\/secure.gravatar.com\/avatar\/fe4f91a0de32b52a838d0d612abdc1aa?s=96&d=mm&r=g","contentUrl":"https:\/\/secure.gravatar.com\/avatar\/fe4f91a0de32b52a838d0d612abdc1aa?s=96&d=mm&r=g","caption":"Larissa Carvalho"},"url":"https:\/\/www.correiobraziliense.com.br\/cbradar\/author\/larissamyth\/"}]}},"_links":{"self":[{"href":"https:\/\/www.correiobraziliense.com.br\/cbradar\/wp-json\/wp\/v2\/posts\/18888","targetHints":{"allow":["GET"]}}],"collection":[{"href":"https:\/\/www.correiobraziliense.com.br\/cbradar\/wp-json\/wp\/v2\/posts"}],"about":[{"href":"https:\/\/www.correiobraziliense.com.br\/cbradar\/wp-json\/wp\/v2\/types\/post"}],"author":[{"embeddable":true,"href":"https:\/\/www.correiobraziliense.com.br\/cbradar\/wp-json\/wp\/v2\/users\/3"}],"replies":[{"embeddable":true,"href":"https:\/\/www.correiobraziliense.com.br\/cbradar\/wp-json\/wp\/v2\/comments?post=18888"}],"version-history":[{"count":6,"href":"https:\/\/www.correiobraziliense.com.br\/cbradar\/wp-json\/wp\/v2\/posts\/18888\/revisions"}],"predecessor-version":[{"id":60704,"href":"https:\/\/www.correiobraziliense.com.br\/cbradar\/wp-json\/wp\/v2\/posts\/18888\/revisions\/60704"}],"wp:featuredmedia":[{"embeddable":true,"href":"https:\/\/www.correiobraziliense.com.br\/cbradar\/wp-json\/wp\/v2\/media\/18889"}],"wp:attachment":[{"href":"https:\/\/www.correiobraziliense.com.br\/cbradar\/wp-json\/wp\/v2\/media?parent=18888"}],"wp:term":[{"taxonomy":"category","embeddable":true,"href":"https:\/\/www.correiobraziliense.com.br\/cbradar\/wp-json\/wp\/v2\/categories?post=18888"},{"taxonomy":"post_tag","embeddable":true,"href":"https:\/\/www.correiobraziliense.com.br\/cbradar\/wp-json\/wp\/v2\/post_tag?post=18888"}],"curies":[{"name":"wp","href":"https:\/\/api.w.org\/{rel}","templated":true}]}}