{"id":18896,"date":"2025-04-04T08:30:00","date_gmt":"2025-04-04T11:30:00","guid":{"rendered":"https:\/\/www.correiobraziliense.com.br\/cbradar\/?p=18896"},"modified":"2025-04-03T18:12:43","modified_gmt":"2025-04-03T21:12:43","slug":"oppo-reno13-5g-e-reno13-f-5g-novidades-no-mercado-brasileiro","status":"publish","type":"post","link":"https:\/\/www.correiobraziliense.com.br\/cbradar\/oppo-reno13-5g-e-reno13-f-5g-novidades-no-mercado-brasileiro\/","title":{"rendered":"OPPO Reno13 5G e Reno13 F 5G: novidades no mercado brasileiro"},"content":{"rendered":"\n<p>A <strong><a href=\"https:\/\/www.oppo.com\/br\/smartphones\/series-reno\/reno13-f-5g\/?utm_medium=static_search&amp;utm_source=search&amp;utm_campaign=oppo-publicis-br_pt-oppo_reno13_series-lifecycle-kws_brand+product-cpc--20250315-20250331-awareness-traffic&amp;gad_source=1&amp;gclid=EAIaIQobChMI-qmjz7W8jAMVWdbCBB24_QogEAAYASAAEgI-W_D_BwE\" target=\"_blank\" rel=\"noreferrer noopener\">OPPO<\/a> <\/strong>lan\u00e7ou recentemente no <strong>Brasil <\/strong>os modelos <strong>Reno13 5G<\/strong> e <strong>Reno13 F 5G<\/strong>, trazendo inova\u00e7\u00f5es tecnol\u00f3gicas que prometem conquistar os consumidores. Com foco em resist\u00eancia, desempenho e qualidade fotogr\u00e1fica, esses smartphones oferecem uma experi\u00eancia diferenciada para os usu\u00e1rios. A certifica\u00e7\u00e3o IP69 \u00e9 um dos grandes destaques, garantindo prote\u00e7\u00e3o contra \u00e1gua e poeira em um n\u00edvel superior.<\/p>\n\n\n\n<p>Esses novos dispositivos foram projetados para atender \u00e0s expectativas de quem busca tecnologia de ponta e design sofisticado. A s\u00e9rie <strong>Reno13<\/strong> se destaca por combinar funcionalidades avan\u00e7adas com um visual moderno e elegante.<\/p>\n\n\n\n<h2 class=\"wp-block-heading\"><strong>Qual a import\u00e2ncia da certifica\u00e7\u00e3o IP69 nos novos modelos?<\/strong><\/h2>\n\n\n\n<p>A certifica\u00e7\u00e3o IP69 presente nos modelos Reno13 5G e Reno13 F 5G oferece uma prote\u00e7\u00e3o que vai al\u00e9m do padr\u00e3o encontrado em muitos smartphones. Enquanto a maioria dos dispositivos possui certifica\u00e7\u00e3o IP68, que protege contra submers\u00e3o em \u00e1gua at\u00e9 certa profundidade, a IP69 proporciona resist\u00eancia a jatos d&#8217;\u00e1gua de alta press\u00e3o e temperaturas elevadas. Isso torna os smartphones ideais para usu\u00e1rios que precisam de durabilidade em condi\u00e7\u00f5es adversas.<\/p>\n\n\n\n<p>Al\u00e9m disso, a OPPO implementou um sistema de veda\u00e7\u00e3o avan\u00e7ado, que protege os componentes internos contra infiltra\u00e7\u00e3o de l\u00edquidos e poeira. Esse n\u00edvel de prote\u00e7\u00e3o \u00e9 especialmente \u00fatil para quem utiliza o celular em ambientes desafiadores.<\/p>\n\n\n\n<figure class=\"wp-block-image size-large\"><img decoding=\"async\" width=\"1024\" height=\"576\" src=\"https:\/\/www.correiobraziliense.com.br\/cbradar\/wp-content\/uploads\/2025\/04\/OPPO-Reno13-5g-1024x576.jpg\" alt=\"OPPO Reno13 5G e Reno13 F 5G: novidades no mercado brasileiro\" class=\"wp-image-18898\" srcset=\"https:\/\/www.correiobraziliense.com.br\/cbradar\/wp-content\/uploads\/2025\/04\/OPPO-Reno13-5g-1024x576.jpg 1024w, https:\/\/www.correiobraziliense.com.br\/cbradar\/wp-content\/uploads\/2025\/04\/OPPO-Reno13-5g-300x169.jpg 300w, https:\/\/www.correiobraziliense.com.br\/cbradar\/wp-content\/uploads\/2025\/04\/OPPO-Reno13-5g-768x432.jpg 768w, https:\/\/www.correiobraziliense.com.br\/cbradar\/wp-content\/uploads\/2025\/04\/OPPO-Reno13-5g-750x422.jpg 750w, https:\/\/www.correiobraziliense.com.br\/cbradar\/wp-content\/uploads\/2025\/04\/OPPO-Reno13-5g-1140x641.jpg 1140w, https:\/\/www.correiobraziliense.com.br\/cbradar\/wp-content\/uploads\/2025\/04\/OPPO-Reno13-5g.jpg 1280w\" sizes=\"(max-width: 1024px) 100vw, 1024px\" \/><figcaption class=\"wp-element-caption\">OPPO Reno 13 5g\nCr\u00e9ditos: Fonte: divulga\u00e7\u00e3o \/ OPPO<\/figcaption><\/figure>\n\n\n\n<h2 class=\"wp-block-heading\"><strong>Como a intelig\u00eancia artificial melhora a fotografia nos Reno13?<\/strong><\/h2>\n\n\n\n<p>A OPPO \u00e9 conhecida por suas inova\u00e7\u00f5es em fotografia, e a linha Reno13 continua essa tradi\u00e7\u00e3o com o uso de intelig\u00eancia artificial para aprimorar a captura de imagens. Os recursos incluem:<\/p>\n\n\n\n<ul class=\"wp-block-list\">\n<li><strong>AI Eraser:<\/strong>&nbsp;Ferramenta que remove elementos indesejados das fotos.<\/li>\n\n\n\n<li><strong>AI Removedor de Reflexos:<\/strong>&nbsp;Reduz reflexos em imagens capturadas atrav\u00e9s de superf\u00edcies brilhantes.<\/li>\n\n\n\n<li><strong>AI Nitidez Aprimorada:<\/strong>&nbsp;Melhora a clareza e restaura detalhes em fotos borradas.<\/li>\n\n\n\n<li><strong>AI Studio:<\/strong>&nbsp;Permite criar retratos com qualidade profissional.<\/li>\n\n\n\n<li><strong>AI LivePhoto:<\/strong>&nbsp;Captura momentos din\u00e2micos que podem ser transformados em v\u00eddeos curtos.<\/li>\n<\/ul>\n\n\n\n<p>O Reno13 5G vem equipado com uma c\u00e2mera principal de 50 MP, uma lente ultra-wide de 8 MP e um sensor monocrom\u00e1tico de 2 MP. A c\u00e2mera frontal tamb\u00e9m impressiona com 50 MP, garantindo selfies de alta qualidade. O Reno13 F 5G possui especifica\u00e7\u00f5es semelhantes, com uma c\u00e2mera frontal de 32 MP.<\/p>\n\n\n\n<h2 class=\"wp-block-heading\"><strong>Desempenho e autonomia: o que esperar dos novos smartphones?<\/strong><\/h2>\n\n\n\n<p>Os modelos Reno13 5G e Reno13 F 5G s\u00e3o equipados com processadores de \u00faltima gera\u00e7\u00e3o, garantindo um desempenho fluido para multitarefas, jogos e edi\u00e7\u00e3o de v\u00eddeos. O Reno13 5G utiliza o processador <strong>MediaTek Dimensity 8350<\/strong>, enquanto o Reno13 F 5G \u00e9 alimentado pelo <strong>Qualcomm Snapdragon 6 Gen 1<\/strong>. Ambos os dispositivos oferecem 12 GB de RAM, com op\u00e7\u00f5es de armazenamento que variam entre 256 GB e 512 GB.<\/p>\n\n\n\n<p>A bateria \u00e9 outro ponto forte, com capacidades de 5.600 mAh no Reno13 5G e 5.800 mAh no Reno13 F 5G, proporcionando autonomia para at\u00e9 dois dias de uso moderado. A tecnologia de carregamento r\u00e1pido SUPERVOOC permite recarregar rapidamente os dispositivos, oferecendo mais de 40% de carga em apenas 30 minutos.<\/p>\n\n\n\n<h2 class=\"wp-block-heading\"><strong>Design e disponibilidade no mercado brasileiro<\/strong><\/h2>\n\n\n\n<p>Inspirados nas asas do samba brasileiro, os modelos Reno13 apresentam um design elegante e leve. Dispon\u00edveis em cores como <strong>Branco<\/strong>, <strong>Azul \u00cdndigo<\/strong>, <strong>Grafite <\/strong>e <strong>Lavanda<\/strong>, os smartphones s\u00e3o finos e leves, pesando apenas 192 g. A OPPO oferece uma garantia de dois anos para esses modelos no Brasil, al\u00e9m de cobertura contra danos por l\u00edquidos durante o primeiro ano.<\/p>\n\n\n\n<p>Os novos smartphones j\u00e1 est\u00e3o dispon\u00edveis para compra em diversas lojas e operadoras no Brasil, com pre\u00e7os que variam conforme o modelo e a forma de pagamento. Essa combina\u00e7\u00e3o de inova\u00e7\u00e3o, design e resist\u00eancia faz dos modelos Reno13 uma op\u00e7\u00e3o atraente para quem busca um smartphone completo.<\/p>\n\n\n\n<h2 class=\"wp-block-heading\" id=\"info-header\"><\/h2>\n","protected":false},"excerpt":{"rendered":"<p>OPPO lan\u00e7a Reno13 5G e Reno13 F 5G no Brasil: resist\u00eancia e design sofisticado. Descubra o que torna este smartphone uma op\u00e7\u00e3o atraente.<\/p>\n","protected":false},"author":3,"featured_media":18897,"comment_status":"open","ping_status":"open","sticky":false,"template":"","format":"standard","meta":{"_yoast_wpseo_focuskw":"OPPO","_yoast_wpseo_title":"%%title%%","_yoast_wpseo_metadesc":"OPPO lan\u00e7a Reno13 5G e Reno13 F 5G no Brasil: resist\u00eancia e design sofisticado. Descubra o que torna este smartphone uma op\u00e7\u00e3o atraente.","jnews-multi-image_gallery":[],"jnews_single_post":{"format":"standard"},"jnews_primary_category":[],"jnews_social_meta":[],"jnews_override_counter":[],"footnotes":""},"categories":[115],"tags":[322,2854,114],"class_list":["post-18896","post","type-post","status-publish","format-standard","has-post-thumbnail","hentry","category-tecnologia","tag-celular","tag-oppo","tag-tecnologia"],"yoast_head":"<!-- This site is optimized with the Yoast SEO plugin v24.6 - https:\/\/yoast.com\/wordpress\/plugins\/seo\/ -->\n<title>OPPO Reno13 5G e Reno13 F 5G: novidades no mercado brasileiro<\/title>\n<meta name=\"description\" content=\"OPPO lan\u00e7a Reno13 5G e Reno13 F 5G no Brasil: resist\u00eancia e design sofisticado. Descubra o que torna este smartphone uma op\u00e7\u00e3o atraente.\" \/>\n<meta name=\"robots\" content=\"index, follow, max-snippet:-1, max-image-preview:large, max-video-preview:-1\" \/>\n<link rel=\"canonical\" href=\"https:\/\/www.correiobraziliense.com.br\/cbradar\/oppo-reno13-5g-e-reno13-f-5g-novidades-no-mercado-brasileiro\/\" \/>\n<meta property=\"og:locale\" content=\"pt_BR\" \/>\n<meta property=\"og:type\" content=\"article\" \/>\n<meta property=\"og:title\" content=\"OPPO Reno13 5G e Reno13 F 5G: novidades no mercado brasileiro\" \/>\n<meta property=\"og:description\" content=\"OPPO lan\u00e7a Reno13 5G e Reno13 F 5G no Brasil: resist\u00eancia e design sofisticado. Descubra o que torna este smartphone uma op\u00e7\u00e3o atraente.\" \/>\n<meta property=\"og:url\" content=\"https:\/\/www.correiobraziliense.com.br\/cbradar\/oppo-reno13-5g-e-reno13-f-5g-novidades-no-mercado-brasileiro\/\" \/>\n<meta property=\"og:site_name\" content=\"Correio Braziliense - Radar\" \/>\n<meta property=\"article:published_time\" content=\"2025-04-04T11:30:00+00:00\" \/>\n<meta property=\"og:image\" content=\"https:\/\/www.correiobraziliense.com.br\/cbradar\/wp-content\/uploads\/2025\/04\/OPPO-Reno13F-5g.jpg\" \/>\n\t<meta property=\"og:image:width\" content=\"1280\" \/>\n\t<meta property=\"og:image:height\" content=\"720\" \/>\n\t<meta property=\"og:image:type\" content=\"image\/jpeg\" \/>\n<meta name=\"author\" content=\"Larissa Carvalho\" \/>\n<meta name=\"twitter:card\" content=\"summary_large_image\" \/>\n<meta name=\"twitter:label1\" content=\"Escrito por\" \/>\n\t<meta name=\"twitter:data1\" content=\"Larissa Carvalho\" \/>\n\t<meta name=\"twitter:label2\" content=\"Est. tempo de leitura\" \/>\n\t<meta name=\"twitter:data2\" content=\"4 minutos\" \/>\n<!-- \/ Yoast SEO plugin. -->","yoast_head_json":{"title":"OPPO Reno13 5G e Reno13 F 5G: novidades no mercado brasileiro","description":"OPPO lan\u00e7a Reno13 5G e Reno13 F 5G no Brasil: resist\u00eancia e design sofisticado. Descubra o que torna este smartphone uma op\u00e7\u00e3o atraente.","robots":{"index":"index","follow":"follow","max-snippet":"max-snippet:-1","max-image-preview":"max-image-preview:large","max-video-preview":"max-video-preview:-1"},"canonical":"https:\/\/www.correiobraziliense.com.br\/cbradar\/oppo-reno13-5g-e-reno13-f-5g-novidades-no-mercado-brasileiro\/","og_locale":"pt_BR","og_type":"article","og_title":"OPPO Reno13 5G e Reno13 F 5G: novidades no mercado brasileiro","og_description":"OPPO lan\u00e7a Reno13 5G e Reno13 F 5G no Brasil: resist\u00eancia e design sofisticado. Descubra o que torna este smartphone uma op\u00e7\u00e3o atraente.","og_url":"https:\/\/www.correiobraziliense.com.br\/cbradar\/oppo-reno13-5g-e-reno13-f-5g-novidades-no-mercado-brasileiro\/","og_site_name":"Correio Braziliense - Radar","article_published_time":"2025-04-04T11:30:00+00:00","og_image":[{"width":1280,"height":720,"url":"https:\/\/www.correiobraziliense.com.br\/cbradar\/wp-content\/uploads\/2025\/04\/OPPO-Reno13F-5g.jpg","type":"image\/jpeg"}],"author":"Larissa Carvalho","twitter_card":"summary_large_image","twitter_misc":{"Escrito por":"Larissa Carvalho","Est. tempo de leitura":"4 minutos"},"schema":{"@context":"https:\/\/schema.org","@graph":[{"@type":"WebPage","@id":"https:\/\/www.correiobraziliense.com.br\/cbradar\/oppo-reno13-5g-e-reno13-f-5g-novidades-no-mercado-brasileiro\/","url":"https:\/\/www.correiobraziliense.com.br\/cbradar\/oppo-reno13-5g-e-reno13-f-5g-novidades-no-mercado-brasileiro\/","name":"OPPO Reno13 5G e Reno13 F 5G: novidades no mercado brasileiro","isPartOf":{"@id":"https:\/\/www.correiobraziliense.com.br\/cbradar\/#website"},"primaryImageOfPage":{"@id":"https:\/\/www.correiobraziliense.com.br\/cbradar\/oppo-reno13-5g-e-reno13-f-5g-novidades-no-mercado-brasileiro\/#primaryimage"},"image":{"@id":"https:\/\/www.correiobraziliense.com.br\/cbradar\/oppo-reno13-5g-e-reno13-f-5g-novidades-no-mercado-brasileiro\/#primaryimage"},"thumbnailUrl":"https:\/\/www.correiobraziliense.com.br\/cbradar\/wp-content\/uploads\/2025\/04\/OPPO-Reno13F-5g.jpg","datePublished":"2025-04-04T11:30:00+00:00","author":{"@id":"https:\/\/www.correiobraziliense.com.br\/cbradar\/#\/schema\/person\/58422787644df994b53a19d3e56c1513"},"description":"OPPO lan\u00e7a Reno13 5G e Reno13 F 5G no Brasil: resist\u00eancia e design sofisticado. Descubra o que torna este smartphone uma op\u00e7\u00e3o atraente.","breadcrumb":{"@id":"https:\/\/www.correiobraziliense.com.br\/cbradar\/oppo-reno13-5g-e-reno13-f-5g-novidades-no-mercado-brasileiro\/#breadcrumb"},"inLanguage":"pt-BR","potentialAction":[{"@type":"ReadAction","target":["https:\/\/www.correiobraziliense.com.br\/cbradar\/oppo-reno13-5g-e-reno13-f-5g-novidades-no-mercado-brasileiro\/"]}]},{"@type":"ImageObject","inLanguage":"pt-BR","@id":"https:\/\/www.correiobraziliense.com.br\/cbradar\/oppo-reno13-5g-e-reno13-f-5g-novidades-no-mercado-brasileiro\/#primaryimage","url":"https:\/\/www.correiobraziliense.com.br\/cbradar\/wp-content\/uploads\/2025\/04\/OPPO-Reno13F-5g.jpg","contentUrl":"https:\/\/www.correiobraziliense.com.br\/cbradar\/wp-content\/uploads\/2025\/04\/OPPO-Reno13F-5g.jpg","width":1280,"height":720,"caption":"OPPO Reno13 F 5g Cr\u00e9ditos: fonte: Divulga\u00e7\u00e3o \/ OPPO"},{"@type":"BreadcrumbList","@id":"https:\/\/www.correiobraziliense.com.br\/cbradar\/oppo-reno13-5g-e-reno13-f-5g-novidades-no-mercado-brasileiro\/#breadcrumb","itemListElement":[{"@type":"ListItem","position":1,"name":"In\u00edcio","item":"https:\/\/www.correiobraziliense.com.br\/cbradar\/"},{"@type":"ListItem","position":2,"name":"OPPO Reno13 5G e Reno13 F 5G: novidades no mercado brasileiro"}]},{"@type":"WebSite","@id":"https:\/\/www.correiobraziliense.com.br\/cbradar\/#website","url":"https:\/\/www.correiobraziliense.com.br\/cbradar\/","name":"Correio Braziliense - Radar","description":"Acompanhe as \u00faltimas not\u00edcias e fique bem informado sobre tudo o que acontece no Brasil e no mundo.","potentialAction":[{"@type":"SearchAction","target":{"@type":"EntryPoint","urlTemplate":"https:\/\/www.correiobraziliense.com.br\/cbradar\/?s={search_term_string}"},"query-input":{"@type":"PropertyValueSpecification","valueRequired":true,"valueName":"search_term_string"}}],"inLanguage":"pt-BR"},{"@type":"Person","@id":"https:\/\/www.correiobraziliense.com.br\/cbradar\/#\/schema\/person\/58422787644df994b53a19d3e56c1513","name":"Larissa Carvalho","image":{"@type":"ImageObject","inLanguage":"pt-BR","@id":"https:\/\/www.correiobraziliense.com.br\/cbradar\/#\/schema\/person\/image\/","url":"https:\/\/secure.gravatar.com\/avatar\/fe4f91a0de32b52a838d0d612abdc1aa?s=96&d=mm&r=g","contentUrl":"https:\/\/secure.gravatar.com\/avatar\/fe4f91a0de32b52a838d0d612abdc1aa?s=96&d=mm&r=g","caption":"Larissa Carvalho"},"url":"https:\/\/www.correiobraziliense.com.br\/cbradar\/author\/larissamyth\/"}]}},"_links":{"self":[{"href":"https:\/\/www.correiobraziliense.com.br\/cbradar\/wp-json\/wp\/v2\/posts\/18896","targetHints":{"allow":["GET"]}}],"collection":[{"href":"https:\/\/www.correiobraziliense.com.br\/cbradar\/wp-json\/wp\/v2\/posts"}],"about":[{"href":"https:\/\/www.correiobraziliense.com.br\/cbradar\/wp-json\/wp\/v2\/types\/post"}],"author":[{"embeddable":true,"href":"https:\/\/www.correiobraziliense.com.br\/cbradar\/wp-json\/wp\/v2\/users\/3"}],"replies":[{"embeddable":true,"href":"https:\/\/www.correiobraziliense.com.br\/cbradar\/wp-json\/wp\/v2\/comments?post=18896"}],"version-history":[{"count":2,"href":"https:\/\/www.correiobraziliense.com.br\/cbradar\/wp-json\/wp\/v2\/posts\/18896\/revisions"}],"predecessor-version":[{"id":19114,"href":"https:\/\/www.correiobraziliense.com.br\/cbradar\/wp-json\/wp\/v2\/posts\/18896\/revisions\/19114"}],"wp:featuredmedia":[{"embeddable":true,"href":"https:\/\/www.correiobraziliense.com.br\/cbradar\/wp-json\/wp\/v2\/media\/18897"}],"wp:attachment":[{"href":"https:\/\/www.correiobraziliense.com.br\/cbradar\/wp-json\/wp\/v2\/media?parent=18896"}],"wp:term":[{"taxonomy":"category","embeddable":true,"href":"https:\/\/www.correiobraziliense.com.br\/cbradar\/wp-json\/wp\/v2\/categories?post=18896"},{"taxonomy":"post_tag","embeddable":true,"href":"https:\/\/www.correiobraziliense.com.br\/cbradar\/wp-json\/wp\/v2\/tags?post=18896"}],"curies":[{"name":"wp","href":"https:\/\/api.w.org\/{rel}","templated":true}]}}