{"id":18908,"date":"2025-04-04T13:23:00","date_gmt":"2025-04-04T16:23:00","guid":{"rendered":"https:\/\/www.correiobraziliense.com.br\/cbradar\/?p=18908"},"modified":"2025-04-04T02:59:41","modified_gmt":"2025-04-04T05:59:41","slug":"entenda-este-segredo-indispensavel-da-qualidade-do-ar-na-sua-casa","status":"publish","type":"post","link":"https:\/\/www.correiobraziliense.com.br\/cbradar\/entenda-este-segredo-indispensavel-da-qualidade-do-ar-na-sua-casa\/","title":{"rendered":"Entenda este segredo indispens\u00e1vel da qualidade do ar na sua casa"},"content":{"rendered":"\n<p>A <a href=\"https:\/\/pt.wikipedia.org\/wiki\/\u00cdndice_de_qualidade_do_ar#:~:text=O%20\u00cdndice%20de%20qualidade%20do,rede%20de%20medi\u00e7\u00e3o%20da%20zona.\" target=\"_blank\" rel=\"noreferrer noopener\">qualidade do ar <\/a>que respiramos dentro de nossas casas tem um impacto direto na nossa sa\u00fade e <a href=\"https:\/\/www.correiobraziliense.com.br\/cbradar\/o-esporte-que-poucos-conhecem-e-que-pode-trazer-incriveis-beneficios-para-sua-saude-geral\/\" target=\"_blank\" rel=\"noreferrer noopener\">bem-estar<\/a>. Poluentes invis\u00edveis podem se acumular no ar interior, contribuindo para problemas respirat\u00f3rios, alergias, dores de cabe\u00e7a e at\u00e9 mesmo doen\u00e7as mais graves a longo prazo. Monitorar a <strong>qualidade do ar em casa<\/strong> com aparelhos espec\u00edficos \u00e9 o primeiro passo para identificar poss\u00edveis problemas e criar um ambiente interno mais saud\u00e1vel para voc\u00ea e sua fam\u00edlia.<\/p>\n\n\n\n<h2 class=\"wp-block-heading\">Entendendo os poluentes comuns do ar interior: o que voc\u00ea precisa monitorar<\/h2>\n\n\n<div class=\"wp-block-image\">\n<figure class=\"aligncenter size-large\"><img decoding=\"async\" width=\"1024\" height=\"576\" src=\"https:\/\/www.correiobraziliense.com.br\/cbradar\/wp-content\/uploads\/2025\/03\/casa-interior_1741797515402-1024x576.jpg\" alt=\"Entenda este segredo indispens\u00e1vel da qualidade do ar na sua casa\" class=\"wp-image-11800\" srcset=\"https:\/\/www.correiobraziliense.com.br\/cbradar\/wp-content\/uploads\/2025\/03\/casa-interior_1741797515402-1024x576.jpg 1024w, https:\/\/www.correiobraziliense.com.br\/cbradar\/wp-content\/uploads\/2025\/03\/casa-interior_1741797515402-300x169.jpg 300w, https:\/\/www.correiobraziliense.com.br\/cbradar\/wp-content\/uploads\/2025\/03\/casa-interior_1741797515402-768x432.jpg 768w, https:\/\/www.correiobraziliense.com.br\/cbradar\/wp-content\/uploads\/2025\/03\/casa-interior_1741797515402-750x422.jpg 750w, https:\/\/www.correiobraziliense.com.br\/cbradar\/wp-content\/uploads\/2025\/03\/casa-interior_1741797515402-1140x642.jpg 1140w, https:\/\/www.correiobraziliense.com.br\/cbradar\/wp-content\/uploads\/2025\/03\/casa-interior_1741797515402.jpg 1279w\" sizes=\"(max-width: 1024px) 100vw, 1024px\" \/><figcaption class=\"wp-element-caption\">Casa &#8211; Cr\u00e9ditos: depositphotos.com \/ Nitzman<\/figcaption><\/figure><\/div>\n\n\n<p>Diversos poluentes podem estar presentes no ar dentro de casa:<\/p>\n\n\n\n<ul class=\"wp-block-list\">\n<li><strong>Material Particulado (MP2.5 e MP10):<\/strong> Pequenas part\u00edculas s\u00f3lidas e l\u00edquidas suspensas no ar, como poeira, p\u00f3len, fuligem e poluentes de combust\u00e3o, que podem ser inaladas profundamente nos pulm\u00f5es.<\/li>\n\n\n\n<li><strong>Compostos Org\u00e2nicos Vol\u00e1teis (COVs):<\/strong> Gases emitidos por diversos produtos dom\u00e9sticos, como tintas, vernizes, produtos de limpeza, m\u00f3veis e materiais de constru\u00e7\u00e3o. Alguns COVs podem ser prejudiciais \u00e0 sa\u00fade.<\/li>\n\n\n\n<li><strong>Di\u00f3xido de Carbono (CO\u2082):<\/strong> Um g\u00e1s liberado pela respira\u00e7\u00e3o humana e animal. N\u00edveis elevados podem indicar m\u00e1 ventila\u00e7\u00e3o.<\/li>\n\n\n\n<li><strong>Mon\u00f3xido de Carbono (CO):<\/strong> Um g\u00e1s inodoro e altamente t\u00f3xico, geralmente proveniente de aparelhos de aquecimento mal regulados ou vazamentos de g\u00e1s.<\/li>\n\n\n\n<li><strong>Rad\u00f4nio:<\/strong> Um g\u00e1s radioativo natural que pode se infiltrar nas casas a partir do solo. A exposi\u00e7\u00e3o prolongada pode aumentar o risco de c\u00e2ncer de pulm\u00e3o.<\/li>\n\n\n\n<li><strong>Umidade:<\/strong> N\u00edveis muito altos ou muito baixos de umidade podem favorecer o crescimento de mofo e \u00e1caros, al\u00e9m de afetar o conforto respirat\u00f3rio.<\/li>\n<\/ul>\n\n\n\n<h2 class=\"wp-block-heading\">Escolhendo o monitor de qualidade do ar dom\u00e9stico adequado: tipos e funcionalidades<\/h2>\n\n\n\n<p>Existem diversos tipos de monitores de qualidade do ar dispon\u00edveis no mercado, com diferentes funcionalidades e n\u00edveis de precis\u00e3o. Ao escolher o seu, considere:<\/p>\n\n\n\n<ul class=\"wp-block-list\">\n<li><strong>Tipos de Sensores:<\/strong> Verifique quais poluentes o monitor \u00e9 capaz de detectar. Alguns modelos b\u00e1sicos medem apenas material particulado, enquanto outros mais avan\u00e7ados monitoram COVs, CO\u2082, umidade e temperatura.<\/li>\n\n\n\n<li><strong>Precis\u00e3o:<\/strong> Monitores mais caros geralmente oferecem maior precis\u00e3o nas leituras. Para uma avalia\u00e7\u00e3o inicial, modelos de n\u00edvel intermedi\u00e1rio podem ser suficientes.<\/li>\n\n\n\n<li><strong>Facilidade de Uso:<\/strong> Opte por um monitor com uma interface intuitiva e f\u00e1cil de entender.<\/li>\n\n\n\n<li><strong>Conectividade:<\/strong> Muitos monitores se conectam via <strong>Wi-Fi<\/strong> e possuem aplicativos para smartphone que permitem acompanhar os dados remotamente e receber alertas.<\/li>\n\n\n\n<li><strong>Recursos Adicionais:<\/strong> Alguns modelos oferecem recursos como hist\u00f3rico de dados, gr\u00e1ficos de tend\u00eancias e recomenda\u00e7\u00f5es para melhorar a qualidade do ar.<\/li>\n<\/ul>\n\n\n\n<h2 class=\"wp-block-heading\">Guia passo a passo para utilizar um monitor de qualidade do ar dom\u00e9stico<\/h2>\n\n\n\n<h3 class=\"wp-block-heading\">Passo 1: posicione o monitor corretamente<\/h3>\n\n\n\n<p>Coloque o monitor em um local central da sua casa, longe de janelas ou portas abertas que possam influenciar as leituras. Siga as instru\u00e7\u00f5es do fabricante para a altura e o posicionamento ideais.<\/p>\n\n\n\n<h3 class=\"wp-block-heading\">Passo 2: ligue e configure o aparelho<\/h3>\n\n\n\n<p>Ligue o monitor e siga as instru\u00e7\u00f5es do manual do usu\u00e1rio para configur\u00e1-lo, conectando-o \u00e0 sua rede <strong>Wi-Fi<\/strong>, se aplic\u00e1vel, e personalizando as configura\u00e7\u00f5es de alerta.<\/p>\n\n\n\n<h3 class=\"wp-block-heading\">Passo 3: interprete as leituras do monitor<\/h3>\n\n\n\n<p>Familiarize-se com as unidades de medida utilizadas pelo monitor para cada poluente (por exemplo, \u00b5g\/m\u00b3 para material particulado, ppm para di\u00f3xido de carbono). Consulte as faixas de n\u00edveis recomendados para cada poluente para entender se a qualidade do ar na sua casa est\u00e1 dentro dos limites considerados saud\u00e1veis.<\/p>\n\n\n\n<h3 class=\"wp-block-heading\">Passo 4: acompanhe as tend\u00eancias ao longo do tempo<\/h3>\n\n\n\n<p>Acompanhe as leituras do monitor ao longo de dias e semanas para identificar tend\u00eancias e varia\u00e7\u00f5es na qualidade do ar em diferentes momentos e situa\u00e7\u00f5es (por exemplo, durante a cozinha, ao utilizar produtos de limpeza ou durante a noite).<\/p>\n\n\n\n<h3 class=\"wp-block-heading\">Passo 5: utilize os dados para tomar medidas corretivas<\/h3>\n\n\n\n<p>Com base nas leituras do seu monitor, voc\u00ea poder\u00e1 identificar poss\u00edveis fontes de polui\u00e7\u00e3o e tomar medidas para melhorar a qualidade do ar interior.<\/p>\n\n\n\n<h2 class=\"wp-block-heading\">Dicas essenciais para criar um ambiente interno mais saud\u00e1vel com base nos dados do monitor<\/h2>\n\n\n\n<h3 class=\"wp-block-heading\">Melhore a ventila\u00e7\u00e3o<\/h3>\n\n\n\n<p>Abra janelas e portas regularmente para permitir a circula\u00e7\u00e3o do ar fresco e a renova\u00e7\u00e3o do ar interior. Utilize ventiladores para auxiliar na circula\u00e7\u00e3o.<\/p>\n\n\n\n<h3 class=\"wp-block-heading\">Utilize purificadores de ar com filtros HEPA<\/h3>\n\n\n\n<p>Purificadores de ar com filtros <strong>HEPA<\/strong> s\u00e3o eficazes na remo\u00e7\u00e3o de part\u00edculas finas, p\u00f3len, pelos de animais e outros al\u00e9rgenos do ar.<\/p>\n\n\n\n<h3 class=\"wp-block-heading\">Controle a umidade<\/h3>\n\n\n\n<p>Utilize desumidificadores ou umidificadores para manter os n\u00edveis de umidade dentro da faixa recomendada (geralmente entre 40% e 60%).<\/p>\n\n\n\n<h3 class=\"wp-block-heading\">Evite produtos qu\u00edmicos agressivos<\/h3>\n\n\n\n<p>Opte por produtos de limpeza naturais e sem COVs. Evite o uso excessivo de produtos com perfumes fortes.<\/p>\n\n\n\n<h3 class=\"wp-block-heading\">Monitore e reduza fontes de polui\u00e7\u00e3o espec\u00edficas<\/h3>\n\n\n\n<p>Se o monitor indicar n\u00edveis elevados de um determinado poluente, tente identificar a fonte e tomar medidas para reduzi-la (por exemplo, parar de fumar dentro de casa, verificar vazamentos de g\u00e1s, remover mofo).<\/p>\n\n\n\n<h3 class=\"wp-block-heading\">Limpe regularmente sua casa<\/h3>\n\n\n\n<p>A limpeza regular ajuda a remover poeira, \u00e1caros e outros poluentes que se acumulam nas superf\u00edcies.<\/p>\n\n\n\n<h3 class=\"wp-block-heading\">Considere a presen\u00e7a de plantas purificadoras de ar<\/h3>\n\n\n\n<p>Embora as plantas n\u00e3o substituam os purificadores de ar, algumas esp\u00e9cies podem ajudar a remover certos poluentes do ar interior.<\/p>\n\n\n\n<h2 class=\"wp-block-heading\">A import\u00e2ncia de monitorar a qualidade do ar para grupos sens\u00edveis<\/h2>\n\n\n\n<p>Monitorar a qualidade do ar \u00e9 especialmente importante para grupos mais vulner\u00e1veis, como crian\u00e7as, idosos e pessoas com problemas respirat\u00f3rios preexistentes, como asma e bronquite.<\/p>\n\n\n\n<h2 class=\"wp-block-heading\">Quando procurar ajuda profissional para problemas de qualidade do ar interior<\/h2>\n\n\n\n<p>Se voc\u00ea identificar problemas persistentes de qualidade do ar ou suspeitar da presen\u00e7a de poluentes perigosos como rad\u00f4nio ou mon\u00f3xido de carbono, procure a ajuda de um profissional especializado em qualidade do ar interior.<\/p>\n\n\n\n<h2 class=\"wp-block-heading\">O futuro da tecnologia de monitoramento da qualidade do ar dom\u00e9stico<\/h2>\n\n\n\n<p>A tecnologia de monitoramento da qualidade do ar dom\u00e9stico continua a evoluir, com o desenvolvimento de sensores mais precisos, port\u00e1teis e acess\u00edveis, al\u00e9m de recursos de intelig\u00eancia artificial para fornecer insights e recomenda\u00e7\u00f5es personalizadas.<\/p>\n","protected":false},"excerpt":{"rendered":"<p>A qualidade do ar que respiramos dentro de nossas casas tem um impacto direto na nossa sa\u00fade e bem-estar. Poluentes invis\u00edveis podem se acumular no ar interior, contribuindo para problemas respirat\u00f3rios, alergias, dores de cabe\u00e7a e at\u00e9 mesmo doen\u00e7as mais graves a longo prazo. Monitorar a qualidade do ar em casa com aparelhos espec\u00edficos \u00e9 [&hellip;]<\/p>\n","protected":false},"author":11,"featured_media":19006,"comment_status":"open","ping_status":"open","sticky":false,"template":"","format":"standard","meta":{"_yoast_wpseo_focuskw":"qualidade do ar","_yoast_wpseo_title":"","_yoast_wpseo_metadesc":"A qualidade do ar na sua casa pode impactar diretamente sua sa\u00fade e bem-estar! Descubra este segredo indispens\u00e1vel para melhor\u00e1-la.","jnews-multi-image_gallery":[],"jnews_single_post":{"format":"standard"},"jnews_primary_category":[],"jnews_social_meta":[],"jnews_override_counter":[],"footnotes":""},"categories":[143],"post_tag":[887],"class_list":["post-18908","post","type-post","status-publish","format-standard","has-post-thumbnail","hentry","category-casa-e-decoracao","tag-casa"],"yoast_head":"<!-- This site is optimized with the Yoast SEO plugin v24.6 - https:\/\/yoast.com\/wordpress\/plugins\/seo\/ -->\n<title>Entenda este segredo indispens\u00e1vel da qualidade do ar na sua casa - Correio Braziliense - Radar<\/title>\n<meta name=\"description\" content=\"A qualidade do ar na sua casa pode impactar diretamente sua sa\u00fade e bem-estar! Descubra este segredo indispens\u00e1vel para melhor\u00e1-la.\" \/>\n<meta name=\"robots\" content=\"index, follow, max-snippet:-1, max-image-preview:large, max-video-preview:-1\" \/>\n<link rel=\"canonical\" href=\"https:\/\/www.correiobraziliense.com.br\/cbradar\/entenda-este-segredo-indispensavel-da-qualidade-do-ar-na-sua-casa\/\" \/>\n<meta property=\"og:locale\" content=\"pt_BR\" \/>\n<meta property=\"og:type\" content=\"article\" \/>\n<meta property=\"og:title\" content=\"Entenda este segredo indispens\u00e1vel da qualidade do ar na sua casa - Correio Braziliense - Radar\" \/>\n<meta property=\"og:description\" content=\"A qualidade do ar na sua casa pode impactar diretamente sua sa\u00fade e bem-estar! Descubra este segredo indispens\u00e1vel para melhor\u00e1-la.\" \/>\n<meta property=\"og:url\" content=\"https:\/\/www.correiobraziliense.com.br\/cbradar\/entenda-este-segredo-indispensavel-da-qualidade-do-ar-na-sua-casa\/\" \/>\n<meta property=\"og:site_name\" content=\"Correio Braziliense - Radar\" \/>\n<meta property=\"article:published_time\" content=\"2025-04-04T16:23:00+00:00\" \/>\n<meta property=\"og:image\" content=\"https:\/\/www.correiobraziliense.com.br\/cbradar\/wp-content\/uploads\/2025\/04\/ar-em-casa_1743686056637.jpg\" \/>\n\t<meta property=\"og:image:width\" content=\"1280\" \/>\n\t<meta property=\"og:image:height\" content=\"720\" \/>\n\t<meta property=\"og:image:type\" content=\"image\/jpeg\" \/>\n<meta name=\"author\" content=\"Paulo Custodio\" \/>\n<meta name=\"twitter:card\" content=\"summary_large_image\" \/>\n<meta name=\"twitter:label1\" content=\"Escrito por\" \/>\n\t<meta name=\"twitter:data1\" content=\"Paulo Custodio\" \/>\n\t<meta name=\"twitter:label2\" content=\"Est. tempo de leitura\" \/>\n\t<meta name=\"twitter:data2\" content=\"6 minutos\" \/>\n<!-- \/ Yoast SEO plugin. -->","yoast_head_json":{"title":"Entenda este segredo indispens\u00e1vel da qualidade do ar na sua casa - Correio Braziliense - Radar","description":"A qualidade do ar na sua casa pode impactar diretamente sua sa\u00fade e bem-estar! Descubra este segredo indispens\u00e1vel para melhor\u00e1-la.","robots":{"index":"index","follow":"follow","max-snippet":"max-snippet:-1","max-image-preview":"max-image-preview:large","max-video-preview":"max-video-preview:-1"},"canonical":"https:\/\/www.correiobraziliense.com.br\/cbradar\/entenda-este-segredo-indispensavel-da-qualidade-do-ar-na-sua-casa\/","og_locale":"pt_BR","og_type":"article","og_title":"Entenda este segredo indispens\u00e1vel da qualidade do ar na sua casa - Correio Braziliense - Radar","og_description":"A qualidade do ar na sua casa pode impactar diretamente sua sa\u00fade e bem-estar! Descubra este segredo indispens\u00e1vel para melhor\u00e1-la.","og_url":"https:\/\/www.correiobraziliense.com.br\/cbradar\/entenda-este-segredo-indispensavel-da-qualidade-do-ar-na-sua-casa\/","og_site_name":"Correio Braziliense - Radar","article_published_time":"2025-04-04T16:23:00+00:00","og_image":[{"width":1280,"height":720,"url":"https:\/\/www.correiobraziliense.com.br\/cbradar\/wp-content\/uploads\/2025\/04\/ar-em-casa_1743686056637.jpg","type":"image\/jpeg"}],"author":"Paulo Custodio","twitter_card":"summary_large_image","twitter_misc":{"Escrito por":"Paulo Custodio","Est. tempo de leitura":"6 minutos"},"schema":{"@context":"https:\/\/schema.org","@graph":[{"@type":"WebPage","@id":"https:\/\/www.correiobraziliense.com.br\/cbradar\/entenda-este-segredo-indispensavel-da-qualidade-do-ar-na-sua-casa\/","url":"https:\/\/www.correiobraziliense.com.br\/cbradar\/entenda-este-segredo-indispensavel-da-qualidade-do-ar-na-sua-casa\/","name":"Entenda este segredo indispens\u00e1vel da qualidade do ar na sua casa - Correio Braziliense - Radar","isPartOf":{"@id":"https:\/\/www.correiobraziliense.com.br\/cbradar\/#website"},"primaryImageOfPage":{"@id":"https:\/\/www.correiobraziliense.com.br\/cbradar\/entenda-este-segredo-indispensavel-da-qualidade-do-ar-na-sua-casa\/#primaryimage"},"image":{"@id":"https:\/\/www.correiobraziliense.com.br\/cbradar\/entenda-este-segredo-indispensavel-da-qualidade-do-ar-na-sua-casa\/#primaryimage"},"thumbnailUrl":"https:\/\/www.correiobraziliense.com.br\/cbradar\/wp-content\/uploads\/2025\/04\/ar-em-casa_1743686056637.jpg","datePublished":"2025-04-04T16:23:00+00:00","author":{"@id":"https:\/\/www.correiobraziliense.com.br\/cbradar\/#\/schema\/person\/4cec7857301a9a1a2ef249893cd908d3"},"description":"A qualidade do ar na sua casa pode impactar diretamente sua sa\u00fade e bem-estar! Descubra este segredo indispens\u00e1vel para melhor\u00e1-la.","breadcrumb":{"@id":"https:\/\/www.correiobraziliense.com.br\/cbradar\/entenda-este-segredo-indispensavel-da-qualidade-do-ar-na-sua-casa\/#breadcrumb"},"inLanguage":"pt-BR","potentialAction":[{"@type":"ReadAction","target":["https:\/\/www.correiobraziliense.com.br\/cbradar\/entenda-este-segredo-indispensavel-da-qualidade-do-ar-na-sua-casa\/"]}]},{"@type":"ImageObject","inLanguage":"pt-BR","@id":"https:\/\/www.correiobraziliense.com.br\/cbradar\/entenda-este-segredo-indispensavel-da-qualidade-do-ar-na-sua-casa\/#primaryimage","url":"https:\/\/www.correiobraziliense.com.br\/cbradar\/wp-content\/uploads\/2025\/04\/ar-em-casa_1743686056637.jpg","contentUrl":"https:\/\/www.correiobraziliense.com.br\/cbradar\/wp-content\/uploads\/2025\/04\/ar-em-casa_1743686056637.jpg","width":1280,"height":720,"caption":"Ar - Cr\u00e9ditos: depositphotos.com \/ gpointstudio"},{"@type":"BreadcrumbList","@id":"https:\/\/www.correiobraziliense.com.br\/cbradar\/entenda-este-segredo-indispensavel-da-qualidade-do-ar-na-sua-casa\/#breadcrumb","itemListElement":[{"@type":"ListItem","position":1,"name":"In\u00edcio","item":"https:\/\/www.correiobraziliense.com.br\/cbradar\/"},{"@type":"ListItem","position":2,"name":"Entenda este segredo indispens\u00e1vel da qualidade do ar na sua casa"}]},{"@type":"WebSite","@id":"https:\/\/www.correiobraziliense.com.br\/cbradar\/#website","url":"https:\/\/www.correiobraziliense.com.br\/cbradar\/","name":"Correio Braziliense - Radar","description":"Acompanhe as \u00faltimas not\u00edcias e fique bem informado sobre tudo o que acontece no Brasil e no mundo.","potentialAction":[{"@type":"SearchAction","target":{"@type":"EntryPoint","urlTemplate":"https:\/\/www.correiobraziliense.com.br\/cbradar\/?s={search_term_string}"},"query-input":{"@type":"PropertyValueSpecification","valueRequired":true,"valueName":"search_term_string"}}],"inLanguage":"pt-BR"},{"@type":"Person","@id":"https:\/\/www.correiobraziliense.com.br\/cbradar\/#\/schema\/person\/4cec7857301a9a1a2ef249893cd908d3","name":"Paulo Custodio","image":{"@type":"ImageObject","inLanguage":"pt-BR","@id":"https:\/\/www.correiobraziliense.com.br\/cbradar\/#\/schema\/person\/image\/","url":"https:\/\/secure.gravatar.com\/avatar\/bcd67168d1534e8fcf4f45c726a87cea?s=96&d=mm&r=g","contentUrl":"https:\/\/secure.gravatar.com\/avatar\/bcd67168d1534e8fcf4f45c726a87cea?s=96&d=mm&r=g","caption":"Paulo Custodio"},"sameAs":["https:\/\/www.correiobraziliense.com.br\/cbradar"],"url":"https:\/\/www.correiobraziliense.com.br\/cbradar\/author\/paulomyth\/"}]}},"_links":{"self":[{"href":"https:\/\/www.correiobraziliense.com.br\/cbradar\/wp-json\/wp\/v2\/posts\/18908","targetHints":{"allow":["GET"]}}],"collection":[{"href":"https:\/\/www.correiobraziliense.com.br\/cbradar\/wp-json\/wp\/v2\/posts"}],"about":[{"href":"https:\/\/www.correiobraziliense.com.br\/cbradar\/wp-json\/wp\/v2\/types\/post"}],"author":[{"embeddable":true,"href":"https:\/\/www.correiobraziliense.com.br\/cbradar\/wp-json\/wp\/v2\/users\/11"}],"replies":[{"embeddable":true,"href":"https:\/\/www.correiobraziliense.com.br\/cbradar\/wp-json\/wp\/v2\/comments?post=18908"}],"version-history":[{"count":3,"href":"https:\/\/www.correiobraziliense.com.br\/cbradar\/wp-json\/wp\/v2\/posts\/18908\/revisions"}],"predecessor-version":[{"id":19008,"href":"https:\/\/www.correiobraziliense.com.br\/cbradar\/wp-json\/wp\/v2\/posts\/18908\/revisions\/19008"}],"wp:featuredmedia":[{"embeddable":true,"href":"https:\/\/www.correiobraziliense.com.br\/cbradar\/wp-json\/wp\/v2\/media\/19006"}],"wp:attachment":[{"href":"https:\/\/www.correiobraziliense.com.br\/cbradar\/wp-json\/wp\/v2\/media?parent=18908"}],"wp:term":[{"taxonomy":"category","embeddable":true,"href":"https:\/\/www.correiobraziliense.com.br\/cbradar\/wp-json\/wp\/v2\/categories?post=18908"},{"taxonomy":"post_tag","embeddable":true,"href":"https:\/\/www.correiobraziliense.com.br\/cbradar\/wp-json\/wp\/v2\/post_tag?post=18908"}],"curies":[{"name":"wp","href":"https:\/\/api.w.org\/{rel}","templated":true}]}}