{"id":18954,"date":"2025-04-04T08:50:00","date_gmt":"2025-04-04T11:50:00","guid":{"rendered":"https:\/\/www.correiobraziliense.com.br\/cbradar\/?p=18954"},"modified":"2025-04-03T18:12:37","modified_gmt":"2025-04-03T21:12:37","slug":"essa-e-a-melhor-fruta-para-pessoas-com-diabetes","status":"publish","type":"post","link":"https:\/\/www.correiobraziliense.com.br\/cbradar\/essa-e-a-melhor-fruta-para-pessoas-com-diabetes\/","title":{"rendered":"Essa \u00e9 a melhor fruta para pessoas com diabetes"},"content":{"rendered":"\n<p>Incluir frutas na alimenta\u00e7\u00e3o \u00e9 uma pr\u00e1tica amplamente recomendada por especialistas em nutri\u00e7\u00e3o. Elas s\u00e3o ricas em vitaminas e minerais que promovem o bom funcionamento do organismo e contribuem para o controle glic\u00eamico, sendo especialmente ben\u00e9ficas para pessoas com diabetes. O consumo adequado de frutas pode ajudar a evitar oscila\u00e7\u00f5es nos n\u00edveis de glicose no sangue.<\/p>\n\n\n\n<p>De acordo com a nutricionista <strong>Mikaely Rodrigues<\/strong>, as frutas s\u00e3o fontes essenciais de carboidratos, fibras, vitaminas e minerais. Esses nutrientes s\u00e3o fundamentais para a sa\u00fade geral e desempenham um papel crucial na manuten\u00e7\u00e3o de n\u00edveis saud\u00e1veis de glicose. No entanto, \u00e9 importante escolher as frutas certas e consumi-las de forma equilibrada.<\/p>\n\n\n\n<h2 class=\"wp-block-heading\"><strong>Quais frutas s\u00e3o indicadas para o controle glic\u00eamico?<\/strong><\/h2>\n\n\n\n<p>Embora muitas frutas sejam adequadas para pessoas com diabetes, algumas se destacam por seus benef\u00edcios espec\u00edficos. O abacate, por exemplo, \u00e9 uma fruta rica em gorduras saud\u00e1veis e fibras, que tem um baixo impacto na glicemia e promove a saciedade. Ele tamb\u00e9m melhora a sensibilidade \u00e0 insulina, contribuindo para a sa\u00fade do cora\u00e7\u00e3o.<\/p>\n\n\n\n<figure class=\"wp-block-image size-large\"><img decoding=\"async\" width=\"1024\" height=\"576\" src=\"https:\/\/www.correiobraziliense.com.br\/cbradar\/wp-content\/uploads\/2025\/04\/frutas_1743684126071-1024x576.jpg\" alt=\"Essa \u00e9 a melhor fruta para pessoas com diabetes\" class=\"wp-image-18961\" srcset=\"https:\/\/www.correiobraziliense.com.br\/cbradar\/wp-content\/uploads\/2025\/04\/frutas_1743684126071-1024x576.jpg 1024w, https:\/\/www.correiobraziliense.com.br\/cbradar\/wp-content\/uploads\/2025\/04\/frutas_1743684126071-300x169.jpg 300w, https:\/\/www.correiobraziliense.com.br\/cbradar\/wp-content\/uploads\/2025\/04\/frutas_1743684126071-768x432.jpg 768w, https:\/\/www.correiobraziliense.com.br\/cbradar\/wp-content\/uploads\/2025\/04\/frutas_1743684126071-750x422.jpg 750w, https:\/\/www.correiobraziliense.com.br\/cbradar\/wp-content\/uploads\/2025\/04\/frutas_1743684126071-1140x641.jpg 1140w, https:\/\/www.correiobraziliense.com.br\/cbradar\/wp-content\/uploads\/2025\/04\/frutas_1743684126071.jpg 1280w\" sizes=\"(max-width: 1024px) 100vw, 1024px\" \/><figcaption class=\"wp-element-caption\">frutas.Cr\u00e9ditos: depositphotos.com \/ mihtiander<\/figcaption><\/figure>\n\n\n\n<p>Al\u00e9m do abacate, frutas como ma\u00e7\u00e3, pera, maracuj\u00e1 e coco s\u00e3o recomendadas. Elas possuem alto teor de fibras, o que retarda a absor\u00e7\u00e3o de carboidratos e evita picos de glicose. As frutas vermelhas tamb\u00e9m s\u00e3o uma excelente op\u00e7\u00e3o devido aos seus antioxidantes, que podem reduzir o risco de complica\u00e7\u00f5es diab\u00e9ticas, como problemas cardiovasculares.<\/p>\n\n\n\n<h2 class=\"wp-block-heading\"><strong>Como o abacate pode ajudar no controle da diabetes?<\/strong><\/h2>\n\n\n\n<p>O abacate \u00e9 uma fruta vers\u00e1til que pode ser incorporada em diversas receitas, como guacamole e vitaminas. Sua composi\u00e7\u00e3o rica em gorduras boas e fibras ajuda a promover a saciedade, evitando o consumo excessivo de carboidratos. Al\u00e9m disso, o abacate contribui para a sa\u00fade intestinal, essencial para o bom funcionamento do corpo.<\/p>\n\n\n\n<p>O consumo de abacate pode ser uma estrat\u00e9gia eficaz para melhorar a sensibilidade \u00e0 insulina e controlar os n\u00edveis de glicose no sangue. Por ser uma fruta com baixo \u00edndice glic\u00eamico, o abacate n\u00e3o causa picos de glicose, tornando-se uma escolha inteligente para quem busca manter a glicemia sob controle.<\/p>\n\n\n\n<h2 class=\"wp-block-heading\"><strong>Quais cuidados devem ser tomados na escolha das frutas?<\/strong><\/h2>\n\n\n\n<p>Para pessoas com diabetes, o segredo est\u00e1 no equil\u00edbrio e na escolha de por\u00e7\u00f5es adequadas. \u00c9 importante considerar a contagem de carboidratos ao incluir frutas na dieta. Frutas com alto teor de fibras s\u00e3o essenciais, pois retardam a absor\u00e7\u00e3o dos carboidratos e evitam picos de glicemia.<\/p>\n\n\n\n<p>Al\u00e9m disso, \u00e9 crucial optar por frutas frescas e evitar aquelas com adi\u00e7\u00e3o de a\u00e7\u00facares. A escolha de frutas ricas em antioxidantes tamb\u00e9m pode contribuir para a redu\u00e7\u00e3o do risco de complica\u00e7\u00f5es diab\u00e9ticas. A inclus\u00e3o de uma variedade de frutas na dieta pode oferecer benef\u00edcios significativos para a sa\u00fade metab\u00f3lica e imunol\u00f3gica.<\/p>\n\n\n\n<h2 class=\"wp-block-heading\">Conclus\u00e3o<\/h2>\n\n\n\n<p>Incorporar frutas na dieta de pessoas com diabetes pode trazer in\u00fameros benef\u00edcios para a sa\u00fade. O abacate, em particular, destaca-se por suas propriedades que auxiliam no controle glic\u00eamico e na promo\u00e7\u00e3o da sa\u00fade geral. Ao escolher frutas ricas em fibras e antioxidantes, \u00e9 poss\u00edvel manter a glicemia sob controle e reduzir o risco de complica\u00e7\u00f5es associadas \u00e0 diabetes.<\/p>\n","protected":false},"excerpt":{"rendered":"<p>Descubra como as frutas, especialmente o abacate, podem ajudar no controle da diabetes.<\/p>\n","protected":false},"author":3,"featured_media":18959,"comment_status":"open","ping_status":"open","sticky":false,"template":"","format":"standard","meta":{"_yoast_wpseo_focuskw":"fruta diabetes","_yoast_wpseo_title":"%%title%%","_yoast_wpseo_metadesc":"Descubra como as frutas, especialmente o abacate, podem ajudar no controle da diabetes.","jnews-multi-image_gallery":[],"jnews_single_post":{"format":"standard"},"jnews_primary_category":[],"jnews_social_meta":[],"jnews_override_counter":[],"footnotes":""},"categories":[112],"tags":[281,2750],"class_list":["post-18954","post","type-post","status-publish","format-standard","has-post-thumbnail","hentry","category-curiosidades","tag-alimentacao","tag-diabetes"],"yoast_head":"<!-- This site is optimized with the Yoast SEO plugin v24.6 - https:\/\/yoast.com\/wordpress\/plugins\/seo\/ -->\n<title>Essa \u00e9 a melhor fruta para pessoas com diabetes<\/title>\n<meta name=\"description\" content=\"Descubra como as frutas, especialmente o abacate, podem ajudar no controle da diabetes.\" \/>\n<meta name=\"robots\" content=\"index, follow, max-snippet:-1, max-image-preview:large, max-video-preview:-1\" \/>\n<link rel=\"canonical\" href=\"https:\/\/www.correiobraziliense.com.br\/cbradar\/essa-e-a-melhor-fruta-para-pessoas-com-diabetes\/\" \/>\n<meta property=\"og:locale\" content=\"pt_BR\" \/>\n<meta property=\"og:type\" content=\"article\" \/>\n<meta property=\"og:title\" content=\"Essa \u00e9 a melhor fruta para pessoas com diabetes\" \/>\n<meta property=\"og:description\" content=\"Descubra como as frutas, especialmente o abacate, podem ajudar no controle da diabetes.\" \/>\n<meta property=\"og:url\" content=\"https:\/\/www.correiobraziliense.com.br\/cbradar\/essa-e-a-melhor-fruta-para-pessoas-com-diabetes\/\" \/>\n<meta property=\"og:site_name\" content=\"Correio Braziliense - Radar\" \/>\n<meta property=\"article:published_time\" content=\"2025-04-04T11:50:00+00:00\" \/>\n<meta property=\"og:image\" content=\"https:\/\/www.correiobraziliense.com.br\/cbradar\/wp-content\/uploads\/2025\/04\/frutas_1743683992827.jpg\" \/>\n\t<meta property=\"og:image:width\" content=\"1280\" \/>\n\t<meta property=\"og:image:height\" content=\"720\" \/>\n\t<meta property=\"og:image:type\" content=\"image\/jpeg\" \/>\n<meta name=\"author\" content=\"Larissa Carvalho\" \/>\n<meta name=\"twitter:card\" content=\"summary_large_image\" \/>\n<meta name=\"twitter:label1\" content=\"Escrito por\" \/>\n\t<meta name=\"twitter:data1\" content=\"Larissa Carvalho\" \/>\n\t<meta name=\"twitter:label2\" content=\"Est. tempo de leitura\" \/>\n\t<meta name=\"twitter:data2\" content=\"4 minutos\" \/>\n<!-- \/ Yoast SEO plugin. -->","yoast_head_json":{"title":"Essa \u00e9 a melhor fruta para pessoas com diabetes","description":"Descubra como as frutas, especialmente o abacate, podem ajudar no controle da diabetes.","robots":{"index":"index","follow":"follow","max-snippet":"max-snippet:-1","max-image-preview":"max-image-preview:large","max-video-preview":"max-video-preview:-1"},"canonical":"https:\/\/www.correiobraziliense.com.br\/cbradar\/essa-e-a-melhor-fruta-para-pessoas-com-diabetes\/","og_locale":"pt_BR","og_type":"article","og_title":"Essa \u00e9 a melhor fruta para pessoas com diabetes","og_description":"Descubra como as frutas, especialmente o abacate, podem ajudar no controle da diabetes.","og_url":"https:\/\/www.correiobraziliense.com.br\/cbradar\/essa-e-a-melhor-fruta-para-pessoas-com-diabetes\/","og_site_name":"Correio Braziliense - Radar","article_published_time":"2025-04-04T11:50:00+00:00","og_image":[{"width":1280,"height":720,"url":"https:\/\/www.correiobraziliense.com.br\/cbradar\/wp-content\/uploads\/2025\/04\/frutas_1743683992827.jpg","type":"image\/jpeg"}],"author":"Larissa Carvalho","twitter_card":"summary_large_image","twitter_misc":{"Escrito por":"Larissa Carvalho","Est. tempo de leitura":"4 minutos"},"schema":{"@context":"https:\/\/schema.org","@graph":[{"@type":"WebPage","@id":"https:\/\/www.correiobraziliense.com.br\/cbradar\/essa-e-a-melhor-fruta-para-pessoas-com-diabetes\/","url":"https:\/\/www.correiobraziliense.com.br\/cbradar\/essa-e-a-melhor-fruta-para-pessoas-com-diabetes\/","name":"Essa \u00e9 a melhor fruta para pessoas com diabetes","isPartOf":{"@id":"https:\/\/www.correiobraziliense.com.br\/cbradar\/#website"},"primaryImageOfPage":{"@id":"https:\/\/www.correiobraziliense.com.br\/cbradar\/essa-e-a-melhor-fruta-para-pessoas-com-diabetes\/#primaryimage"},"image":{"@id":"https:\/\/www.correiobraziliense.com.br\/cbradar\/essa-e-a-melhor-fruta-para-pessoas-com-diabetes\/#primaryimage"},"thumbnailUrl":"https:\/\/www.correiobraziliense.com.br\/cbradar\/wp-content\/uploads\/2025\/04\/frutas_1743683992827.jpg","datePublished":"2025-04-04T11:50:00+00:00","author":{"@id":"https:\/\/www.correiobraziliense.com.br\/cbradar\/#\/schema\/person\/58422787644df994b53a19d3e56c1513"},"description":"Descubra como as frutas, especialmente o abacate, podem ajudar no controle da diabetes.","breadcrumb":{"@id":"https:\/\/www.correiobraziliense.com.br\/cbradar\/essa-e-a-melhor-fruta-para-pessoas-com-diabetes\/#breadcrumb"},"inLanguage":"pt-BR","potentialAction":[{"@type":"ReadAction","target":["https:\/\/www.correiobraziliense.com.br\/cbradar\/essa-e-a-melhor-fruta-para-pessoas-com-diabetes\/"]}]},{"@type":"ImageObject","inLanguage":"pt-BR","@id":"https:\/\/www.correiobraziliense.com.br\/cbradar\/essa-e-a-melhor-fruta-para-pessoas-com-diabetes\/#primaryimage","url":"https:\/\/www.correiobraziliense.com.br\/cbradar\/wp-content\/uploads\/2025\/04\/frutas_1743683992827.jpg","contentUrl":"https:\/\/www.correiobraziliense.com.br\/cbradar\/wp-content\/uploads\/2025\/04\/frutas_1743683992827.jpg","width":1280,"height":720,"caption":"frutas.Cr\u00e9ditos: depositphotos.com \/ baibaz"},{"@type":"BreadcrumbList","@id":"https:\/\/www.correiobraziliense.com.br\/cbradar\/essa-e-a-melhor-fruta-para-pessoas-com-diabetes\/#breadcrumb","itemListElement":[{"@type":"ListItem","position":1,"name":"In\u00edcio","item":"https:\/\/www.correiobraziliense.com.br\/cbradar\/"},{"@type":"ListItem","position":2,"name":"Essa \u00e9 a melhor fruta para pessoas com diabetes"}]},{"@type":"WebSite","@id":"https:\/\/www.correiobraziliense.com.br\/cbradar\/#website","url":"https:\/\/www.correiobraziliense.com.br\/cbradar\/","name":"Correio Braziliense - Radar","description":"Acompanhe as \u00faltimas not\u00edcias e fique bem informado sobre tudo o que acontece no Brasil e no mundo.","potentialAction":[{"@type":"SearchAction","target":{"@type":"EntryPoint","urlTemplate":"https:\/\/www.correiobraziliense.com.br\/cbradar\/?s={search_term_string}"},"query-input":{"@type":"PropertyValueSpecification","valueRequired":true,"valueName":"search_term_string"}}],"inLanguage":"pt-BR"},{"@type":"Person","@id":"https:\/\/www.correiobraziliense.com.br\/cbradar\/#\/schema\/person\/58422787644df994b53a19d3e56c1513","name":"Larissa Carvalho","image":{"@type":"ImageObject","inLanguage":"pt-BR","@id":"https:\/\/www.correiobraziliense.com.br\/cbradar\/#\/schema\/person\/image\/","url":"https:\/\/secure.gravatar.com\/avatar\/fe4f91a0de32b52a838d0d612abdc1aa?s=96&d=mm&r=g","contentUrl":"https:\/\/secure.gravatar.com\/avatar\/fe4f91a0de32b52a838d0d612abdc1aa?s=96&d=mm&r=g","caption":"Larissa Carvalho"},"url":"https:\/\/www.correiobraziliense.com.br\/cbradar\/author\/larissamyth\/"}]}},"_links":{"self":[{"href":"https:\/\/www.correiobraziliense.com.br\/cbradar\/wp-json\/wp\/v2\/posts\/18954","targetHints":{"allow":["GET"]}}],"collection":[{"href":"https:\/\/www.correiobraziliense.com.br\/cbradar\/wp-json\/wp\/v2\/posts"}],"about":[{"href":"https:\/\/www.correiobraziliense.com.br\/cbradar\/wp-json\/wp\/v2\/types\/post"}],"author":[{"embeddable":true,"href":"https:\/\/www.correiobraziliense.com.br\/cbradar\/wp-json\/wp\/v2\/users\/3"}],"replies":[{"embeddable":true,"href":"https:\/\/www.correiobraziliense.com.br\/cbradar\/wp-json\/wp\/v2\/comments?post=18954"}],"version-history":[{"count":3,"href":"https:\/\/www.correiobraziliense.com.br\/cbradar\/wp-json\/wp\/v2\/posts\/18954\/revisions"}],"predecessor-version":[{"id":19101,"href":"https:\/\/www.correiobraziliense.com.br\/cbradar\/wp-json\/wp\/v2\/posts\/18954\/revisions\/19101"}],"wp:featuredmedia":[{"embeddable":true,"href":"https:\/\/www.correiobraziliense.com.br\/cbradar\/wp-json\/wp\/v2\/media\/18959"}],"wp:attachment":[{"href":"https:\/\/www.correiobraziliense.com.br\/cbradar\/wp-json\/wp\/v2\/media?parent=18954"}],"wp:term":[{"taxonomy":"category","embeddable":true,"href":"https:\/\/www.correiobraziliense.com.br\/cbradar\/wp-json\/wp\/v2\/categories?post=18954"},{"taxonomy":"post_tag","embeddable":true,"href":"https:\/\/www.correiobraziliense.com.br\/cbradar\/wp-json\/wp\/v2\/tags?post=18954"}],"curies":[{"name":"wp","href":"https:\/\/api.w.org\/{rel}","templated":true}]}}