{"id":19047,"date":"2025-04-04T08:23:00","date_gmt":"2025-04-04T11:23:00","guid":{"rendered":"https:\/\/www.correiobraziliense.com.br\/cbradar\/?p=19047"},"modified":"2025-04-03T18:12:52","modified_gmt":"2025-04-03T21:12:52","slug":"fiat-strada-lidera-ranking-de-veiculos-mais-vendidos-em-marco-veja-lista","status":"publish","type":"post","link":"https:\/\/www.correiobraziliense.com.br\/cbradar\/fiat-strada-lidera-ranking-de-veiculos-mais-vendidos-em-marco-veja-lista\/","title":{"rendered":"Fiat Strada lidera ranking de ve\u00edculos mais vendidos em mar\u00e7o, veja lista"},"content":{"rendered":"\n<p>O mercado de autom\u00f3veis no <strong>Brasil <\/strong>experimentou um m\u00eas de mar\u00e7o movimentado em 2025, com mudan\u00e7as significativas nas posi\u00e7\u00f5es de vendas de alguns modelos. Dados da <strong>Fenabrave <\/strong>revelam que o <strong>Volkswagen Polo<\/strong> assumiu a lideran\u00e7a na categoria de autom\u00f3veis, com 7.518 unidades vendidas. Embora o volume seja expressivo, houve uma leve queda de 0,6% em rela\u00e7\u00e3o \u00e0 m\u00e9dia di\u00e1ria de vendas de fevereiro.<\/p>\n\n\n\n<p>Na segunda posi\u00e7\u00e3o, o <strong>Fiat Argo <\/strong>destacou-se com um crescimento not\u00e1vel de 23,0% em rela\u00e7\u00e3o ao m\u00eas anterior, totalizando 7.370 unidades vendidas. Essa ascens\u00e3o evidencia uma disputa acirrada pela lideran\u00e7a no mercado, com uma diferen\u00e7a m\u00ednima em rela\u00e7\u00e3o ao primeiro colocado.<\/p>\n\n\n\n<h2 class=\"wp-block-heading\"><strong>Quais foram os modelos mais vendidos em mar\u00e7o de 2025?<\/strong><\/h2>\n\n\n\n<p>Completando o p\u00f3dio, o VW T-Cross registrou 5.943 unidades vendidas, ocupando a terceira coloca\u00e7\u00e3o. O Hyundai HB20 garantiu a quarta posi\u00e7\u00e3o com 5.467 carros vendidos, representando um aumento expressivo de 26,2% em rela\u00e7\u00e3o a fevereiro. Esses n\u00fameros refletem um mercado em constante evolu\u00e7\u00e3o, com consumidores buscando op\u00e7\u00f5es variadas de ve\u00edculos.<\/p>\n\n\n\n<figure class=\"wp-block-image size-large\"><img decoding=\"async\" width=\"1024\" height=\"576\" src=\"https:\/\/www.correiobraziliense.com.br\/cbradar\/wp-content\/uploads\/2025\/04\/carros-_1743689529512-1024x576.jpg\" alt=\"Fiat Strada lidera ranking de ve\u00edculos mais vendidos em mar\u00e7o, veja lista\" class=\"wp-image-19049\" srcset=\"https:\/\/www.correiobraziliense.com.br\/cbradar\/wp-content\/uploads\/2025\/04\/carros-_1743689529512-1024x576.jpg 1024w, https:\/\/www.correiobraziliense.com.br\/cbradar\/wp-content\/uploads\/2025\/04\/carros-_1743689529512-300x169.jpg 300w, https:\/\/www.correiobraziliense.com.br\/cbradar\/wp-content\/uploads\/2025\/04\/carros-_1743689529512-768x432.jpg 768w, https:\/\/www.correiobraziliense.com.br\/cbradar\/wp-content\/uploads\/2025\/04\/carros-_1743689529512-750x422.jpg 750w, https:\/\/www.correiobraziliense.com.br\/cbradar\/wp-content\/uploads\/2025\/04\/carros-_1743689529512-1140x641.jpg 1140w, https:\/\/www.correiobraziliense.com.br\/cbradar\/wp-content\/uploads\/2025\/04\/carros-_1743689529512.jpg 1280w\" sizes=\"(max-width: 1024px) 100vw, 1024px\" \/><figcaption class=\"wp-element-caption\">carros .Cr\u00e9ditos: depositphotos.com \/ SashaKhalabuzar<\/figcaption><\/figure>\n\n\n\n<p>No segmento de comerciais leves, a Fiat Strada manteve sua lideran\u00e7a, com 9.655 unidades vendidas. Este modelo continua sendo o preferido entre os consumidores dessa categoria, consolidando sua posi\u00e7\u00e3o no mercado. A VW Saveiro, por sua vez, registrou um crescimento de 14,4% em rela\u00e7\u00e3o ao m\u00eas anterior, com 5.111 unidades vendidas, garantindo a segunda posi\u00e7\u00e3o no ranking de comerciais leves.<\/p>\n\n\n\n<h2 class=\"wp-block-heading\"><strong>Como est\u00e1 o ranking geral de vendas de autom\u00f3veis?<\/strong><\/h2>\n\n\n\n<p>O ranking geral de vendas de autom\u00f3veis em mar\u00e7o de 2025 mostra uma variedade de modelos que conquistaram os consumidores brasileiros. Abaixo est\u00e1 a lista dos 15 modelos mais vendidos:<\/p>\n\n\n\n<ol class=\"wp-block-list\">\n<li><strong>FIAT STRADA<\/strong>&nbsp;&#8211; 9.655 unidades<\/li>\n\n\n\n<li><strong>VW POLO<\/strong>&nbsp;&#8211; 7.518 unidades<\/li>\n\n\n\n<li><strong>FIAT ARGO<\/strong>&nbsp;&#8211; 7.370 unidades<\/li>\n\n\n\n<li><strong>VW T-CROSS<\/strong>&nbsp;&#8211; 5.943 unidades<\/li>\n\n\n\n<li><strong>HYUNDAI HB20<\/strong>&nbsp;&#8211; 5.467 unidades<\/li>\n\n\n\n<li><strong>GM ONIX<\/strong>&nbsp;&#8211; 5.393 unidades<\/li>\n\n\n\n<li><strong>TOYOTA COROLLA CROSS<\/strong>&nbsp;&#8211; 5.369 unidades<\/li>\n\n\n\n<li><strong>VW SAVEIRO<\/strong>&nbsp;&#8211; 5.111 unidades<\/li>\n\n\n\n<li><strong>HONDA HR-V<\/strong>&nbsp;&#8211; 4.634 unidades<\/li>\n\n\n\n<li><strong>RENAULT KWID<\/strong>&nbsp;&#8211; 4.484 unidades<\/li>\n\n\n\n<li><strong>FIAT MOBI<\/strong>&nbsp;&#8211; 4.481 unidades<\/li>\n\n\n\n<li><strong>NISSAN KICKS<\/strong>&nbsp;&#8211; 4.204 unidades<\/li>\n\n\n\n<li><strong>GM ONIX PLUS<\/strong>&nbsp;&#8211; 4.194 unidades<\/li>\n\n\n\n<li><strong>HYUNDAI CRETA<\/strong>&nbsp;&#8211; 4.001 unidades<\/li>\n\n\n\n<li><strong>GM TRACKER<\/strong>&nbsp;&#8211; 3.891 unidades<\/li>\n<\/ol>\n\n\n\n<h2 class=\"wp-block-heading\"><strong>O que os dados de mar\u00e7o de 2025 indicam para o mercado automobil\u00edstico?<\/strong><\/h2>\n\n\n\n<p>Os dados de mar\u00e7o de 2025 apontam para um mercado automobil\u00edstico aquecido, com uma proje\u00e7\u00e3o de fechamento acima de 178 mil unidades vendidas. Essa estimativa sugere um cen\u00e1rio positivo para o setor no Brasil, refletindo uma recupera\u00e7\u00e3o e crescimento cont\u00ednuo. A diversidade de modelos e o aumento nas vendas indicam que os consumidores est\u00e3o cada vez mais exigentes e atentos \u00e0s novidades do mercado.<\/p>\n\n\n\n<p>Com a competi\u00e7\u00e3o acirrada entre os fabricantes, \u00e9 esperado que o mercado continue a evoluir, trazendo inova\u00e7\u00f5es e melhorias nos modelos dispon\u00edveis. A tend\u00eancia \u00e9 que as montadoras invistam cada vez mais em tecnologia e sustentabilidade para atender \u00e0s demandas dos consumidores modernos.<\/p>\n","protected":false},"excerpt":{"rendered":"<p>Um mercado aquecido: veja os modelos de carros mais vendidos no Brasil em Mar\u00e7o de 2025 e as tend\u00eancias de compra dos consumidores.<\/p>\n","protected":false},"author":3,"featured_media":19048,"comment_status":"open","ping_status":"open","sticky":false,"template":"","format":"standard","meta":{"_yoast_wpseo_focuskw":"mais vendidos mar\u00e7o","_yoast_wpseo_title":"%%title%%","_yoast_wpseo_metadesc":"Um mercado aquecido: veja os modelos de carros mais vendidos no Brasil em Mar\u00e7o de 2025 e as tend\u00eancias de compra dos consumidores.","jnews-multi-image_gallery":[],"jnews_single_post":{"format":"standard"},"jnews_primary_category":[],"jnews_social_meta":[],"jnews_override_counter":[],"footnotes":""},"categories":[122],"tags":[123,1455,2855],"class_list":["post-19047","post","type-post","status-publish","format-standard","has-post-thumbnail","hentry","category-automobilismo","tag-carros","tag-carros-mais-vendidos","tag-fiat-strada"],"yoast_head":"<!-- This site is optimized with the Yoast SEO plugin v24.6 - https:\/\/yoast.com\/wordpress\/plugins\/seo\/ -->\n<title>Fiat Strada lidera ranking de ve\u00edculos mais vendidos em mar\u00e7o, veja lista<\/title>\n<meta name=\"description\" content=\"Um mercado aquecido: veja os modelos de carros mais vendidos no Brasil em Mar\u00e7o de 2025 e as tend\u00eancias de compra dos consumidores.\" \/>\n<meta name=\"robots\" content=\"index, follow, max-snippet:-1, max-image-preview:large, max-video-preview:-1\" \/>\n<link rel=\"canonical\" href=\"https:\/\/www.correiobraziliense.com.br\/cbradar\/fiat-strada-lidera-ranking-de-veiculos-mais-vendidos-em-marco-veja-lista\/\" \/>\n<meta property=\"og:locale\" content=\"pt_BR\" \/>\n<meta property=\"og:type\" content=\"article\" \/>\n<meta property=\"og:title\" content=\"Fiat Strada lidera ranking de ve\u00edculos mais vendidos em mar\u00e7o, veja lista\" \/>\n<meta property=\"og:description\" content=\"Um mercado aquecido: veja os modelos de carros mais vendidos no Brasil em Mar\u00e7o de 2025 e as tend\u00eancias de compra dos consumidores.\" \/>\n<meta property=\"og:url\" content=\"https:\/\/www.correiobraziliense.com.br\/cbradar\/fiat-strada-lidera-ranking-de-veiculos-mais-vendidos-em-marco-veja-lista\/\" \/>\n<meta property=\"og:site_name\" content=\"Correio Braziliense - Radar\" \/>\n<meta property=\"article:published_time\" content=\"2025-04-04T11:23:00+00:00\" \/>\n<meta property=\"og:image\" content=\"https:\/\/www.correiobraziliense.com.br\/cbradar\/wp-content\/uploads\/2025\/04\/carros-_1743689369723.jpg\" \/>\n\t<meta property=\"og:image:width\" content=\"1280\" \/>\n\t<meta property=\"og:image:height\" content=\"720\" \/>\n\t<meta property=\"og:image:type\" content=\"image\/jpeg\" \/>\n<meta name=\"author\" content=\"Larissa Carvalho\" \/>\n<meta name=\"twitter:card\" content=\"summary_large_image\" \/>\n<meta name=\"twitter:label1\" content=\"Escrito por\" \/>\n\t<meta name=\"twitter:data1\" content=\"Larissa Carvalho\" \/>\n\t<meta name=\"twitter:label2\" content=\"Est. tempo de leitura\" \/>\n\t<meta name=\"twitter:data2\" content=\"3 minutos\" \/>\n<!-- \/ Yoast SEO plugin. -->","yoast_head_json":{"title":"Fiat Strada lidera ranking de ve\u00edculos mais vendidos em mar\u00e7o, veja lista","description":"Um mercado aquecido: veja os modelos de carros mais vendidos no Brasil em Mar\u00e7o de 2025 e as tend\u00eancias de compra dos consumidores.","robots":{"index":"index","follow":"follow","max-snippet":"max-snippet:-1","max-image-preview":"max-image-preview:large","max-video-preview":"max-video-preview:-1"},"canonical":"https:\/\/www.correiobraziliense.com.br\/cbradar\/fiat-strada-lidera-ranking-de-veiculos-mais-vendidos-em-marco-veja-lista\/","og_locale":"pt_BR","og_type":"article","og_title":"Fiat Strada lidera ranking de ve\u00edculos mais vendidos em mar\u00e7o, veja lista","og_description":"Um mercado aquecido: veja os modelos de carros mais vendidos no Brasil em Mar\u00e7o de 2025 e as tend\u00eancias de compra dos consumidores.","og_url":"https:\/\/www.correiobraziliense.com.br\/cbradar\/fiat-strada-lidera-ranking-de-veiculos-mais-vendidos-em-marco-veja-lista\/","og_site_name":"Correio Braziliense - Radar","article_published_time":"2025-04-04T11:23:00+00:00","og_image":[{"width":1280,"height":720,"url":"https:\/\/www.correiobraziliense.com.br\/cbradar\/wp-content\/uploads\/2025\/04\/carros-_1743689369723.jpg","type":"image\/jpeg"}],"author":"Larissa Carvalho","twitter_card":"summary_large_image","twitter_misc":{"Escrito por":"Larissa Carvalho","Est. tempo de leitura":"3 minutos"},"schema":{"@context":"https:\/\/schema.org","@graph":[{"@type":"WebPage","@id":"https:\/\/www.correiobraziliense.com.br\/cbradar\/fiat-strada-lidera-ranking-de-veiculos-mais-vendidos-em-marco-veja-lista\/","url":"https:\/\/www.correiobraziliense.com.br\/cbradar\/fiat-strada-lidera-ranking-de-veiculos-mais-vendidos-em-marco-veja-lista\/","name":"Fiat Strada lidera ranking de ve\u00edculos mais vendidos em mar\u00e7o, veja lista","isPartOf":{"@id":"https:\/\/www.correiobraziliense.com.br\/cbradar\/#website"},"primaryImageOfPage":{"@id":"https:\/\/www.correiobraziliense.com.br\/cbradar\/fiat-strada-lidera-ranking-de-veiculos-mais-vendidos-em-marco-veja-lista\/#primaryimage"},"image":{"@id":"https:\/\/www.correiobraziliense.com.br\/cbradar\/fiat-strada-lidera-ranking-de-veiculos-mais-vendidos-em-marco-veja-lista\/#primaryimage"},"thumbnailUrl":"https:\/\/www.correiobraziliense.com.br\/cbradar\/wp-content\/uploads\/2025\/04\/carros-_1743689369723.jpg","datePublished":"2025-04-04T11:23:00+00:00","author":{"@id":"https:\/\/www.correiobraziliense.com.br\/cbradar\/#\/schema\/person\/58422787644df994b53a19d3e56c1513"},"description":"Um mercado aquecido: veja os modelos de carros mais vendidos no Brasil em Mar\u00e7o de 2025 e as tend\u00eancias de compra dos consumidores.","breadcrumb":{"@id":"https:\/\/www.correiobraziliense.com.br\/cbradar\/fiat-strada-lidera-ranking-de-veiculos-mais-vendidos-em-marco-veja-lista\/#breadcrumb"},"inLanguage":"pt-BR","potentialAction":[{"@type":"ReadAction","target":["https:\/\/www.correiobraziliense.com.br\/cbradar\/fiat-strada-lidera-ranking-de-veiculos-mais-vendidos-em-marco-veja-lista\/"]}]},{"@type":"ImageObject","inLanguage":"pt-BR","@id":"https:\/\/www.correiobraziliense.com.br\/cbradar\/fiat-strada-lidera-ranking-de-veiculos-mais-vendidos-em-marco-veja-lista\/#primaryimage","url":"https:\/\/www.correiobraziliense.com.br\/cbradar\/wp-content\/uploads\/2025\/04\/carros-_1743689369723.jpg","contentUrl":"https:\/\/www.correiobraziliense.com.br\/cbradar\/wp-content\/uploads\/2025\/04\/carros-_1743689369723.jpg","width":1280,"height":720,"caption":"carros.Cr\u00e9ditos: depositphotos.com \/ wastesoul"},{"@type":"BreadcrumbList","@id":"https:\/\/www.correiobraziliense.com.br\/cbradar\/fiat-strada-lidera-ranking-de-veiculos-mais-vendidos-em-marco-veja-lista\/#breadcrumb","itemListElement":[{"@type":"ListItem","position":1,"name":"In\u00edcio","item":"https:\/\/www.correiobraziliense.com.br\/cbradar\/"},{"@type":"ListItem","position":2,"name":"Fiat Strada lidera ranking de ve\u00edculos mais vendidos em mar\u00e7o, veja lista"}]},{"@type":"WebSite","@id":"https:\/\/www.correiobraziliense.com.br\/cbradar\/#website","url":"https:\/\/www.correiobraziliense.com.br\/cbradar\/","name":"Correio Braziliense - Radar","description":"Acompanhe as \u00faltimas not\u00edcias e fique bem informado sobre tudo o que acontece no Brasil e no mundo.","potentialAction":[{"@type":"SearchAction","target":{"@type":"EntryPoint","urlTemplate":"https:\/\/www.correiobraziliense.com.br\/cbradar\/?s={search_term_string}"},"query-input":{"@type":"PropertyValueSpecification","valueRequired":true,"valueName":"search_term_string"}}],"inLanguage":"pt-BR"},{"@type":"Person","@id":"https:\/\/www.correiobraziliense.com.br\/cbradar\/#\/schema\/person\/58422787644df994b53a19d3e56c1513","name":"Larissa Carvalho","image":{"@type":"ImageObject","inLanguage":"pt-BR","@id":"https:\/\/www.correiobraziliense.com.br\/cbradar\/#\/schema\/person\/image\/","url":"https:\/\/secure.gravatar.com\/avatar\/fe4f91a0de32b52a838d0d612abdc1aa?s=96&d=mm&r=g","contentUrl":"https:\/\/secure.gravatar.com\/avatar\/fe4f91a0de32b52a838d0d612abdc1aa?s=96&d=mm&r=g","caption":"Larissa Carvalho"},"url":"https:\/\/www.correiobraziliense.com.br\/cbradar\/author\/larissamyth\/"}]}},"_links":{"self":[{"href":"https:\/\/www.correiobraziliense.com.br\/cbradar\/wp-json\/wp\/v2\/posts\/19047","targetHints":{"allow":["GET"]}}],"collection":[{"href":"https:\/\/www.correiobraziliense.com.br\/cbradar\/wp-json\/wp\/v2\/posts"}],"about":[{"href":"https:\/\/www.correiobraziliense.com.br\/cbradar\/wp-json\/wp\/v2\/types\/post"}],"author":[{"embeddable":true,"href":"https:\/\/www.correiobraziliense.com.br\/cbradar\/wp-json\/wp\/v2\/users\/3"}],"replies":[{"embeddable":true,"href":"https:\/\/www.correiobraziliense.com.br\/cbradar\/wp-json\/wp\/v2\/comments?post=19047"}],"version-history":[{"count":2,"href":"https:\/\/www.correiobraziliense.com.br\/cbradar\/wp-json\/wp\/v2\/posts\/19047\/revisions"}],"predecessor-version":[{"id":19107,"href":"https:\/\/www.correiobraziliense.com.br\/cbradar\/wp-json\/wp\/v2\/posts\/19047\/revisions\/19107"}],"wp:featuredmedia":[{"embeddable":true,"href":"https:\/\/www.correiobraziliense.com.br\/cbradar\/wp-json\/wp\/v2\/media\/19048"}],"wp:attachment":[{"href":"https:\/\/www.correiobraziliense.com.br\/cbradar\/wp-json\/wp\/v2\/media?parent=19047"}],"wp:term":[{"taxonomy":"category","embeddable":true,"href":"https:\/\/www.correiobraziliense.com.br\/cbradar\/wp-json\/wp\/v2\/categories?post=19047"},{"taxonomy":"post_tag","embeddable":true,"href":"https:\/\/www.correiobraziliense.com.br\/cbradar\/wp-json\/wp\/v2\/tags?post=19047"}],"curies":[{"name":"wp","href":"https:\/\/api.w.org\/{rel}","templated":true}]}}