{"id":19055,"date":"2025-04-04T15:10:25","date_gmt":"2025-04-04T18:10:25","guid":{"rendered":"https:\/\/www.correiobraziliense.com.br\/cbradar\/?p=19055"},"modified":"2025-04-04T03:12:11","modified_gmt":"2025-04-04T06:12:11","slug":"passo-a-passo-para-plantar-oregano-em-sua-casa","status":"publish","type":"post","link":"https:\/\/www.correiobraziliense.com.br\/cbradar\/passo-a-passo-para-plantar-oregano-em-sua-casa\/","title":{"rendered":"Passo a passo para plantar or\u00e9gano em sua casa"},"content":{"rendered":"\n<p>O <strong>or\u00e9gano<\/strong> \u00e9 uma erva arom\u00e1tica amplamente utilizada na culin\u00e1ria, especialmente em pizzas e molhos. Al\u00e9m de saboroso, possui propriedades medicinais. Aprenda como <a href=\"https:\/\/www.correiobraziliense.com.br\/cbradar\/aprenda-a-plantar-berinjela-e-aproveite-seus-beneficios-nutricionais\/\" target=\"_blank\" rel=\"noreferrer noopener\">plantar<\/a>, cuidar e colher o or\u00e9gano de maneira simples e eficiente.<\/p>\n\n\n\n<h2 class=\"wp-block-heading\">Qual o melhor clima e solo para plantar?<\/h2>\n\n\n\n<p>O <strong>or\u00e9gano<\/strong> se adapta bem a <strong>climas quentes e temperados<\/strong>, preferindo temperaturas entre <strong>15\u00b0C e 25\u00b0C<\/strong>. A planta precisa de <strong>bastante sol<\/strong>, pelo menos <strong>4 a 6 horas di\u00e1rias<\/strong>. O solo ideal deve ser <strong>bem drenado, leve e rico em mat\u00e9ria org\u00e2nica<\/strong>, com pH entre <strong>6,0 e 7,5<\/strong>.<\/p>\n\n\n\n<h2 class=\"wp-block-heading\">Como escolher as melhores sementes ou mudas?<\/h2>\n\n\n\n<ul class=\"wp-block-list\">\n<li><strong>Sementes<\/strong>: Escolha sementes de qualidade e plante em local definitivo ou em bandejas para mudas.<\/li>\n\n\n\n<li><strong>Mudas<\/strong>: Se preferir, compre mudas j\u00e1 desenvolvidas para um crescimento mais r\u00e1pido.<\/li>\n\n\n\n<li><strong>Propaga\u00e7\u00e3o por estacas<\/strong>: Tamb\u00e9m \u00e9 poss\u00edvel plantar or\u00e9gano a partir de ramos cortados de uma planta saud\u00e1vel.<\/li>\n<\/ul>\n\n\n\n<h2 class=\"wp-block-heading\">Como fazer o plantio correto?<\/h2>\n\n\n\n<ol class=\"wp-block-list\">\n<li><strong>Prepara\u00e7\u00e3o do solo<\/strong>: Misture terra vegetal com <strong>areia e composto org\u00e2nico<\/strong> para garantir boa drenagem.<\/li>\n\n\n\n<li><strong>Semeadura<\/strong>: Plante as sementes a <strong>0,5 cm de profundidade<\/strong>, cobrindo levemente com terra.<\/li>\n\n\n\n<li><strong>Transplante<\/strong>: Se come\u00e7ou em bandejas, transplante as mudas quando tiverem <strong>4 a 6 folhas<\/strong>.<\/li>\n\n\n\n<li><strong>Espa\u00e7amento<\/strong>: Mantenha <strong>20 a 30 cm entre plantas<\/strong> para um crescimento saud\u00e1vel.<\/li>\n<\/ol>\n\n\n\n<h2 class=\"wp-block-heading\">Como regar e adubar corretamente?<\/h2>\n\n\n\n<ul class=\"wp-block-list\">\n<li><strong>Rega<\/strong>: O or\u00e9gano n\u00e3o gosta de solo encharcado. Regue <strong>2 a 3 vezes por semana<\/strong>, apenas quando o solo estiver seco.<\/li>\n\n\n\n<li><strong>Aduba\u00e7\u00e3o<\/strong>: Utilize adubo org\u00e2nico ou <strong>NPK 10-10-10<\/strong> a cada <strong>30 dias<\/strong> para manter a planta forte.<\/li>\n<\/ul>\n\n\n<div class=\"wp-block-image\">\n<figure class=\"aligncenter size-large\"><img decoding=\"async\" width=\"1024\" height=\"576\" src=\"https:\/\/www.correiobraziliense.com.br\/cbradar\/wp-content\/uploads\/2025\/04\/oregano_1743694189597-1024x576.jpg\" alt=\"\" class=\"wp-image-19095\" srcset=\"https:\/\/www.correiobraziliense.com.br\/cbradar\/wp-content\/uploads\/2025\/04\/oregano_1743694189597-1024x576.jpg 1024w, https:\/\/www.correiobraziliense.com.br\/cbradar\/wp-content\/uploads\/2025\/04\/oregano_1743694189597-300x169.jpg 300w, https:\/\/www.correiobraziliense.com.br\/cbradar\/wp-content\/uploads\/2025\/04\/oregano_1743694189597-768x432.jpg 768w, https:\/\/www.correiobraziliense.com.br\/cbradar\/wp-content\/uploads\/2025\/04\/oregano_1743694189597-750x422.jpg 750w, https:\/\/www.correiobraziliense.com.br\/cbradar\/wp-content\/uploads\/2025\/04\/oregano_1743694189597-1140x641.jpg 1140w, https:\/\/www.correiobraziliense.com.br\/cbradar\/wp-content\/uploads\/2025\/04\/oregano_1743694189597.jpg 1280w\" sizes=\"(max-width: 1024px) 100vw, 1024px\" \/><figcaption class=\"wp-element-caption\">Or\u00e9gano &#8211; Cr\u00e9ditos: depositphotos.com \/ gioiak2<\/figcaption><\/figure><\/div>\n\n\n<h2 class=\"wp-block-heading\">Como podar e manter saud\u00e1vel?<\/h2>\n\n\n\n<ul class=\"wp-block-list\">\n<li><strong>Poda regular<\/strong>: Corte os ramos periodicamente para estimular novos brotos e deixar a planta mais cheia.<\/li>\n\n\n\n<li><strong>Remova folhas secas e flores<\/strong> para prolongar a vida \u00fatil da planta.<\/li>\n<\/ul>\n\n\n\n<h2 class=\"wp-block-heading\">Como proteger contra pragas e doen\u00e7as?<\/h2>\n\n\n\n<p>O <strong>or\u00e9gano<\/strong> \u00e9 resistente a pragas, mas pode ser atacado por <strong>pulg\u00f5es e \u00e1caros<\/strong>. Para evitar problemas:<\/p>\n\n\n\n<ul class=\"wp-block-list\">\n<li><strong>Use \u00f3leo de neem ou calda de fumo<\/strong> como repelente natural.<\/li>\n\n\n\n<li><strong>Evite excesso de umidade<\/strong>, pois pode causar mofo e doen\u00e7as f\u00fangicas.<\/li>\n<\/ul>\n\n\n\n<h2 class=\"wp-block-heading\">Quando e como colher?<\/h2>\n\n\n\n<p>A colheita pode ser feita <strong>60 a 90 dias ap\u00f3s o plantio<\/strong>, quando a planta estiver bem desenvolvida:<\/p>\n\n\n\n<ul class=\"wp-block-list\">\n<li><strong>Corte os ramos pela manh\u00e3<\/strong>, quando os \u00f3leos essenciais est\u00e3o mais concentrados.<\/li>\n\n\n\n<li><strong>Deixe secar \u00e0 sombra<\/strong> e armazene em potes herm\u00e9ticos para conservar o aroma.<\/li>\n<\/ul>\n\n\n\n<h2 class=\"wp-block-heading\">Como armazenar e utilizar?<\/h2>\n\n\n\n<ul class=\"wp-block-list\">\n<li><strong>Fresco<\/strong>: Pode ser usado diretamente em pratos e saladas.<\/li>\n\n\n\n<li><strong>Seco<\/strong>: Depois de desidratado, armazene em vidros bem fechados para manter o sabor.<\/li>\n\n\n\n<li><strong>\u00d3leo ou infus\u00e3o<\/strong>: Pode ser usado para fins medicinais, ajudando na digest\u00e3o e na imunidade.<\/li>\n<\/ul>\n\n\n\n<h2 class=\"wp-block-heading\">FAQ <\/h2>\n\n\n\n<p><strong>1. O or\u00e9gano pode ser cultivado em vasos?<\/strong><br>Sim, vasos com <strong>pelo menos 20 cm de profundidade e boa drenagem<\/strong> s\u00e3o ideais.<\/p>\n\n\n\n<p><strong>2. Quanto tempo o or\u00e9gano demora para crescer?<\/strong><br>A colheita pode come\u00e7ar entre <strong>60 e 90 dias ap\u00f3s o plantio<\/strong>.<\/p>\n\n\n\n<p><strong>3. O or\u00e9gano precisa de muito sol?<\/strong><br>Sim, ele se desenvolve melhor com <strong>4 a 6 horas di\u00e1rias de sol direto<\/strong>.<\/p>\n\n\n\n<p><strong>4. Como secar or\u00e9gano em casa?<\/strong><br>Pendure os ramos de cabe\u00e7a para baixo em um local <strong>arejado e sem luz direta<\/strong>, ou use um forno em temperatura baixa.<\/p>\n\n\n\n<p><strong>5. O or\u00e9gano pode ser cultivado o ano todo?<\/strong><br>Sim, especialmente em regi\u00f5es de clima quente. Em climas frios, pode ser cultivado em estufas ou dentro de casa.<\/p>\n","protected":false},"excerpt":{"rendered":"<p>O or\u00e9gano \u00e9 uma erva arom\u00e1tica amplamente utilizada na culin\u00e1ria, especialmente em pizzas e molhos. Al\u00e9m de saboroso, possui propriedades medicinais. Aprenda como plantar, cuidar e colher o or\u00e9gano de maneira simples e eficiente. Qual o melhor clima e solo para plantar? O or\u00e9gano se adapta bem a climas quentes e temperados, preferindo temperaturas entre [&hellip;]<\/p>\n","protected":false},"author":9,"featured_media":19094,"comment_status":"open","ping_status":"open","sticky":false,"template":"","format":"standard","meta":{"_yoast_wpseo_focuskw":"or\u00e9gano","_yoast_wpseo_title":"%%title%% %%page%%","_yoast_wpseo_metadesc":"Cultive or\u00e9gano no vaso ou na horta com essas dicas f\u00e1ceis. Saiba como plantar, cuidar e colher folhas sempre frescas.","jnews-multi-image_gallery":[],"jnews_single_post":{"format":"standard"},"jnews_primary_category":[],"jnews_social_meta":[],"jnews_override_counter":[],"footnotes":""},"categories":[136],"post_tag":[2845,2847,2846,2162],"class_list":["post-19055","post","type-post","status-publish","format-standard","has-post-thumbnail","hentry","category-jardinagem","tag-como-plantar-oregano","tag-cuidados-com-oregano","tag-cultivo-de-oregano","tag-oregano"],"yoast_head":"<!-- This site is optimized with the Yoast SEO plugin v24.6 - https:\/\/yoast.com\/wordpress\/plugins\/seo\/ -->\n<title>Passo a passo para plantar or\u00e9gano em sua casa<\/title>\n<meta name=\"description\" content=\"Cultive or\u00e9gano no vaso ou na horta com essas dicas f\u00e1ceis. Saiba como plantar, cuidar e colher folhas sempre frescas.\" \/>\n<meta name=\"robots\" content=\"index, follow, max-snippet:-1, max-image-preview:large, max-video-preview:-1\" \/>\n<link rel=\"canonical\" href=\"https:\/\/www.correiobraziliense.com.br\/cbradar\/passo-a-passo-para-plantar-oregano-em-sua-casa\/\" \/>\n<meta property=\"og:locale\" content=\"pt_BR\" \/>\n<meta property=\"og:type\" content=\"article\" \/>\n<meta property=\"og:title\" content=\"Passo a passo para plantar or\u00e9gano em sua casa\" \/>\n<meta property=\"og:description\" content=\"Cultive or\u00e9gano no vaso ou na horta com essas dicas f\u00e1ceis. Saiba como plantar, cuidar e colher folhas sempre frescas.\" \/>\n<meta property=\"og:url\" content=\"https:\/\/www.correiobraziliense.com.br\/cbradar\/passo-a-passo-para-plantar-oregano-em-sua-casa\/\" \/>\n<meta property=\"og:site_name\" content=\"Correio Braziliense - Radar\" \/>\n<meta property=\"article:published_time\" content=\"2025-04-04T18:10:25+00:00\" \/>\n<meta property=\"og:image\" content=\"https:\/\/www.correiobraziliense.com.br\/cbradar\/wp-content\/uploads\/2025\/04\/oregano_1743694152215.jpg\" \/>\n\t<meta property=\"og:image:width\" content=\"1280\" \/>\n\t<meta property=\"og:image:height\" content=\"720\" \/>\n\t<meta property=\"og:image:type\" content=\"image\/jpeg\" \/>\n<meta name=\"author\" content=\"Daniely Cardoso\" \/>\n<meta name=\"twitter:card\" content=\"summary_large_image\" \/>\n<meta name=\"twitter:label1\" content=\"Escrito por\" \/>\n\t<meta name=\"twitter:data1\" content=\"Daniely Cardoso\" \/>\n\t<meta name=\"twitter:label2\" content=\"Est. tempo de leitura\" \/>\n\t<meta name=\"twitter:data2\" content=\"4 minutos\" \/>\n<!-- \/ Yoast SEO plugin. -->","yoast_head_json":{"title":"Passo a passo para plantar or\u00e9gano em sua casa","description":"Cultive or\u00e9gano no vaso ou na horta com essas dicas f\u00e1ceis. Saiba como plantar, cuidar e colher folhas sempre frescas.","robots":{"index":"index","follow":"follow","max-snippet":"max-snippet:-1","max-image-preview":"max-image-preview:large","max-video-preview":"max-video-preview:-1"},"canonical":"https:\/\/www.correiobraziliense.com.br\/cbradar\/passo-a-passo-para-plantar-oregano-em-sua-casa\/","og_locale":"pt_BR","og_type":"article","og_title":"Passo a passo para plantar or\u00e9gano em sua casa","og_description":"Cultive or\u00e9gano no vaso ou na horta com essas dicas f\u00e1ceis. Saiba como plantar, cuidar e colher folhas sempre frescas.","og_url":"https:\/\/www.correiobraziliense.com.br\/cbradar\/passo-a-passo-para-plantar-oregano-em-sua-casa\/","og_site_name":"Correio Braziliense - Radar","article_published_time":"2025-04-04T18:10:25+00:00","og_image":[{"width":1280,"height":720,"url":"https:\/\/www.correiobraziliense.com.br\/cbradar\/wp-content\/uploads\/2025\/04\/oregano_1743694152215.jpg","type":"image\/jpeg"}],"author":"Daniely Cardoso","twitter_card":"summary_large_image","twitter_misc":{"Escrito por":"Daniely Cardoso","Est. tempo de leitura":"4 minutos"},"schema":{"@context":"https:\/\/schema.org","@graph":[{"@type":"WebPage","@id":"https:\/\/www.correiobraziliense.com.br\/cbradar\/passo-a-passo-para-plantar-oregano-em-sua-casa\/","url":"https:\/\/www.correiobraziliense.com.br\/cbradar\/passo-a-passo-para-plantar-oregano-em-sua-casa\/","name":"Passo a passo para plantar or\u00e9gano em sua casa","isPartOf":{"@id":"https:\/\/www.correiobraziliense.com.br\/cbradar\/#website"},"primaryImageOfPage":{"@id":"https:\/\/www.correiobraziliense.com.br\/cbradar\/passo-a-passo-para-plantar-oregano-em-sua-casa\/#primaryimage"},"image":{"@id":"https:\/\/www.correiobraziliense.com.br\/cbradar\/passo-a-passo-para-plantar-oregano-em-sua-casa\/#primaryimage"},"thumbnailUrl":"https:\/\/www.correiobraziliense.com.br\/cbradar\/wp-content\/uploads\/2025\/04\/oregano_1743694152215.jpg","datePublished":"2025-04-04T18:10:25+00:00","author":{"@id":"https:\/\/www.correiobraziliense.com.br\/cbradar\/#\/schema\/person\/7356666e12ec0ee53f348ee5db227032"},"description":"Cultive or\u00e9gano no vaso ou na horta com essas dicas f\u00e1ceis. Saiba como plantar, cuidar e colher folhas sempre frescas.","breadcrumb":{"@id":"https:\/\/www.correiobraziliense.com.br\/cbradar\/passo-a-passo-para-plantar-oregano-em-sua-casa\/#breadcrumb"},"inLanguage":"pt-BR","potentialAction":[{"@type":"ReadAction","target":["https:\/\/www.correiobraziliense.com.br\/cbradar\/passo-a-passo-para-plantar-oregano-em-sua-casa\/"]}]},{"@type":"ImageObject","inLanguage":"pt-BR","@id":"https:\/\/www.correiobraziliense.com.br\/cbradar\/passo-a-passo-para-plantar-oregano-em-sua-casa\/#primaryimage","url":"https:\/\/www.correiobraziliense.com.br\/cbradar\/wp-content\/uploads\/2025\/04\/oregano_1743694152215.jpg","contentUrl":"https:\/\/www.correiobraziliense.com.br\/cbradar\/wp-content\/uploads\/2025\/04\/oregano_1743694152215.jpg","width":1280,"height":720,"caption":"Apresenta potente a\u00e7\u00e3o anti-inflamat\u00f3ria - Cr\u00e9ditos: depositphotos.com \/ Yarygin"},{"@type":"BreadcrumbList","@id":"https:\/\/www.correiobraziliense.com.br\/cbradar\/passo-a-passo-para-plantar-oregano-em-sua-casa\/#breadcrumb","itemListElement":[{"@type":"ListItem","position":1,"name":"In\u00edcio","item":"https:\/\/www.correiobraziliense.com.br\/cbradar\/"},{"@type":"ListItem","position":2,"name":"Passo a passo para plantar or\u00e9gano em sua casa"}]},{"@type":"WebSite","@id":"https:\/\/www.correiobraziliense.com.br\/cbradar\/#website","url":"https:\/\/www.correiobraziliense.com.br\/cbradar\/","name":"Correio Braziliense - Radar","description":"Acompanhe as \u00faltimas not\u00edcias e fique bem informado sobre tudo o que acontece no Brasil e no mundo.","potentialAction":[{"@type":"SearchAction","target":{"@type":"EntryPoint","urlTemplate":"https:\/\/www.correiobraziliense.com.br\/cbradar\/?s={search_term_string}"},"query-input":{"@type":"PropertyValueSpecification","valueRequired":true,"valueName":"search_term_string"}}],"inLanguage":"pt-BR"},{"@type":"Person","@id":"https:\/\/www.correiobraziliense.com.br\/cbradar\/#\/schema\/person\/7356666e12ec0ee53f348ee5db227032","name":"Daniely Cardoso","image":{"@type":"ImageObject","inLanguage":"pt-BR","@id":"https:\/\/www.correiobraziliense.com.br\/cbradar\/#\/schema\/person\/image\/","url":"https:\/\/secure.gravatar.com\/avatar\/4b80ddbd124d1f071b626d52d62e5dff?s=96&d=mm&r=g","contentUrl":"https:\/\/secure.gravatar.com\/avatar\/4b80ddbd124d1f071b626d52d62e5dff?s=96&d=mm&r=g","caption":"Daniely Cardoso"},"description":"Redatora nos portais CB Radar e EM Foco, formada pela Universidade Federal de Goi\u00e1s, em Goi\u00e2nia. Apaixonada por comunica\u00e7\u00e3o, arte, decora\u00e7\u00e3o e tend\u00eancias, atuo na produ\u00e7\u00e3o de conte\u00fados envolventes sobre curiosidades, moda, beleza e paisagismo, sempre com um olhar atento \u00e0s novidades do momento.","sameAs":["https:\/\/www.correiobraziliense.com.br\/cbradar"],"url":"https:\/\/www.correiobraziliense.com.br\/cbradar\/author\/danielymyth\/"}]}},"_links":{"self":[{"href":"https:\/\/www.correiobraziliense.com.br\/cbradar\/wp-json\/wp\/v2\/posts\/19055","targetHints":{"allow":["GET"]}}],"collection":[{"href":"https:\/\/www.correiobraziliense.com.br\/cbradar\/wp-json\/wp\/v2\/posts"}],"about":[{"href":"https:\/\/www.correiobraziliense.com.br\/cbradar\/wp-json\/wp\/v2\/types\/post"}],"author":[{"embeddable":true,"href":"https:\/\/www.correiobraziliense.com.br\/cbradar\/wp-json\/wp\/v2\/users\/9"}],"replies":[{"embeddable":true,"href":"https:\/\/www.correiobraziliense.com.br\/cbradar\/wp-json\/wp\/v2\/comments?post=19055"}],"version-history":[{"count":4,"href":"https:\/\/www.correiobraziliense.com.br\/cbradar\/wp-json\/wp\/v2\/posts\/19055\/revisions"}],"predecessor-version":[{"id":19177,"href":"https:\/\/www.correiobraziliense.com.br\/cbradar\/wp-json\/wp\/v2\/posts\/19055\/revisions\/19177"}],"wp:featuredmedia":[{"embeddable":true,"href":"https:\/\/www.correiobraziliense.com.br\/cbradar\/wp-json\/wp\/v2\/media\/19094"}],"wp:attachment":[{"href":"https:\/\/www.correiobraziliense.com.br\/cbradar\/wp-json\/wp\/v2\/media?parent=19055"}],"wp:term":[{"taxonomy":"category","embeddable":true,"href":"https:\/\/www.correiobraziliense.com.br\/cbradar\/wp-json\/wp\/v2\/categories?post=19055"},{"taxonomy":"post_tag","embeddable":true,"href":"https:\/\/www.correiobraziliense.com.br\/cbradar\/wp-json\/wp\/v2\/post_tag?post=19055"}],"curies":[{"name":"wp","href":"https:\/\/api.w.org\/{rel}","templated":true}]}}