{"id":19122,"date":"2025-04-04T12:30:00","date_gmt":"2025-04-04T15:30:00","guid":{"rendered":"https:\/\/www.correiobraziliense.com.br\/cbradar\/?p=19122"},"modified":"2025-04-03T18:11:02","modified_gmt":"2025-04-03T21:11:02","slug":"esses-sao-os-carros-eletricos-mais-baratos-do-brasil-em-2025","status":"publish","type":"post","link":"https:\/\/www.correiobraziliense.com.br\/cbradar\/esses-sao-os-carros-eletricos-mais-baratos-do-brasil-em-2025\/","title":{"rendered":"Esses s\u00e3o os carros el\u00e9tricos mais baratos do Brasil em 2025"},"content":{"rendered":"\n<p>O mercado de carros el\u00e9tricos no <strong>Brasil <\/strong>tem se expandido rapidamente, com diversas op\u00e7\u00f5es para os consumidores que buscam ve\u00edculos mais sustent\u00e1veis e econ\u00f4micos. Em 2025, a competi\u00e7\u00e3o entre os modelos mais acess\u00edveis est\u00e1 mais acirrada do que nunca, com a introdu\u00e7\u00e3o de novos modelos, especialmente de fabricantes chineses. Esta competi\u00e7\u00e3o tem beneficiado os consumidores, que agora t\u00eam mais op\u00e7\u00f5es de ve\u00edculos el\u00e9tricos a pre\u00e7os competitivos.<\/p>\n\n\n\n<p>O <strong>Renault Kwid e-Tech<\/strong> continua a ser o carro el\u00e9trico mais barato do Brasil, mantendo sua posi\u00e7\u00e3o de lideran\u00e7a desde seu lan\u00e7amento. No entanto, outros modelos, como o <strong>BYD Dolphin Mini<\/strong> e o <strong>Caoa Chery iCar<\/strong>, tamb\u00e9m oferecem alternativas interessantes para quem busca entrar no mundo dos ve\u00edculos el\u00e9tricos. A seguir, apresentamos uma lista dos 10 carros el\u00e9tricos mais baratos do Brasil em 2025, com base em pre\u00e7os atualizados na primeira semana de janeiro.<\/p>\n\n\n\n<h2 class=\"wp-block-heading\">Quais s\u00e3o os carros el\u00e9tricos mais baratos do Brasil?<\/h2>\n\n\n\n<p>Os consumidores brasileiros t\u00eam uma variedade de op\u00e7\u00f5es quando se trata de carros el\u00e9tricos acess\u00edveis. Aqui est\u00e3o os modelos que se destacam em 2025:<\/p>\n\n\n\n<ol class=\"wp-block-list\">\n<li><strong>Renault Kwid e-Tech<\/strong>\n<ul class=\"wp-block-list\">\n<li><strong>Pre\u00e7o:<\/strong>\u00a0R$ 99.990<\/li>\n\n\n\n<li><strong>Pot\u00eancia e torque:<\/strong>\u00a065 cv e 11,4 kgfm<\/li>\n\n\n\n<li><strong>Autonomia:<\/strong>\u00a0185 km<\/li>\n<\/ul>\n<\/li>\n\n\n\n<li><strong>BYD Dolphin Mini<\/strong>\n<ul class=\"wp-block-list\">\n<li><strong>Pre\u00e7o:<\/strong>\u00a0R$ 115.800<\/li>\n\n\n\n<li><strong>Pot\u00eancia e torque:<\/strong>\u00a075 cv e 13,1 kgfm<\/li>\n\n\n\n<li><strong>Autonomia:<\/strong>\u00a0280 km<\/li>\n<\/ul>\n<\/li>\n\n\n\n<li><strong>Caoa Chery iCar<\/strong>\n<ul class=\"wp-block-list\">\n<li><strong>Pre\u00e7o:<\/strong>\u00a0R$ 119.990<\/li>\n\n\n\n<li><strong>Pot\u00eancia e torque:<\/strong>\u00a061 cv e 15,3 kgfm<\/li>\n\n\n\n<li><strong>Autonomia:<\/strong>\u00a0282 km<\/li>\n<\/ul>\n<\/li>\n\n\n\n<li><strong>JAC E-JS1<\/strong>\n<ul class=\"wp-block-list\">\n<li><strong>Pre\u00e7o:<\/strong>\u00a0R$ 132.900<\/li>\n\n\n\n<li><strong>Pot\u00eancia e torque:<\/strong>\u00a062 cv e 15,3 kgfm<\/li>\n\n\n\n<li><strong>Autonomia:<\/strong>\u00a0302 km<\/li>\n<\/ul>\n<\/li>\n\n\n\n<li><strong>GWM Ora 03<\/strong>\n<ul class=\"wp-block-list\">\n<li><strong>Pre\u00e7o:<\/strong>\u00a0R$ 150.000<\/li>\n\n\n\n<li><strong>Pot\u00eancia e torque:<\/strong>\u00a0171 cv e 25,5 kgfm<\/li>\n\n\n\n<li><strong>Autonomia:<\/strong>\u00a0232 km<\/li>\n<\/ul>\n<\/li>\n<\/ol>\n\n\n\n<figure class=\"wp-block-image size-large\"><img decoding=\"async\" width=\"1024\" height=\"576\" src=\"https:\/\/www.correiobraziliense.com.br\/cbradar\/wp-content\/uploads\/2025\/04\/carro-eletrico_1743704230928-1024x576.jpg\" alt=\"Esses s\u00e3o os carros el\u00e9tricos mais baratos do Brasil em 2025\" class=\"wp-image-19124\" srcset=\"https:\/\/www.correiobraziliense.com.br\/cbradar\/wp-content\/uploads\/2025\/04\/carro-eletrico_1743704230928-1024x576.jpg 1024w, https:\/\/www.correiobraziliense.com.br\/cbradar\/wp-content\/uploads\/2025\/04\/carro-eletrico_1743704230928-300x169.jpg 300w, https:\/\/www.correiobraziliense.com.br\/cbradar\/wp-content\/uploads\/2025\/04\/carro-eletrico_1743704230928-768x432.jpg 768w, https:\/\/www.correiobraziliense.com.br\/cbradar\/wp-content\/uploads\/2025\/04\/carro-eletrico_1743704230928-750x422.jpg 750w, https:\/\/www.correiobraziliense.com.br\/cbradar\/wp-content\/uploads\/2025\/04\/carro-eletrico_1743704230928-1140x641.jpg 1140w, https:\/\/www.correiobraziliense.com.br\/cbradar\/wp-content\/uploads\/2025\/04\/carro-eletrico_1743704230928.jpg 1280w\" sizes=\"(max-width: 1024px) 100vw, 1024px\" \/><figcaption class=\"wp-element-caption\">carro el\u00e9trico. Cr\u00e9ditos: depositphotos.com \/ kasto<\/figcaption><\/figure>\n\n\n\n<h2 class=\"wp-block-heading\">O que considerar ao escolher um carro el\u00e9trico?<\/h2>\n\n\n\n<p>Ao escolher um carro el\u00e9trico, \u00e9 importante considerar n\u00e3o apenas o pre\u00e7o, mas tamb\u00e9m outros fatores como autonomia, pot\u00eancia, e os recursos tecnol\u00f3gicos oferecidos. Por exemplo, o Renault Kwid e-Tech, apesar de ser o mais barato, possui uma autonomia menor em compara\u00e7\u00e3o com outros modelos. J\u00e1 o BYD Dolphin Mini oferece uma lista de equipamentos mais robusta, incluindo seis airbags e uma central multim\u00eddia moderna.<\/p>\n\n\n\n<p>Al\u00e9m disso, a infraestrutura de carregamento e a rede de assist\u00eancia t\u00e9cnica s\u00e3o aspectos cruciais a serem avaliados. Marcas com uma presen\u00e7a mais consolidada no Brasil podem oferecer uma rede de suporte mais ampla, o que pode ser um diferencial significativo para muitos consumidores.<\/p>\n\n\n\n<h2 class=\"wp-block-heading\">Perspectivas para o futuro dos carros el\u00e9tricos no Brasil<\/h2>\n\n\n\n<p>O mercado de carros el\u00e9tricos no Brasil est\u00e1 em plena expans\u00e3o, com expectativas de crescimento cont\u00ednuo nos pr\u00f3ximos anos. A tend\u00eancia \u00e9 que mais modelos sejam lan\u00e7ados, aumentando ainda mais a competitividade e, possivelmente, reduzindo os pre\u00e7os. Isso representa uma oportunidade significativa para os consumidores que desejam adotar tecnologias mais sustent\u00e1veis e eficientes.<\/p>\n\n\n\n<p>Com a crescente preocupa\u00e7\u00e3o com o meio ambiente e a busca por alternativas de transporte mais limpas, os carros el\u00e9tricos est\u00e3o se tornando uma escolha cada vez mais popular. \u00c0 medida que a tecnologia avan\u00e7a e a infraestrutura de carregamento se expande, espera-se que os ve\u00edculos el\u00e9tricos se tornem uma parte ainda mais integral do mercado automotivo brasileiro.<\/p>\n","protected":false},"excerpt":{"rendered":"<p>Conhe\u00e7a os carros el\u00e9tricos mais baratos do Brasil em 2025, com pre\u00e7os e especifica\u00e7\u00f5es, e descubra a mudan\u00e7a no comportamento do consumidor.<\/p>\n","protected":false},"author":3,"featured_media":19123,"comment_status":"open","ping_status":"open","sticky":false,"template":"","format":"standard","meta":{"_yoast_wpseo_focuskw":"carros el\u00e9tricos","_yoast_wpseo_title":"%%title%%","_yoast_wpseo_metadesc":"Conhe\u00e7a os carros el\u00e9tricos mais baratos do Brasil em 2025, com pre\u00e7os e especifica\u00e7\u00f5es, e descubra a mudan\u00e7a no comportamento do consumidor.","jnews-multi-image_gallery":[],"jnews_single_post":{"format":"standard"},"jnews_primary_category":[],"jnews_social_meta":[],"jnews_override_counter":[],"footnotes":""},"categories":[122],"post_tag":[123,1125],"class_list":["post-19122","post","type-post","status-publish","format-standard","has-post-thumbnail","hentry","category-automobilismo","tag-carros","tag-carros-eletricos"],"yoast_head":"<!-- This site is optimized with the Yoast SEO plugin v24.6 - https:\/\/yoast.com\/wordpress\/plugins\/seo\/ -->\n<title>Esses s\u00e3o os carros el\u00e9tricos mais baratos do Brasil em 2025<\/title>\n<meta name=\"description\" content=\"Conhe\u00e7a os carros el\u00e9tricos mais baratos do Brasil em 2025, com pre\u00e7os e especifica\u00e7\u00f5es, e descubra a mudan\u00e7a no comportamento do consumidor.\" \/>\n<meta name=\"robots\" content=\"index, follow, max-snippet:-1, max-image-preview:large, max-video-preview:-1\" \/>\n<link rel=\"canonical\" href=\"https:\/\/www.correiobraziliense.com.br\/cbradar\/esses-sao-os-carros-eletricos-mais-baratos-do-brasil-em-2025\/\" \/>\n<meta property=\"og:locale\" content=\"pt_BR\" \/>\n<meta property=\"og:type\" content=\"article\" \/>\n<meta property=\"og:title\" content=\"Esses s\u00e3o os carros el\u00e9tricos mais baratos do Brasil em 2025\" \/>\n<meta property=\"og:description\" content=\"Conhe\u00e7a os carros el\u00e9tricos mais baratos do Brasil em 2025, com pre\u00e7os e especifica\u00e7\u00f5es, e descubra a mudan\u00e7a no comportamento do consumidor.\" \/>\n<meta property=\"og:url\" content=\"https:\/\/www.correiobraziliense.com.br\/cbradar\/esses-sao-os-carros-eletricos-mais-baratos-do-brasil-em-2025\/\" \/>\n<meta property=\"og:site_name\" content=\"Correio Braziliense - Radar\" \/>\n<meta property=\"article:published_time\" content=\"2025-04-04T15:30:00+00:00\" \/>\n<meta property=\"og:image\" content=\"https:\/\/www.correiobraziliense.com.br\/cbradar\/wp-content\/uploads\/2025\/04\/carro-eletrico_1743704205941.jpg\" \/>\n\t<meta property=\"og:image:width\" content=\"1280\" \/>\n\t<meta property=\"og:image:height\" content=\"720\" \/>\n\t<meta property=\"og:image:type\" content=\"image\/jpeg\" \/>\n<meta name=\"author\" content=\"Larissa Carvalho\" \/>\n<meta name=\"twitter:card\" content=\"summary_large_image\" \/>\n<meta name=\"twitter:label1\" content=\"Escrito por\" \/>\n\t<meta name=\"twitter:data1\" content=\"Larissa Carvalho\" \/>\n\t<meta name=\"twitter:label2\" content=\"Est. tempo de leitura\" \/>\n\t<meta name=\"twitter:data2\" content=\"1 minuto\" \/>\n<!-- \/ Yoast SEO plugin. -->","yoast_head_json":{"title":"Esses s\u00e3o os carros el\u00e9tricos mais baratos do Brasil em 2025","description":"Conhe\u00e7a os carros el\u00e9tricos mais baratos do Brasil em 2025, com pre\u00e7os e especifica\u00e7\u00f5es, e descubra a mudan\u00e7a no comportamento do consumidor.","robots":{"index":"index","follow":"follow","max-snippet":"max-snippet:-1","max-image-preview":"max-image-preview:large","max-video-preview":"max-video-preview:-1"},"canonical":"https:\/\/www.correiobraziliense.com.br\/cbradar\/esses-sao-os-carros-eletricos-mais-baratos-do-brasil-em-2025\/","og_locale":"pt_BR","og_type":"article","og_title":"Esses s\u00e3o os carros el\u00e9tricos mais baratos do Brasil em 2025","og_description":"Conhe\u00e7a os carros el\u00e9tricos mais baratos do Brasil em 2025, com pre\u00e7os e especifica\u00e7\u00f5es, e descubra a mudan\u00e7a no comportamento do consumidor.","og_url":"https:\/\/www.correiobraziliense.com.br\/cbradar\/esses-sao-os-carros-eletricos-mais-baratos-do-brasil-em-2025\/","og_site_name":"Correio Braziliense - Radar","article_published_time":"2025-04-04T15:30:00+00:00","og_image":[{"width":1280,"height":720,"url":"https:\/\/www.correiobraziliense.com.br\/cbradar\/wp-content\/uploads\/2025\/04\/carro-eletrico_1743704205941.jpg","type":"image\/jpeg"}],"author":"Larissa Carvalho","twitter_card":"summary_large_image","twitter_misc":{"Escrito por":"Larissa Carvalho","Est. tempo de leitura":"1 minuto"},"schema":{"@context":"https:\/\/schema.org","@graph":[{"@type":"WebPage","@id":"https:\/\/www.correiobraziliense.com.br\/cbradar\/esses-sao-os-carros-eletricos-mais-baratos-do-brasil-em-2025\/","url":"https:\/\/www.correiobraziliense.com.br\/cbradar\/esses-sao-os-carros-eletricos-mais-baratos-do-brasil-em-2025\/","name":"Esses s\u00e3o os carros el\u00e9tricos mais baratos do Brasil em 2025","isPartOf":{"@id":"https:\/\/www.correiobraziliense.com.br\/cbradar\/#website"},"primaryImageOfPage":{"@id":"https:\/\/www.correiobraziliense.com.br\/cbradar\/esses-sao-os-carros-eletricos-mais-baratos-do-brasil-em-2025\/#primaryimage"},"image":{"@id":"https:\/\/www.correiobraziliense.com.br\/cbradar\/esses-sao-os-carros-eletricos-mais-baratos-do-brasil-em-2025\/#primaryimage"},"thumbnailUrl":"https:\/\/www.correiobraziliense.com.br\/cbradar\/wp-content\/uploads\/2025\/04\/carro-eletrico_1743704205941.jpg","datePublished":"2025-04-04T15:30:00+00:00","author":{"@id":"https:\/\/www.correiobraziliense.com.br\/cbradar\/#\/schema\/person\/58422787644df994b53a19d3e56c1513"},"description":"Conhe\u00e7a os carros el\u00e9tricos mais baratos do Brasil em 2025, com pre\u00e7os e especifica\u00e7\u00f5es, e descubra a mudan\u00e7a no comportamento do consumidor.","breadcrumb":{"@id":"https:\/\/www.correiobraziliense.com.br\/cbradar\/esses-sao-os-carros-eletricos-mais-baratos-do-brasil-em-2025\/#breadcrumb"},"inLanguage":"pt-BR","potentialAction":[{"@type":"ReadAction","target":["https:\/\/www.correiobraziliense.com.br\/cbradar\/esses-sao-os-carros-eletricos-mais-baratos-do-brasil-em-2025\/"]}]},{"@type":"ImageObject","inLanguage":"pt-BR","@id":"https:\/\/www.correiobraziliense.com.br\/cbradar\/esses-sao-os-carros-eletricos-mais-baratos-do-brasil-em-2025\/#primaryimage","url":"https:\/\/www.correiobraziliense.com.br\/cbradar\/wp-content\/uploads\/2025\/04\/carro-eletrico_1743704205941.jpg","contentUrl":"https:\/\/www.correiobraziliense.com.br\/cbradar\/wp-content\/uploads\/2025\/04\/carro-eletrico_1743704205941.jpg","width":1280,"height":720,"caption":"carro el\u00e9trico. Cr\u00e9ditos: depositphotos.com \/ kristt"},{"@type":"BreadcrumbList","@id":"https:\/\/www.correiobraziliense.com.br\/cbradar\/esses-sao-os-carros-eletricos-mais-baratos-do-brasil-em-2025\/#breadcrumb","itemListElement":[{"@type":"ListItem","position":1,"name":"In\u00edcio","item":"https:\/\/www.correiobraziliense.com.br\/cbradar\/"},{"@type":"ListItem","position":2,"name":"Esses s\u00e3o os carros el\u00e9tricos mais baratos do Brasil em 2025"}]},{"@type":"WebSite","@id":"https:\/\/www.correiobraziliense.com.br\/cbradar\/#website","url":"https:\/\/www.correiobraziliense.com.br\/cbradar\/","name":"Correio Braziliense - Radar","description":"Acompanhe as \u00faltimas not\u00edcias e fique bem informado sobre tudo o que acontece no Brasil e no mundo.","potentialAction":[{"@type":"SearchAction","target":{"@type":"EntryPoint","urlTemplate":"https:\/\/www.correiobraziliense.com.br\/cbradar\/?s={search_term_string}"},"query-input":{"@type":"PropertyValueSpecification","valueRequired":true,"valueName":"search_term_string"}}],"inLanguage":"pt-BR"},{"@type":"Person","@id":"https:\/\/www.correiobraziliense.com.br\/cbradar\/#\/schema\/person\/58422787644df994b53a19d3e56c1513","name":"Larissa Carvalho","image":{"@type":"ImageObject","inLanguage":"pt-BR","@id":"https:\/\/www.correiobraziliense.com.br\/cbradar\/#\/schema\/person\/image\/","url":"https:\/\/secure.gravatar.com\/avatar\/fe4f91a0de32b52a838d0d612abdc1aa?s=96&d=mm&r=g","contentUrl":"https:\/\/secure.gravatar.com\/avatar\/fe4f91a0de32b52a838d0d612abdc1aa?s=96&d=mm&r=g","caption":"Larissa Carvalho"},"url":"https:\/\/www.correiobraziliense.com.br\/cbradar\/author\/larissamyth\/"}]}},"_links":{"self":[{"href":"https:\/\/www.correiobraziliense.com.br\/cbradar\/wp-json\/wp\/v2\/posts\/19122","targetHints":{"allow":["GET"]}}],"collection":[{"href":"https:\/\/www.correiobraziliense.com.br\/cbradar\/wp-json\/wp\/v2\/posts"}],"about":[{"href":"https:\/\/www.correiobraziliense.com.br\/cbradar\/wp-json\/wp\/v2\/types\/post"}],"author":[{"embeddable":true,"href":"https:\/\/www.correiobraziliense.com.br\/cbradar\/wp-json\/wp\/v2\/users\/3"}],"replies":[{"embeddable":true,"href":"https:\/\/www.correiobraziliense.com.br\/cbradar\/wp-json\/wp\/v2\/comments?post=19122"}],"version-history":[{"count":1,"href":"https:\/\/www.correiobraziliense.com.br\/cbradar\/wp-json\/wp\/v2\/posts\/19122\/revisions"}],"predecessor-version":[{"id":19125,"href":"https:\/\/www.correiobraziliense.com.br\/cbradar\/wp-json\/wp\/v2\/posts\/19122\/revisions\/19125"}],"wp:featuredmedia":[{"embeddable":true,"href":"https:\/\/www.correiobraziliense.com.br\/cbradar\/wp-json\/wp\/v2\/media\/19123"}],"wp:attachment":[{"href":"https:\/\/www.correiobraziliense.com.br\/cbradar\/wp-json\/wp\/v2\/media?parent=19122"}],"wp:term":[{"taxonomy":"category","embeddable":true,"href":"https:\/\/www.correiobraziliense.com.br\/cbradar\/wp-json\/wp\/v2\/categories?post=19122"},{"taxonomy":"post_tag","embeddable":true,"href":"https:\/\/www.correiobraziliense.com.br\/cbradar\/wp-json\/wp\/v2\/post_tag?post=19122"}],"curies":[{"name":"wp","href":"https:\/\/api.w.org\/{rel}","templated":true}]}}