{"id":19158,"date":"2025-04-03T19:20:08","date_gmt":"2025-04-03T22:20:08","guid":{"rendered":"https:\/\/www.correiobraziliense.com.br\/cbradar\/?p=19158"},"modified":"2025-04-03T19:20:09","modified_gmt":"2025-04-03T22:20:09","slug":"capital-brasileira-tera-feriado-de-6-dias-em-abril-confira","status":"publish","type":"post","link":"https:\/\/www.correiobraziliense.com.br\/cbradar\/capital-brasileira-tera-feriado-de-6-dias-em-abril-confira\/","title":{"rendered":"Capital brasileira ter\u00e1 feriado de 6 dias em abril, confira"},"content":{"rendered":"\n<p>O<strong> Rio de Janeiro <\/strong>se prepara para um feriad\u00e3o prolongado em abril de 2025, conforme anunciado pelo prefeito <strong>Eduardo Paes<\/strong> e o governador <strong>Cl\u00e1udio Castro<\/strong>. A decis\u00e3o, publicada no <strong>Di\u00e1rio Oficial<\/strong>, estabelece um ponto facultativo para o dia 22 de abril, logo ap\u00f3s o feriado de Tiradentes. Com isso, os cariocas poder\u00e3o desfrutar de uma folga de seis dias, come\u00e7ando na Sexta-feira Santa, dia 18, e se estendendo at\u00e9 o Dia de S\u00e3o Jorge, celebrado em 23 de abril.<\/p>\n\n\n\n<p>Essa medida, no entanto, n\u00e3o se aplica a servi\u00e7os essenciais que n\u00e3o podem ser interrompidos. No \u00e2mbito municipal, a Secretaria de Sa\u00fade definir\u00e1 o funcionamento das unidades de sa\u00fade durante o feriad\u00e3o. J\u00e1 no n\u00edvel estadual, setores como seguran\u00e7a e sa\u00fade continuar\u00e3o operando normalmente para garantir o atendimento \u00e0 popula\u00e7\u00e3o.<\/p>\n\n\n\n<h2 class=\"wp-block-heading\">Quais servi\u00e7os continuar\u00e3o funcionando?<\/h2>\n\n\n\n<p>Embora muitos trabalhadores possam aproveitar o feriad\u00e3o, algumas \u00e1reas profissionais continuar\u00e3o suas atividades. Servi\u00e7os essenciais, como seguran\u00e7a p\u00fablica e sa\u00fade, n\u00e3o ser\u00e3o interrompidos. Al\u00e9m disso, setores ligados ao com\u00e9rcio e turismo tamb\u00e9m permanecer\u00e3o ativos, dado o impacto econ\u00f4mico significativo que um feriad\u00e3o pode ter nessas \u00e1reas.<\/p>\n\n\n\n<p>Entre os servi\u00e7os que continuar\u00e3o operando, destacam-se:<\/p>\n\n\n\n<ul class=\"wp-block-list\">\n<li>Com\u00e9rcio de rua<\/li>\n\n\n\n<li>Bares e restaurantes<\/li>\n\n\n\n<li>Hot\u00e9is e hospedarias<\/li>\n\n\n\n<li>Centros comerciais e shopping centers<\/li>\n\n\n\n<li>Estabelecimentos culturais<\/li>\n\n\n\n<li>Pontos tur\u00edsticos<\/li>\n\n\n\n<li>Empresas jornal\u00edsticas<\/li>\n\n\n\n<li>Ind\u00fastrias<\/li>\n\n\n\n<li>Padarias<\/li>\n\n\n\n<li>Trabalho remoto e servi\u00e7os essenciais<\/li>\n<\/ul>\n\n\n\n<figure class=\"wp-block-image size-large\"><img decoding=\"async\" width=\"1024\" height=\"576\" src=\"https:\/\/www.correiobraziliense.com.br\/cbradar\/wp-content\/uploads\/2025\/04\/feriado_1743717815101-1024x576.jpg\" alt=\"Capital brasileira ter\u00e1 feriado de 6 dias em abril, confira\" class=\"wp-image-19160\" srcset=\"https:\/\/www.correiobraziliense.com.br\/cbradar\/wp-content\/uploads\/2025\/04\/feriado_1743717815101-1024x576.jpg 1024w, https:\/\/www.correiobraziliense.com.br\/cbradar\/wp-content\/uploads\/2025\/04\/feriado_1743717815101-300x169.jpg 300w, https:\/\/www.correiobraziliense.com.br\/cbradar\/wp-content\/uploads\/2025\/04\/feriado_1743717815101-768x432.jpg 768w, https:\/\/www.correiobraziliense.com.br\/cbradar\/wp-content\/uploads\/2025\/04\/feriado_1743717815101-750x422.jpg 750w, https:\/\/www.correiobraziliense.com.br\/cbradar\/wp-content\/uploads\/2025\/04\/feriado_1743717815101-1140x641.jpg 1140w, https:\/\/www.correiobraziliense.com.br\/cbradar\/wp-content\/uploads\/2025\/04\/feriado_1743717815101.jpg 1280w\" sizes=\"(max-width: 1024px) 100vw, 1024px\" \/><figcaption class=\"wp-element-caption\">feriado. Cr\u00e9ditos: depositphotos.com \/ AllaSerebrina<\/figcaption><\/figure>\n\n\n\n<h2 class=\"wp-block-heading\">Possibilidade de novo feriad\u00e3o em julho<\/h2>\n\n\n\n<p>Al\u00e9m do feriad\u00e3o de abril, h\u00e1 a possibilidade de um novo feriado em julho de 2025, devido \u00e0 c\u00fapula do Brics, que ser\u00e1 presidida pelo Brasil. Um projeto em tramita\u00e7\u00e3o na C\u00e2mara Municipal sugere a cria\u00e7\u00e3o de um feriado no dia 7 de julho para facilitar a log\u00edstica e seguran\u00e7a durante o evento. No entanto, assim como em abril, setores essenciais e ligados ao turismo e com\u00e9rcio n\u00e3o ter\u00e3o suas atividades interrompidas.<\/p>\n\n\n\n<h2 class=\"wp-block-heading\">Impacto dos feriad\u00f5es na economia local<\/h2>\n\n\n\n<p>Os feriad\u00f5es, embora proporcionem descanso para muitos, t\u00eam um impacto significativo na economia local. O setor de turismo, por exemplo, pode se beneficiar com o aumento do fluxo de visitantes, enquanto o com\u00e9rcio pode experimentar um aumento nas vendas. No entanto, para os trabalhadores desses setores, o feriad\u00e3o pode significar mais trabalho e n\u00e3o descanso.<\/p>\n\n\n\n<p>Medidas semelhantes foram adotadas em novembro de 2024, durante a c\u00fapula do G20, tamb\u00e9m realizada no Rio de Janeiro. Essas estrat\u00e9gias visam n\u00e3o apenas facilitar a log\u00edstica de grandes eventos, mas tamb\u00e9m promover a cidade como um destino tur\u00edstico atrativo.<\/p>\n","protected":false},"excerpt":{"rendered":"<p>O Rio de Janeiro se prepara para um feriad\u00e3o em abril de 2025, com ponto facultativo anunciado pelo prefeito.<\/p>\n","protected":false},"author":3,"featured_media":19159,"comment_status":"open","ping_status":"open","sticky":false,"template":"","format":"standard","meta":{"_yoast_wpseo_focuskw":"capital brasileira feriado","_yoast_wpseo_title":"%%title%%","_yoast_wpseo_metadesc":"O Rio de Janeiro se prepara para um feriad\u00e3o em abril de 2025, com ponto facultativo anunciado pelo prefeito.","jnews-multi-image_gallery":[],"jnews_single_post":{"format":"standard"},"jnews_primary_category":[],"jnews_social_meta":[],"jnews_override_counter":[],"footnotes":""},"categories":[112],"tags":[241,304],"class_list":["post-19158","post","type-post","status-publish","format-standard","has-post-thumbnail","hentry","category-curiosidades","tag-feriado","tag-rio-de-janeiro"],"yoast_head":"<!-- This site is optimized with the Yoast SEO plugin v24.6 - https:\/\/yoast.com\/wordpress\/plugins\/seo\/ -->\n<title>Capital brasileira ter\u00e1 feriado de 6 dias em abril, confira<\/title>\n<meta name=\"description\" content=\"O Rio de Janeiro se prepara para um feriad\u00e3o em abril de 2025, com ponto facultativo anunciado pelo prefeito.\" \/>\n<meta name=\"robots\" content=\"index, follow, max-snippet:-1, max-image-preview:large, max-video-preview:-1\" \/>\n<link rel=\"canonical\" href=\"https:\/\/www.correiobraziliense.com.br\/cbradar\/capital-brasileira-tera-feriado-de-6-dias-em-abril-confira\/\" \/>\n<meta property=\"og:locale\" content=\"pt_BR\" \/>\n<meta property=\"og:type\" content=\"article\" \/>\n<meta property=\"og:title\" content=\"Capital brasileira ter\u00e1 feriado de 6 dias em abril, confira\" \/>\n<meta property=\"og:description\" content=\"O Rio de Janeiro se prepara para um feriad\u00e3o em abril de 2025, com ponto facultativo anunciado pelo prefeito.\" \/>\n<meta property=\"og:url\" content=\"https:\/\/www.correiobraziliense.com.br\/cbradar\/capital-brasileira-tera-feriado-de-6-dias-em-abril-confira\/\" \/>\n<meta property=\"og:site_name\" content=\"Correio Braziliense - Radar\" \/>\n<meta property=\"article:published_time\" content=\"2025-04-03T22:20:08+00:00\" \/>\n<meta property=\"article:modified_time\" content=\"2025-04-03T22:20:09+00:00\" \/>\n<meta property=\"og:image\" content=\"https:\/\/www.correiobraziliense.com.br\/cbradar\/wp-content\/uploads\/2025\/04\/feriado_1743717787701.jpg\" \/>\n\t<meta property=\"og:image:width\" content=\"1280\" \/>\n\t<meta property=\"og:image:height\" content=\"720\" \/>\n\t<meta property=\"og:image:type\" content=\"image\/jpeg\" \/>\n<meta name=\"author\" content=\"Larissa Carvalho\" \/>\n<meta name=\"twitter:card\" content=\"summary_large_image\" \/>\n<meta name=\"twitter:label1\" content=\"Escrito por\" \/>\n\t<meta name=\"twitter:data1\" content=\"Larissa Carvalho\" \/>\n\t<meta name=\"twitter:label2\" content=\"Est. tempo de leitura\" \/>\n\t<meta name=\"twitter:data2\" content=\"3 minutos\" \/>\n<!-- \/ Yoast SEO plugin. -->","yoast_head_json":{"title":"Capital brasileira ter\u00e1 feriado de 6 dias em abril, confira","description":"O Rio de Janeiro se prepara para um feriad\u00e3o em abril de 2025, com ponto facultativo anunciado pelo prefeito.","robots":{"index":"index","follow":"follow","max-snippet":"max-snippet:-1","max-image-preview":"max-image-preview:large","max-video-preview":"max-video-preview:-1"},"canonical":"https:\/\/www.correiobraziliense.com.br\/cbradar\/capital-brasileira-tera-feriado-de-6-dias-em-abril-confira\/","og_locale":"pt_BR","og_type":"article","og_title":"Capital brasileira ter\u00e1 feriado de 6 dias em abril, confira","og_description":"O Rio de Janeiro se prepara para um feriad\u00e3o em abril de 2025, com ponto facultativo anunciado pelo prefeito.","og_url":"https:\/\/www.correiobraziliense.com.br\/cbradar\/capital-brasileira-tera-feriado-de-6-dias-em-abril-confira\/","og_site_name":"Correio Braziliense - Radar","article_published_time":"2025-04-03T22:20:08+00:00","article_modified_time":"2025-04-03T22:20:09+00:00","og_image":[{"width":1280,"height":720,"url":"https:\/\/www.correiobraziliense.com.br\/cbradar\/wp-content\/uploads\/2025\/04\/feriado_1743717787701.jpg","type":"image\/jpeg"}],"author":"Larissa Carvalho","twitter_card":"summary_large_image","twitter_misc":{"Escrito por":"Larissa Carvalho","Est. tempo de leitura":"3 minutos"},"schema":{"@context":"https:\/\/schema.org","@graph":[{"@type":"WebPage","@id":"https:\/\/www.correiobraziliense.com.br\/cbradar\/capital-brasileira-tera-feriado-de-6-dias-em-abril-confira\/","url":"https:\/\/www.correiobraziliense.com.br\/cbradar\/capital-brasileira-tera-feriado-de-6-dias-em-abril-confira\/","name":"Capital brasileira ter\u00e1 feriado de 6 dias em abril, confira","isPartOf":{"@id":"https:\/\/www.correiobraziliense.com.br\/cbradar\/#website"},"primaryImageOfPage":{"@id":"https:\/\/www.correiobraziliense.com.br\/cbradar\/capital-brasileira-tera-feriado-de-6-dias-em-abril-confira\/#primaryimage"},"image":{"@id":"https:\/\/www.correiobraziliense.com.br\/cbradar\/capital-brasileira-tera-feriado-de-6-dias-em-abril-confira\/#primaryimage"},"thumbnailUrl":"https:\/\/www.correiobraziliense.com.br\/cbradar\/wp-content\/uploads\/2025\/04\/feriado_1743717787701.jpg","datePublished":"2025-04-03T22:20:08+00:00","dateModified":"2025-04-03T22:20:09+00:00","author":{"@id":"https:\/\/www.correiobraziliense.com.br\/cbradar\/#\/schema\/person\/58422787644df994b53a19d3e56c1513"},"description":"O Rio de Janeiro se prepara para um feriad\u00e3o em abril de 2025, com ponto facultativo anunciado pelo prefeito.","breadcrumb":{"@id":"https:\/\/www.correiobraziliense.com.br\/cbradar\/capital-brasileira-tera-feriado-de-6-dias-em-abril-confira\/#breadcrumb"},"inLanguage":"pt-BR","potentialAction":[{"@type":"ReadAction","target":["https:\/\/www.correiobraziliense.com.br\/cbradar\/capital-brasileira-tera-feriado-de-6-dias-em-abril-confira\/"]}]},{"@type":"ImageObject","inLanguage":"pt-BR","@id":"https:\/\/www.correiobraziliense.com.br\/cbradar\/capital-brasileira-tera-feriado-de-6-dias-em-abril-confira\/#primaryimage","url":"https:\/\/www.correiobraziliense.com.br\/cbradar\/wp-content\/uploads\/2025\/04\/feriado_1743717787701.jpg","contentUrl":"https:\/\/www.correiobraziliense.com.br\/cbradar\/wp-content\/uploads\/2025\/04\/feriado_1743717787701.jpg","width":1280,"height":720,"caption":"Feriado. Cr\u00e9ditos: depositphotos.com \/ ArturVerkhovetskiy"},{"@type":"BreadcrumbList","@id":"https:\/\/www.correiobraziliense.com.br\/cbradar\/capital-brasileira-tera-feriado-de-6-dias-em-abril-confira\/#breadcrumb","itemListElement":[{"@type":"ListItem","position":1,"name":"In\u00edcio","item":"https:\/\/www.correiobraziliense.com.br\/cbradar\/"},{"@type":"ListItem","position":2,"name":"Capital brasileira ter\u00e1 feriado de 6 dias em abril, confira"}]},{"@type":"WebSite","@id":"https:\/\/www.correiobraziliense.com.br\/cbradar\/#website","url":"https:\/\/www.correiobraziliense.com.br\/cbradar\/","name":"Correio Braziliense - Radar","description":"Acompanhe as \u00faltimas not\u00edcias e fique bem informado sobre tudo o que acontece no Brasil e no mundo.","potentialAction":[{"@type":"SearchAction","target":{"@type":"EntryPoint","urlTemplate":"https:\/\/www.correiobraziliense.com.br\/cbradar\/?s={search_term_string}"},"query-input":{"@type":"PropertyValueSpecification","valueRequired":true,"valueName":"search_term_string"}}],"inLanguage":"pt-BR"},{"@type":"Person","@id":"https:\/\/www.correiobraziliense.com.br\/cbradar\/#\/schema\/person\/58422787644df994b53a19d3e56c1513","name":"Larissa Carvalho","image":{"@type":"ImageObject","inLanguage":"pt-BR","@id":"https:\/\/www.correiobraziliense.com.br\/cbradar\/#\/schema\/person\/image\/","url":"https:\/\/secure.gravatar.com\/avatar\/fe4f91a0de32b52a838d0d612abdc1aa?s=96&d=mm&r=g","contentUrl":"https:\/\/secure.gravatar.com\/avatar\/fe4f91a0de32b52a838d0d612abdc1aa?s=96&d=mm&r=g","caption":"Larissa Carvalho"},"url":"https:\/\/www.correiobraziliense.com.br\/cbradar\/author\/larissamyth\/"}]}},"_links":{"self":[{"href":"https:\/\/www.correiobraziliense.com.br\/cbradar\/wp-json\/wp\/v2\/posts\/19158","targetHints":{"allow":["GET"]}}],"collection":[{"href":"https:\/\/www.correiobraziliense.com.br\/cbradar\/wp-json\/wp\/v2\/posts"}],"about":[{"href":"https:\/\/www.correiobraziliense.com.br\/cbradar\/wp-json\/wp\/v2\/types\/post"}],"author":[{"embeddable":true,"href":"https:\/\/www.correiobraziliense.com.br\/cbradar\/wp-json\/wp\/v2\/users\/3"}],"replies":[{"embeddable":true,"href":"https:\/\/www.correiobraziliense.com.br\/cbradar\/wp-json\/wp\/v2\/comments?post=19158"}],"version-history":[{"count":1,"href":"https:\/\/www.correiobraziliense.com.br\/cbradar\/wp-json\/wp\/v2\/posts\/19158\/revisions"}],"predecessor-version":[{"id":19161,"href":"https:\/\/www.correiobraziliense.com.br\/cbradar\/wp-json\/wp\/v2\/posts\/19158\/revisions\/19161"}],"wp:featuredmedia":[{"embeddable":true,"href":"https:\/\/www.correiobraziliense.com.br\/cbradar\/wp-json\/wp\/v2\/media\/19159"}],"wp:attachment":[{"href":"https:\/\/www.correiobraziliense.com.br\/cbradar\/wp-json\/wp\/v2\/media?parent=19158"}],"wp:term":[{"taxonomy":"category","embeddable":true,"href":"https:\/\/www.correiobraziliense.com.br\/cbradar\/wp-json\/wp\/v2\/categories?post=19158"},{"taxonomy":"post_tag","embeddable":true,"href":"https:\/\/www.correiobraziliense.com.br\/cbradar\/wp-json\/wp\/v2\/tags?post=19158"}],"curies":[{"name":"wp","href":"https:\/\/api.w.org\/{rel}","templated":true}]}}