{"id":19169,"date":"2025-04-05T10:30:00","date_gmt":"2025-04-05T13:30:00","guid":{"rendered":"https:\/\/www.correiobraziliense.com.br\/cbradar\/?p=19169"},"modified":"2025-06-28T02:26:56","modified_gmt":"2025-06-28T05:26:56","slug":"series-de-sucesso-da-netflix-em-2025-que-voce-nao-pode-perder","status":"publish","type":"post","link":"https:\/\/www.correiobraziliense.com.br\/cbradar\/series-de-sucesso-da-netflix-em-2025-que-voce-nao-pode-perder\/","title":{"rendered":"S\u00e9ries de sucesso da Netflix em 2025 que voc\u00ea n\u00e3o pode perder"},"content":{"rendered":"\n<p>A <strong>Netflix<\/strong> consolidou 2025 como um dos anos mais produtivos de sua hist\u00f3ria, lan\u00e7ando produ\u00e7\u00f5es que rapidamente conquistaram audi\u00eancias globais e se estabeleceram como marcos culturais. Entre dramas familiares intensos e thrillers tecnol\u00f3gicos inovadores, a plataforma demonstrou sua capacidade de criar conte\u00fado que ressoa com diferentes culturas e gera\u00e7\u00f5es. Estas produ\u00e7\u00f5es n\u00e3o apenas dominaram rankings de audi\u00eancia, mas tamb\u00e9m provocaram debates importantes sobre temas contempor\u00e2neos.<\/p>\n\n\n\n<p>O primeiro semestre revelou uma estrat\u00e9gia clara da gigante do streaming: investir em narrativas aut\u00eanticas e diversificadas, desde miniss\u00e9ries alem\u00e3s que exploram nossa rela\u00e7\u00e3o com a tecnologia at\u00e9 produ\u00e7\u00f5es brit\u00e2nicas que abordam quest\u00f5es sociais urgentes. Esta abordagem resultou em sucessos que transcenderam fronteiras culturais e lingu\u00edsticas, confirmando o apetite global por conte\u00fado de qualidade.<\/p>\n\n\n\n<h2 class=\"wp-block-heading\"><strong>Por que &#8220;Adolesc\u00eancia&#8221; provocou tamanha repercuss\u00e3o mundial?<\/strong><\/h2>\n\n\n\n<p><strong>&#8220;Adolesc\u00eancia&#8221;<\/strong> emergiu como o grande fen\u00f4meno da <a href=\"https:\/\/www.correiobraziliense.com.br\/cbradar\/os-melhores-filmes-de-ficcao-cientifica-que-sao-totalmente-desconhecidos\/\" target=\"_blank\" rel=\"noreferrer noopener\"><strong>Netflix<\/strong> <\/a>em mar\u00e7o de 2025, conquistando 99% de aprova\u00e7\u00e3o no <strong>Rotten Tomatoes<\/strong> e permanecendo no topo global da plataforma por semanas consecutivas. A miniss\u00e9rie brit\u00e2nica de quatro epis\u00f3dios conquistou os assinantes da Netflix com o seu tema importante, performances arrebatadoras e a t\u00e9cnica original da filmagem num s\u00f3 take. Criada por <strong>Jack Thorne<\/strong> e <strong>Stephen Graham<\/strong>, a produ\u00e7\u00e3o aborda o caso de <strong>Jamie Miller<\/strong>, um garoto de 13 anos acusado de assassinar violentamente uma colega de escola.<\/p>\n\n\n\n<p>A inova\u00e7\u00e3o t\u00e9cnica da s\u00e9rie, com cada epis\u00f3dio filmado em um \u00fanico take cont\u00ednuo, criou uma atmosfera de tens\u00e3o in\u00e9dita na televis\u00e3o contempor\u00e2nea. <strong>Owen Cooper<\/strong>, que interpreta <strong>Jamie<\/strong>, oferece uma performance que surpreendeu cr\u00edticos internacionais, enquanto <strong>Stephen Graham<\/strong> e <strong>Ashley Walters<\/strong> completam um elenco que equilibra brutalidade emocional com sensibilidade. A s\u00e9rie provocou discuss\u00f5es globais sobre bullying, misoginia juvenil e os perigos das redes sociais, temas que ecoaram especialmente entre audi\u00eancias jovens.<\/p>\n\n\n\n<figure class=\"wp-block-image size-large\"><img decoding=\"async\" width=\"1024\" height=\"576\" src=\"https:\/\/www.correiobraziliense.com.br\/cbradar\/wp-content\/uploads\/2025\/04\/adolescencia-1024x576.jpg\" alt=\"S\u00e9ries de sucesso da Netflix em 2025\" class=\"wp-image-19171\" srcset=\"https:\/\/www.correiobraziliense.com.br\/cbradar\/wp-content\/uploads\/2025\/04\/adolescencia-1024x576.jpg 1024w, https:\/\/www.correiobraziliense.com.br\/cbradar\/wp-content\/uploads\/2025\/04\/adolescencia-300x169.jpg 300w, https:\/\/www.correiobraziliense.com.br\/cbradar\/wp-content\/uploads\/2025\/04\/adolescencia-768x432.jpg 768w, https:\/\/www.correiobraziliense.com.br\/cbradar\/wp-content\/uploads\/2025\/04\/adolescencia-750x422.jpg 750w, https:\/\/www.correiobraziliense.com.br\/cbradar\/wp-content\/uploads\/2025\/04\/adolescencia-1140x641.jpg 1140w, https:\/\/www.correiobraziliense.com.br\/cbradar\/wp-content\/uploads\/2025\/04\/adolescencia.jpg 1280w\" sizes=\"(max-width: 1024px) 100vw, 1024px\" \/><figcaption class=\"wp-element-caption\">cena de &#8216;Adolesc\u00eancia&#8217;\ncr\u00e9ditos: Adolesc\u00eancia. fonte: divulga\u00e7\u00e3o \/ Netflix<\/figcaption><\/figure>\n\n\n\n<h2 class=\"wp-block-heading\"><strong>Como &#8220;Cassandra&#8221; redefiniu o thriller tecnol\u00f3gico alem\u00e3o?<\/strong><\/h2>\n\n\n\n<p>A miniss\u00e9rie alem\u00e3 <strong>&#8220;Cassandra&#8221;<\/strong> estabeleceu novos padr\u00f5es para produ\u00e7\u00f5es europeias na <strong>Netflix<\/strong>, alcan\u00e7ando 14,4 milh\u00f5es de visualiza\u00e7\u00f5es no mundo todo entre 6 e 16 de fevereiro de 2025 e conquistando o primeiro lugar em 32 pa\u00edses. Criada por <strong>Benjamin Gutsche<\/strong>, a produ\u00e7\u00e3o explora os perigos da intelig\u00eancia artificial atrav\u00e9s da hist\u00f3ria da fam\u00edlia <strong>Prill<\/strong>, que se muda para uma casa inteligente dos anos 1970 controlada pela assistente virtual <strong>Cassandra<\/strong>, interpretada por <strong>Lavinia Wilson<\/strong>.<\/p>\n\n\n\n<p>A s\u00e9rie tem chamado aten\u00e7\u00e3o dos assinantes ao misturar terror, suspense psicol\u00f3gico e fic\u00e7\u00e3o cient\u00edfica, sendo frequentemente comparada a <strong>&#8220;Black Mirror&#8221;<\/strong> por sua abordagem dist\u00f3pica da tecnologia. O conceito retrofuturista, situando uma casa inteligente na d\u00e9cada de 1970, oferece uma perspectiva \u00fanica sobre nossos medos contempor\u00e2neos relacionados \u00e0 privacidade digital e depend\u00eancia tecnol\u00f3gica. A performance de <strong>Wilson<\/strong> como a IA manipuladora recebeu elogios internacionais, especialmente por conseguir transmitir humanidade atrav\u00e9s apenas de sua voz e movimentos capturados digitalmente.<\/p>\n\n\n\n<h2 class=\"wp-block-heading\"><strong>Qual foi o diferencial de &#8220;Zero Day&#8221; com Robert De Niro?<\/strong><\/h2>\n\n\n\n<p><strong>&#8220;Zero Day&#8221;<\/strong> marcou a estreia hist\u00f3rica de <strong>Robert De Niro<\/strong> como protagonista de uma s\u00e9rie televisiva, interpretando um ex-presidente dos <strong>Estados Unidos<\/strong> que retorna \u00e0 ativa para investigar um ataque cibern\u00e9tico. O famoso ator interpreta um ex-presidente dos EUA, que volta ao ativo para investigar a origem de um ataque cibern\u00e9tico, em que acaba por descobrir uma enorme rede de conspira\u00e7\u00f5es. A s\u00e9rie estreou em 20 de fevereiro de 2025, acompanhada por um elenco de peso que inclui <strong>Connie Britton<\/strong>, <strong>Jesse Plemons<\/strong> e <strong>Lizzy Caplan<\/strong>.<\/p>\n\n\n\n<p>O thriller pol\u00edtico se destaca pela abordagem realista de amea\u00e7as cibern\u00e9ticas contempor\u00e2neas, tema que ganhou relev\u00e2ncia crescente no cen\u00e1rio geopol\u00edtico atual. A presen\u00e7a de <strong>De Niro<\/strong> n\u00e3o apenas atraiu aten\u00e7\u00e3o medi\u00e1tica, mas tamb\u00e9m conferiu gravitas dram\u00e1tica \u00e0 produ\u00e7\u00e3o, elevando-a al\u00e9m do entretenimento t\u00edpico de streaming. A s\u00e9rie explora conspira\u00e7\u00f5es governamentais com nuances que refletem ansiedades pol\u00edticas reais, criando um produto que funciona tanto como entretenimento quanto como coment\u00e1rio social.<\/p>\n\n\n\n<h2 class=\"wp-block-heading\"><strong>Como &#8220;The Residence&#8221; inovou no g\u00eanero de mist\u00e9rio pol\u00edtico?<\/strong><\/h2>\n\n\n\n<p><strong>&#8220;The Residence&#8221;<\/strong> conquistou audi\u00eancias globais ao combinar suspense investigativo com drama pol\u00edtico, ocupando consistentemente o segundo lugar nos rankings da <strong>Netflix<\/strong> desde seu lan\u00e7amento em 20 de mar\u00e7o de 2025. Criada por <strong>Paul William Davies<\/strong> e inspirada no livro <strong>&#8220;The Residence: Inside the Private World of the White House&#8221;<\/strong> de <strong>Kate Andersen Brower<\/strong>, a s\u00e9rie mergulha nos bastidores da <strong>Casa Branca<\/strong> atrav\u00e9s de um esc\u00e2ndalo de assassinato fict\u00edcio.<\/p>\n\n\n\n<p>O elenco inclui <strong>Uzo Aduba<\/strong>, <strong>Kylie Minogue<\/strong> e <strong>Giancarlo Esposito<\/strong>, combinando talentos estabelecidos com newcomers em uma narrativa que equilibra intriga pol\u00edtica com desenvolvimento de personagens. A s\u00e9rie se diferencia por sua capacidade de humanizar figuras pol\u00edticas, mostrando as press\u00f5es pessoais e profissionais de quem trabalha no epicentro do poder americano. Esta abordagem criou um produto que atrai tanto f\u00e3s de suspense quanto interessados em pol\u00edtica, expandindo significativamente sua base de audi\u00eancia.<\/p>\n\n\n\n<h2 class=\"wp-block-heading\"><strong>Qual o impacto das produ\u00e7\u00f5es alem\u00e3s no mercado global de streaming?<\/strong><\/h2>\n\n\n\n<p><strong>&#8220;Cassandra&#8221;<\/strong> tornou-se o maior lan\u00e7amento de uma s\u00e9rie alem\u00e3 na plataforma desde &#8220;Liebes Kind&#8221;, sinalizando uma mudan\u00e7a significativa na percep\u00e7\u00e3o global do conte\u00fado alem\u00e3o. O sucesso da s\u00e9rie demonstra que audi\u00eancias internacionais est\u00e3o receptivas a narrativas europeias quando estas oferecem perspectivas \u00fanicas e qualidade de produ\u00e7\u00e3o elevada. A <strong>Alemanha<\/strong> est\u00e1 emergindo como um centro de produ\u00e7\u00e3o de conte\u00fado premium para streaming, seguindo os passos de pa\u00edses como <strong>Coreia do Sul<\/strong> e <strong>Espanha<\/strong>.<\/p>\n\n\n\n<p>O fen\u00f4meno <strong>&#8220;Cassandra&#8221;<\/strong> abriu portas para futuras coprodu\u00e7\u00f5es alem\u00e3s com a <strong>Netflix<\/strong>, estabelecendo precedentes para investimentos maiores em conte\u00fado europeu. A s\u00e9rie provou que temas universais como tecnologia e fam\u00edlia podem transcender barreiras culturais quando abordados com autenticidade e inova\u00e7\u00e3o t\u00e9cnica. Este sucesso representa uma evolu\u00e7\u00e3o no mercado global de streaming, onde a diversidade geogr\u00e1fica de produ\u00e7\u00f5es se torna cada vez mais valorizada por audi\u00eancias em busca de narrativas frescas e perspectivas diferentes.<\/p>\n","protected":false},"excerpt":{"rendered":"<p>Descubra as s\u00e9ries da Netflix que dominaram 2025, com destaque para &#8220;Adolesc\u00eancia&#8221;, um drama criminal aclamado pela cr\u00edtica<\/p>\n","protected":false},"author":3,"featured_media":19170,"comment_status":"open","ping_status":"open","sticky":false,"template":"","format":"standard","meta":{"_yoast_wpseo_focuskw":"melhores s\u00e9ries de 2025","_yoast_wpseo_title":"","_yoast_wpseo_metadesc":"Descubra as s\u00e9ries da Netflix que dominaram 2025, com destaque para \"Adolesc\u00eancia\", um drama criminal aclamado pela cr\u00edtica","jnews-multi-image_gallery":[],"jnews_single_post":{"format":"standard"},"jnews_primary_category":[],"jnews_social_meta":[],"jnews_override_counter":[],"footnotes":""},"categories":[140],"post_tag":[141,568],"class_list":["post-19169","post","type-post","status-publish","format-standard","has-post-thumbnail","hentry","category-entretenimento","tag-netflix","tag-series-e-filmes"],"yoast_head":"<!-- This site is optimized with the Yoast SEO plugin v24.6 - https:\/\/yoast.com\/wordpress\/plugins\/seo\/ -->\n<title>S\u00e9ries de sucesso da Netflix em 2025 que voc\u00ea n\u00e3o pode perder - Correio Braziliense - Radar<\/title>\n<meta name=\"description\" content=\"Descubra as s\u00e9ries da Netflix que dominaram 2025, com destaque para &quot;Adolesc\u00eancia&quot;, um drama criminal aclamado pela cr\u00edtica\" \/>\n<meta name=\"robots\" content=\"index, follow, max-snippet:-1, max-image-preview:large, max-video-preview:-1\" \/>\n<link rel=\"canonical\" href=\"https:\/\/www.correiobraziliense.com.br\/cbradar\/series-de-sucesso-da-netflix-em-2025-que-voce-nao-pode-perder\/\" \/>\n<meta property=\"og:locale\" content=\"pt_BR\" \/>\n<meta property=\"og:type\" content=\"article\" \/>\n<meta property=\"og:title\" content=\"S\u00e9ries de sucesso da Netflix em 2025 que voc\u00ea n\u00e3o pode perder - Correio Braziliense - Radar\" \/>\n<meta property=\"og:description\" content=\"Descubra as s\u00e9ries da Netflix que dominaram 2025, com destaque para &quot;Adolesc\u00eancia&quot;, um drama criminal aclamado pela cr\u00edtica\" \/>\n<meta property=\"og:url\" content=\"https:\/\/www.correiobraziliense.com.br\/cbradar\/series-de-sucesso-da-netflix-em-2025-que-voce-nao-pode-perder\/\" \/>\n<meta property=\"og:site_name\" content=\"Correio Braziliense - Radar\" \/>\n<meta property=\"article:published_time\" content=\"2025-04-05T13:30:00+00:00\" \/>\n<meta property=\"article:modified_time\" content=\"2025-06-28T05:26:56+00:00\" \/>\n<meta property=\"og:image\" content=\"https:\/\/www.correiobraziliense.com.br\/cbradar\/wp-content\/uploads\/2025\/04\/Netflix-_1743738580503.jpg\" \/>\n\t<meta property=\"og:image:width\" content=\"1280\" \/>\n\t<meta property=\"og:image:height\" content=\"720\" \/>\n\t<meta property=\"og:image:type\" content=\"image\/jpeg\" \/>\n<meta name=\"author\" content=\"Larissa Carvalho\" \/>\n<meta name=\"twitter:card\" content=\"summary_large_image\" \/>\n<meta name=\"twitter:label1\" content=\"Escrito por\" \/>\n\t<meta name=\"twitter:data1\" content=\"Larissa Carvalho\" \/>\n\t<meta name=\"twitter:label2\" content=\"Est. tempo de leitura\" \/>\n\t<meta name=\"twitter:data2\" content=\"6 minutos\" \/>\n<!-- \/ Yoast SEO plugin. -->","yoast_head_json":{"title":"S\u00e9ries de sucesso da Netflix em 2025 que voc\u00ea n\u00e3o pode perder - Correio Braziliense - Radar","description":"Descubra as s\u00e9ries da Netflix que dominaram 2025, com destaque para \"Adolesc\u00eancia\", um drama criminal aclamado pela cr\u00edtica","robots":{"index":"index","follow":"follow","max-snippet":"max-snippet:-1","max-image-preview":"max-image-preview:large","max-video-preview":"max-video-preview:-1"},"canonical":"https:\/\/www.correiobraziliense.com.br\/cbradar\/series-de-sucesso-da-netflix-em-2025-que-voce-nao-pode-perder\/","og_locale":"pt_BR","og_type":"article","og_title":"S\u00e9ries de sucesso da Netflix em 2025 que voc\u00ea n\u00e3o pode perder - Correio Braziliense - Radar","og_description":"Descubra as s\u00e9ries da Netflix que dominaram 2025, com destaque para \"Adolesc\u00eancia\", um drama criminal aclamado pela cr\u00edtica","og_url":"https:\/\/www.correiobraziliense.com.br\/cbradar\/series-de-sucesso-da-netflix-em-2025-que-voce-nao-pode-perder\/","og_site_name":"Correio Braziliense - Radar","article_published_time":"2025-04-05T13:30:00+00:00","article_modified_time":"2025-06-28T05:26:56+00:00","og_image":[{"width":1280,"height":720,"url":"https:\/\/www.correiobraziliense.com.br\/cbradar\/wp-content\/uploads\/2025\/04\/Netflix-_1743738580503.jpg","type":"image\/jpeg"}],"author":"Larissa Carvalho","twitter_card":"summary_large_image","twitter_misc":{"Escrito por":"Larissa Carvalho","Est. tempo de leitura":"6 minutos"},"schema":{"@context":"https:\/\/schema.org","@graph":[{"@type":"WebPage","@id":"https:\/\/www.correiobraziliense.com.br\/cbradar\/series-de-sucesso-da-netflix-em-2025-que-voce-nao-pode-perder\/","url":"https:\/\/www.correiobraziliense.com.br\/cbradar\/series-de-sucesso-da-netflix-em-2025-que-voce-nao-pode-perder\/","name":"S\u00e9ries de sucesso da Netflix em 2025 que voc\u00ea n\u00e3o pode perder - Correio Braziliense - Radar","isPartOf":{"@id":"https:\/\/www.correiobraziliense.com.br\/cbradar\/#website"},"primaryImageOfPage":{"@id":"https:\/\/www.correiobraziliense.com.br\/cbradar\/series-de-sucesso-da-netflix-em-2025-que-voce-nao-pode-perder\/#primaryimage"},"image":{"@id":"https:\/\/www.correiobraziliense.com.br\/cbradar\/series-de-sucesso-da-netflix-em-2025-que-voce-nao-pode-perder\/#primaryimage"},"thumbnailUrl":"https:\/\/www.correiobraziliense.com.br\/cbradar\/wp-content\/uploads\/2025\/04\/Netflix-_1743738580503.jpg","datePublished":"2025-04-05T13:30:00+00:00","dateModified":"2025-06-28T05:26:56+00:00","author":{"@id":"https:\/\/www.correiobraziliense.com.br\/cbradar\/#\/schema\/person\/58422787644df994b53a19d3e56c1513"},"description":"Descubra as s\u00e9ries da Netflix que dominaram 2025, com destaque para \"Adolesc\u00eancia\", um drama criminal aclamado pela cr\u00edtica","breadcrumb":{"@id":"https:\/\/www.correiobraziliense.com.br\/cbradar\/series-de-sucesso-da-netflix-em-2025-que-voce-nao-pode-perder\/#breadcrumb"},"inLanguage":"pt-BR","potentialAction":[{"@type":"ReadAction","target":["https:\/\/www.correiobraziliense.com.br\/cbradar\/series-de-sucesso-da-netflix-em-2025-que-voce-nao-pode-perder\/"]}]},{"@type":"ImageObject","inLanguage":"pt-BR","@id":"https:\/\/www.correiobraziliense.com.br\/cbradar\/series-de-sucesso-da-netflix-em-2025-que-voce-nao-pode-perder\/#primaryimage","url":"https:\/\/www.correiobraziliense.com.br\/cbradar\/wp-content\/uploads\/2025\/04\/Netflix-_1743738580503.jpg","contentUrl":"https:\/\/www.correiobraziliense.com.br\/cbradar\/wp-content\/uploads\/2025\/04\/Netflix-_1743738580503.jpg","width":1280,"height":720,"caption":"Netflix Cr\u00e9ditos: depositphotos.com \/ AndrewLozovyi"},{"@type":"BreadcrumbList","@id":"https:\/\/www.correiobraziliense.com.br\/cbradar\/series-de-sucesso-da-netflix-em-2025-que-voce-nao-pode-perder\/#breadcrumb","itemListElement":[{"@type":"ListItem","position":1,"name":"In\u00edcio","item":"https:\/\/www.correiobraziliense.com.br\/cbradar\/"},{"@type":"ListItem","position":2,"name":"S\u00e9ries de sucesso da Netflix em 2025 que voc\u00ea n\u00e3o pode perder"}]},{"@type":"WebSite","@id":"https:\/\/www.correiobraziliense.com.br\/cbradar\/#website","url":"https:\/\/www.correiobraziliense.com.br\/cbradar\/","name":"Correio Braziliense - Radar","description":"Acompanhe as \u00faltimas not\u00edcias e fique bem informado sobre tudo o que acontece no Brasil e no mundo.","potentialAction":[{"@type":"SearchAction","target":{"@type":"EntryPoint","urlTemplate":"https:\/\/www.correiobraziliense.com.br\/cbradar\/?s={search_term_string}"},"query-input":{"@type":"PropertyValueSpecification","valueRequired":true,"valueName":"search_term_string"}}],"inLanguage":"pt-BR"},{"@type":"Person","@id":"https:\/\/www.correiobraziliense.com.br\/cbradar\/#\/schema\/person\/58422787644df994b53a19d3e56c1513","name":"Larissa Carvalho","image":{"@type":"ImageObject","inLanguage":"pt-BR","@id":"https:\/\/www.correiobraziliense.com.br\/cbradar\/#\/schema\/person\/image\/","url":"https:\/\/secure.gravatar.com\/avatar\/fe4f91a0de32b52a838d0d612abdc1aa?s=96&d=mm&r=g","contentUrl":"https:\/\/secure.gravatar.com\/avatar\/fe4f91a0de32b52a838d0d612abdc1aa?s=96&d=mm&r=g","caption":"Larissa Carvalho"},"url":"https:\/\/www.correiobraziliense.com.br\/cbradar\/author\/larissamyth\/"}]}},"_links":{"self":[{"href":"https:\/\/www.correiobraziliense.com.br\/cbradar\/wp-json\/wp\/v2\/posts\/19169","targetHints":{"allow":["GET"]}}],"collection":[{"href":"https:\/\/www.correiobraziliense.com.br\/cbradar\/wp-json\/wp\/v2\/posts"}],"about":[{"href":"https:\/\/www.correiobraziliense.com.br\/cbradar\/wp-json\/wp\/v2\/types\/post"}],"author":[{"embeddable":true,"href":"https:\/\/www.correiobraziliense.com.br\/cbradar\/wp-json\/wp\/v2\/users\/3"}],"replies":[{"embeddable":true,"href":"https:\/\/www.correiobraziliense.com.br\/cbradar\/wp-json\/wp\/v2\/comments?post=19169"}],"version-history":[{"count":3,"href":"https:\/\/www.correiobraziliense.com.br\/cbradar\/wp-json\/wp\/v2\/posts\/19169\/revisions"}],"predecessor-version":[{"id":60712,"href":"https:\/\/www.correiobraziliense.com.br\/cbradar\/wp-json\/wp\/v2\/posts\/19169\/revisions\/60712"}],"wp:featuredmedia":[{"embeddable":true,"href":"https:\/\/www.correiobraziliense.com.br\/cbradar\/wp-json\/wp\/v2\/media\/19170"}],"wp:attachment":[{"href":"https:\/\/www.correiobraziliense.com.br\/cbradar\/wp-json\/wp\/v2\/media?parent=19169"}],"wp:term":[{"taxonomy":"category","embeddable":true,"href":"https:\/\/www.correiobraziliense.com.br\/cbradar\/wp-json\/wp\/v2\/categories?post=19169"},{"taxonomy":"post_tag","embeddable":true,"href":"https:\/\/www.correiobraziliense.com.br\/cbradar\/wp-json\/wp\/v2\/post_tag?post=19169"}],"curies":[{"name":"wp","href":"https:\/\/api.w.org\/{rel}","templated":true}]}}