{"id":19183,"date":"2025-04-05T18:10:00","date_gmt":"2025-04-05T21:10:00","guid":{"rendered":"https:\/\/www.correiobraziliense.com.br\/cbradar\/?p=19183"},"modified":"2025-06-28T02:35:07","modified_gmt":"2025-06-28T05:35:07","slug":"warner-bros-anuncia-novos-filmes-de-classicos-animados-veja-titulos","status":"publish","type":"post","link":"https:\/\/www.correiobraziliense.com.br\/cbradar\/warner-bros-anuncia-novos-filmes-de-classicos-animados-veja-titulos\/","title":{"rendered":"Warner Bros. anuncia novos filmes de cl\u00e1ssicos animados, veja t\u00edtulos"},"content":{"rendered":"\n<p>A <strong>Warner Bros. Animation<\/strong> oficializou durante a <strong>CinemaCon 2025<\/strong> o retorno de suas franquias mais ic\u00f4nicas aos cinemas. O presidente <strong>Bill Damaschke<\/strong> anunciou um &#8220;novo compromisso com a anima\u00e7\u00e3o teatral&#8221;, revelando projetos para <strong>Os Flintstones<\/strong>, <strong>Looney Tunes<\/strong> e <strong>Tom &amp; Jerry<\/strong>. Esta decis\u00e3o representa uma mudan\u00e7a radical de estrat\u00e9gia ap\u00f3s um per\u00edodo conturbado que incluiu vendas de direitos e cancelamentos pol\u00eamicos.<\/p>\n\n\n\n<p>A estrat\u00e9gia surge como resposta direta \u00e0s cr\u00edticas recebidas pelos tratamentos dados a propriedades como <strong>&#8220;Coyote vs. Acme&#8221;<\/strong>, que enfrentou quase cancelamento antes de ser vendido para a <strong>Ketchup Entertainment<\/strong>. O movimento sinaliza reconhecimento da import\u00e2ncia dessas franquias no DNA criativo do est\u00fadio e na gera\u00e7\u00e3o de receitas duradouras. O an\u00fancio representa tentativa de recuperar a confian\u00e7a dos f\u00e3s ap\u00f3s decis\u00f5es question\u00e1veis envolvendo remo\u00e7\u00e3o de <strong><a href=\"https:\/\/www.correiobraziliense.com.br\/cbradar\/os-melhores-filmes-de-ficcao-cientifica-que-sao-totalmente-desconhecidos\/\" target=\"_blank\" rel=\"noreferrer noopener\">conte\u00fado <\/a><\/strong>cl\u00e1ssico da plataforma <strong>Max<\/strong>.<\/p>\n\n\n\n<h2 class=\"wp-block-heading\"><strong>Por que a Warner Bros. mudou de dire\u00e7\u00e3o t\u00e3o drasticamente?<\/strong><\/h2>\n\n\n\n<p>A revers\u00e3o estrat\u00e9gica ocorre ap\u00f3s s\u00e9rie de decis\u00f5es controversas que geraram forte rea\u00e7\u00e3o negativa. Em mar\u00e7o de 2025, o est\u00fadio removeu todos os curtas cl\u00e1ssicos dos <strong>Looney Tunes<\/strong> do <strong>Max<\/strong>, incluindo obras ic\u00f4nicas como <strong>&#8220;What&#8217;s Opera, Doc?&#8221;<\/strong> e <strong>&#8220;Duck Amuck&#8221;<\/strong>. Simultaneamente, revelou planos para demolir o <strong>Edif\u00edcio 131<\/strong>, local hist\u00f3rico que armazenava materiais originais da franquia, causando revolta entre preservacionistas da anima\u00e7\u00e3o.<\/p>\n\n\n\n<p>O contexto financeiro tamb\u00e9m pesou na decis\u00e3o. A recente venda dos direitos de <strong>&#8220;The Day the Earth Blew Up: A Looney Tunes Movie&#8221;<\/strong> para a <strong>Ketchup Entertainment<\/strong> demonstrou potencial comercial perdido pela <strong>Warner<\/strong>. A produ\u00e7\u00e3o, que estreou em mar\u00e7o de 2025, provou que existe demanda do mercado por conte\u00fado cl\u00e1ssico bem executado. A mudan\u00e7a de rumo coincide com press\u00f5es de investidores e necessidade de diversificar portf\u00f3lio de propriedades intelectuais em momento de incerteza econ\u00f4mica na ind\u00fastria do entretenimento.<\/p>\n\n\n\n<figure class=\"wp-block-image size-large\"><img decoding=\"async\" width=\"1024\" height=\"576\" src=\"https:\/\/www.correiobraziliense.com.br\/cbradar\/wp-content\/uploads\/2025\/04\/tom-e-jerry-1024x576.png\" alt=\"Warner Bros. anuncia novos filmes de cl\u00e1ssicos animados\" class=\"wp-image-19185\" srcset=\"https:\/\/www.correiobraziliense.com.br\/cbradar\/wp-content\/uploads\/2025\/04\/tom-e-jerry-1024x576.png 1024w, https:\/\/www.correiobraziliense.com.br\/cbradar\/wp-content\/uploads\/2025\/04\/tom-e-jerry-300x169.png 300w, https:\/\/www.correiobraziliense.com.br\/cbradar\/wp-content\/uploads\/2025\/04\/tom-e-jerry-768x432.png 768w, https:\/\/www.correiobraziliense.com.br\/cbradar\/wp-content\/uploads\/2025\/04\/tom-e-jerry-750x422.png 750w, https:\/\/www.correiobraziliense.com.br\/cbradar\/wp-content\/uploads\/2025\/04\/tom-e-jerry-1140x641.png 1140w, https:\/\/www.correiobraziliense.com.br\/cbradar\/wp-content\/uploads\/2025\/04\/tom-e-jerry.png 1280w\" sizes=\"(max-width: 1024px) 100vw, 1024px\" \/><figcaption class=\"wp-element-caption\">Tom e Jerry\nCr\u00e9ditos: Tom e Jerry. Fonte: divulga\u00e7\u00e3o\/ Warner Bros<\/figcaption><\/figure>\n\n\n\n<h2 class=\"wp-block-heading\"><strong>Quais detalhes foram revelados sobre os novos projetos?<\/strong><\/h2>\n\n\n\n<p><strong>&#8220;Meet the Flintstones&#8221;<\/strong> \u00e9 o projeto mais avan\u00e7ado, com <strong>Aaron Horvath<\/strong> e <strong>Michael Jelenic<\/strong>, diretores de <strong>&#8220;The Super Mario Bros. Movie&#8221;<\/strong>, j\u00e1 trabalhando no roteiro. O filme foi descrito como hist\u00f3ria de origem da fam\u00edlia pr\u00e9-hist\u00f3rica, em desenvolvimento desde 2023. A escolha da dupla criativa sugere abordagem contempor\u00e2nea mantendo elementos familiares, considerando o sucesso comercial anterior dos diretores com adapta\u00e7\u00f5es de propriedades nost\u00e1lgicas.<\/p>\n\n\n\n<p>Os projetos de <strong>Looney Tunes<\/strong> e <strong>Tom &amp; Jerry<\/strong> permanecem em est\u00e1gio inicial, com detalhes sobre enredo e estilo visual ainda n\u00e3o divulgados. Para <strong>Tom &amp; Jerry<\/strong>, relat\u00f3rios de dezembro indicaram envolvimento da atriz <strong>Rashida Jones<\/strong>, <strong>Will McCormack<\/strong> e <strong>Michael Govier<\/strong> na escrita do roteiro. Esta ser\u00e1 tentativa de reden\u00e7\u00e3o ap\u00f3s a recep\u00e7\u00e3o morna do h\u00edbrido live-action\/anima\u00e7\u00e3o de 2021, que arrecadou 136 milh\u00f5es contra or\u00e7amento de 50 milh\u00f5es, mas n\u00e3o conquistou aprova\u00e7\u00e3o cr\u00edtica nem entusiasmo duradouro dos f\u00e3s.<\/p>\n\n\n\n<h2 class=\"wp-block-heading\"><strong>Como esses relan\u00e7amentos afetam o mercado de anima\u00e7\u00e3o?<\/strong><\/h2>\n\n\n\n<p>O retorno \u00e0s origens da <strong>Warner Bros. Animation<\/strong> pode influenciar tend\u00eancias da ind\u00fastria cinematogr\u00e1fica. O sucesso recente de <strong>&#8220;The Super Mario Bros. Movie&#8221;<\/strong>, que arrecadou mais de um bilh\u00e3o globalmente, provou viabilidade comercial de adapta\u00e7\u00f5es nost\u00e1lgicas bem executadas. Est\u00fadios concorrentes observam atentamente esses movimentos para avaliar potencial de revitaliza\u00e7\u00e3o de suas pr\u00f3prias propriedades cl\u00e1ssicas.<\/p>\n\n\n\n<p>A estrat\u00e9gia tamb\u00e9m responde ao crescimento do mercado de entretenimento familiar p\u00f3s-pandemia. Dados da ind\u00fastria mostram retorno robusto das fam\u00edlias aos cinemas quando o conte\u00fado oferece apelo geracional. <strong>Os Flintstones<\/strong>, <strong>Looney Tunes<\/strong> e <strong>Tom &amp; Jerry<\/strong> possuem reconhecimento global que transcende barreiras culturais e lingu\u00edsticas, facilitando distribui\u00e7\u00e3o internacional e maximizando potencial de retorno financeiro em mercados diversos.<\/p>\n\n\n\n<h2 class=\"wp-block-heading\"><strong>Qual o cronograma esperado para essas produ\u00e7\u00f5es?<\/strong><\/h2>\n\n\n\n<p>Embora datas espec\u00edficas n\u00e3o tenham sido anunciadas, a fase de desenvolvimento de <strong>&#8220;Meet the Flintstones&#8221;<\/strong> sugere poss\u00edvel lan\u00e7amento entre 2026 e 2027. A <strong>Warner Bros. Animation<\/strong> est\u00e1 reconstruindo sua capacidade produtiva ap\u00f3s reorganiza\u00e7\u00f5es internas, processo que demanda tempo para garantir qualidade adequada. O est\u00fadio demonstra cautela para evitar repeti\u00e7\u00e3o de erros anteriores que resultaram em recep\u00e7\u00e3o negativa.<\/p>\n\n\n\n<p>A produ\u00e7\u00e3o simult\u00e2nea de tr\u00eas franquias principais exigir\u00e1 coordena\u00e7\u00e3o cuidadosa de recursos criativos e financeiros. A <strong>Warner<\/strong> precisa equilibrar ambi\u00e7\u00f5es expansivas com realidades operacionais, especialmente considerando press\u00f5es de cronograma e expectativas elevadas dos f\u00e3s. O sucesso inicial desses projetos determinar\u00e1 investimentos futuros em propriedades cl\u00e1ssicas e pode influenciar ressurrei\u00e7\u00e3o de outras franquias dormentes do cat\u00e1logo do est\u00fadio, incluindo poss\u00edvel retorno dos <strong>Jetsons<\/strong> e outras cria\u00e7\u00f5es da <strong>Hanna-Barbera<\/strong>.<\/p>\n","protected":false},"excerpt":{"rendered":"<p>A Warner Bros. Animation anunciou novos filmes baseados em cl\u00e1ssicos animados. Os Flintstones, Looney Tunes e Tom e Jerry voltam aos cinemas<\/p>\n","protected":false},"author":3,"featured_media":19184,"comment_status":"open","ping_status":"open","sticky":false,"template":"","format":"standard","meta":{"_yoast_wpseo_focuskw":"novos filmes cl\u00e1ssicos","_yoast_wpseo_title":"%%title%%","_yoast_wpseo_metadesc":"A Warner Bros. Animation anunciou novos filmes baseados em cl\u00e1ssicos animados. Os Flintstones, Looney Tunes e Tom e Jerry voltam aos cinemas","jnews-multi-image_gallery":[],"jnews_single_post":{"format":"standard"},"jnews_primary_category":[],"jnews_social_meta":[],"jnews_override_counter":[],"footnotes":""},"categories":[140],"post_tag":[568,2891],"class_list":["post-19183","post","type-post","status-publish","format-standard","has-post-thumbnail","hentry","category-entretenimento","tag-series-e-filmes","tag-warner-bros"],"yoast_head":"<!-- This site is optimized with the Yoast SEO plugin v24.6 - https:\/\/yoast.com\/wordpress\/plugins\/seo\/ -->\n<title>Warner Bros. anuncia novos filmes de cl\u00e1ssicos animados, veja t\u00edtulos<\/title>\n<meta name=\"description\" content=\"A Warner Bros. Animation anunciou novos filmes baseados em cl\u00e1ssicos animados. Os Flintstones, Looney Tunes e Tom e Jerry voltam aos cinemas\" \/>\n<meta name=\"robots\" content=\"index, follow, max-snippet:-1, max-image-preview:large, max-video-preview:-1\" \/>\n<link rel=\"canonical\" href=\"https:\/\/www.correiobraziliense.com.br\/cbradar\/warner-bros-anuncia-novos-filmes-de-classicos-animados-veja-titulos\/\" \/>\n<meta property=\"og:locale\" content=\"pt_BR\" \/>\n<meta property=\"og:type\" content=\"article\" \/>\n<meta property=\"og:title\" content=\"Warner Bros. anuncia novos filmes de cl\u00e1ssicos animados, veja t\u00edtulos\" \/>\n<meta property=\"og:description\" content=\"A Warner Bros. Animation anunciou novos filmes baseados em cl\u00e1ssicos animados. Os Flintstones, Looney Tunes e Tom e Jerry voltam aos cinemas\" \/>\n<meta property=\"og:url\" content=\"https:\/\/www.correiobraziliense.com.br\/cbradar\/warner-bros-anuncia-novos-filmes-de-classicos-animados-veja-titulos\/\" \/>\n<meta property=\"og:site_name\" content=\"Correio Braziliense - Radar\" \/>\n<meta property=\"article:published_time\" content=\"2025-04-05T21:10:00+00:00\" \/>\n<meta property=\"article:modified_time\" content=\"2025-06-28T05:35:07+00:00\" \/>\n<meta property=\"og:image\" content=\"https:\/\/www.correiobraziliense.com.br\/cbradar\/wp-content\/uploads\/2025\/04\/Warner-Bros-empresa_1743758252658.jpg\" \/>\n\t<meta property=\"og:image:width\" content=\"1280\" \/>\n\t<meta property=\"og:image:height\" content=\"720\" \/>\n\t<meta property=\"og:image:type\" content=\"image\/jpeg\" \/>\n<meta name=\"author\" content=\"Larissa Carvalho\" \/>\n<meta name=\"twitter:card\" content=\"summary_large_image\" \/>\n<meta name=\"twitter:label1\" content=\"Escrito por\" \/>\n\t<meta name=\"twitter:data1\" content=\"Larissa Carvalho\" \/>\n\t<meta name=\"twitter:label2\" content=\"Est. tempo de leitura\" \/>\n\t<meta name=\"twitter:data2\" content=\"5 minutos\" \/>\n<!-- \/ Yoast SEO plugin. -->","yoast_head_json":{"title":"Warner Bros. anuncia novos filmes de cl\u00e1ssicos animados, veja t\u00edtulos","description":"A Warner Bros. Animation anunciou novos filmes baseados em cl\u00e1ssicos animados. Os Flintstones, Looney Tunes e Tom e Jerry voltam aos cinemas","robots":{"index":"index","follow":"follow","max-snippet":"max-snippet:-1","max-image-preview":"max-image-preview:large","max-video-preview":"max-video-preview:-1"},"canonical":"https:\/\/www.correiobraziliense.com.br\/cbradar\/warner-bros-anuncia-novos-filmes-de-classicos-animados-veja-titulos\/","og_locale":"pt_BR","og_type":"article","og_title":"Warner Bros. anuncia novos filmes de cl\u00e1ssicos animados, veja t\u00edtulos","og_description":"A Warner Bros. Animation anunciou novos filmes baseados em cl\u00e1ssicos animados. Os Flintstones, Looney Tunes e Tom e Jerry voltam aos cinemas","og_url":"https:\/\/www.correiobraziliense.com.br\/cbradar\/warner-bros-anuncia-novos-filmes-de-classicos-animados-veja-titulos\/","og_site_name":"Correio Braziliense - Radar","article_published_time":"2025-04-05T21:10:00+00:00","article_modified_time":"2025-06-28T05:35:07+00:00","og_image":[{"width":1280,"height":720,"url":"https:\/\/www.correiobraziliense.com.br\/cbradar\/wp-content\/uploads\/2025\/04\/Warner-Bros-empresa_1743758252658.jpg","type":"image\/jpeg"}],"author":"Larissa Carvalho","twitter_card":"summary_large_image","twitter_misc":{"Escrito por":"Larissa Carvalho","Est. tempo de leitura":"5 minutos"},"schema":{"@context":"https:\/\/schema.org","@graph":[{"@type":"WebPage","@id":"https:\/\/www.correiobraziliense.com.br\/cbradar\/warner-bros-anuncia-novos-filmes-de-classicos-animados-veja-titulos\/","url":"https:\/\/www.correiobraziliense.com.br\/cbradar\/warner-bros-anuncia-novos-filmes-de-classicos-animados-veja-titulos\/","name":"Warner Bros. anuncia novos filmes de cl\u00e1ssicos animados, veja t\u00edtulos","isPartOf":{"@id":"https:\/\/www.correiobraziliense.com.br\/cbradar\/#website"},"primaryImageOfPage":{"@id":"https:\/\/www.correiobraziliense.com.br\/cbradar\/warner-bros-anuncia-novos-filmes-de-classicos-animados-veja-titulos\/#primaryimage"},"image":{"@id":"https:\/\/www.correiobraziliense.com.br\/cbradar\/warner-bros-anuncia-novos-filmes-de-classicos-animados-veja-titulos\/#primaryimage"},"thumbnailUrl":"https:\/\/www.correiobraziliense.com.br\/cbradar\/wp-content\/uploads\/2025\/04\/Warner-Bros-empresa_1743758252658.jpg","datePublished":"2025-04-05T21:10:00+00:00","dateModified":"2025-06-28T05:35:07+00:00","author":{"@id":"https:\/\/www.correiobraziliense.com.br\/cbradar\/#\/schema\/person\/58422787644df994b53a19d3e56c1513"},"description":"A Warner Bros. Animation anunciou novos filmes baseados em cl\u00e1ssicos animados. Os Flintstones, Looney Tunes e Tom e Jerry voltam aos cinemas","breadcrumb":{"@id":"https:\/\/www.correiobraziliense.com.br\/cbradar\/warner-bros-anuncia-novos-filmes-de-classicos-animados-veja-titulos\/#breadcrumb"},"inLanguage":"pt-BR","potentialAction":[{"@type":"ReadAction","target":["https:\/\/www.correiobraziliense.com.br\/cbradar\/warner-bros-anuncia-novos-filmes-de-classicos-animados-veja-titulos\/"]}]},{"@type":"ImageObject","inLanguage":"pt-BR","@id":"https:\/\/www.correiobraziliense.com.br\/cbradar\/warner-bros-anuncia-novos-filmes-de-classicos-animados-veja-titulos\/#primaryimage","url":"https:\/\/www.correiobraziliense.com.br\/cbradar\/wp-content\/uploads\/2025\/04\/Warner-Bros-empresa_1743758252658.jpg","contentUrl":"https:\/\/www.correiobraziliense.com.br\/cbradar\/wp-content\/uploads\/2025\/04\/Warner-Bros-empresa_1743758252658.jpg","width":1280,"height":720,"caption":"Warner Bros. Cr\u00e9ditos: depositphotos.com \/ rafapress"},{"@type":"BreadcrumbList","@id":"https:\/\/www.correiobraziliense.com.br\/cbradar\/warner-bros-anuncia-novos-filmes-de-classicos-animados-veja-titulos\/#breadcrumb","itemListElement":[{"@type":"ListItem","position":1,"name":"In\u00edcio","item":"https:\/\/www.correiobraziliense.com.br\/cbradar\/"},{"@type":"ListItem","position":2,"name":"Warner Bros. anuncia novos filmes de cl\u00e1ssicos animados, veja t\u00edtulos"}]},{"@type":"WebSite","@id":"https:\/\/www.correiobraziliense.com.br\/cbradar\/#website","url":"https:\/\/www.correiobraziliense.com.br\/cbradar\/","name":"Correio Braziliense - Radar","description":"Acompanhe as \u00faltimas not\u00edcias e fique bem informado sobre tudo o que acontece no Brasil e no mundo.","potentialAction":[{"@type":"SearchAction","target":{"@type":"EntryPoint","urlTemplate":"https:\/\/www.correiobraziliense.com.br\/cbradar\/?s={search_term_string}"},"query-input":{"@type":"PropertyValueSpecification","valueRequired":true,"valueName":"search_term_string"}}],"inLanguage":"pt-BR"},{"@type":"Person","@id":"https:\/\/www.correiobraziliense.com.br\/cbradar\/#\/schema\/person\/58422787644df994b53a19d3e56c1513","name":"Larissa Carvalho","image":{"@type":"ImageObject","inLanguage":"pt-BR","@id":"https:\/\/www.correiobraziliense.com.br\/cbradar\/#\/schema\/person\/image\/","url":"https:\/\/secure.gravatar.com\/avatar\/fe4f91a0de32b52a838d0d612abdc1aa?s=96&d=mm&r=g","contentUrl":"https:\/\/secure.gravatar.com\/avatar\/fe4f91a0de32b52a838d0d612abdc1aa?s=96&d=mm&r=g","caption":"Larissa Carvalho"},"url":"https:\/\/www.correiobraziliense.com.br\/cbradar\/author\/larissamyth\/"}]}},"_links":{"self":[{"href":"https:\/\/www.correiobraziliense.com.br\/cbradar\/wp-json\/wp\/v2\/posts\/19183","targetHints":{"allow":["GET"]}}],"collection":[{"href":"https:\/\/www.correiobraziliense.com.br\/cbradar\/wp-json\/wp\/v2\/posts"}],"about":[{"href":"https:\/\/www.correiobraziliense.com.br\/cbradar\/wp-json\/wp\/v2\/types\/post"}],"author":[{"embeddable":true,"href":"https:\/\/www.correiobraziliense.com.br\/cbradar\/wp-json\/wp\/v2\/users\/3"}],"replies":[{"embeddable":true,"href":"https:\/\/www.correiobraziliense.com.br\/cbradar\/wp-json\/wp\/v2\/comments?post=19183"}],"version-history":[{"count":3,"href":"https:\/\/www.correiobraziliense.com.br\/cbradar\/wp-json\/wp\/v2\/posts\/19183\/revisions"}],"predecessor-version":[{"id":60725,"href":"https:\/\/www.correiobraziliense.com.br\/cbradar\/wp-json\/wp\/v2\/posts\/19183\/revisions\/60725"}],"wp:featuredmedia":[{"embeddable":true,"href":"https:\/\/www.correiobraziliense.com.br\/cbradar\/wp-json\/wp\/v2\/media\/19184"}],"wp:attachment":[{"href":"https:\/\/www.correiobraziliense.com.br\/cbradar\/wp-json\/wp\/v2\/media?parent=19183"}],"wp:term":[{"taxonomy":"category","embeddable":true,"href":"https:\/\/www.correiobraziliense.com.br\/cbradar\/wp-json\/wp\/v2\/categories?post=19183"},{"taxonomy":"post_tag","embeddable":true,"href":"https:\/\/www.correiobraziliense.com.br\/cbradar\/wp-json\/wp\/v2\/post_tag?post=19183"}],"curies":[{"name":"wp","href":"https:\/\/api.w.org\/{rel}","templated":true}]}}