{"id":1928,"date":"2025-02-12T06:50:00","date_gmt":"2025-02-12T09:50:00","guid":{"rendered":"https:\/\/www.correiobraziliense.com.br\/cbradar\/?p=1928"},"modified":"2025-02-11T18:04:21","modified_gmt":"2025-02-11T21:04:21","slug":"faltam-2-dias-para-estreia-do-novo-capitao-america-nos-cinemas-brasileiros","status":"publish","type":"post","link":"https:\/\/www.correiobraziliense.com.br\/cbradar\/faltam-2-dias-para-estreia-do-novo-capitao-america-nos-cinemas-brasileiros\/","title":{"rendered":"Faltam 2 dias para estreia do novo Capit\u00e3o Am\u00e9rica nos cinemas brasileiros"},"content":{"rendered":"\n<p>O <strong>Universo Cinematogr\u00e1fico <a href=\"https:\/\/www.correiobraziliense.com.br\/cbradar\/voce-sabia-que-os-x-men-sao-uma-metafora-poderosa-para-os-direitos-civis\/\" target=\"_blank\" rel=\"noreferrer noopener\">Marvel<\/a><\/strong> (<strong>MCU<\/strong>) est\u00e1 prestes a receber uma adi\u00e7\u00e3o significativa com a estreia de<a href=\"https:\/\/www.imdb.com\/pt\/title\/tt14513804\/\" target=\"_blank\" rel=\"noreferrer noopener\"> <strong>&#8220;Capit\u00e3o Am\u00e9rica: Admir\u00e1vel Mundo Novo<\/strong>&#8220;<\/a>. Este novo cap\u00edtulo promete trazer uma perspectiva renovada ao legado do her\u00f3i, agora sob a lideran\u00e7a de <strong>Sam Wilson<\/strong>.<\/p>\n\n\n\n<h2 class=\"wp-block-heading\"><strong>Qual a sinopse de &#8220;Capit\u00e3o Am\u00e9rica: Admir\u00e1vel Mundo Novo&#8221;?<\/strong><\/h2>\n\n\n\n<p>Ap\u00f3s os eventos de &#8220;<strong>Vingadores: Ultimato&#8221;<\/strong> e da s\u00e9rie <strong>&#8220;Falc\u00e3o e o Soldado Invernal&#8221;<\/strong>, <strong>Sam Wilson<\/strong> (interpretado por <strong>Anthony Mackie<\/strong>) assume oficialmente o manto do Capit\u00e3o Am\u00e9rica. Em <strong>&#8220;Admir\u00e1vel Mundo Novo&#8221;<\/strong>, <strong>Sam<\/strong> se v\u00ea envolvido em um incidente internacional ap\u00f3s um encontro com o rec\u00e9m-eleito presidente dos <strong>Estados Unidos<\/strong>, <strong>Thaddeus Ross <\/strong>(interpretado por <strong>Harrison Ford<\/strong>). Ele deve desvendar uma conspira\u00e7\u00e3o global antes que o verdadeiro respons\u00e1vel fa\u00e7a com que o mundo todo &#8220;veja vermelho&#8221;. <\/p>\n\n\n\n<figure class=\"wp-block-embed aligncenter is-type-video is-provider-youtube wp-block-embed-youtube wp-embed-aspect-16-9 wp-has-aspect-ratio\"><div class=\"wp-block-embed__wrapper\">\n<div class=\"jeg_video_container jeg_video_content\"><iframe loading=\"lazy\" title=\"Capit\u00e3o Am\u00e9rica: Admir\u00e1vel Mundo Novo | Teaser Oficial | 2025 nos Cinemas\" width=\"500\" height=\"281\" src=\"https:\/\/www.youtube.com\/embed\/OaMqFzkc3TE?feature=oembed\" frameborder=\"0\" allow=\"accelerometer; autoplay; clipboard-write; encrypted-media; gyroscope; picture-in-picture; web-share\" referrerpolicy=\"strict-origin-when-cross-origin\" allowfullscreen><\/iframe><\/div>\n<\/div><\/figure>\n\n\n\n<h2 class=\"wp-block-heading\"><strong>Qual \u00e9 o elenco e principal e personagens?<\/strong><\/h2>\n\n\n\n<p>O filme conta com um elenco estelar:<\/p>\n\n\n\n<ul class=\"wp-block-list\">\n<li><strong>Anthony Mackie<\/strong> como <strong>Sam Wilson \/ Capit\u00e3o Am\u00e9rica<\/strong><\/li>\n\n\n\n<li><strong>Harrison Ford<\/strong> como <strong>Presidente Thaddeus &#8220;Thunderbolt&#8221; Ross<\/strong><\/li>\n\n\n\n<li><strong>Liv Tyler<\/strong> reprisando seu papel como <strong>Betty Ross<\/strong><\/li>\n\n\n\n<li><strong>Tim Blake Nelson<\/strong> retornando como <strong>Samuel Sterns<\/strong> \/ <strong>O L\u00edder<\/strong><\/li>\n\n\n\n<li><strong>Danny Ramirez<\/strong> como <strong>Joaqu\u00edn Torres<\/strong> \/ <strong>Falc\u00e3o<\/strong><\/li>\n\n\n\n<li><strong>Shira Haas<\/strong> como Sabra<\/li>\n\n\n\n<li><strong>Carl Lumbly<\/strong> como <strong>Isaiah Bradley<\/strong><\/li>\n<\/ul>\n\n\n\n<p>A dire\u00e7\u00e3o est\u00e1 a cargo de <strong>Julius Onah<\/strong>, conhecido por seu trabalho em <strong>&#8220;The Cloverfield Paradox<\/strong>&#8220;. <\/p>\n\n\n\n<h2 class=\"wp-block-heading\"><strong>Quando \u00e9 a data de lan\u00e7amento?<\/strong><\/h2>\n\n\n\n<p>&#8220;Capit\u00e3o Am\u00e9rica: Admir\u00e1vel Mundo Novo&#8221; tem estreia marcada para 13 de fevereiro de 2025 nos cinemas brasileiros. A pr\u00e9-venda de ingressos j\u00e1 est\u00e1 dispon\u00edvel, permitindo que os f\u00e3s garantam seus lugares antecipadamente. <\/p>\n\n\n\n<p>As expectativas s\u00e3o altas, considerando especialmente a transi\u00e7\u00e3o do manto para Sam Wilson e a introdu\u00e7\u00e3o de novas din\u00e2micas pol\u00edticas e sociais no MCU.<\/p>\n\n\n\n<h2 class=\"wp-block-heading\"><strong>Curiosidades e bastidores<\/strong><\/h2>\n\n\n\n<ul class=\"wp-block-list\">\n<li><strong>Mudan\u00e7a no Traje<\/strong>: Anthony Mackie solicitou uma altera\u00e7\u00e3o no traje do Capit\u00e3o Am\u00e9rica, pedindo a remo\u00e7\u00e3o do capuz para maior conforto e mobilidade durante as filmagens. <\/li>\n\n\n\n<li><strong>Prepara\u00e7\u00e3o para o Papel<\/strong>: Interessantemente, Mackie revelou que n\u00e3o leu os quadrinhos do her\u00f3i antes das filmagens, preferindo focar na constru\u00e7\u00e3o de seu personagem a partir do roteiro e da dire\u00e7\u00e3o. <\/li>\n\n\n\n<li><strong>Participa\u00e7\u00e3o Especial<\/strong>: Harrison Ford faz sua estreia no MCU, assumindo o papel de Thaddeus Ross, anteriormente interpretado pelo falecido William Hurt. Esta adi\u00e7\u00e3o traz uma nova dimens\u00e3o ao personagem, agora presidente dos Estados Unidos no filme. <\/li>\n<\/ul>\n\n\n\n<h2 class=\"wp-block-heading\"><strong>FAQ<\/strong><\/h2>\n\n\n\n<p><strong>1. Quem \u00e9 o novo Capit\u00e3o Am\u00e9rica?<\/strong> Ap\u00f3s os eventos de &#8220;Vingadores: Ultimato&#8221; e &#8220;Falc\u00e3o e o Soldado Invernal&#8221;, Sam Wilson, interpretado por Anthony Mackie, assume o manto do Capit\u00e3o Am\u00e9rica.<\/p>\n\n\n\n<p><strong>2. Quando estreia &#8220;Capit\u00e3o Am\u00e9rica: Admir\u00e1vel Mundo Novo&#8221;?<\/strong> O filme tem lan\u00e7amento previsto para 13 de fevereiro de 2025 nos cinemas brasileiros.<\/p>\n\n\n\n<p><strong>3. Harrison Ford est\u00e1 no filme?<\/strong> Sim, Harrison Ford interpreta o presidente Thaddeus &#8220;Thunderbolt&#8221; Ross, marcando sua estreia no Universo Cinematogr\u00e1fico Marvel.<\/p>\n\n\n\n<p><strong>4. Preciso assistir &#8220;Falc\u00e3o e o Soldado Invernal&#8221; antes deste filme?<\/strong> Embora n\u00e3o seja obrigat\u00f3rio, assistir \u00e0 s\u00e9rie &#8220;Falc\u00e3o e o Soldado Invernal&#8221; oferece um contexto valioso sobre a transi\u00e7\u00e3o de Sam Wilson para o papel de Capit\u00e3o Am\u00e9rica e enriquece a compreens\u00e3o dos eventos do novo filme.<\/p>\n","protected":false},"excerpt":{"rendered":"<p>O Universo Cinematogr\u00e1fico Marvel (MCU) est\u00e1 prestes a receber uma adi\u00e7\u00e3o significativa com a estreia de &#8220;Capit\u00e3o Am\u00e9rica: Admir\u00e1vel Mundo Novo&#8220;. Este novo cap\u00edtulo promete trazer uma perspectiva renovada ao legado do her\u00f3i, agora sob a lideran\u00e7a de Sam Wilson. Qual a sinopse de &#8220;Capit\u00e3o Am\u00e9rica: Admir\u00e1vel Mundo Novo&#8221;? Ap\u00f3s os eventos de &#8220;Vingadores: Ultimato&#8221; [&hellip;]<\/p>\n","protected":false},"author":8,"featured_media":1939,"comment_status":"open","ping_status":"open","sticky":false,"template":"","format":"standard","meta":{"jnews-multi-image_gallery":[],"jnews_single_post":{"format":"standard","override":[{"template":"2","parallax":"1","fullscreen":"1","layout":"right-sidebar","sidebar":"default-sidebar","second_sidebar":"default-sidebar","sticky_sidebar":"1","share_position":"topbottom","share_float_style":"share-monocrhome","show_featured":"1","show_post_meta":"1","show_post_author":"1","show_post_date":"1","post_date_format":"custom","post_date_format_custom":"d\/m\/Y","show_post_category":"1","show_post_reading_time":"0","post_reading_time_wpm":"300","post_calculate_word_method":"str_word_count","show_zoom_button":"0","zoom_button_out_step":"2","zoom_button_in_step":"3","show_post_tag":"1","number_popup_post":"3","show_inline_post_related":"1"}],"image_override":[{"single_post_thumbnail_size":"crop-500","single_post_gallery_size":"crop-500"}],"trending_post_position":"meta","trending_post_label":"Trending","sponsored_post_label":"Sponsored by","disable_ad":"0"},"jnews_primary_category":[],"jnews_social_meta":[],"jnews_override_counter":{"view_counter_number":"0","share_counter_number":"0","like_counter_number":"0","dislike_counter_number":"0"},"footnotes":""},"categories":[128,140,169],"post_tag":[604,605,176,410],"class_list":["post-1928","post","type-post","status-publish","format-standard","has-post-thumbnail","hentry","category-economia","category-entretenimento","category-noticias","tag-capitao-america","tag-entretenimento","tag-filmes","tag-marvel"],"yoast_head":"<!-- This site is optimized with the Yoast SEO plugin v24.6 - https:\/\/yoast.com\/wordpress\/plugins\/seo\/ -->\n<title>Faltam 2 dias para estreia do novo Capit\u00e3o Am\u00e9rica nos cinemas brasileiros - Correio Braziliense - Radar<\/title>\n<meta name=\"description\" content=\"&quot;Capit\u00e3o Am\u00e9rica: Admir\u00e1vel Mundo Novo&quot; chega aos cinemas brasileiros em poucos dias trazendo um o novo Capit\u00e3o Am\u00e9rica\" \/>\n<meta name=\"robots\" content=\"index, follow, max-snippet:-1, max-image-preview:large, max-video-preview:-1\" \/>\n<link rel=\"canonical\" href=\"https:\/\/www.correiobraziliense.com.br\/cbradar\/faltam-2-dias-para-estreia-do-novo-capitao-america-nos-cinemas-brasileiros\/\" \/>\n<meta property=\"og:locale\" content=\"pt_BR\" \/>\n<meta property=\"og:type\" content=\"article\" \/>\n<meta property=\"og:title\" content=\"Faltam 2 dias para estreia do novo Capit\u00e3o Am\u00e9rica nos cinemas brasileiros - Correio Braziliense - Radar\" \/>\n<meta property=\"og:description\" content=\"&quot;Capit\u00e3o Am\u00e9rica: Admir\u00e1vel Mundo Novo&quot; chega aos cinemas brasileiros em poucos dias trazendo um o novo Capit\u00e3o Am\u00e9rica\" \/>\n<meta property=\"og:url\" content=\"https:\/\/www.correiobraziliense.com.br\/cbradar\/faltam-2-dias-para-estreia-do-novo-capitao-america-nos-cinemas-brasileiros\/\" \/>\n<meta property=\"og:site_name\" content=\"Correio Braziliense - Radar\" \/>\n<meta property=\"article:published_time\" content=\"2025-02-12T09:50:00+00:00\" \/>\n<meta property=\"og:image\" content=\"https:\/\/www.correiobraziliense.com.br\/cbradar\/wp-content\/uploads\/2025\/02\/marvel_1739307563939.jpg\" \/>\n\t<meta property=\"og:image:width\" content=\"1280\" \/>\n\t<meta property=\"og:image:height\" content=\"720\" \/>\n\t<meta property=\"og:image:type\" content=\"image\/jpeg\" \/>\n<meta name=\"author\" content=\"Maura Pereira\" \/>\n<meta name=\"twitter:card\" content=\"summary_large_image\" \/>\n<meta name=\"twitter:label1\" content=\"Escrito por\" \/>\n\t<meta name=\"twitter:data1\" content=\"Maura Pereira\" \/>\n\t<meta name=\"twitter:label2\" content=\"Est. tempo de leitura\" \/>\n\t<meta name=\"twitter:data2\" content=\"3 minutos\" \/>\n<!-- \/ Yoast SEO plugin. -->","yoast_head_json":{"title":"Faltam 2 dias para estreia do novo Capit\u00e3o Am\u00e9rica nos cinemas brasileiros - Correio Braziliense - Radar","description":"\"Capit\u00e3o Am\u00e9rica: Admir\u00e1vel Mundo Novo\" chega aos cinemas brasileiros em poucos dias trazendo um o novo Capit\u00e3o Am\u00e9rica","robots":{"index":"index","follow":"follow","max-snippet":"max-snippet:-1","max-image-preview":"max-image-preview:large","max-video-preview":"max-video-preview:-1"},"canonical":"https:\/\/www.correiobraziliense.com.br\/cbradar\/faltam-2-dias-para-estreia-do-novo-capitao-america-nos-cinemas-brasileiros\/","og_locale":"pt_BR","og_type":"article","og_title":"Faltam 2 dias para estreia do novo Capit\u00e3o Am\u00e9rica nos cinemas brasileiros - Correio Braziliense - Radar","og_description":"\"Capit\u00e3o Am\u00e9rica: Admir\u00e1vel Mundo Novo\" chega aos cinemas brasileiros em poucos dias trazendo um o novo Capit\u00e3o Am\u00e9rica","og_url":"https:\/\/www.correiobraziliense.com.br\/cbradar\/faltam-2-dias-para-estreia-do-novo-capitao-america-nos-cinemas-brasileiros\/","og_site_name":"Correio Braziliense - Radar","article_published_time":"2025-02-12T09:50:00+00:00","og_image":[{"width":1280,"height":720,"url":"https:\/\/www.correiobraziliense.com.br\/cbradar\/wp-content\/uploads\/2025\/02\/marvel_1739307563939.jpg","type":"image\/jpeg"}],"author":"Maura Pereira","twitter_card":"summary_large_image","twitter_misc":{"Escrito por":"Maura Pereira","Est. tempo de leitura":"3 minutos"},"schema":{"@context":"https:\/\/schema.org","@graph":[{"@type":"WebPage","@id":"https:\/\/www.correiobraziliense.com.br\/cbradar\/faltam-2-dias-para-estreia-do-novo-capitao-america-nos-cinemas-brasileiros\/","url":"https:\/\/www.correiobraziliense.com.br\/cbradar\/faltam-2-dias-para-estreia-do-novo-capitao-america-nos-cinemas-brasileiros\/","name":"Faltam 2 dias para estreia do novo Capit\u00e3o Am\u00e9rica nos cinemas brasileiros - Correio Braziliense - Radar","isPartOf":{"@id":"https:\/\/www.correiobraziliense.com.br\/cbradar\/#website"},"primaryImageOfPage":{"@id":"https:\/\/www.correiobraziliense.com.br\/cbradar\/faltam-2-dias-para-estreia-do-novo-capitao-america-nos-cinemas-brasileiros\/#primaryimage"},"image":{"@id":"https:\/\/www.correiobraziliense.com.br\/cbradar\/faltam-2-dias-para-estreia-do-novo-capitao-america-nos-cinemas-brasileiros\/#primaryimage"},"thumbnailUrl":"https:\/\/www.correiobraziliense.com.br\/cbradar\/wp-content\/uploads\/2025\/02\/marvel_1739307563939.jpg","datePublished":"2025-02-12T09:50:00+00:00","author":{"@id":"https:\/\/www.correiobraziliense.com.br\/cbradar\/#\/schema\/person\/4053c651a9bfc785afc6f4cbc9032fd3"},"description":"\"Capit\u00e3o Am\u00e9rica: Admir\u00e1vel Mundo Novo\" chega aos cinemas brasileiros em poucos dias trazendo um o novo Capit\u00e3o Am\u00e9rica","breadcrumb":{"@id":"https:\/\/www.correiobraziliense.com.br\/cbradar\/faltam-2-dias-para-estreia-do-novo-capitao-america-nos-cinemas-brasileiros\/#breadcrumb"},"inLanguage":"pt-BR","potentialAction":[{"@type":"ReadAction","target":["https:\/\/www.correiobraziliense.com.br\/cbradar\/faltam-2-dias-para-estreia-do-novo-capitao-america-nos-cinemas-brasileiros\/"]}]},{"@type":"ImageObject","inLanguage":"pt-BR","@id":"https:\/\/www.correiobraziliense.com.br\/cbradar\/faltam-2-dias-para-estreia-do-novo-capitao-america-nos-cinemas-brasileiros\/#primaryimage","url":"https:\/\/www.correiobraziliense.com.br\/cbradar\/wp-content\/uploads\/2025\/02\/marvel_1739307563939.jpg","contentUrl":"https:\/\/www.correiobraziliense.com.br\/cbradar\/wp-content\/uploads\/2025\/02\/marvel_1739307563939.jpg","width":1280,"height":720,"caption":"Marvel \/\/ Cr\u00e9ditos: depositphotos.com \/ josekube"},{"@type":"BreadcrumbList","@id":"https:\/\/www.correiobraziliense.com.br\/cbradar\/faltam-2-dias-para-estreia-do-novo-capitao-america-nos-cinemas-brasileiros\/#breadcrumb","itemListElement":[{"@type":"ListItem","position":1,"name":"In\u00edcio","item":"https:\/\/www.correiobraziliense.com.br\/cbradar\/"},{"@type":"ListItem","position":2,"name":"Faltam 2 dias para estreia do novo Capit\u00e3o Am\u00e9rica nos cinemas brasileiros"}]},{"@type":"WebSite","@id":"https:\/\/www.correiobraziliense.com.br\/cbradar\/#website","url":"https:\/\/www.correiobraziliense.com.br\/cbradar\/","name":"Correio Braziliense - Radar","description":"Acompanhe as \u00faltimas not\u00edcias e fique bem informado sobre tudo o que acontece no Brasil e no mundo.","potentialAction":[{"@type":"SearchAction","target":{"@type":"EntryPoint","urlTemplate":"https:\/\/www.correiobraziliense.com.br\/cbradar\/?s={search_term_string}"},"query-input":{"@type":"PropertyValueSpecification","valueRequired":true,"valueName":"search_term_string"}}],"inLanguage":"pt-BR"},{"@type":"Person","@id":"https:\/\/www.correiobraziliense.com.br\/cbradar\/#\/schema\/person\/4053c651a9bfc785afc6f4cbc9032fd3","name":"Maura Pereira","image":{"@type":"ImageObject","inLanguage":"pt-BR","@id":"https:\/\/www.correiobraziliense.com.br\/cbradar\/#\/schema\/person\/image\/","url":"https:\/\/secure.gravatar.com\/avatar\/3effd6bdadfa447f15089c7f7144eaa6?s=96&d=mm&r=g","contentUrl":"https:\/\/secure.gravatar.com\/avatar\/3effd6bdadfa447f15089c7f7144eaa6?s=96&d=mm&r=g","caption":"Maura Pereira"},"sameAs":["https:\/\/www.correiobraziliense.com.br\/"],"url":"https:\/\/www.correiobraziliense.com.br\/cbradar\/author\/mauramyth\/"}]}},"_links":{"self":[{"href":"https:\/\/www.correiobraziliense.com.br\/cbradar\/wp-json\/wp\/v2\/posts\/1928","targetHints":{"allow":["GET"]}}],"collection":[{"href":"https:\/\/www.correiobraziliense.com.br\/cbradar\/wp-json\/wp\/v2\/posts"}],"about":[{"href":"https:\/\/www.correiobraziliense.com.br\/cbradar\/wp-json\/wp\/v2\/types\/post"}],"author":[{"embeddable":true,"href":"https:\/\/www.correiobraziliense.com.br\/cbradar\/wp-json\/wp\/v2\/users\/8"}],"replies":[{"embeddable":true,"href":"https:\/\/www.correiobraziliense.com.br\/cbradar\/wp-json\/wp\/v2\/comments?post=1928"}],"version-history":[{"count":12,"href":"https:\/\/www.correiobraziliense.com.br\/cbradar\/wp-json\/wp\/v2\/posts\/1928\/revisions"}],"predecessor-version":[{"id":1941,"href":"https:\/\/www.correiobraziliense.com.br\/cbradar\/wp-json\/wp\/v2\/posts\/1928\/revisions\/1941"}],"wp:featuredmedia":[{"embeddable":true,"href":"https:\/\/www.correiobraziliense.com.br\/cbradar\/wp-json\/wp\/v2\/media\/1939"}],"wp:attachment":[{"href":"https:\/\/www.correiobraziliense.com.br\/cbradar\/wp-json\/wp\/v2\/media?parent=1928"}],"wp:term":[{"taxonomy":"category","embeddable":true,"href":"https:\/\/www.correiobraziliense.com.br\/cbradar\/wp-json\/wp\/v2\/categories?post=1928"},{"taxonomy":"post_tag","embeddable":true,"href":"https:\/\/www.correiobraziliense.com.br\/cbradar\/wp-json\/wp\/v2\/post_tag?post=1928"}],"curies":[{"name":"wp","href":"https:\/\/api.w.org\/{rel}","templated":true}]}}