{"id":19282,"date":"2025-04-05T20:30:00","date_gmt":"2025-04-05T23:30:00","guid":{"rendered":"https:\/\/www.correiobraziliense.com.br\/cbradar\/?p=19282"},"modified":"2025-04-04T17:34:40","modified_gmt":"2025-04-04T20:34:40","slug":"passo-a-passo-de-como-plantar-morango-em-casa-do-jeito-certo","status":"publish","type":"post","link":"https:\/\/www.correiobraziliense.com.br\/cbradar\/passo-a-passo-de-como-plantar-morango-em-casa-do-jeito-certo\/","title":{"rendered":"Passo a passo de como plantar morango em casa do jeito certo"},"content":{"rendered":"\n<p>Plantar <strong>morangos <\/strong>em casa pode ser uma atividade recompensadora e econ\u00f4mica. Com algumas etapas simples, \u00e9 poss\u00edvel cultivar essa fruta deliciosa no conforto do seu lar. O processo requer paci\u00eancia e cuidado, mas os resultados podem ser bastante satisfat\u00f3rios. A seguir, veja como iniciar o cultivo de morangos em vasos, aproveitando ao m\u00e1ximo o espa\u00e7o dispon\u00edvel em sua varanda ou quintal.<\/p>\n\n\n\n<p>O cultivo de morangos em casa come\u00e7a com a escolha dos frutos certos. \u00c9 importante selecionar morangos maduros e saud\u00e1veis, pois eles ser\u00e3o a base para o seu plantio. A partir da\u00ed, o processo \u00e9 relativamente simples e pode ser realizado com poucos materiais e espa\u00e7o.<\/p>\n\n\n\n<h2 class=\"wp-block-heading\"><strong>Quais s\u00e3o os passos iniciais para plantar morangos?<\/strong><\/h2>\n\n\n\n<p>O primeiro passo \u00e9 cortar os morangos ao meio e retirar cuidadosamente a camada fina da casca, onde est\u00e3o localizadas as sementes. Essas sementes ser\u00e3o utilizadas para o plantio. Para isso, \u00e9 necess\u00e1rio um vaso com furos de drenagem, preenchido com substrato rico em mat\u00e9ria org\u00e2nica e bem drenado. As sementes devem ser distribu\u00eddas superficialmente no solo, sem enterr\u00e1-las profundamente, pois precisam de luz para germinar.<\/p>\n\n\n\n<figure class=\"wp-block-image size-large\"><img decoding=\"async\" width=\"1024\" height=\"576\" src=\"https:\/\/www.correiobraziliense.com.br\/cbradar\/wp-content\/uploads\/2025\/04\/morango_1743773131732-1024x576.jpg\" alt=\"Cultivando morangos em casa: passo a passo para uma colheita fresca\" class=\"wp-image-19285\" srcset=\"https:\/\/www.correiobraziliense.com.br\/cbradar\/wp-content\/uploads\/2025\/04\/morango_1743773131732-1024x576.jpg 1024w, https:\/\/www.correiobraziliense.com.br\/cbradar\/wp-content\/uploads\/2025\/04\/morango_1743773131732-300x169.jpg 300w, https:\/\/www.correiobraziliense.com.br\/cbradar\/wp-content\/uploads\/2025\/04\/morango_1743773131732-768x432.jpg 768w, https:\/\/www.correiobraziliense.com.br\/cbradar\/wp-content\/uploads\/2025\/04\/morango_1743773131732-750x422.jpg 750w, https:\/\/www.correiobraziliense.com.br\/cbradar\/wp-content\/uploads\/2025\/04\/morango_1743773131732-1140x642.jpg 1140w, https:\/\/www.correiobraziliense.com.br\/cbradar\/wp-content\/uploads\/2025\/04\/morango_1743773131732.jpg 1279w\" sizes=\"(max-width: 1024px) 100vw, 1024px\" \/><figcaption class=\"wp-element-caption\">Morangos antes de serem colhidos\nCr\u00e9ditos: depositphotos.com \/ Cornfield<\/figcaption><\/figure>\n\n\n\n<h2 class=\"wp-block-heading\"><strong>Como cuidar das mudas de morango?<\/strong><\/h2>\n\n\n\n<p>Ap\u00f3s o plantio, \u00e9 essencial garantir que as sementes recebam luz solar adequada. Os morangos necessitam de pelo menos seis horas di\u00e1rias de exposi\u00e7\u00e3o ao sol para crescerem saud\u00e1veis. Al\u00e9m disso, o solo deve ser mantido \u00famido, mas sem encharcar, para evitar o apodrecimento das ra\u00edzes. O espa\u00e7amento entre as plantas deve ser de aproximadamente 35 por 40 cent\u00edmetros, permitindo um bom desenvolvimento das mudas.<\/p>\n\n\n\n<h2 class=\"wp-block-heading\"><strong>Quando e como transplantar as mudas de morango?<\/strong><\/h2>\n\n\n\n<p>\u00c0 medida que as mudas crescem, pode ser necess\u00e1rio transplant\u00e1-las para vasos maiores ou diretamente para o solo, se houver espa\u00e7o dispon\u00edvel. O transplante deve ser feito com cuidado para n\u00e3o danificar as ra\u00edzes. Cerca de 30 a 40 dias ap\u00f3s o transplante, recomenda-se cobrir o solo com pl\u00e1stico preto. Isso ajuda a proteger as frutas do contato direto com a terra, prevenindo o surgimento de fungos e plantas invasoras.<\/p>\n\n\n\n<h2 class=\"wp-block-heading\"><strong>Quais s\u00e3o as vantagens de cultivar morangos em casa?<\/strong><\/h2>\n\n\n\n<p>O cultivo de morangos em casa oferece diversas vantagens. Al\u00e9m de ser uma atividade relaxante, permite o consumo de frutas frescas e livres de agrot\u00f3xicos. Plantar morangos em vasos \u00e9 uma excelente alternativa para quem possui espa\u00e7o limitado, e o cuidado com as plantas pode ser adaptado conforme as necessidades do ambiente dom\u00e9stico. Com dedica\u00e7\u00e3o e aten\u00e7\u00e3o, \u00e9 poss\u00edvel desfrutar de uma colheita saborosa e saud\u00e1vel.<\/p>\n","protected":false},"excerpt":{"rendered":"<p>Aprenda a plantar morangos em casa de forma simples e econ\u00f4mica. Um guia pr\u00e1tico para ter uma horta de morangos deliciosos.<\/p>\n","protected":false},"author":3,"featured_media":19284,"comment_status":"open","ping_status":"open","sticky":false,"template":"","format":"standard","meta":{"_yoast_wpseo_focuskw":"como plantar morangos","_yoast_wpseo_title":"%%title%%","_yoast_wpseo_metadesc":"Aprenda a plantar morangos em casa de forma simples e econ\u00f4mica. Um guia pr\u00e1tico para ter uma horta de morangos deliciosos.","jnews-multi-image_gallery":[],"jnews_single_post":{"format":"standard"},"jnews_primary_category":[],"jnews_social_meta":[],"jnews_override_counter":[],"footnotes":""},"categories":[136],"post_tag":[137,592],"class_list":["post-19282","post","type-post","status-publish","format-standard","has-post-thumbnail","hentry","category-jardinagem","tag-como-plantar","tag-morango"],"yoast_head":"<!-- This site is optimized with the Yoast SEO plugin v24.6 - https:\/\/yoast.com\/wordpress\/plugins\/seo\/ -->\n<title>Passo a passo de como plantar morango em casa do jeito certo<\/title>\n<meta name=\"description\" content=\"Aprenda a plantar morangos em casa de forma simples e econ\u00f4mica. Um guia pr\u00e1tico para ter uma horta de morangos deliciosos.\" \/>\n<meta name=\"robots\" content=\"index, follow, max-snippet:-1, max-image-preview:large, max-video-preview:-1\" \/>\n<link rel=\"canonical\" href=\"https:\/\/www.correiobraziliense.com.br\/cbradar\/passo-a-passo-de-como-plantar-morango-em-casa-do-jeito-certo\/\" \/>\n<meta property=\"og:locale\" content=\"pt_BR\" \/>\n<meta property=\"og:type\" content=\"article\" \/>\n<meta property=\"og:title\" content=\"Passo a passo de como plantar morango em casa do jeito certo\" \/>\n<meta property=\"og:description\" content=\"Aprenda a plantar morangos em casa de forma simples e econ\u00f4mica. Um guia pr\u00e1tico para ter uma horta de morangos deliciosos.\" \/>\n<meta property=\"og:url\" content=\"https:\/\/www.correiobraziliense.com.br\/cbradar\/passo-a-passo-de-como-plantar-morango-em-casa-do-jeito-certo\/\" \/>\n<meta property=\"og:site_name\" content=\"Correio Braziliense - Radar\" \/>\n<meta property=\"article:published_time\" content=\"2025-04-05T23:30:00+00:00\" \/>\n<meta property=\"og:image\" content=\"https:\/\/www.correiobraziliense.com.br\/cbradar\/wp-content\/uploads\/2025\/04\/morango_1743773104293.jpg\" \/>\n\t<meta property=\"og:image:width\" content=\"1280\" \/>\n\t<meta property=\"og:image:height\" content=\"720\" \/>\n\t<meta property=\"og:image:type\" content=\"image\/jpeg\" \/>\n<meta name=\"author\" content=\"Larissa Carvalho\" \/>\n<meta name=\"twitter:card\" content=\"summary_large_image\" \/>\n<meta name=\"twitter:label1\" content=\"Escrito por\" \/>\n\t<meta name=\"twitter:data1\" content=\"Larissa Carvalho\" \/>\n\t<meta name=\"twitter:label2\" content=\"Est. tempo de leitura\" \/>\n\t<meta name=\"twitter:data2\" content=\"3 minutos\" \/>\n<!-- \/ Yoast SEO plugin. -->","yoast_head_json":{"title":"Passo a passo de como plantar morango em casa do jeito certo","description":"Aprenda a plantar morangos em casa de forma simples e econ\u00f4mica. Um guia pr\u00e1tico para ter uma horta de morangos deliciosos.","robots":{"index":"index","follow":"follow","max-snippet":"max-snippet:-1","max-image-preview":"max-image-preview:large","max-video-preview":"max-video-preview:-1"},"canonical":"https:\/\/www.correiobraziliense.com.br\/cbradar\/passo-a-passo-de-como-plantar-morango-em-casa-do-jeito-certo\/","og_locale":"pt_BR","og_type":"article","og_title":"Passo a passo de como plantar morango em casa do jeito certo","og_description":"Aprenda a plantar morangos em casa de forma simples e econ\u00f4mica. Um guia pr\u00e1tico para ter uma horta de morangos deliciosos.","og_url":"https:\/\/www.correiobraziliense.com.br\/cbradar\/passo-a-passo-de-como-plantar-morango-em-casa-do-jeito-certo\/","og_site_name":"Correio Braziliense - Radar","article_published_time":"2025-04-05T23:30:00+00:00","og_image":[{"width":1280,"height":720,"url":"https:\/\/www.correiobraziliense.com.br\/cbradar\/wp-content\/uploads\/2025\/04\/morango_1743773104293.jpg","type":"image\/jpeg"}],"author":"Larissa Carvalho","twitter_card":"summary_large_image","twitter_misc":{"Escrito por":"Larissa Carvalho","Est. tempo de leitura":"3 minutos"},"schema":{"@context":"https:\/\/schema.org","@graph":[{"@type":"WebPage","@id":"https:\/\/www.correiobraziliense.com.br\/cbradar\/passo-a-passo-de-como-plantar-morango-em-casa-do-jeito-certo\/","url":"https:\/\/www.correiobraziliense.com.br\/cbradar\/passo-a-passo-de-como-plantar-morango-em-casa-do-jeito-certo\/","name":"Passo a passo de como plantar morango em casa do jeito certo","isPartOf":{"@id":"https:\/\/www.correiobraziliense.com.br\/cbradar\/#website"},"primaryImageOfPage":{"@id":"https:\/\/www.correiobraziliense.com.br\/cbradar\/passo-a-passo-de-como-plantar-morango-em-casa-do-jeito-certo\/#primaryimage"},"image":{"@id":"https:\/\/www.correiobraziliense.com.br\/cbradar\/passo-a-passo-de-como-plantar-morango-em-casa-do-jeito-certo\/#primaryimage"},"thumbnailUrl":"https:\/\/www.correiobraziliense.com.br\/cbradar\/wp-content\/uploads\/2025\/04\/morango_1743773104293.jpg","datePublished":"2025-04-05T23:30:00+00:00","author":{"@id":"https:\/\/www.correiobraziliense.com.br\/cbradar\/#\/schema\/person\/58422787644df994b53a19d3e56c1513"},"description":"Aprenda a plantar morangos em casa de forma simples e econ\u00f4mica. Um guia pr\u00e1tico para ter uma horta de morangos deliciosos.","breadcrumb":{"@id":"https:\/\/www.correiobraziliense.com.br\/cbradar\/passo-a-passo-de-como-plantar-morango-em-casa-do-jeito-certo\/#breadcrumb"},"inLanguage":"pt-BR","potentialAction":[{"@type":"ReadAction","target":["https:\/\/www.correiobraziliense.com.br\/cbradar\/passo-a-passo-de-como-plantar-morango-em-casa-do-jeito-certo\/"]}]},{"@type":"ImageObject","inLanguage":"pt-BR","@id":"https:\/\/www.correiobraziliense.com.br\/cbradar\/passo-a-passo-de-como-plantar-morango-em-casa-do-jeito-certo\/#primaryimage","url":"https:\/\/www.correiobraziliense.com.br\/cbradar\/wp-content\/uploads\/2025\/04\/morango_1743773104293.jpg","contentUrl":"https:\/\/www.correiobraziliense.com.br\/cbradar\/wp-content\/uploads\/2025\/04\/morango_1743773104293.jpg","width":1280,"height":720,"caption":"Morangos Cr\u00e9ditos: depositphotos.com \/ Valentyn_Volkov"},{"@type":"BreadcrumbList","@id":"https:\/\/www.correiobraziliense.com.br\/cbradar\/passo-a-passo-de-como-plantar-morango-em-casa-do-jeito-certo\/#breadcrumb","itemListElement":[{"@type":"ListItem","position":1,"name":"In\u00edcio","item":"https:\/\/www.correiobraziliense.com.br\/cbradar\/"},{"@type":"ListItem","position":2,"name":"Passo a passo de como plantar morango em casa do jeito certo"}]},{"@type":"WebSite","@id":"https:\/\/www.correiobraziliense.com.br\/cbradar\/#website","url":"https:\/\/www.correiobraziliense.com.br\/cbradar\/","name":"Correio Braziliense - Radar","description":"Acompanhe as \u00faltimas not\u00edcias e fique bem informado sobre tudo o que acontece no Brasil e no mundo.","potentialAction":[{"@type":"SearchAction","target":{"@type":"EntryPoint","urlTemplate":"https:\/\/www.correiobraziliense.com.br\/cbradar\/?s={search_term_string}"},"query-input":{"@type":"PropertyValueSpecification","valueRequired":true,"valueName":"search_term_string"}}],"inLanguage":"pt-BR"},{"@type":"Person","@id":"https:\/\/www.correiobraziliense.com.br\/cbradar\/#\/schema\/person\/58422787644df994b53a19d3e56c1513","name":"Larissa Carvalho","image":{"@type":"ImageObject","inLanguage":"pt-BR","@id":"https:\/\/www.correiobraziliense.com.br\/cbradar\/#\/schema\/person\/image\/","url":"https:\/\/secure.gravatar.com\/avatar\/fe4f91a0de32b52a838d0d612abdc1aa?s=96&d=mm&r=g","contentUrl":"https:\/\/secure.gravatar.com\/avatar\/fe4f91a0de32b52a838d0d612abdc1aa?s=96&d=mm&r=g","caption":"Larissa Carvalho"},"url":"https:\/\/www.correiobraziliense.com.br\/cbradar\/author\/larissamyth\/"}]}},"_links":{"self":[{"href":"https:\/\/www.correiobraziliense.com.br\/cbradar\/wp-json\/wp\/v2\/posts\/19282","targetHints":{"allow":["GET"]}}],"collection":[{"href":"https:\/\/www.correiobraziliense.com.br\/cbradar\/wp-json\/wp\/v2\/posts"}],"about":[{"href":"https:\/\/www.correiobraziliense.com.br\/cbradar\/wp-json\/wp\/v2\/types\/post"}],"author":[{"embeddable":true,"href":"https:\/\/www.correiobraziliense.com.br\/cbradar\/wp-json\/wp\/v2\/users\/3"}],"replies":[{"embeddable":true,"href":"https:\/\/www.correiobraziliense.com.br\/cbradar\/wp-json\/wp\/v2\/comments?post=19282"}],"version-history":[{"count":2,"href":"https:\/\/www.correiobraziliense.com.br\/cbradar\/wp-json\/wp\/v2\/posts\/19282\/revisions"}],"predecessor-version":[{"id":19392,"href":"https:\/\/www.correiobraziliense.com.br\/cbradar\/wp-json\/wp\/v2\/posts\/19282\/revisions\/19392"}],"wp:featuredmedia":[{"embeddable":true,"href":"https:\/\/www.correiobraziliense.com.br\/cbradar\/wp-json\/wp\/v2\/media\/19284"}],"wp:attachment":[{"href":"https:\/\/www.correiobraziliense.com.br\/cbradar\/wp-json\/wp\/v2\/media?parent=19282"}],"wp:term":[{"taxonomy":"category","embeddable":true,"href":"https:\/\/www.correiobraziliense.com.br\/cbradar\/wp-json\/wp\/v2\/categories?post=19282"},{"taxonomy":"post_tag","embeddable":true,"href":"https:\/\/www.correiobraziliense.com.br\/cbradar\/wp-json\/wp\/v2\/post_tag?post=19282"}],"curies":[{"name":"wp","href":"https:\/\/api.w.org\/{rel}","templated":true}]}}