{"id":19338,"date":"2025-04-05T12:10:25","date_gmt":"2025-04-05T15:10:25","guid":{"rendered":"https:\/\/www.correiobraziliense.com.br\/cbradar\/?p=19338"},"modified":"2025-04-04T13:35:47","modified_gmt":"2025-04-04T16:35:47","slug":"melhor-epoca-para-plantar-jabuticaba-e-colher-mais-rapido","status":"publish","type":"post","link":"https:\/\/www.correiobraziliense.com.br\/cbradar\/melhor-epoca-para-plantar-jabuticaba-e-colher-mais-rapido\/","title":{"rendered":"Melhor \u00e9poca para plantar jabuticaba e colher mais r\u00e1pido"},"content":{"rendered":"\n<p>A <strong>jabuticaba<\/strong> (<em>Plinia cauliflora<\/em>) \u00e9 uma fruta t\u00edpica do <strong>Brasil<\/strong>, apreciada por seu sabor <a href=\"https:\/\/www.correiobraziliense.com.br\/cbradar\/como-plantar-uvas-em-casa-com-um-guia-completo\/\" target=\"_blank\" rel=\"noreferrer noopener\">doce <\/a>e textura suculenta. Seu cultivo \u00e9 poss\u00edvel tanto em quintais espa\u00e7osos quanto em vasos, desde que receba os cuidados corretos. Aprenda como plantar <strong>jabuticaba<\/strong> e tenha uma colheita abundante.<\/p>\n\n\n\n<h2 class=\"wp-block-heading\">Qual o melhor clima e local para plantar jabuticaba?<\/h2>\n\n\n\n<p>A <strong>jabuticabeira<\/strong> se adapta bem a diferentes climas, mas prefere regi\u00f5es tropicais e subtropicais. Confira as condi\u00e7\u00f5es ideais:<\/p>\n\n\n\n<ul class=\"wp-block-list\">\n<li><strong>Temperatura ideal<\/strong>: Entre <strong>20\u00b0C e 30\u00b0C<\/strong>.<\/li>\n\n\n\n<li><strong>Exposi\u00e7\u00e3o solar<\/strong>: Sol pleno, recebendo pelo menos <strong>6 horas de luz di\u00e1ria<\/strong>.<\/li>\n\n\n\n<li><strong>Umidade<\/strong>: Prefere ambientes \u00famidos, mas sem encharcamento do solo.<\/li>\n<\/ul>\n\n\n\n<h2 class=\"wp-block-heading\">Como preparar o solo para o plantio da jabuticaba?<\/h2>\n\n\n\n<p>O solo deve ser f\u00e9rtil e rico em mat\u00e9ria org\u00e2nica para garantir um crescimento saud\u00e1vel da <strong>jabuticabeira<\/strong>. Veja os principais cuidados:<\/p>\n\n\n\n<ul class=\"wp-block-list\">\n<li><strong>Textura<\/strong>: Solo argiloso ou arenoso, bem drenado.<\/li>\n\n\n\n<li><strong>pH ideal<\/strong>: Entre <strong>5,5 e 6,5<\/strong>, levemente \u00e1cido.<\/li>\n\n\n\n<li><strong>Aduba\u00e7\u00e3o inicial<\/strong>: Misture composto org\u00e2nico, esterco curtido e farinha de osso.<\/li>\n\n\n\n<li><strong>Drenagem<\/strong>: Evite solos compactados para permitir a boa absor\u00e7\u00e3o de nutrientes.<\/li>\n<\/ul>\n\n\n<div class=\"wp-block-image\">\n<figure class=\"aligncenter size-large\"><img decoding=\"async\" width=\"1024\" height=\"576\" src=\"https:\/\/www.correiobraziliense.com.br\/cbradar\/wp-content\/uploads\/2025\/02\/jabuticaba_1740069939221-1024x576.jpg\" alt=\"Como garantir jabuticabeiras cheias de frutos em ambientes pequenos\" class=\"wp-image-4236\" srcset=\"https:\/\/www.correiobraziliense.com.br\/cbradar\/wp-content\/uploads\/2025\/02\/jabuticaba_1740069939221-1024x576.jpg 1024w, https:\/\/www.correiobraziliense.com.br\/cbradar\/wp-content\/uploads\/2025\/02\/jabuticaba_1740069939221-300x169.jpg 300w, https:\/\/www.correiobraziliense.com.br\/cbradar\/wp-content\/uploads\/2025\/02\/jabuticaba_1740069939221-768x432.jpg 768w, https:\/\/www.correiobraziliense.com.br\/cbradar\/wp-content\/uploads\/2025\/02\/jabuticaba_1740069939221-750x422.jpg 750w, https:\/\/www.correiobraziliense.com.br\/cbradar\/wp-content\/uploads\/2025\/02\/jabuticaba_1740069939221-1140x641.jpg 1140w, https:\/\/www.correiobraziliense.com.br\/cbradar\/wp-content\/uploads\/2025\/02\/jabuticaba_1740069939221.jpg 1280w\" sizes=\"(max-width: 1024px) 100vw, 1024px\" \/><figcaption class=\"wp-element-caption\">Jabuticabeira &#8211; Cr\u00e9ditos: depositphotos.com \/ elwynn<\/figcaption><\/figure><\/div>\n\n\n<h2 class=\"wp-block-heading\">Como plantar corretamente?<\/h2>\n\n\n\n<p>A <strong>jabuticaba<\/strong> pode ser cultivada a partir de sementes ou mudas enxertadas. O m\u00e9todo mais r\u00e1pido para frutifica\u00e7\u00e3o \u00e9 o uso de mudas.<\/p>\n\n\n\n<h3 class=\"wp-block-heading\">Passo a passo para o plantio:<\/h3>\n\n\n\n<ol class=\"wp-block-list\">\n<li><strong>Escolha da muda<\/strong>: Prefira mudas de <strong>2 a 3 anos<\/strong>, compradas de viveiros confi\u00e1veis.<\/li>\n\n\n\n<li><strong>Espa\u00e7amento adequado<\/strong>: Se plantar mais de uma \u00e1rvore, mantenha <strong>4 metros de dist\u00e2ncia<\/strong> entre elas.<\/li>\n\n\n\n<li><strong>Cova de plantio<\/strong>: Cave um buraco de <strong>50 cm de profundidade e largura<\/strong>.<\/li>\n\n\n\n<li><strong>Aduba\u00e7\u00e3o<\/strong>: Misture composto org\u00e2nico ao solo antes do plantio.<\/li>\n\n\n\n<li><strong>Plantio<\/strong>: Posicione a muda e cubra com terra, sem compactar excessivamente.<\/li>\n\n\n\n<li><strong>Rega<\/strong>: Mantenha o solo \u00famido, mas sem encharcar.<\/li>\n<\/ol>\n\n\n\n<h2 class=\"wp-block-heading\">Como cuidar durante o crescimento?<\/h2>\n\n\n\n<p>Os cuidados corretos garantir\u00e3o uma jabuticabeira saud\u00e1vel e produtiva. Veja os principais pontos:<\/p>\n\n\n\n<ul class=\"wp-block-list\">\n<li><strong>Rega<\/strong>: A <strong>jabuticabeira<\/strong> gosta de umidade, ent\u00e3o regue regularmente, principalmente em per\u00edodos secos.<\/li>\n\n\n\n<li><strong>Aduba\u00e7\u00e3o<\/strong>: Aplique <strong>NPK 10-10-10<\/strong> a cada tr\u00eas meses e mat\u00e9ria org\u00e2nica anualmente.<\/li>\n\n\n\n<li><strong>Poda<\/strong>: Retire galhos secos e fa\u00e7a podas leves para estimular o crescimento.<\/li>\n\n\n\n<li><strong>Prote\u00e7\u00e3o contra pragas<\/strong>: Fique atento a cochonilhas e pulg\u00f5es, aplicando \u00f3leo de neem para controle natural.<\/li>\n\n\n\n<li><strong>Flora\u00e7\u00e3o e frutifica\u00e7\u00e3o<\/strong>: A \u00e1rvore come\u00e7a a produzir entre <strong>6 e 10 anos<\/strong> se for de semente, e a partir de <strong>3 anos<\/strong> se for enxertada.<\/li>\n<\/ul>\n\n\n\n<h2 class=\"wp-block-heading\">Quando e como colher?<\/h2>\n\n\n\n<p>A colheita da <strong>jabuticaba<\/strong> acontece normalmente na primavera e no ver\u00e3o.<\/p>\n\n\n\n<ul class=\"wp-block-list\">\n<li>As frutas devem ser colhidas <strong>quando estiverem bem escuras e firmes<\/strong>.<\/li>\n\n\n\n<li>A colheita \u00e9 feita manualmente, torcendo levemente os frutos.<\/li>\n\n\n\n<li>As jabuticabas s\u00e3o delicadas e devem ser consumidas rapidamente ou armazenadas na geladeira por at\u00e9 <strong>5 dias<\/strong>.<\/li>\n<\/ul>\n\n\n\n<h2 class=\"wp-block-heading\">FAQ <\/h2>\n\n\n\n<p><strong>1. Posso plantar jabuticaba em vaso?<\/strong><br>Sim! Use vasos grandes (<strong>m\u00ednimo de 50 litros<\/strong>) e substrato rico em mat\u00e9ria org\u00e2nica.<\/p>\n\n\n\n<p><strong>2. Quanto tempo leva para a jabuticabeira dar frutos?<\/strong><br>De <strong>6 a 10 anos<\/strong> para plantas de semente e <strong>3 a 5 anos<\/strong> para mudas enxertadas.<\/p>\n\n\n\n<p><strong>3. A jabuticabeira precisa de poda?<\/strong><br>Sim! A poda ajuda a fortalecer a planta e melhorar a produ\u00e7\u00e3o de frutos.<\/p>\n\n\n\n<p><strong>4. Quantas vezes por ano a jabuticabeira d\u00e1 frutos?<\/strong><br>Pode frutificar at\u00e9 <strong>4 vezes ao ano<\/strong>, dependendo da variedade e dos cuidados.<\/p>\n\n\n\n<p><strong>5. Como evitar pragas na jabuticabeira?<\/strong><br>Fa\u00e7a inspe\u00e7\u00f5es regulares e utilize defensivos naturais, como \u00f3leo de neem e caldas org\u00e2nicas.<\/p>\n\n\n\n<h3 class=\"wp-block-heading\"><\/h3>\n","protected":false},"excerpt":{"rendered":"<p>A jabuticaba (Plinia cauliflora) \u00e9 uma fruta t\u00edpica do Brasil, apreciada por seu sabor doce e textura suculenta. Seu cultivo \u00e9 poss\u00edvel tanto em quintais espa\u00e7osos quanto em vasos, desde que receba os cuidados corretos. Aprenda como plantar jabuticaba e tenha uma colheita abundante. Qual o melhor clima e local para plantar jabuticaba? A jabuticabeira [&hellip;]<\/p>\n","protected":false},"author":9,"featured_media":11519,"comment_status":"open","ping_status":"open","sticky":false,"template":"","format":"standard","meta":{"_yoast_wpseo_focuskw":"jabuticaba","_yoast_wpseo_title":"%%title%% %%page%%","_yoast_wpseo_metadesc":"Saiba como plantar jabuticaba em casa, com dicas de solo, rega e cuidados para ter uma \u00e1rvore saud\u00e1vel e cheia de frutos doces!","jnews-multi-image_gallery":[],"jnews_single_post":{"format":"standard"},"jnews_primary_category":[],"jnews_social_meta":[],"jnews_override_counter":[],"footnotes":""},"categories":[136],"post_tag":[2876,2877,266,865],"class_list":["post-19338","post","type-post","status-publish","format-standard","has-post-thumbnail","hentry","category-jardinagem","tag-como-plantar-jabuticaba","tag-cultivo-de-jabuticaba","tag-horta-caseira","tag-jabuticaba"],"yoast_head":"<!-- This site is optimized with the Yoast SEO plugin v24.6 - https:\/\/yoast.com\/wordpress\/plugins\/seo\/ -->\n<title>Melhor \u00e9poca para plantar jabuticaba e colher mais r\u00e1pido<\/title>\n<meta name=\"description\" content=\"Saiba como plantar jabuticaba em casa, com dicas de solo, rega e cuidados para ter uma \u00e1rvore saud\u00e1vel e cheia de frutos doces!\" \/>\n<meta name=\"robots\" content=\"index, follow, max-snippet:-1, max-image-preview:large, max-video-preview:-1\" \/>\n<link rel=\"canonical\" href=\"https:\/\/www.correiobraziliense.com.br\/cbradar\/melhor-epoca-para-plantar-jabuticaba-e-colher-mais-rapido\/\" \/>\n<meta property=\"og:locale\" content=\"pt_BR\" \/>\n<meta property=\"og:type\" content=\"article\" \/>\n<meta property=\"og:title\" content=\"Melhor \u00e9poca para plantar jabuticaba e colher mais r\u00e1pido\" \/>\n<meta property=\"og:description\" content=\"Saiba como plantar jabuticaba em casa, com dicas de solo, rega e cuidados para ter uma \u00e1rvore saud\u00e1vel e cheia de frutos doces!\" \/>\n<meta property=\"og:url\" content=\"https:\/\/www.correiobraziliense.com.br\/cbradar\/melhor-epoca-para-plantar-jabuticaba-e-colher-mais-rapido\/\" \/>\n<meta property=\"og:site_name\" content=\"Correio Braziliense - Radar\" \/>\n<meta property=\"article:published_time\" content=\"2025-04-05T15:10:25+00:00\" \/>\n<meta property=\"og:image\" content=\"https:\/\/www.correiobraziliense.com.br\/cbradar\/wp-content\/uploads\/2025\/03\/jabuticaba_1741714808944.jpg\" \/>\n\t<meta property=\"og:image:width\" content=\"1280\" \/>\n\t<meta property=\"og:image:height\" content=\"720\" \/>\n\t<meta property=\"og:image:type\" content=\"image\/jpeg\" \/>\n<meta name=\"author\" content=\"Daniely Cardoso\" \/>\n<meta name=\"twitter:card\" content=\"summary_large_image\" \/>\n<meta name=\"twitter:label1\" content=\"Escrito por\" \/>\n\t<meta name=\"twitter:data1\" content=\"Daniely Cardoso\" \/>\n\t<meta name=\"twitter:label2\" content=\"Est. tempo de leitura\" \/>\n\t<meta name=\"twitter:data2\" content=\"4 minutos\" \/>\n<!-- \/ Yoast SEO plugin. -->","yoast_head_json":{"title":"Melhor \u00e9poca para plantar jabuticaba e colher mais r\u00e1pido","description":"Saiba como plantar jabuticaba em casa, com dicas de solo, rega e cuidados para ter uma \u00e1rvore saud\u00e1vel e cheia de frutos doces!","robots":{"index":"index","follow":"follow","max-snippet":"max-snippet:-1","max-image-preview":"max-image-preview:large","max-video-preview":"max-video-preview:-1"},"canonical":"https:\/\/www.correiobraziliense.com.br\/cbradar\/melhor-epoca-para-plantar-jabuticaba-e-colher-mais-rapido\/","og_locale":"pt_BR","og_type":"article","og_title":"Melhor \u00e9poca para plantar jabuticaba e colher mais r\u00e1pido","og_description":"Saiba como plantar jabuticaba em casa, com dicas de solo, rega e cuidados para ter uma \u00e1rvore saud\u00e1vel e cheia de frutos doces!","og_url":"https:\/\/www.correiobraziliense.com.br\/cbradar\/melhor-epoca-para-plantar-jabuticaba-e-colher-mais-rapido\/","og_site_name":"Correio Braziliense - Radar","article_published_time":"2025-04-05T15:10:25+00:00","og_image":[{"width":1280,"height":720,"url":"https:\/\/www.correiobraziliense.com.br\/cbradar\/wp-content\/uploads\/2025\/03\/jabuticaba_1741714808944.jpg","type":"image\/jpeg"}],"author":"Daniely Cardoso","twitter_card":"summary_large_image","twitter_misc":{"Escrito por":"Daniely Cardoso","Est. tempo de leitura":"4 minutos"},"schema":{"@context":"https:\/\/schema.org","@graph":[{"@type":"WebPage","@id":"https:\/\/www.correiobraziliense.com.br\/cbradar\/melhor-epoca-para-plantar-jabuticaba-e-colher-mais-rapido\/","url":"https:\/\/www.correiobraziliense.com.br\/cbradar\/melhor-epoca-para-plantar-jabuticaba-e-colher-mais-rapido\/","name":"Melhor \u00e9poca para plantar jabuticaba e colher mais r\u00e1pido","isPartOf":{"@id":"https:\/\/www.correiobraziliense.com.br\/cbradar\/#website"},"primaryImageOfPage":{"@id":"https:\/\/www.correiobraziliense.com.br\/cbradar\/melhor-epoca-para-plantar-jabuticaba-e-colher-mais-rapido\/#primaryimage"},"image":{"@id":"https:\/\/www.correiobraziliense.com.br\/cbradar\/melhor-epoca-para-plantar-jabuticaba-e-colher-mais-rapido\/#primaryimage"},"thumbnailUrl":"https:\/\/www.correiobraziliense.com.br\/cbradar\/wp-content\/uploads\/2025\/03\/jabuticaba_1741714808944.jpg","datePublished":"2025-04-05T15:10:25+00:00","author":{"@id":"https:\/\/www.correiobraziliense.com.br\/cbradar\/#\/schema\/person\/7356666e12ec0ee53f348ee5db227032"},"description":"Saiba como plantar jabuticaba em casa, com dicas de solo, rega e cuidados para ter uma \u00e1rvore saud\u00e1vel e cheia de frutos doces!","breadcrumb":{"@id":"https:\/\/www.correiobraziliense.com.br\/cbradar\/melhor-epoca-para-plantar-jabuticaba-e-colher-mais-rapido\/#breadcrumb"},"inLanguage":"pt-BR","potentialAction":[{"@type":"ReadAction","target":["https:\/\/www.correiobraziliense.com.br\/cbradar\/melhor-epoca-para-plantar-jabuticaba-e-colher-mais-rapido\/"]}]},{"@type":"ImageObject","inLanguage":"pt-BR","@id":"https:\/\/www.correiobraziliense.com.br\/cbradar\/melhor-epoca-para-plantar-jabuticaba-e-colher-mais-rapido\/#primaryimage","url":"https:\/\/www.correiobraziliense.com.br\/cbradar\/wp-content\/uploads\/2025\/03\/jabuticaba_1741714808944.jpg","contentUrl":"https:\/\/www.correiobraziliense.com.br\/cbradar\/wp-content\/uploads\/2025\/03\/jabuticaba_1741714808944.jpg","width":1280,"height":720,"caption":"Jabuticaba - Cr\u00e9ditos: depositphotos.com \/ PauloPJ"},{"@type":"BreadcrumbList","@id":"https:\/\/www.correiobraziliense.com.br\/cbradar\/melhor-epoca-para-plantar-jabuticaba-e-colher-mais-rapido\/#breadcrumb","itemListElement":[{"@type":"ListItem","position":1,"name":"In\u00edcio","item":"https:\/\/www.correiobraziliense.com.br\/cbradar\/"},{"@type":"ListItem","position":2,"name":"Melhor \u00e9poca para plantar jabuticaba e colher mais r\u00e1pido"}]},{"@type":"WebSite","@id":"https:\/\/www.correiobraziliense.com.br\/cbradar\/#website","url":"https:\/\/www.correiobraziliense.com.br\/cbradar\/","name":"Correio Braziliense - Radar","description":"Acompanhe as \u00faltimas not\u00edcias e fique bem informado sobre tudo o que acontece no Brasil e no mundo.","potentialAction":[{"@type":"SearchAction","target":{"@type":"EntryPoint","urlTemplate":"https:\/\/www.correiobraziliense.com.br\/cbradar\/?s={search_term_string}"},"query-input":{"@type":"PropertyValueSpecification","valueRequired":true,"valueName":"search_term_string"}}],"inLanguage":"pt-BR"},{"@type":"Person","@id":"https:\/\/www.correiobraziliense.com.br\/cbradar\/#\/schema\/person\/7356666e12ec0ee53f348ee5db227032","name":"Daniely Cardoso","image":{"@type":"ImageObject","inLanguage":"pt-BR","@id":"https:\/\/www.correiobraziliense.com.br\/cbradar\/#\/schema\/person\/image\/","url":"https:\/\/secure.gravatar.com\/avatar\/4b80ddbd124d1f071b626d52d62e5dff?s=96&d=mm&r=g","contentUrl":"https:\/\/secure.gravatar.com\/avatar\/4b80ddbd124d1f071b626d52d62e5dff?s=96&d=mm&r=g","caption":"Daniely Cardoso"},"description":"Redatora nos portais CB Radar e EM Foco, formada pela Universidade Federal de Goi\u00e1s, em Goi\u00e2nia. Apaixonada por comunica\u00e7\u00e3o, arte, decora\u00e7\u00e3o e tend\u00eancias, atuo na produ\u00e7\u00e3o de conte\u00fados envolventes sobre curiosidades, moda, beleza e paisagismo, sempre com um olhar atento \u00e0s novidades do momento.","sameAs":["https:\/\/www.correiobraziliense.com.br\/cbradar"],"url":"https:\/\/www.correiobraziliense.com.br\/cbradar\/author\/danielymyth\/"}]}},"_links":{"self":[{"href":"https:\/\/www.correiobraziliense.com.br\/cbradar\/wp-json\/wp\/v2\/posts\/19338","targetHints":{"allow":["GET"]}}],"collection":[{"href":"https:\/\/www.correiobraziliense.com.br\/cbradar\/wp-json\/wp\/v2\/posts"}],"about":[{"href":"https:\/\/www.correiobraziliense.com.br\/cbradar\/wp-json\/wp\/v2\/types\/post"}],"author":[{"embeddable":true,"href":"https:\/\/www.correiobraziliense.com.br\/cbradar\/wp-json\/wp\/v2\/users\/9"}],"replies":[{"embeddable":true,"href":"https:\/\/www.correiobraziliense.com.br\/cbradar\/wp-json\/wp\/v2\/comments?post=19338"}],"version-history":[{"count":3,"href":"https:\/\/www.correiobraziliense.com.br\/cbradar\/wp-json\/wp\/v2\/posts\/19338\/revisions"}],"predecessor-version":[{"id":19378,"href":"https:\/\/www.correiobraziliense.com.br\/cbradar\/wp-json\/wp\/v2\/posts\/19338\/revisions\/19378"}],"wp:featuredmedia":[{"embeddable":true,"href":"https:\/\/www.correiobraziliense.com.br\/cbradar\/wp-json\/wp\/v2\/media\/11519"}],"wp:attachment":[{"href":"https:\/\/www.correiobraziliense.com.br\/cbradar\/wp-json\/wp\/v2\/media?parent=19338"}],"wp:term":[{"taxonomy":"category","embeddable":true,"href":"https:\/\/www.correiobraziliense.com.br\/cbradar\/wp-json\/wp\/v2\/categories?post=19338"},{"taxonomy":"post_tag","embeddable":true,"href":"https:\/\/www.correiobraziliense.com.br\/cbradar\/wp-json\/wp\/v2\/post_tag?post=19338"}],"curies":[{"name":"wp","href":"https:\/\/api.w.org\/{rel}","templated":true}]}}