{"id":19485,"date":"2025-04-06T22:10:00","date_gmt":"2025-04-07T01:10:00","guid":{"rendered":"https:\/\/www.correiobraziliense.com.br\/cbradar\/?p=19485"},"modified":"2025-04-05T09:38:10","modified_gmt":"2025-04-05T12:38:10","slug":"esses-sao-os-paises-com-mais-bilionarios-no-mundo","status":"publish","type":"post","link":"https:\/\/www.correiobraziliense.com.br\/cbradar\/esses-sao-os-paises-com-mais-bilionarios-no-mundo\/","title":{"rendered":"Esses s\u00e3o os pa\u00edses com mais bilion\u00e1rios no mundo"},"content":{"rendered":"\n<p>Em 2025, o n\u00famero de bilion\u00e1rios ao redor do mundo ultrapassou a marca de 3 mil, com um patrim\u00f4nio total estimado em US$ 16,1 trilh\u00f5es. Essa concentra\u00e7\u00e3o de riqueza, no entanto, n\u00e3o \u00e9 distribu\u00edda de maneira uniforme entre os pa\u00edses. Apenas tr\u00eas na\u00e7\u00f5es abrigam mais da metade desses bilion\u00e1rios e de suas fortunas, enquanto outros pa\u00edses possuem apenas um representante nesse seleto grupo.<\/p>\n\n\n\n<p>Os<strong> Estados Unidos<\/strong> continuam a liderar o ranking global, com quase um ter\u00e7o dos bilion\u00e1rios mundiais. O pa\u00eds conta com 902 bilion\u00e1rios, cujo patrim\u00f4nio combinado atinge US$ 6,8 trilh\u00f5es. A presen\u00e7a de figuras proeminentes como <strong>Elon Musk, Mark Zuckerberg e Jeff Bezos<\/strong> refor\u00e7a a posi\u00e7\u00e3o dos EUA como o principal polo de riqueza extrema.<\/p>\n\n\n\n<h2 class=\"wp-block-heading\">Quais pa\u00edses concentram a maior parte dos bilion\u00e1rios?<\/h2>\n\n\n\n<p>A China mant\u00e9m sua posi\u00e7\u00e3o como o segundo pa\u00eds com o maior n\u00famero de bilion\u00e1rios, somando 450 indiv\u00edduos com um patrim\u00f4nio total de US$ 1,7 trilh\u00e3o. Embora tenha havido um aumento em rela\u00e7\u00e3o ao ano anterior, o n\u00famero ainda est\u00e1 abaixo do recorde de 495 bilion\u00e1rios em 2023. O crescimento econ\u00f4mico e a inova\u00e7\u00e3o tecnol\u00f3gica continuam a impulsionar a cria\u00e7\u00e3o de riqueza na China.<\/p>\n\n\n\n<p>A \u00cdndia, o pa\u00eds mais populoso do mundo, ocupa a terceira posi\u00e7\u00e3o, com 205 bilion\u00e1rios. O patrim\u00f4nio combinado desses indiv\u00edduos \u00e9 de US$ 941 bilh\u00f5es, uma leve queda em compara\u00e7\u00e3o ao ano anterior. As flutua\u00e7\u00f5es no mercado de a\u00e7\u00f5es impactaram significativamente as fortunas dos dois homens mais ricos do pa\u00eds, <strong>Mukesh Ambani e Gautam Adani.<\/strong><\/p>\n\n\n\n<figure class=\"wp-block-image size-large\"><img decoding=\"async\" width=\"1024\" height=\"576\" src=\"https:\/\/www.correiobraziliense.com.br\/cbradar\/wp-content\/uploads\/2025\/04\/dinheiro_1743813729895-1024x576.jpg\" alt=\"Esses s\u00e3o os pa\u00edses com mais bilion\u00e1rios no mundo\" class=\"wp-image-19487\" srcset=\"https:\/\/www.correiobraziliense.com.br\/cbradar\/wp-content\/uploads\/2025\/04\/dinheiro_1743813729895-1024x576.jpg 1024w, https:\/\/www.correiobraziliense.com.br\/cbradar\/wp-content\/uploads\/2025\/04\/dinheiro_1743813729895-300x169.jpg 300w, https:\/\/www.correiobraziliense.com.br\/cbradar\/wp-content\/uploads\/2025\/04\/dinheiro_1743813729895-768x432.jpg 768w, https:\/\/www.correiobraziliense.com.br\/cbradar\/wp-content\/uploads\/2025\/04\/dinheiro_1743813729895-750x422.jpg 750w, https:\/\/www.correiobraziliense.com.br\/cbradar\/wp-content\/uploads\/2025\/04\/dinheiro_1743813729895-1140x641.jpg 1140w, https:\/\/www.correiobraziliense.com.br\/cbradar\/wp-content\/uploads\/2025\/04\/dinheiro_1743813729895.jpg 1280w\" sizes=\"(max-width: 1024px) 100vw, 1024px\" \/><figcaption class=\"wp-element-caption\">Dinheiro. Cr\u00e9ditos: depositphotos.com \/ AntonMatyukha<\/figcaption><\/figure>\n\n\n\n<h2 class=\"wp-block-heading\">Como a Europa se posiciona no cen\u00e1rio de bilion\u00e1rios?<\/h2>\n\n\n\n<p>A Alemanha se destaca na Europa, com 171 bilion\u00e1rios e um patrim\u00f4nio total de US$ 793 bilh\u00f5es. O crescimento no n\u00famero de bilion\u00e1rios alem\u00e3es reflete a resili\u00eancia econ\u00f4mica do pa\u00eds, liderado por figuras como Dieter Schwarz e Klaus-Michael Kuehne. A presen\u00e7a de novos bilion\u00e1rios em pa\u00edses como a Alb\u00e2nia, com Samir Mane, demonstra a expans\u00e3o da riqueza em regi\u00f5es anteriormente sub-representadas.<\/p>\n\n\n\n<p>Al\u00e9m disso, o retorno do Peru \u00e0 lista global, com o magnata da minera\u00e7\u00e3o Eduardo Hochschild, ilustra a din\u00e2mica de entrada e sa\u00edda de bilion\u00e1rios em diferentes pa\u00edses. Enquanto isso, pa\u00edses como Uruguai, Panam\u00e1 e Bangladesh perderam seus representantes bilion\u00e1rios, destacando a volatilidade e as mudan\u00e7as nas economias locais.<\/p>\n\n\n\n<h2 class=\"wp-block-heading\">Quais s\u00e3o as tend\u00eancias futuras para a distribui\u00e7\u00e3o de bilion\u00e1rios?<\/h2>\n\n\n\n<p>O cen\u00e1rio global de bilion\u00e1rios continua a evoluir, impulsionado por fatores econ\u00f4micos, tecnol\u00f3gicos e pol\u00edticos. A concentra\u00e7\u00e3o de riqueza em poucos pa\u00edses sugere uma tend\u00eancia de centraliza\u00e7\u00e3o econ\u00f4mica, enquanto o surgimento de novos bilion\u00e1rios em regi\u00f5es emergentes aponta para uma diversifica\u00e7\u00e3o gradual. A inova\u00e7\u00e3o tecnol\u00f3gica e as mudan\u00e7as nos mercados financeiros ser\u00e3o determinantes para o futuro da distribui\u00e7\u00e3o de bilion\u00e1rios ao redor do mundo.<\/p>\n\n\n\n<p>\u00c0 medida que o mundo avan\u00e7a, o impacto social e econ\u00f4mico dessa concentra\u00e7\u00e3o de riqueza ser\u00e1 um tema central de discuss\u00e3o, influenciando pol\u00edticas p\u00fablicas e estrat\u00e9gias empresariais em escala global.<\/p>\n","protected":false},"excerpt":{"rendered":"<p>Explora\u00e7\u00e3o da distribui\u00e7\u00e3o global de bilion\u00e1rios em 2025, revelando as na\u00e7\u00f5es l\u00edderes, tend\u00eancias e impacto social.<\/p>\n","protected":false},"author":3,"featured_media":19486,"comment_status":"open","ping_status":"open","sticky":false,"template":"","format":"standard","meta":{"_yoast_wpseo_focuskw":"pa\u00edses bilion\u00e1rios","_yoast_wpseo_title":"%%title%%","_yoast_wpseo_metadesc":"Explora\u00e7\u00e3o da distribui\u00e7\u00e3o global de bilion\u00e1rios em 2025, revelando as na\u00e7\u00f5es l\u00edderes, tend\u00eancias e impacto social.","jnews-multi-image_gallery":[],"jnews_single_post":{"format":"standard"},"jnews_primary_category":[],"jnews_social_meta":[],"jnews_override_counter":[],"footnotes":""},"categories":[112],"tags":[1093,2898],"class_list":["post-19485","post","type-post","status-publish","format-standard","has-post-thumbnail","hentry","category-curiosidades","tag-bilionarios","tag-paises"],"yoast_head":"<!-- This site is optimized with the Yoast SEO plugin v24.6 - https:\/\/yoast.com\/wordpress\/plugins\/seo\/ -->\n<title>Esses s\u00e3o os pa\u00edses com mais bilion\u00e1rios no mundo<\/title>\n<meta name=\"description\" content=\"Explora\u00e7\u00e3o da distribui\u00e7\u00e3o global de bilion\u00e1rios em 2025, revelando as na\u00e7\u00f5es l\u00edderes, tend\u00eancias e impacto social.\" \/>\n<meta name=\"robots\" content=\"index, follow, max-snippet:-1, max-image-preview:large, max-video-preview:-1\" \/>\n<link rel=\"canonical\" href=\"https:\/\/www.correiobraziliense.com.br\/cbradar\/esses-sao-os-paises-com-mais-bilionarios-no-mundo\/\" \/>\n<meta property=\"og:locale\" content=\"pt_BR\" \/>\n<meta property=\"og:type\" content=\"article\" \/>\n<meta property=\"og:title\" content=\"Esses s\u00e3o os pa\u00edses com mais bilion\u00e1rios no mundo\" \/>\n<meta property=\"og:description\" content=\"Explora\u00e7\u00e3o da distribui\u00e7\u00e3o global de bilion\u00e1rios em 2025, revelando as na\u00e7\u00f5es l\u00edderes, tend\u00eancias e impacto social.\" \/>\n<meta property=\"og:url\" content=\"https:\/\/www.correiobraziliense.com.br\/cbradar\/esses-sao-os-paises-com-mais-bilionarios-no-mundo\/\" \/>\n<meta property=\"og:site_name\" content=\"Correio Braziliense - Radar\" \/>\n<meta property=\"article:published_time\" content=\"2025-04-07T01:10:00+00:00\" \/>\n<meta property=\"og:image\" content=\"https:\/\/www.correiobraziliense.com.br\/cbradar\/wp-content\/uploads\/2025\/04\/dinheiro_1743813701812.jpg\" \/>\n\t<meta property=\"og:image:width\" content=\"1280\" \/>\n\t<meta property=\"og:image:height\" content=\"720\" \/>\n\t<meta property=\"og:image:type\" content=\"image\/jpeg\" \/>\n<meta name=\"author\" content=\"Larissa Carvalho\" \/>\n<meta name=\"twitter:card\" content=\"summary_large_image\" \/>\n<meta name=\"twitter:label1\" content=\"Escrito por\" \/>\n\t<meta name=\"twitter:data1\" content=\"Larissa Carvalho\" \/>\n\t<meta name=\"twitter:label2\" content=\"Est. tempo de leitura\" \/>\n\t<meta name=\"twitter:data2\" content=\"4 minutos\" \/>\n<!-- \/ Yoast SEO plugin. -->","yoast_head_json":{"title":"Esses s\u00e3o os pa\u00edses com mais bilion\u00e1rios no mundo","description":"Explora\u00e7\u00e3o da distribui\u00e7\u00e3o global de bilion\u00e1rios em 2025, revelando as na\u00e7\u00f5es l\u00edderes, tend\u00eancias e impacto social.","robots":{"index":"index","follow":"follow","max-snippet":"max-snippet:-1","max-image-preview":"max-image-preview:large","max-video-preview":"max-video-preview:-1"},"canonical":"https:\/\/www.correiobraziliense.com.br\/cbradar\/esses-sao-os-paises-com-mais-bilionarios-no-mundo\/","og_locale":"pt_BR","og_type":"article","og_title":"Esses s\u00e3o os pa\u00edses com mais bilion\u00e1rios no mundo","og_description":"Explora\u00e7\u00e3o da distribui\u00e7\u00e3o global de bilion\u00e1rios em 2025, revelando as na\u00e7\u00f5es l\u00edderes, tend\u00eancias e impacto social.","og_url":"https:\/\/www.correiobraziliense.com.br\/cbradar\/esses-sao-os-paises-com-mais-bilionarios-no-mundo\/","og_site_name":"Correio Braziliense - Radar","article_published_time":"2025-04-07T01:10:00+00:00","og_image":[{"width":1280,"height":720,"url":"https:\/\/www.correiobraziliense.com.br\/cbradar\/wp-content\/uploads\/2025\/04\/dinheiro_1743813701812.jpg","type":"image\/jpeg"}],"author":"Larissa Carvalho","twitter_card":"summary_large_image","twitter_misc":{"Escrito por":"Larissa Carvalho","Est. tempo de leitura":"4 minutos"},"schema":{"@context":"https:\/\/schema.org","@graph":[{"@type":"WebPage","@id":"https:\/\/www.correiobraziliense.com.br\/cbradar\/esses-sao-os-paises-com-mais-bilionarios-no-mundo\/","url":"https:\/\/www.correiobraziliense.com.br\/cbradar\/esses-sao-os-paises-com-mais-bilionarios-no-mundo\/","name":"Esses s\u00e3o os pa\u00edses com mais bilion\u00e1rios no mundo","isPartOf":{"@id":"https:\/\/www.correiobraziliense.com.br\/cbradar\/#website"},"primaryImageOfPage":{"@id":"https:\/\/www.correiobraziliense.com.br\/cbradar\/esses-sao-os-paises-com-mais-bilionarios-no-mundo\/#primaryimage"},"image":{"@id":"https:\/\/www.correiobraziliense.com.br\/cbradar\/esses-sao-os-paises-com-mais-bilionarios-no-mundo\/#primaryimage"},"thumbnailUrl":"https:\/\/www.correiobraziliense.com.br\/cbradar\/wp-content\/uploads\/2025\/04\/dinheiro_1743813701812.jpg","datePublished":"2025-04-07T01:10:00+00:00","author":{"@id":"https:\/\/www.correiobraziliense.com.br\/cbradar\/#\/schema\/person\/58422787644df994b53a19d3e56c1513"},"description":"Explora\u00e7\u00e3o da distribui\u00e7\u00e3o global de bilion\u00e1rios em 2025, revelando as na\u00e7\u00f5es l\u00edderes, tend\u00eancias e impacto social.","breadcrumb":{"@id":"https:\/\/www.correiobraziliense.com.br\/cbradar\/esses-sao-os-paises-com-mais-bilionarios-no-mundo\/#breadcrumb"},"inLanguage":"pt-BR","potentialAction":[{"@type":"ReadAction","target":["https:\/\/www.correiobraziliense.com.br\/cbradar\/esses-sao-os-paises-com-mais-bilionarios-no-mundo\/"]}]},{"@type":"ImageObject","inLanguage":"pt-BR","@id":"https:\/\/www.correiobraziliense.com.br\/cbradar\/esses-sao-os-paises-com-mais-bilionarios-no-mundo\/#primaryimage","url":"https:\/\/www.correiobraziliense.com.br\/cbradar\/wp-content\/uploads\/2025\/04\/dinheiro_1743813701812.jpg","contentUrl":"https:\/\/www.correiobraziliense.com.br\/cbradar\/wp-content\/uploads\/2025\/04\/dinheiro_1743813701812.jpg","width":1280,"height":720,"caption":"Dinheiro. Cr\u00e9ditos: depositphotos.com \/ AndrewLozovyi"},{"@type":"BreadcrumbList","@id":"https:\/\/www.correiobraziliense.com.br\/cbradar\/esses-sao-os-paises-com-mais-bilionarios-no-mundo\/#breadcrumb","itemListElement":[{"@type":"ListItem","position":1,"name":"In\u00edcio","item":"https:\/\/www.correiobraziliense.com.br\/cbradar\/"},{"@type":"ListItem","position":2,"name":"Esses s\u00e3o os pa\u00edses com mais bilion\u00e1rios no mundo"}]},{"@type":"WebSite","@id":"https:\/\/www.correiobraziliense.com.br\/cbradar\/#website","url":"https:\/\/www.correiobraziliense.com.br\/cbradar\/","name":"Correio Braziliense - Radar","description":"Acompanhe as \u00faltimas not\u00edcias e fique bem informado sobre tudo o que acontece no Brasil e no mundo.","potentialAction":[{"@type":"SearchAction","target":{"@type":"EntryPoint","urlTemplate":"https:\/\/www.correiobraziliense.com.br\/cbradar\/?s={search_term_string}"},"query-input":{"@type":"PropertyValueSpecification","valueRequired":true,"valueName":"search_term_string"}}],"inLanguage":"pt-BR"},{"@type":"Person","@id":"https:\/\/www.correiobraziliense.com.br\/cbradar\/#\/schema\/person\/58422787644df994b53a19d3e56c1513","name":"Larissa Carvalho","image":{"@type":"ImageObject","inLanguage":"pt-BR","@id":"https:\/\/www.correiobraziliense.com.br\/cbradar\/#\/schema\/person\/image\/","url":"https:\/\/secure.gravatar.com\/avatar\/fe4f91a0de32b52a838d0d612abdc1aa?s=96&d=mm&r=g","contentUrl":"https:\/\/secure.gravatar.com\/avatar\/fe4f91a0de32b52a838d0d612abdc1aa?s=96&d=mm&r=g","caption":"Larissa Carvalho"},"url":"https:\/\/www.correiobraziliense.com.br\/cbradar\/author\/larissamyth\/"}]}},"_links":{"self":[{"href":"https:\/\/www.correiobraziliense.com.br\/cbradar\/wp-json\/wp\/v2\/posts\/19485","targetHints":{"allow":["GET"]}}],"collection":[{"href":"https:\/\/www.correiobraziliense.com.br\/cbradar\/wp-json\/wp\/v2\/posts"}],"about":[{"href":"https:\/\/www.correiobraziliense.com.br\/cbradar\/wp-json\/wp\/v2\/types\/post"}],"author":[{"embeddable":true,"href":"https:\/\/www.correiobraziliense.com.br\/cbradar\/wp-json\/wp\/v2\/users\/3"}],"replies":[{"embeddable":true,"href":"https:\/\/www.correiobraziliense.com.br\/cbradar\/wp-json\/wp\/v2\/comments?post=19485"}],"version-history":[{"count":1,"href":"https:\/\/www.correiobraziliense.com.br\/cbradar\/wp-json\/wp\/v2\/posts\/19485\/revisions"}],"predecessor-version":[{"id":19490,"href":"https:\/\/www.correiobraziliense.com.br\/cbradar\/wp-json\/wp\/v2\/posts\/19485\/revisions\/19490"}],"wp:featuredmedia":[{"embeddable":true,"href":"https:\/\/www.correiobraziliense.com.br\/cbradar\/wp-json\/wp\/v2\/media\/19486"}],"wp:attachment":[{"href":"https:\/\/www.correiobraziliense.com.br\/cbradar\/wp-json\/wp\/v2\/media?parent=19485"}],"wp:term":[{"taxonomy":"category","embeddable":true,"href":"https:\/\/www.correiobraziliense.com.br\/cbradar\/wp-json\/wp\/v2\/categories?post=19485"},{"taxonomy":"post_tag","embeddable":true,"href":"https:\/\/www.correiobraziliense.com.br\/cbradar\/wp-json\/wp\/v2\/tags?post=19485"}],"curies":[{"name":"wp","href":"https:\/\/api.w.org\/{rel}","templated":true}]}}